{"id":10019,"date":"2024-10-23T10:00:00","date_gmt":"2024-10-23T10:00:00","guid":{"rendered":"https:\/\/thebestofporto.com\/?p=10019"},"modified":"2024-10-01T14:44:30","modified_gmt":"2024-10-01T14:44:30","slug":"rooftops-do-porto","status":"publish","type":"post","link":"https:\/\/thebestofporto.com\/pt\/rooftops-do-porto\/","title":{"rendered":"Rooftops do Porto: Onde Relaxar com as Melhores Vistas da Cidade"},"content":{"rendered":"<div data-elementor-type=\"wp-post\" data-elementor-id=\"10019\" class=\"elementor elementor-10019\">\n\t\t\t\t<div class=\"elementor-element elementor-element-fb57765 e-flex e-con-boxed e-con e-parent\" data-id=\"fb57765\" data-element_type=\"container\">\n\t\t\t\t\t<div class=\"e-con-inner\">\n\t\t\t\t<div class=\"elementor-element elementor-element-7d9a095 elementor-widget elementor-widget-text-editor\" data-id=\"7d9a095\" data-element_type=\"widget\" data-widget_type=\"text-editor.default\">\n\t\t\t\t<div class=\"elementor-widget-container\">\n\t\t\t\t\t\t\t\t\t<p><span style=\"font-weight: 400;\">Para quem procura relaxar num ambiente mais sofisticado, os rooftops do Porto oferecem vistas espetaculares da cidade e do rio Douro. Aqui est\u00e3o os melhores rooftops para uma experi\u00eancia inesquec\u00edvel:<\/span><\/p>\t\t\t\t\t\t\t\t<\/div>\n\t\t\t\t<\/div>\n\t\t\t\t<div class=\"elementor-element elementor-element-64d7291 elementor-widget elementor-widget-text-editor\" data-id=\"64d7291\" data-element_type=\"widget\" data-widget_type=\"text-editor.default\">\n\t\t\t\t<div class=\"elementor-widget-container\">\n\t\t\t\t\t\t\t\t\t<h4><b>17\u00ba Restaurante &amp; Bar<\/b><\/h4><p><span style=\"font-weight: 400;\">Localizado no \u00faltimo andar do Hotel Dom Henrique, o <span style=\"text-decoration: underline; color: #d68d45;\"><a style=\"color: #d68d45; text-decoration: underline;\" href=\"https:\/\/decimosetimo.pt\/pt\/home-pt\/\">17\u00ba rooftop<\/a><\/span> oferece uma vista panor\u00e2mica sobre a cidade.<\/span><\/p>\t\t\t\t\t\t\t\t<\/div>\n\t\t\t\t<\/div>\n\t\t\t\t\t<\/div>\n\t\t\t\t<\/div>\n\t\t<div class=\"elementor-element elementor-element-15bb42d e-flex e-con-boxed e-con e-parent\" data-id=\"15bb42d\" data-element_type=\"container\">\n\t\t\t\t\t<div class=\"e-con-inner\">\n\t\t\t\t<div class=\"elementor-element elementor-element-3b7c7bf elementor-widget elementor-widget-image\" data-id=\"3b7c7bf\" data-element_type=\"widget\" data-widget_type=\"image.default\">\n\t\t\t\t<div class=\"elementor-widget-container\">\n\t\t\t\t\t\t\t\t\t\t\t\t\t\t\t<img fetchpriority=\"high\" decoding=\"async\" width=\"1024\" height=\"560\" src=\"https:\/\/thebestofporto.com\/wp-content\/uploads\/2024\/10\/rooftop-05-1024x560.png\" class=\"attachment-large size-large wp-image-10023\" alt=\"\" srcset=\"https:\/\/thebestofporto.com\/wp-content\/uploads\/2024\/10\/rooftop-05-1024x560.png 1024w, https:\/\/thebestofporto.com\/wp-content\/uploads\/2024\/10\/rooftop-05-300x164.png 300w, https:\/\/thebestofporto.com\/wp-content\/uploads\/2024\/10\/rooftop-05-768x420.png 768w, https:\/\/thebestofporto.com\/wp-content\/uploads\/2024\/10\/rooftop-05-1536x839.png 1536w, https:\/\/thebestofporto.com\/wp-content\/uploads\/2024\/10\/rooftop-05-2048x1119.png 2048w, https:\/\/thebestofporto.com\/wp-content\/uploads\/2024\/10\/rooftop-05-18x10.png 18w\" sizes=\"(max-width:767px) 480px, (max-width:1024px) 100vw, 1024px\" \/>\t\t\t\t\t\t\t\t\t\t\t\t\t\t\t<\/div>\n\t\t\t\t<\/div>\n\t\t\t\t<div class=\"elementor-element elementor-element-9c3d8f5 elementor-widget elementor-widget-text-editor\" data-id=\"9c3d8f5\" data-element_type=\"widget\" data-widget_type=\"text-editor.default\">\n\t\t\t\t<div class=\"elementor-widget-container\">\n\t\t\t\t\t\t\t\t\t<h4><b>Rooftop Flores<\/b><\/h4><p><span style=\"font-weight: 400;\">Com uma localiza\u00e7\u00e3o central, \u00e9 o lugar ideal para um cocktail enquanto aprecia o p\u00f4r do sol.<\/span><\/p><p>\u00a0<\/p>\t\t\t\t\t\t\t\t<\/div>\n\t\t\t\t<\/div>\n\t\t\t\t<div class=\"elementor-element elementor-element-c63cfd1 elementor-widget elementor-widget-image\" data-id=\"c63cfd1\" data-element_type=\"widget\" data-widget_type=\"image.default\">\n\t\t\t\t<div class=\"elementor-widget-container\">\n\t\t\t\t\t\t\t\t\t\t\t\t\t\t\t<img decoding=\"async\" width=\"1024\" height=\"560\" src=\"https:\/\/thebestofporto.com\/wp-content\/uploads\/2024\/10\/rooftop-04-1024x560.png\" class=\"attachment-large size-large wp-image-10022\" alt=\"\" srcset=\"https:\/\/thebestofporto.com\/wp-content\/uploads\/2024\/10\/rooftop-04-1024x560.png 1024w, https:\/\/thebestofporto.com\/wp-content\/uploads\/2024\/10\/rooftop-04-300x164.png 300w, https:\/\/thebestofporto.com\/wp-content\/uploads\/2024\/10\/rooftop-04-768x420.png 768w, https:\/\/thebestofporto.com\/wp-content\/uploads\/2024\/10\/rooftop-04-1536x839.png 1536w, https:\/\/thebestofporto.com\/wp-content\/uploads\/2024\/10\/rooftop-04-2048x1119.png 2048w, https:\/\/thebestofporto.com\/wp-content\/uploads\/2024\/10\/rooftop-04-18x10.png 18w\" sizes=\"(max-width:767px) 480px, (max-width:1024px) 100vw, 1024px\" \/>\t\t\t\t\t\t\t\t\t\t\t\t\t\t\t<\/div>\n\t\t\t\t<\/div>\n\t\t\t\t<div class=\"elementor-element elementor-element-123f8f5 elementor-widget elementor-widget-text-editor\" data-id=\"123f8f5\" data-element_type=\"widget\" data-widget_type=\"text-editor.default\">\n\t\t\t\t<div class=\"elementor-widget-container\">\n\t\t\t\t\t\t\t\t\t<h4><b>Terrace Lounge 360\u00ba \u2013 Espa\u00e7o Porto Cruz<\/b><\/h4><p><span style=\"font-weight: 400;\">Este rooftop em Vila Nova de Gaia oferece uma vista deslumbrante sobre o Douro e a Ribeira.<\/span><\/p>\t\t\t\t\t\t\t\t<\/div>\n\t\t\t\t<\/div>\n\t\t\t\t<div class=\"elementor-element elementor-element-7e3f417 elementor-widget elementor-widget-image\" data-id=\"7e3f417\" data-element_type=\"widget\" data-widget_type=\"image.default\">\n\t\t\t\t<div class=\"elementor-widget-container\">\n\t\t\t\t\t\t\t\t\t\t\t\t\t\t\t<img decoding=\"async\" width=\"1024\" height=\"560\" src=\"https:\/\/thebestofporto.com\/wp-content\/uploads\/2024\/10\/rooftop-01-1024x560.png\" class=\"attachment-large size-large wp-image-10024\" alt=\"\" srcset=\"https:\/\/thebestofporto.com\/wp-content\/uploads\/2024\/10\/rooftop-01-1024x560.png 1024w, https:\/\/thebestofporto.com\/wp-content\/uploads\/2024\/10\/rooftop-01-300x164.png 300w, https:\/\/thebestofporto.com\/wp-content\/uploads\/2024\/10\/rooftop-01-768x420.png 768w, https:\/\/thebestofporto.com\/wp-content\/uploads\/2024\/10\/rooftop-01-1536x839.png 1536w, https:\/\/thebestofporto.com\/wp-content\/uploads\/2024\/10\/rooftop-01-2048x1119.png 2048w, https:\/\/thebestofporto.com\/wp-content\/uploads\/2024\/10\/rooftop-01-18x10.png 18w\" sizes=\"(max-width:767px) 480px, (max-width:1024px) 100vw, 1024px\" \/>\t\t\t\t\t\t\t\t\t\t\t\t\t\t\t<\/div>\n\t\t\t\t<\/div>\n\t\t\t\t<div class=\"elementor-element elementor-element-2220eaa elementor-widget elementor-widget-text-editor\" data-id=\"2220eaa\" data-element_type=\"widget\" data-widget_type=\"text-editor.default\">\n\t\t\t\t<div class=\"elementor-widget-container\">\n\t\t\t\t\t\t\t\t\t<h4><b>Mirajazz<\/b><\/h4><p><span style=\"font-weight: 400;\">Um local mais descontra\u00eddo, perfeito para apreciar m\u00fasica ao vivo e um bom copo de vinho com vista para o rio.<\/span><\/p>\t\t\t\t\t\t\t\t<\/div>\n\t\t\t\t<\/div>\n\t\t\t\t<div class=\"elementor-element elementor-element-2a9307f elementor-widget elementor-widget-image\" data-id=\"2a9307f\" data-element_type=\"widget\" data-widget_type=\"image.default\">\n\t\t\t\t<div class=\"elementor-widget-container\">\n\t\t\t\t\t\t\t\t\t\t\t\t\t\t\t<img loading=\"lazy\" decoding=\"async\" width=\"1024\" height=\"560\" src=\"https:\/\/thebestofporto.com\/wp-content\/uploads\/2024\/10\/rooftop-02-1024x560.png\" class=\"attachment-large size-large wp-image-10025\" alt=\"\" srcset=\"https:\/\/thebestofporto.com\/wp-content\/uploads\/2024\/10\/rooftop-02-1024x560.png 1024w, https:\/\/thebestofporto.com\/wp-content\/uploads\/2024\/10\/rooftop-02-300x164.png 300w, https:\/\/thebestofporto.com\/wp-content\/uploads\/2024\/10\/rooftop-02-768x420.png 768w, https:\/\/thebestofporto.com\/wp-content\/uploads\/2024\/10\/rooftop-02-1536x839.png 1536w, https:\/\/thebestofporto.com\/wp-content\/uploads\/2024\/10\/rooftop-02-2048x1119.png 2048w, https:\/\/thebestofporto.com\/wp-content\/uploads\/2024\/10\/rooftop-02-18x10.png 18w\" sizes=\"(max-width:767px) 480px, (max-width:1024px) 100vw, 1024px\" \/>\t\t\t\t\t\t\t\t\t\t\t\t\t\t\t<\/div>\n\t\t\t\t<\/div>\n\t\t\t\t<div class=\"elementor-element elementor-element-820b64c elementor-widget elementor-widget-text-editor\" data-id=\"820b64c\" data-element_type=\"widget\" data-widget_type=\"text-editor.default\">\n\t\t\t\t<div class=\"elementor-widget-container\">\n\t\t\t\t\t\t\t\t\t<h4><b>Rooftop Santa Catarina<\/b><\/h4><p><span style=\"font-weight: 400;\">\u00c9 o local perfeito para um jantar prolongado entre amigos, com uma vista deslumbrante para a Afurada que torna qualquer p\u00f4r do sol inesquec\u00edvel.<\/span><\/p>\t\t\t\t\t\t\t\t<\/div>\n\t\t\t\t<\/div>\n\t\t\t\t<div class=\"elementor-element elementor-element-aa1ffd7 elementor-widget elementor-widget-image\" data-id=\"aa1ffd7\" data-element_type=\"widget\" data-widget_type=\"image.default\">\n\t\t\t\t<div class=\"elementor-widget-container\">\n\t\t\t\t\t\t\t\t\t\t\t\t\t\t\t<img loading=\"lazy\" decoding=\"async\" width=\"1024\" height=\"560\" src=\"https:\/\/thebestofporto.com\/wp-content\/uploads\/2024\/10\/rooftop-06-1024x560.png\" class=\"attachment-large size-large wp-image-10021\" alt=\"\" srcset=\"https:\/\/thebestofporto.com\/wp-content\/uploads\/2024\/10\/rooftop-06-1024x560.png 1024w, https:\/\/thebestofporto.com\/wp-content\/uploads\/2024\/10\/rooftop-06-300x164.png 300w, https:\/\/thebestofporto.com\/wp-content\/uploads\/2024\/10\/rooftop-06-768x420.png 768w, https:\/\/thebestofporto.com\/wp-content\/uploads\/2024\/10\/rooftop-06-1536x839.png 1536w, https:\/\/thebestofporto.com\/wp-content\/uploads\/2024\/10\/rooftop-06-2048x1119.png 2048w, https:\/\/thebestofporto.com\/wp-content\/uploads\/2024\/10\/rooftop-06-18x10.png 18w\" sizes=\"(max-width:767px) 480px, (max-width:1024px) 100vw, 1024px\" \/>\t\t\t\t\t\t\t\t\t\t\t\t\t\t\t<\/div>\n\t\t\t\t<\/div>\n\t\t\t\t\t<\/div>\n\t\t\t\t<\/div>\n\t\t<div class=\"elementor-element elementor-element-5b86cdc e-flex e-con-boxed e-con e-parent\" data-id=\"5b86cdc\" data-element_type=\"container\">\n\t\t\t\t\t<div class=\"e-con-inner\">\n\t\t\t\t<div class=\"elementor-element elementor-element-cb471cc elementor-widget elementor-widget-spacer\" data-id=\"cb471cc\" data-element_type=\"widget\" data-widget_type=\"spacer.default\">\n\t\t\t\t<div class=\"elementor-widget-container\">\n\t\t\t\t\t\t\t<div class=\"elementor-spacer\">\n\t\t\t<div class=\"elementor-spacer-inner\"><\/div>\n\t\t<\/div>\n\t\t\t\t\t\t<\/div>\n\t\t\t\t<\/div>\n\t\t\t\t<div class=\"elementor-element elementor-element-e98b461 elementor-align-center elementor-widget elementor-widget-button\" data-id=\"e98b461\" data-element_type=\"widget\" data-widget_type=\"button.default\">\n\t\t\t\t<div class=\"elementor-widget-container\">\n\t\t\t\t\t\t\t\t\t<div class=\"elementor-button-wrapper\">\n\t\t\t\t\t<a class=\"elementor-button elementor-button-link elementor-size-sm\" href=\"https:\/\/thebestofporto.com\/pt\/blog\/\">\n\t\t\t\t\t\t<span class=\"elementor-button-content-wrapper\">\n\t\t\t\t\t\t\t\t\t<span class=\"elementor-button-text\">Ver todos os artigos<\/span>\n\t\t\t\t\t<\/span>\n\t\t\t\t\t<\/a>\n\t\t\t\t<\/div>\n\t\t\t\t\t\t\t\t<\/div>\n\t\t\t\t<\/div>\n\t\t\t\t\t<\/div>\n\t\t\t\t<\/div>\n\t\t\t\t<\/div>","protected":false},"excerpt":{"rendered":"<p>Para quem procura relaxar num ambiente mais sofisticado, os rooftops do Porto oferecem vistas espetaculares da cidade e<span class=\"excerpt-hellip\"> [\u2026]<\/span><\/p>","protected":false},"author":1,"featured_media":10026,"comment_status":"closed","ping_status":"closed","sticky":false,"template":"","format":"standard","meta":{"_acf_changed":false,"footnotes":""},"categories":[123],"tags":[],"filtros":[],"class_list":["post-10019","post","type-post","status-publish","format-standard","has-post-thumbnail","hentry","category-articles"],"acf":[],"yoast_head":"<!-- This site is optimized with the Yoast SEO plugin v26.7 - https:\/\/yoast.com\/wordpress\/plugins\/seo\/ -->\n<title>Rooftops do Porto: Onde Relaxar com as Melhores Vistas da Cidade - The Best of Porto<\/title>\n<meta name=\"description\" content=\"Estes s\u00e3o os rooftops da cidade do Porto que n\u00e3o pode perder. Os melhores locais para relaxar com as melhores vistas!\" \/>\n<meta name=\"robots\" content=\"index, follow, max-snippet:-1, max-image-preview:large, max-video-preview:-1\" \/>\n<link rel=\"canonical\" href=\"https:\/\/thebestofporto.com\/pt\/rooftops-do-porto\/\" \/>\n<meta property=\"og:locale\" content=\"pt_PT\" \/>\n<meta property=\"og:type\" content=\"article\" \/>\n<meta property=\"og:title\" content=\"Rooftops do Porto: Onde Relaxar com as Melhores Vistas da Cidade - The Best of Porto\" \/>\n<meta property=\"og:description\" content=\"Estes s\u00e3o os rooftops da cidade do Porto que n\u00e3o pode perder. Os melhores locais para relaxar com as melhores vistas!\" \/>\n<meta property=\"og:url\" content=\"https:\/\/thebestofporto.com\/pt\/rooftops-do-porto\/\" \/>\n<meta property=\"og:site_name\" content=\"The Best of Porto\" \/>\n<meta property=\"article:published_time\" content=\"2024-10-23T10:00:00+00:00\" \/>\n<meta property=\"og:image\" content=\"https:\/\/thebestofporto.com\/wp-content\/uploads\/2024\/10\/capa.jpg\" \/>\n\t<meta property=\"og:image:width\" content=\"750\" \/>\n\t<meta property=\"og:image:height\" content=\"562\" \/>\n\t<meta property=\"og:image:type\" content=\"image\/jpeg\" \/>\n<meta name=\"author\" content=\"admin\" \/>\n<meta name=\"twitter:card\" content=\"summary_large_image\" \/>\n<meta name=\"twitter:label1\" content=\"Escrito por\" \/>\n\t<meta name=\"twitter:data1\" content=\"admin\" \/>\n\t<meta name=\"twitter:label2\" content=\"Tempo estimado de leitura\" \/>\n\t<meta name=\"twitter:data2\" content=\"3 minutos\" \/>\n<script type=\"application\/ld+json\" class=\"yoast-schema-graph\">{\"@context\":\"https:\/\/schema.org\",\"@graph\":[{\"@type\":\"Article\",\"@id\":\"https:\/\/thebestofporto.com\/rooftops-do-porto\/#article\",\"isPartOf\":{\"@id\":\"https:\/\/thebestofporto.com\/rooftops-do-porto\/\"},\"author\":{\"name\":\"admin\",\"@id\":\"https:\/\/thebestofporto.com\/#\/schema\/person\/04b3a2223d8527f0c6297ca6767266f7\"},\"headline\":\"Rooftops do Porto: Onde Relaxar com as Melhores Vistas da Cidade\",\"datePublished\":\"2024-10-23T10:00:00+00:00\",\"mainEntityOfPage\":{\"@id\":\"https:\/\/thebestofporto.com\/rooftops-do-porto\/\"},\"wordCount\":164,\"publisher\":{\"@id\":\"https:\/\/thebestofporto.com\/#organization\"},\"image\":{\"@id\":\"https:\/\/thebestofporto.com\/rooftops-do-porto\/#primaryimage\"},\"thumbnailUrl\":\"https:\/\/thebestofporto.com\/wp-content\/uploads\/2024\/10\/capa.jpg\",\"articleSection\":[\"Articles\"],\"inLanguage\":\"pt-PT\"},{\"@type\":\"WebPage\",\"@id\":\"https:\/\/thebestofporto.com\/rooftops-do-porto\/\",\"url\":\"https:\/\/thebestofporto.com\/rooftops-do-porto\/\",\"name\":\"Rooftops do Porto: Onde Relaxar com as Melhores Vistas da Cidade - The Best of Porto\",\"isPartOf\":{\"@id\":\"https:\/\/thebestofporto.com\/#website\"},\"primaryImageOfPage\":{\"@id\":\"https:\/\/thebestofporto.com\/rooftops-do-porto\/#primaryimage\"},\"image\":{\"@id\":\"https:\/\/thebestofporto.com\/rooftops-do-porto\/#primaryimage\"},\"thumbnailUrl\":\"https:\/\/thebestofporto.com\/wp-content\/uploads\/2024\/10\/capa.jpg\",\"datePublished\":\"2024-10-23T10:00:00+00:00\",\"description\":\"Estes s\u00e3o os rooftops da cidade do Porto que n\u00e3o pode perder. Os melhores locais para relaxar com as melhores vistas!\",\"breadcrumb\":{\"@id\":\"https:\/\/thebestofporto.com\/rooftops-do-porto\/#breadcrumb\"},\"inLanguage\":\"pt-PT\",\"potentialAction\":[{\"@type\":\"ReadAction\",\"target\":[\"https:\/\/thebestofporto.com\/rooftops-do-porto\/\"]}]},{\"@type\":\"ImageObject\",\"inLanguage\":\"pt-PT\",\"@id\":\"https:\/\/thebestofporto.com\/rooftops-do-porto\/#primaryimage\",\"url\":\"https:\/\/thebestofporto.com\/wp-content\/uploads\/2024\/10\/capa.jpg\",\"contentUrl\":\"https:\/\/thebestofporto.com\/wp-content\/uploads\/2024\/10\/capa.jpg\",\"width\":750,\"height\":562},{\"@type\":\"BreadcrumbList\",\"@id\":\"https:\/\/thebestofporto.com\/rooftops-do-porto\/#breadcrumb\",\"itemListElement\":[{\"@type\":\"ListItem\",\"position\":1,\"name\":\"In\u00edcio\",\"item\":\"https:\/\/thebestofporto.com\/\"},{\"@type\":\"ListItem\",\"position\":2,\"name\":\"Rooftops do Porto: Onde Relaxar com as Melhores Vistas da Cidade\"}]},{\"@type\":\"WebSite\",\"@id\":\"https:\/\/thebestofporto.com\/#website\",\"url\":\"https:\/\/thebestofporto.com\/\",\"name\":\"The Best of Porto\",\"description\":\"\",\"publisher\":{\"@id\":\"https:\/\/thebestofporto.com\/#organization\"},\"potentialAction\":[{\"@type\":\"SearchAction\",\"target\":{\"@type\":\"EntryPoint\",\"urlTemplate\":\"https:\/\/thebestofporto.com\/?s={search_term_string}\"},\"query-input\":{\"@type\":\"PropertyValueSpecification\",\"valueRequired\":true,\"valueName\":\"search_term_string\"}}],\"inLanguage\":\"pt-PT\"},{\"@type\":\"Organization\",\"@id\":\"https:\/\/thebestofporto.com\/#organization\",\"name\":\"The Best of Porto\",\"url\":\"https:\/\/thebestofporto.com\/\",\"logo\":{\"@type\":\"ImageObject\",\"inLanguage\":\"pt-PT\",\"@id\":\"https:\/\/thebestofporto.com\/#\/schema\/logo\/image\/\",\"url\":\"https:\/\/thebestofporto.com\/wp-content\/uploads\/2024\/05\/logo.png\",\"contentUrl\":\"https:\/\/thebestofporto.com\/wp-content\/uploads\/2024\/05\/logo.png\",\"width\":5076,\"height\":1463,\"caption\":\"The Best of Porto\"},\"image\":{\"@id\":\"https:\/\/thebestofporto.com\/#\/schema\/logo\/image\/\"}},{\"@type\":\"Person\",\"@id\":\"https:\/\/thebestofporto.com\/#\/schema\/person\/04b3a2223d8527f0c6297ca6767266f7\",\"name\":\"admin\",\"image\":{\"@type\":\"ImageObject\",\"inLanguage\":\"pt-PT\",\"@id\":\"https:\/\/thebestofporto.com\/#\/schema\/person\/image\/\",\"url\":\"https:\/\/secure.gravatar.com\/avatar\/193e2977da320450cf56b1b093dd5b7286cdbaf6ad5201ab3cda69b78b13b458?s=96&d=mm&r=g\",\"contentUrl\":\"https:\/\/secure.gravatar.com\/avatar\/193e2977da320450cf56b1b093dd5b7286cdbaf6ad5201ab3cda69b78b13b458?s=96&d=mm&r=g\",\"caption\":\"admin\"},\"sameAs\":[\"https:\/\/thebestofporto.com\"],\"url\":\"https:\/\/thebestofporto.com\/pt\/author\/admin_l3zak26a\/\"}]}<\/script>\n<!-- \/ Yoast SEO plugin. -->","yoast_head_json":{"title":"Rooftops do Porto: Onde Relaxar com as Melhores Vistas da Cidade - The Best of Porto","description":"Estes s\u00e3o os rooftops da cidade do Porto que n\u00e3o pode perder. Os melhores locais para relaxar com as melhores vistas!","robots":{"index":"index","follow":"follow","max-snippet":"max-snippet:-1","max-image-preview":"max-image-preview:large","max-video-preview":"max-video-preview:-1"},"canonical":"https:\/\/thebestofporto.com\/pt\/rooftops-do-porto\/","og_locale":"pt_PT","og_type":"article","og_title":"Rooftops do Porto: Onde Relaxar com as Melhores Vistas da Cidade - The Best of Porto","og_description":"Estes s\u00e3o os rooftops da cidade do Porto que n\u00e3o pode perder. Os melhores locais para relaxar com as melhores vistas!","og_url":"https:\/\/thebestofporto.com\/pt\/rooftops-do-porto\/","og_site_name":"The Best of Porto","article_published_time":"2024-10-23T10:00:00+00:00","og_image":[{"width":750,"height":562,"url":"https:\/\/thebestofporto.com\/wp-content\/uploads\/2024\/10\/capa.jpg","type":"image\/jpeg"}],"author":"admin","twitter_card":"summary_large_image","twitter_misc":{"Escrito por":"admin","Tempo estimado de leitura":"3 minutos"},"schema":{"@context":"https:\/\/schema.org","@graph":[{"@type":"Article","@id":"https:\/\/thebestofporto.com\/rooftops-do-porto\/#article","isPartOf":{"@id":"https:\/\/thebestofporto.com\/rooftops-do-porto\/"},"author":{"name":"admin","@id":"https:\/\/thebestofporto.com\/#\/schema\/person\/04b3a2223d8527f0c6297ca6767266f7"},"headline":"Rooftops do Porto: Onde Relaxar com as Melhores Vistas da Cidade","datePublished":"2024-10-23T10:00:00+00:00","mainEntityOfPage":{"@id":"https:\/\/thebestofporto.com\/rooftops-do-porto\/"},"wordCount":164,"publisher":{"@id":"https:\/\/thebestofporto.com\/#organization"},"image":{"@id":"https:\/\/thebestofporto.com\/rooftops-do-porto\/#primaryimage"},"thumbnailUrl":"https:\/\/thebestofporto.com\/wp-content\/uploads\/2024\/10\/capa.jpg","articleSection":["Articles"],"inLanguage":"pt-PT"},{"@type":"WebPage","@id":"https:\/\/thebestofporto.com\/rooftops-do-porto\/","url":"https:\/\/thebestofporto.com\/rooftops-do-porto\/","name":"Rooftops do Porto: Onde Relaxar com as Melhores Vistas da Cidade - The Best of Porto","isPartOf":{"@id":"https:\/\/thebestofporto.com\/#website"},"primaryImageOfPage":{"@id":"https:\/\/thebestofporto.com\/rooftops-do-porto\/#primaryimage"},"image":{"@id":"https:\/\/thebestofporto.com\/rooftops-do-porto\/#primaryimage"},"thumbnailUrl":"https:\/\/thebestofporto.com\/wp-content\/uploads\/2024\/10\/capa.jpg","datePublished":"2024-10-23T10:00:00+00:00","description":"Estes s\u00e3o os rooftops da cidade do Porto que n\u00e3o pode perder. Os melhores locais para relaxar com as melhores vistas!","breadcrumb":{"@id":"https:\/\/thebestofporto.com\/rooftops-do-porto\/#breadcrumb"},"inLanguage":"pt-PT","potentialAction":[{"@type":"ReadAction","target":["https:\/\/thebestofporto.com\/rooftops-do-porto\/"]}]},{"@type":"ImageObject","inLanguage":"pt-PT","@id":"https:\/\/thebestofporto.com\/rooftops-do-porto\/#primaryimage","url":"https:\/\/thebestofporto.com\/wp-content\/uploads\/2024\/10\/capa.jpg","contentUrl":"https:\/\/thebestofporto.com\/wp-content\/uploads\/2024\/10\/capa.jpg","width":750,"height":562},{"@type":"BreadcrumbList","@id":"https:\/\/thebestofporto.com\/rooftops-do-porto\/#breadcrumb","itemListElement":[{"@type":"ListItem","position":1,"name":"In\u00edcio","item":"https:\/\/thebestofporto.com\/"},{"@type":"ListItem","position":2,"name":"Rooftops do Porto: Onde Relaxar com as Melhores Vistas da Cidade"}]},{"@type":"WebSite","@id":"https:\/\/thebestofporto.com\/#website","url":"https:\/\/thebestofporto.com\/","name":"The Best of Porto","description":"","publisher":{"@id":"https:\/\/thebestofporto.com\/#organization"},"potentialAction":[{"@type":"SearchAction","target":{"@type":"EntryPoint","urlTemplate":"https:\/\/thebestofporto.com\/?s={search_term_string}"},"query-input":{"@type":"PropertyValueSpecification","valueRequired":true,"valueName":"search_term_string"}}],"inLanguage":"pt-PT"},{"@type":"Organization","@id":"https:\/\/thebestofporto.com\/#organization","name":"The Best of Porto","url":"https:\/\/thebestofporto.com\/","logo":{"@type":"ImageObject","inLanguage":"pt-PT","@id":"https:\/\/thebestofporto.com\/#\/schema\/logo\/image\/","url":"https:\/\/thebestofporto.com\/wp-content\/uploads\/2024\/05\/logo.png","contentUrl":"https:\/\/thebestofporto.com\/wp-content\/uploads\/2024\/05\/logo.png","width":5076,"height":1463,"caption":"The Best of Porto"},"image":{"@id":"https:\/\/thebestofporto.com\/#\/schema\/logo\/image\/"}},{"@type":"Person","@id":"https:\/\/thebestofporto.com\/#\/schema\/person\/04b3a2223d8527f0c6297ca6767266f7","name":"admin","image":{"@type":"ImageObject","inLanguage":"pt-PT","@id":"https:\/\/thebestofporto.com\/#\/schema\/person\/image\/","url":"https:\/\/secure.gravatar.com\/avatar\/193e2977da320450cf56b1b093dd5b7286cdbaf6ad5201ab3cda69b78b13b458?s=96&d=mm&r=g","contentUrl":"https:\/\/secure.gravatar.com\/avatar\/193e2977da320450cf56b1b093dd5b7286cdbaf6ad5201ab3cda69b78b13b458?s=96&d=mm&r=g","caption":"admin"},"sameAs":["https:\/\/thebestofporto.com"],"url":"https:\/\/thebestofporto.com\/pt\/author\/admin_l3zak26a\/"}]}},"_links":{"self":[{"href":"https:\/\/thebestofporto.com\/pt\/wp-json\/wp\/v2\/posts\/10019","targetHints":{"allow":["GET"]}}],"collection":[{"href":"https:\/\/thebestofporto.com\/pt\/wp-json\/wp\/v2\/posts"}],"about":[{"href":"https:\/\/thebestofporto.com\/pt\/wp-json\/wp\/v2\/types\/post"}],"author":[{"embeddable":true,"href":"https:\/\/thebestofporto.com\/pt\/wp-json\/wp\/v2\/users\/1"}],"replies":[{"embeddable":true,"href":"https:\/\/thebestofporto.com\/pt\/wp-json\/wp\/v2\/comments?post=10019"}],"version-history":[{"count":7,"href":"https:\/\/thebestofporto.com\/pt\/wp-json\/wp\/v2\/posts\/10019\/revisions"}],"predecessor-version":[{"id":10034,"href":"https:\/\/thebestofporto.com\/pt\/wp-json\/wp\/v2\/posts\/10019\/revisions\/10034"}],"wp:featuredmedia":[{"embeddable":true,"href":"https:\/\/thebestofporto.com\/pt\/wp-json\/wp\/v2\/media\/10026"}],"wp:attachment":[{"href":"https:\/\/thebestofporto.com\/pt\/wp-json\/wp\/v2\/media?parent=10019"}],"wp:term":[{"taxonomy":"category","embeddable":true,"href":"https:\/\/thebestofporto.com\/pt\/wp-json\/wp\/v2\/categories?post=10019"},{"taxonomy":"post_tag","embeddable":true,"href":"https:\/\/thebestofporto.com\/pt\/wp-json\/wp\/v2\/tags?post=10019"},{"taxonomy":"filtros","embeddable":true,"href":"https:\/\/thebestofporto.com\/pt\/wp-json\/wp\/v2\/filtros?post=10019"}],"curies":[{"name":"wp","href":"https:\/\/api.w.org\/{rel}","templated":true}]}}