{"id":10070,"date":"2024-11-07T11:23:31","date_gmt":"2024-11-07T11:23:31","guid":{"rendered":"https:\/\/thebestofporto.com\/?p=10070"},"modified":"2024-11-18T12:53:07","modified_gmt":"2024-11-18T12:53:07","slug":"roteiro-para-um-dia-em-matosinhos","status":"publish","type":"post","link":"https:\/\/thebestofporto.com\/pt\/roteiro-para-um-dia-em-matosinhos\/","title":{"rendered":"Roteiro para um dia em Matosinhos"},"content":{"rendered":"<div data-elementor-type=\"wp-post\" data-elementor-id=\"10070\" class=\"elementor elementor-10070\">\n\t\t\t\t<div class=\"elementor-element elementor-element-1bb02d3 e-flex e-con-boxed e-con e-parent\" data-id=\"1bb02d3\" data-element_type=\"container\">\n\t\t\t\t\t<div class=\"e-con-inner\">\n\t\t\t\t<div class=\"elementor-element elementor-element-022dd03 elementor-widget elementor-widget-text-editor\" data-id=\"022dd03\" data-element_type=\"widget\" data-widget_type=\"text-editor.default\">\n\t\t\t\t<div class=\"elementor-widget-container\">\n\t\t\t\t\t\t\t\t\t<h4><b>Praia de Matosinhos<\/b><\/h4><p><span style=\"font-weight: 400;\">Comece o dia com uma caminhada ao longo da Praia de Matosinhos, uma das mais famosas da regi\u00e3o. \u00c9 um excelente local para quem aprecia o mar, e se for cedo, o ambiente ser\u00e1 tranquilo. A praia tamb\u00e9m \u00e9 conhecida por ser ideal para quem gosta de surfar ou experimentar desportos aqu\u00e1ticos.Se quiser, pode aproveitar para tomar um caf\u00e9 num dos bares \u00e0 beira-mar e admirar o cen\u00e1rio das ondas com o Porto de Leix\u00f5es ao fundo.<\/span><\/p>\t\t\t\t\t\t\t\t<\/div>\n\t\t\t\t<\/div>\n\t\t\t\t\t<\/div>\n\t\t\t\t<\/div>\n\t\t<div class=\"elementor-element elementor-element-d703b2d e-flex e-con-boxed e-con e-parent\" data-id=\"d703b2d\" data-element_type=\"container\">\n\t\t\t\t\t<div class=\"e-con-inner\">\n\t\t\t\t<div class=\"elementor-element elementor-element-dbc7a1f elementor-widget elementor-widget-image\" data-id=\"dbc7a1f\" data-element_type=\"widget\" data-widget_type=\"image.default\">\n\t\t\t\t<div class=\"elementor-widget-container\">\n\t\t\t\t\t\t\t\t\t\t\t\t\t\t\t<img fetchpriority=\"high\" decoding=\"async\" width=\"1024\" height=\"614\" src=\"https:\/\/thebestofporto.com\/wp-content\/uploads\/2024\/10\/praia-1024x614.png\" class=\"attachment-large size-large wp-image-10068\" alt=\"\" srcset=\"https:\/\/thebestofporto.com\/wp-content\/uploads\/2024\/10\/praia-1024x614.png 1024w, https:\/\/thebestofporto.com\/wp-content\/uploads\/2024\/10\/praia-300x180.png 300w, https:\/\/thebestofporto.com\/wp-content\/uploads\/2024\/10\/praia-768x461.png 768w, https:\/\/thebestofporto.com\/wp-content\/uploads\/2024\/10\/praia-1536x921.png 1536w, https:\/\/thebestofporto.com\/wp-content\/uploads\/2024\/10\/praia-2048x1229.png 2048w, https:\/\/thebestofporto.com\/wp-content\/uploads\/2024\/10\/praia-18x12.png 18w\" sizes=\"(max-width:767px) 480px, (max-width:1024px) 100vw, 1024px\" \/>\t\t\t\t\t\t\t\t\t\t\t\t\t\t\t<\/div>\n\t\t\t\t<\/div>\n\t\t\t\t\t<\/div>\n\t\t\t\t<\/div>\n\t\t<div class=\"elementor-element elementor-element-c17dc7d e-flex e-con-boxed e-con e-parent\" data-id=\"c17dc7d\" data-element_type=\"container\">\n\t\t\t\t\t<div class=\"e-con-inner\">\n\t\t\t\t<div class=\"elementor-element elementor-element-6d33b82 elementor-widget elementor-widget-text-editor\" data-id=\"6d33b82\" data-element_type=\"widget\" data-widget_type=\"text-editor.default\">\n\t\t\t\t<div class=\"elementor-widget-container\">\n\t\t\t\t\t\t\t\t\t<h4><b>Mercado Municipal de Matosinhos<\/b><\/h4><p><span style=\"font-weight: 400;\">Ap\u00f3s o passeio pela praia, visite o <span style=\"text-decoration: underline; color: #d68d45;\"><a style=\"color: #d68d45; text-decoration: underline;\" href=\"https:\/\/www.cm-matosinhos.pt\/servicos\/apoio-as-atividades-economicas-e-investidor\/mercados\/mercado-de-matosinhos\">Mercado Municipal de Matosinhos<\/a><\/span>, um dos pontos mais tradicionais da cidade. Aqui, pode observar a vida local, conhecer os produtos frescos, especialmente os peixes e mariscos, que s\u00e3o uma das principais atra\u00e7\u00f5es gastron\u00f4micas de Matosinhos. O mercado \u00e9 tamb\u00e9m um \u00f3timo lugar para sentir o ambiente aut\u00eantico da cidade e, se quiser, pode comprar alguns produtos locais, como queijos e vinhos.<\/span><\/p>\t\t\t\t\t\t\t\t<\/div>\n\t\t\t\t<\/div>\n\t\t\t\t<div class=\"elementor-element elementor-element-5fb9cad elementor-widget elementor-widget-image\" data-id=\"5fb9cad\" data-element_type=\"widget\" data-widget_type=\"image.default\">\n\t\t\t\t<div class=\"elementor-widget-container\">\n\t\t\t\t\t\t\t\t\t\t\t\t\t\t\t<img decoding=\"async\" width=\"1024\" height=\"614\" src=\"https:\/\/thebestofporto.com\/wp-content\/uploads\/2024\/10\/mercado-1024x614.png\" class=\"attachment-large size-large wp-image-10067\" alt=\"\" srcset=\"https:\/\/thebestofporto.com\/wp-content\/uploads\/2024\/10\/mercado-1024x614.png 1024w, https:\/\/thebestofporto.com\/wp-content\/uploads\/2024\/10\/mercado-300x180.png 300w, https:\/\/thebestofporto.com\/wp-content\/uploads\/2024\/10\/mercado-768x461.png 768w, https:\/\/thebestofporto.com\/wp-content\/uploads\/2024\/10\/mercado-1536x921.png 1536w, https:\/\/thebestofporto.com\/wp-content\/uploads\/2024\/10\/mercado-2048x1229.png 2048w, https:\/\/thebestofporto.com\/wp-content\/uploads\/2024\/10\/mercado-18x12.png 18w\" sizes=\"(max-width:767px) 480px, (max-width:1024px) 100vw, 1024px\" \/>\t\t\t\t\t\t\t\t\t\t\t\t\t\t\t<\/div>\n\t\t\t\t<\/div>\n\t\t\t\t<div class=\"elementor-element elementor-element-127d30a elementor-widget elementor-widget-text-editor\" data-id=\"127d30a\" data-element_type=\"widget\" data-widget_type=\"text-editor.default\">\n\t\t\t\t<div class=\"elementor-widget-container\">\n\t\t\t\t\t\t\t\t\t<h4><b>Igreja do Bom Jesus de Matosinhos<\/b><\/h4><p><span style=\"font-weight: 400;\">A seguir, fa\u00e7a uma visita \u00e0 <\/span><b>Igreja do Bom Jesus de Matosinhos<\/b><span style=\"font-weight: 400;\">, um templo do s\u00e9culo XVI com uma bela arquitetura ecl\u00e9tica e com uma lenda interessante associada \u00e0 sua constru\u00e7\u00e3o. Esta igreja tamb\u00e9m \u00e9 o ponto central das <\/span><b>Festas do Senhor de Matosinhos<\/b><span style=\"font-weight: 400;\">, que atraem muitos visitantes.<\/span><\/p>\t\t\t\t\t\t\t\t<\/div>\n\t\t\t\t<\/div>\n\t\t\t\t<div class=\"elementor-element elementor-element-8c2ea13 elementor-widget elementor-widget-image\" data-id=\"8c2ea13\" data-element_type=\"widget\" data-widget_type=\"image.default\">\n\t\t\t\t<div class=\"elementor-widget-container\">\n\t\t\t\t\t\t\t\t\t\t\t\t\t\t\t<img decoding=\"async\" width=\"1024\" height=\"614\" src=\"https:\/\/thebestofporto.com\/wp-content\/uploads\/2024\/10\/igreja-1024x614.png\" class=\"attachment-large size-large wp-image-10066\" alt=\"\" srcset=\"https:\/\/thebestofporto.com\/wp-content\/uploads\/2024\/10\/igreja-1024x614.png 1024w, https:\/\/thebestofporto.com\/wp-content\/uploads\/2024\/10\/igreja-300x180.png 300w, https:\/\/thebestofporto.com\/wp-content\/uploads\/2024\/10\/igreja-768x461.png 768w, https:\/\/thebestofporto.com\/wp-content\/uploads\/2024\/10\/igreja-1536x921.png 1536w, https:\/\/thebestofporto.com\/wp-content\/uploads\/2024\/10\/igreja-2048x1229.png 2048w, https:\/\/thebestofporto.com\/wp-content\/uploads\/2024\/10\/igreja-18x12.png 18w\" sizes=\"(max-width:767px) 480px, (max-width:1024px) 100vw, 1024px\" \/>\t\t\t\t\t\t\t\t\t\t\t\t\t\t\t<\/div>\n\t\t\t\t<\/div>\n\t\t\t\t<div class=\"elementor-element elementor-element-6185be2 elementor-widget elementor-widget-text-editor\" data-id=\"6185be2\" data-element_type=\"widget\" data-widget_type=\"text-editor.default\">\n\t\t\t\t<div class=\"elementor-widget-container\">\n\t\t\t\t\t\t\t\t\t<h4><b>Almo\u00e7o \u00e0 Base de Peixe e Marisco<\/b><\/h4><p><span style=\"font-weight: 400;\">Matosinhos \u00e9 conhecida como a capital do peixe e marisco, ent\u00e3o o almo\u00e7o tem de ser num dos seus famosos restaurantes de peixe grelhado. A <\/span><b>Rua Her\u00f3is de Fran\u00e7a<\/b><span style=\"font-weight: 400;\"> \u00e9 famosa por ter in\u00fameros restaurantes com especialidades de peixe grelhado no carv\u00e3o. Recomendo pratos como a sardinha assada, o polvo grelhado ou qualquer uma das op\u00e7\u00f5es de mariscos frescos da regi\u00e3o.<\/span><\/p>\t\t\t\t\t\t\t\t<\/div>\n\t\t\t\t<\/div>\n\t\t\t\t<div class=\"elementor-element elementor-element-54597f4 elementor-widget elementor-widget-image\" data-id=\"54597f4\" data-element_type=\"widget\" data-widget_type=\"image.default\">\n\t\t\t\t<div class=\"elementor-widget-container\">\n\t\t\t\t\t\t\t\t\t\t\t\t\t\t\t<img loading=\"lazy\" decoding=\"async\" width=\"1024\" height=\"614\" src=\"https:\/\/thebestofporto.com\/wp-content\/uploads\/2024\/10\/peixe-1024x614.png\" class=\"attachment-large size-large wp-image-10065\" alt=\"\" srcset=\"https:\/\/thebestofporto.com\/wp-content\/uploads\/2024\/10\/peixe-1024x614.png 1024w, https:\/\/thebestofporto.com\/wp-content\/uploads\/2024\/10\/peixe-300x180.png 300w, https:\/\/thebestofporto.com\/wp-content\/uploads\/2024\/10\/peixe-768x461.png 768w, https:\/\/thebestofporto.com\/wp-content\/uploads\/2024\/10\/peixe-1536x921.png 1536w, https:\/\/thebestofporto.com\/wp-content\/uploads\/2024\/10\/peixe-2048x1229.png 2048w, https:\/\/thebestofporto.com\/wp-content\/uploads\/2024\/10\/peixe-18x12.png 18w\" sizes=\"(max-width:767px) 480px, (max-width:1024px) 100vw, 1024px\" \/>\t\t\t\t\t\t\t\t\t\t\t\t\t\t\t<\/div>\n\t\t\t\t<\/div>\n\t\t\t\t<div class=\"elementor-element elementor-element-08cacaa elementor-widget elementor-widget-text-editor\" data-id=\"08cacaa\" data-element_type=\"widget\" data-widget_type=\"text-editor.default\">\n\t\t\t\t<div class=\"elementor-widget-container\">\n\t\t\t\t\t\t\t\t\t<h4><b>Terminal de Cruzeiros de Leix\u00f5es<\/b><\/h4><p><span style=\"font-weight: 400;\">Ap\u00f3s o almo\u00e7o, siga at\u00e9 ao moderno <\/span><b>Terminal de Cruzeiros de Leix\u00f5es<\/b><span style=\"font-weight: 400;\">, um edif\u00edcio impressionante e premiado pela sua arquitetura contempor\u00e2nea, com formas ondulantes que imitam as ondas do mar. Se poss\u00edvel, fa\u00e7a uma visita guiada ao interior para conhecer mais sobre o design e o funcionamento do terminal. Daqui, tamb\u00e9m pode ter vistas privilegiadas do oceano e do Porto de Leix\u00f5es, um dos maiores portos mar\u00edtimos de Portugal.<\/span><\/p>\t\t\t\t\t\t\t\t<\/div>\n\t\t\t\t<\/div>\n\t\t\t\t<div class=\"elementor-element elementor-element-234e090 elementor-widget elementor-widget-image\" data-id=\"234e090\" data-element_type=\"widget\" data-widget_type=\"image.default\">\n\t\t\t\t<div class=\"elementor-widget-container\">\n\t\t\t\t\t\t\t\t\t\t\t\t\t\t\t<img loading=\"lazy\" decoding=\"async\" width=\"1024\" height=\"614\" src=\"https:\/\/thebestofporto.com\/wp-content\/uploads\/2024\/10\/terminal-1024x614.png\" class=\"attachment-large size-large wp-image-10059\" alt=\"\" srcset=\"https:\/\/thebestofporto.com\/wp-content\/uploads\/2024\/10\/terminal-1024x614.png 1024w, https:\/\/thebestofporto.com\/wp-content\/uploads\/2024\/10\/terminal-300x180.png 300w, https:\/\/thebestofporto.com\/wp-content\/uploads\/2024\/10\/terminal-768x461.png 768w, https:\/\/thebestofporto.com\/wp-content\/uploads\/2024\/10\/terminal-1536x921.png 1536w, https:\/\/thebestofporto.com\/wp-content\/uploads\/2024\/10\/terminal-2048x1229.png 2048w, https:\/\/thebestofporto.com\/wp-content\/uploads\/2024\/10\/terminal-18x12.png 18w\" sizes=\"(max-width:767px) 480px, (max-width:1024px) 100vw, 1024px\" \/>\t\t\t\t\t\t\t\t\t\t\t\t\t\t\t<\/div>\n\t\t\t\t<\/div>\n\t\t\t\t<div class=\"elementor-element elementor-element-b5b81b6 elementor-widget elementor-widget-text-editor\" data-id=\"b5b81b6\" data-element_type=\"widget\" data-widget_type=\"text-editor.default\">\n\t\t\t\t<div class=\"elementor-widget-container\">\n\t\t\t\t\t\t\t\t\t<h4><b>Castelo do Queijo (Forte de S\u00e3o Francisco Xavier)<\/b><\/h4><p><span style=\"font-weight: 400;\">Perto da fronteira entre Matosinhos e o Porto, visite o <\/span><b>Castelo do Queijo<\/b><span style=\"font-weight: 400;\">, uma fortifica\u00e7\u00e3o hist\u00f3rica do s\u00e9culo XVII, constru\u00edda para defender a costa de ataques piratas. Fica numa localiza\u00e7\u00e3o estrat\u00e9gica, sobre uma forma\u00e7\u00e3o rochosa junto ao mar. Este forte oferece uma vista deslumbrante do Atl\u00e2ntico e da costa, e \u00e9 um lugar ideal para tirar fotos e apreciar a paisagem mar\u00edtima.<\/span><\/p>\t\t\t\t\t\t\t\t<\/div>\n\t\t\t\t<\/div>\n\t\t\t\t<div class=\"elementor-element elementor-element-fd733e8 elementor-widget elementor-widget-image\" data-id=\"fd733e8\" data-element_type=\"widget\" data-widget_type=\"image.default\">\n\t\t\t\t<div class=\"elementor-widget-container\">\n\t\t\t\t\t\t\t\t\t\t\t\t\t\t\t<img loading=\"lazy\" decoding=\"async\" width=\"1024\" height=\"614\" src=\"https:\/\/thebestofporto.com\/wp-content\/uploads\/2024\/10\/castelo_queijo-1024x614.png\" class=\"attachment-large size-large wp-image-10062\" alt=\"\" srcset=\"https:\/\/thebestofporto.com\/wp-content\/uploads\/2024\/10\/castelo_queijo-1024x614.png 1024w, https:\/\/thebestofporto.com\/wp-content\/uploads\/2024\/10\/castelo_queijo-300x180.png 300w, https:\/\/thebestofporto.com\/wp-content\/uploads\/2024\/10\/castelo_queijo-768x461.png 768w, https:\/\/thebestofporto.com\/wp-content\/uploads\/2024\/10\/castelo_queijo-1536x921.png 1536w, https:\/\/thebestofporto.com\/wp-content\/uploads\/2024\/10\/castelo_queijo-2048x1229.png 2048w, https:\/\/thebestofporto.com\/wp-content\/uploads\/2024\/10\/castelo_queijo-18x12.png 18w\" sizes=\"(max-width:767px) 480px, (max-width:1024px) 100vw, 1024px\" \/>\t\t\t\t\t\t\t\t\t\t\t\t\t\t\t<\/div>\n\t\t\t\t<\/div>\n\t\t\t\t<div class=\"elementor-element elementor-element-89ad696 elementor-widget elementor-widget-text-editor\" data-id=\"89ad696\" data-element_type=\"widget\" data-widget_type=\"text-editor.default\">\n\t\t\t\t<div class=\"elementor-widget-container\">\n\t\t\t\t\t\t\t\t\t<h4><b>Parque da Cidade do Porto<\/b><\/h4><p><span style=\"font-weight: 400;\">Depois da visita ao Castelo do Queijo, atravesse para o lado do Porto e explore o <\/span><b>Parque da Cidade<\/b><span style=\"font-weight: 400;\">, que na realidade tamb\u00e9m se estende at\u00e9 Matosinhos. Este \u00e9 o maior parque urbano de Portugal, com lagos, \u00e1reas verdes e trilhos para caminhar ou andar de bicicleta. \u00c9 um \u00f3timo lugar para relaxar, fazer um piquenique ou simplesmente dar uma caminhada tranquila. O parque oferece uma mistura de natureza e modernidade, com muita flora e fauna local.<\/span><\/p>\t\t\t\t\t\t\t\t<\/div>\n\t\t\t\t<\/div>\n\t\t\t\t<div class=\"elementor-element elementor-element-0cf34d2 elementor-widget elementor-widget-image\" data-id=\"0cf34d2\" data-element_type=\"widget\" data-widget_type=\"image.default\">\n\t\t\t\t<div class=\"elementor-widget-container\">\n\t\t\t\t\t\t\t\t\t\t\t\t\t\t\t<img loading=\"lazy\" decoding=\"async\" width=\"1024\" height=\"614\" src=\"https:\/\/thebestofporto.com\/wp-content\/uploads\/2024\/10\/parque-1024x614.png\" class=\"attachment-large size-large wp-image-10061\" alt=\"\" srcset=\"https:\/\/thebestofporto.com\/wp-content\/uploads\/2024\/10\/parque-1024x614.png 1024w, https:\/\/thebestofporto.com\/wp-content\/uploads\/2024\/10\/parque-300x180.png 300w, https:\/\/thebestofporto.com\/wp-content\/uploads\/2024\/10\/parque-768x461.png 768w, https:\/\/thebestofporto.com\/wp-content\/uploads\/2024\/10\/parque-1536x921.png 1536w, https:\/\/thebestofporto.com\/wp-content\/uploads\/2024\/10\/parque-2048x1229.png 2048w, https:\/\/thebestofporto.com\/wp-content\/uploads\/2024\/10\/parque-18x12.png 18w\" sizes=\"(max-width:767px) 480px, (max-width:1024px) 100vw, 1024px\" \/>\t\t\t\t\t\t\t\t\t\t\t\t\t\t\t<\/div>\n\t\t\t\t<\/div>\n\t\t\t\t<div class=\"elementor-element elementor-element-6d99846 elementor-widget elementor-widget-text-editor\" data-id=\"6d99846\" data-element_type=\"widget\" data-widget_type=\"text-editor.default\">\n\t\t\t\t<div class=\"elementor-widget-container\">\n\t\t\t\t\t\t\t\t\t<h4><b>Casa da Arquitectura<\/b><\/h4><p><span style=\"font-weight: 400;\">Para os amantes de arquitetura, uma paragem na <\/span><b>Casa da Arquitectura<\/b><span style=\"font-weight: 400;\"> \u00e9 essencial. Este centro cultural \u00e9 dedicado \u00e0 promo\u00e7\u00e3o e divulga\u00e7\u00e3o da arquitetura contempor\u00e2nea, com exposi\u00e7\u00f5es regulares e atividades para quem quer explorar o mundo da arquitetura.<\/span><\/p>\t\t\t\t\t\t\t\t<\/div>\n\t\t\t\t<\/div>\n\t\t\t\t<div class=\"elementor-element elementor-element-f97d1b9 elementor-widget elementor-widget-image\" data-id=\"f97d1b9\" data-element_type=\"widget\" data-widget_type=\"image.default\">\n\t\t\t\t<div class=\"elementor-widget-container\">\n\t\t\t\t\t\t\t\t\t\t\t\t\t\t\t<img loading=\"lazy\" decoding=\"async\" width=\"1024\" height=\"614\" src=\"https:\/\/thebestofporto.com\/wp-content\/uploads\/2024\/10\/arquitetura-1024x614.png\" class=\"attachment-large size-large wp-image-10064\" alt=\"\" srcset=\"https:\/\/thebestofporto.com\/wp-content\/uploads\/2024\/10\/arquitetura-1024x614.png 1024w, https:\/\/thebestofporto.com\/wp-content\/uploads\/2024\/10\/arquitetura-300x180.png 300w, https:\/\/thebestofporto.com\/wp-content\/uploads\/2024\/10\/arquitetura-768x461.png 768w, https:\/\/thebestofporto.com\/wp-content\/uploads\/2024\/10\/arquitetura-1536x921.png 1536w, https:\/\/thebestofporto.com\/wp-content\/uploads\/2024\/10\/arquitetura-2048x1229.png 2048w, https:\/\/thebestofporto.com\/wp-content\/uploads\/2024\/10\/arquitetura-18x12.png 18w\" sizes=\"(max-width:767px) 480px, (max-width:1024px) 100vw, 1024px\" \/>\t\t\t\t\t\t\t\t\t\t\t\t\t\t\t<\/div>\n\t\t\t\t<\/div>\n\t\t\t\t<div class=\"elementor-element elementor-element-553b50c elementor-widget elementor-widget-text-editor\" data-id=\"553b50c\" data-element_type=\"widget\" data-widget_type=\"text-editor.default\">\n\t\t\t\t<div class=\"elementor-widget-container\">\n\t\t\t\t\t\t\t\t\t<h4><b>Farol de Le\u00e7a<\/b><\/h4><p><span style=\"font-weight: 400;\">Termine o dia com uma visita ao <\/span><b>Farol de Le\u00e7a<\/b><span style=\"font-weight: 400;\">, um dos mais altos de Portugal, que oferece vistas incr\u00edveis sobre o oceano e a costa.<\/span><\/p>\t\t\t\t\t\t\t\t<\/div>\n\t\t\t\t<\/div>\n\t\t\t\t<div class=\"elementor-element elementor-element-3168b73 elementor-widget elementor-widget-image\" data-id=\"3168b73\" data-element_type=\"widget\" data-widget_type=\"image.default\">\n\t\t\t\t<div class=\"elementor-widget-container\">\n\t\t\t\t\t\t\t\t\t\t\t\t\t\t\t<img loading=\"lazy\" decoding=\"async\" width=\"1024\" height=\"614\" src=\"https:\/\/thebestofporto.com\/wp-content\/uploads\/2024\/10\/farol-1024x614.png\" class=\"attachment-large size-large wp-image-10063\" alt=\"\" srcset=\"https:\/\/thebestofporto.com\/wp-content\/uploads\/2024\/10\/farol-1024x614.png 1024w, https:\/\/thebestofporto.com\/wp-content\/uploads\/2024\/10\/farol-300x180.png 300w, https:\/\/thebestofporto.com\/wp-content\/uploads\/2024\/10\/farol-768x461.png 768w, https:\/\/thebestofporto.com\/wp-content\/uploads\/2024\/10\/farol-1536x921.png 1536w, https:\/\/thebestofporto.com\/wp-content\/uploads\/2024\/10\/farol-2048x1229.png 2048w, https:\/\/thebestofporto.com\/wp-content\/uploads\/2024\/10\/farol-18x12.png 18w\" sizes=\"(max-width:767px) 480px, (max-width:1024px) 100vw, 1024px\" \/>\t\t\t\t\t\t\t\t\t\t\t\t\t\t\t<\/div>\n\t\t\t\t<\/div>\n\t\t\t\t\t<\/div>\n\t\t\t\t<\/div>\n\t\t<div class=\"elementor-element elementor-element-150ca9e e-flex e-con-boxed e-con e-parent\" data-id=\"150ca9e\" data-element_type=\"container\">\n\t\t\t\t\t<div class=\"e-con-inner\">\n\t\t\t\t<div class=\"elementor-element elementor-element-3fc5cb5 elementor-widget elementor-widget-spacer\" data-id=\"3fc5cb5\" data-element_type=\"widget\" data-widget_type=\"spacer.default\">\n\t\t\t\t<div class=\"elementor-widget-container\">\n\t\t\t\t\t\t\t<div class=\"elementor-spacer\">\n\t\t\t<div class=\"elementor-spacer-inner\"><\/div>\n\t\t<\/div>\n\t\t\t\t\t\t<\/div>\n\t\t\t\t<\/div>\n\t\t\t\t\t<\/div>\n\t\t\t\t<\/div>\n\t\t<div class=\"elementor-element elementor-element-aa58491 e-flex e-con-boxed e-con e-parent\" data-id=\"aa58491\" data-element_type=\"container\">\n\t\t\t\t\t<div class=\"e-con-inner\">\n\t\t\t\t<div class=\"elementor-element elementor-element-12e824d elementor-align-center elementor-widget elementor-widget-button\" data-id=\"12e824d\" data-element_type=\"widget\" data-widget_type=\"button.default\">\n\t\t\t\t<div class=\"elementor-widget-container\">\n\t\t\t\t\t\t\t\t\t<div class=\"elementor-button-wrapper\">\n\t\t\t\t\t<a class=\"elementor-button elementor-button-link elementor-size-sm\" href=\"https:\/\/thebestofporto.com\/pt\/blog\/\">\n\t\t\t\t\t\t<span class=\"elementor-button-content-wrapper\">\n\t\t\t\t\t\t\t\t\t<span class=\"elementor-button-text\">Ver todos os artigos<\/span>\n\t\t\t\t\t<\/span>\n\t\t\t\t\t<\/a>\n\t\t\t\t<\/div>\n\t\t\t\t\t\t\t\t<\/div>\n\t\t\t\t<\/div>\n\t\t\t\t\t<\/div>\n\t\t\t\t<\/div>\n\t\t\t\t<\/div>","protected":false},"excerpt":{"rendered":"<p>Praia de Matosinhos Comece o dia com uma caminhada ao longo da Praia de Matosinhos, uma das mais<span class=\"excerpt-hellip\"> [\u2026]<\/span><\/p>","protected":false},"author":1,"featured_media":10060,"comment_status":"closed","ping_status":"closed","sticky":false,"template":"","format":"standard","meta":{"_acf_changed":false,"footnotes":""},"categories":[123],"tags":[],"filtros":[],"class_list":["post-10070","post","type-post","status-publish","format-standard","has-post-thumbnail","hentry","category-articles"],"acf":[],"yoast_head":"<!-- This site is optimized with the Yoast SEO plugin v26.7 - https:\/\/yoast.com\/wordpress\/plugins\/seo\/ -->\n<title>Roteiro para um dia em Matosinhos - The Best of Porto<\/title>\n<meta name=\"description\" content=\"Roteiro para um dia na cidade de Matosinhos, come\u00e7ando a ver o mar e terminando em Le\u00e7a da Palmeira.\" \/>\n<meta name=\"robots\" content=\"index, follow, max-snippet:-1, max-image-preview:large, max-video-preview:-1\" \/>\n<link rel=\"canonical\" href=\"https:\/\/thebestofporto.com\/pt\/roteiro-para-um-dia-em-matosinhos\/\" \/>\n<meta property=\"og:locale\" content=\"pt_PT\" \/>\n<meta property=\"og:type\" content=\"article\" \/>\n<meta property=\"og:title\" content=\"Roteiro para um dia em Matosinhos - The Best of Porto\" \/>\n<meta property=\"og:description\" content=\"Roteiro para um dia na cidade de Matosinhos, come\u00e7ando a ver o mar e terminando em Le\u00e7a da Palmeira.\" \/>\n<meta property=\"og:url\" content=\"https:\/\/thebestofporto.com\/pt\/roteiro-para-um-dia-em-matosinhos\/\" \/>\n<meta property=\"og:site_name\" content=\"The Best of Porto\" \/>\n<meta property=\"article:published_time\" content=\"2024-11-07T11:23:31+00:00\" \/>\n<meta property=\"article:modified_time\" content=\"2024-11-18T12:53:07+00:00\" \/>\n<meta property=\"og:image\" content=\"https:\/\/thebestofporto.com\/wp-content\/uploads\/2024\/10\/capa.png\" \/>\n\t<meta property=\"og:image:width\" content=\"3334\" \/>\n\t<meta property=\"og:image:height\" content=\"2000\" \/>\n\t<meta property=\"og:image:type\" content=\"image\/png\" \/>\n<meta name=\"author\" content=\"admin\" \/>\n<meta name=\"twitter:card\" content=\"summary_large_image\" \/>\n<meta name=\"twitter:label1\" content=\"Escrito por\" \/>\n\t<meta name=\"twitter:data1\" content=\"admin\" \/>\n\t<meta name=\"twitter:label2\" content=\"Tempo estimado de leitura\" \/>\n\t<meta name=\"twitter:data2\" content=\"6 minutos\" \/>\n<script type=\"application\/ld+json\" class=\"yoast-schema-graph\">{\"@context\":\"https:\/\/schema.org\",\"@graph\":[{\"@type\":\"Article\",\"@id\":\"https:\/\/thebestofporto.com\/roteiro-para-um-dia-em-matosinhos\/#article\",\"isPartOf\":{\"@id\":\"https:\/\/thebestofporto.com\/roteiro-para-um-dia-em-matosinhos\/\"},\"author\":{\"name\":\"admin\",\"@id\":\"https:\/\/thebestofporto.com\/#\/schema\/person\/04b3a2223d8527f0c6297ca6767266f7\"},\"headline\":\"Roteiro para um dia em Matosinhos\",\"datePublished\":\"2024-11-07T11:23:31+00:00\",\"dateModified\":\"2024-11-18T12:53:07+00:00\",\"mainEntityOfPage\":{\"@id\":\"https:\/\/thebestofporto.com\/roteiro-para-um-dia-em-matosinhos\/\"},\"wordCount\":619,\"publisher\":{\"@id\":\"https:\/\/thebestofporto.com\/#organization\"},\"image\":{\"@id\":\"https:\/\/thebestofporto.com\/roteiro-para-um-dia-em-matosinhos\/#primaryimage\"},\"thumbnailUrl\":\"https:\/\/thebestofporto.com\/wp-content\/uploads\/2024\/10\/capa.png\",\"articleSection\":[\"Articles\"],\"inLanguage\":\"pt-PT\"},{\"@type\":\"WebPage\",\"@id\":\"https:\/\/thebestofporto.com\/roteiro-para-um-dia-em-matosinhos\/\",\"url\":\"https:\/\/thebestofporto.com\/roteiro-para-um-dia-em-matosinhos\/\",\"name\":\"Roteiro para um dia em Matosinhos - The Best of Porto\",\"isPartOf\":{\"@id\":\"https:\/\/thebestofporto.com\/#website\"},\"primaryImageOfPage\":{\"@id\":\"https:\/\/thebestofporto.com\/roteiro-para-um-dia-em-matosinhos\/#primaryimage\"},\"image\":{\"@id\":\"https:\/\/thebestofporto.com\/roteiro-para-um-dia-em-matosinhos\/#primaryimage\"},\"thumbnailUrl\":\"https:\/\/thebestofporto.com\/wp-content\/uploads\/2024\/10\/capa.png\",\"datePublished\":\"2024-11-07T11:23:31+00:00\",\"dateModified\":\"2024-11-18T12:53:07+00:00\",\"description\":\"Roteiro para um dia na cidade de Matosinhos, come\u00e7ando a ver o mar e terminando em Le\u00e7a da Palmeira.\",\"breadcrumb\":{\"@id\":\"https:\/\/thebestofporto.com\/roteiro-para-um-dia-em-matosinhos\/#breadcrumb\"},\"inLanguage\":\"pt-PT\",\"potentialAction\":[{\"@type\":\"ReadAction\",\"target\":[\"https:\/\/thebestofporto.com\/roteiro-para-um-dia-em-matosinhos\/\"]}]},{\"@type\":\"ImageObject\",\"inLanguage\":\"pt-PT\",\"@id\":\"https:\/\/thebestofporto.com\/roteiro-para-um-dia-em-matosinhos\/#primaryimage\",\"url\":\"https:\/\/thebestofporto.com\/wp-content\/uploads\/2024\/10\/capa.png\",\"contentUrl\":\"https:\/\/thebestofporto.com\/wp-content\/uploads\/2024\/10\/capa.png\",\"width\":3334,\"height\":2000},{\"@type\":\"BreadcrumbList\",\"@id\":\"https:\/\/thebestofporto.com\/roteiro-para-um-dia-em-matosinhos\/#breadcrumb\",\"itemListElement\":[{\"@type\":\"ListItem\",\"position\":1,\"name\":\"In\u00edcio\",\"item\":\"https:\/\/thebestofporto.com\/\"},{\"@type\":\"ListItem\",\"position\":2,\"name\":\"Roteiro para um dia em Matosinhos\"}]},{\"@type\":\"WebSite\",\"@id\":\"https:\/\/thebestofporto.com\/#website\",\"url\":\"https:\/\/thebestofporto.com\/\",\"name\":\"The Best of Porto\",\"description\":\"\",\"publisher\":{\"@id\":\"https:\/\/thebestofporto.com\/#organization\"},\"potentialAction\":[{\"@type\":\"SearchAction\",\"target\":{\"@type\":\"EntryPoint\",\"urlTemplate\":\"https:\/\/thebestofporto.com\/?s={search_term_string}\"},\"query-input\":{\"@type\":\"PropertyValueSpecification\",\"valueRequired\":true,\"valueName\":\"search_term_string\"}}],\"inLanguage\":\"pt-PT\"},{\"@type\":\"Organization\",\"@id\":\"https:\/\/thebestofporto.com\/#organization\",\"name\":\"The Best of Porto\",\"url\":\"https:\/\/thebestofporto.com\/\",\"logo\":{\"@type\":\"ImageObject\",\"inLanguage\":\"pt-PT\",\"@id\":\"https:\/\/thebestofporto.com\/#\/schema\/logo\/image\/\",\"url\":\"https:\/\/thebestofporto.com\/wp-content\/uploads\/2024\/05\/logo.png\",\"contentUrl\":\"https:\/\/thebestofporto.com\/wp-content\/uploads\/2024\/05\/logo.png\",\"width\":5076,\"height\":1463,\"caption\":\"The Best of Porto\"},\"image\":{\"@id\":\"https:\/\/thebestofporto.com\/#\/schema\/logo\/image\/\"}},{\"@type\":\"Person\",\"@id\":\"https:\/\/thebestofporto.com\/#\/schema\/person\/04b3a2223d8527f0c6297ca6767266f7\",\"name\":\"admin\",\"image\":{\"@type\":\"ImageObject\",\"inLanguage\":\"pt-PT\",\"@id\":\"https:\/\/thebestofporto.com\/#\/schema\/person\/image\/\",\"url\":\"https:\/\/secure.gravatar.com\/avatar\/193e2977da320450cf56b1b093dd5b7286cdbaf6ad5201ab3cda69b78b13b458?s=96&d=mm&r=g\",\"contentUrl\":\"https:\/\/secure.gravatar.com\/avatar\/193e2977da320450cf56b1b093dd5b7286cdbaf6ad5201ab3cda69b78b13b458?s=96&d=mm&r=g\",\"caption\":\"admin\"},\"sameAs\":[\"https:\/\/thebestofporto.com\"],\"url\":\"https:\/\/thebestofporto.com\/pt\/author\/admin_l3zak26a\/\"}]}<\/script>\n<!-- \/ Yoast SEO plugin. -->","yoast_head_json":{"title":"Roteiro para um dia em Matosinhos - The Best of Porto","description":"Roteiro para um dia na cidade de Matosinhos, come\u00e7ando a ver o mar e terminando em Le\u00e7a da Palmeira.","robots":{"index":"index","follow":"follow","max-snippet":"max-snippet:-1","max-image-preview":"max-image-preview:large","max-video-preview":"max-video-preview:-1"},"canonical":"https:\/\/thebestofporto.com\/pt\/roteiro-para-um-dia-em-matosinhos\/","og_locale":"pt_PT","og_type":"article","og_title":"Roteiro para um dia em Matosinhos - The Best of Porto","og_description":"Roteiro para um dia na cidade de Matosinhos, come\u00e7ando a ver o mar e terminando em Le\u00e7a da Palmeira.","og_url":"https:\/\/thebestofporto.com\/pt\/roteiro-para-um-dia-em-matosinhos\/","og_site_name":"The Best of Porto","article_published_time":"2024-11-07T11:23:31+00:00","article_modified_time":"2024-11-18T12:53:07+00:00","og_image":[{"width":3334,"height":2000,"url":"https:\/\/thebestofporto.com\/wp-content\/uploads\/2024\/10\/capa.png","type":"image\/png"}],"author":"admin","twitter_card":"summary_large_image","twitter_misc":{"Escrito por":"admin","Tempo estimado de leitura":"6 minutos"},"schema":{"@context":"https:\/\/schema.org","@graph":[{"@type":"Article","@id":"https:\/\/thebestofporto.com\/roteiro-para-um-dia-em-matosinhos\/#article","isPartOf":{"@id":"https:\/\/thebestofporto.com\/roteiro-para-um-dia-em-matosinhos\/"},"author":{"name":"admin","@id":"https:\/\/thebestofporto.com\/#\/schema\/person\/04b3a2223d8527f0c6297ca6767266f7"},"headline":"Roteiro para um dia em Matosinhos","datePublished":"2024-11-07T11:23:31+00:00","dateModified":"2024-11-18T12:53:07+00:00","mainEntityOfPage":{"@id":"https:\/\/thebestofporto.com\/roteiro-para-um-dia-em-matosinhos\/"},"wordCount":619,"publisher":{"@id":"https:\/\/thebestofporto.com\/#organization"},"image":{"@id":"https:\/\/thebestofporto.com\/roteiro-para-um-dia-em-matosinhos\/#primaryimage"},"thumbnailUrl":"https:\/\/thebestofporto.com\/wp-content\/uploads\/2024\/10\/capa.png","articleSection":["Articles"],"inLanguage":"pt-PT"},{"@type":"WebPage","@id":"https:\/\/thebestofporto.com\/roteiro-para-um-dia-em-matosinhos\/","url":"https:\/\/thebestofporto.com\/roteiro-para-um-dia-em-matosinhos\/","name":"Roteiro para um dia em Matosinhos - The Best of Porto","isPartOf":{"@id":"https:\/\/thebestofporto.com\/#website"},"primaryImageOfPage":{"@id":"https:\/\/thebestofporto.com\/roteiro-para-um-dia-em-matosinhos\/#primaryimage"},"image":{"@id":"https:\/\/thebestofporto.com\/roteiro-para-um-dia-em-matosinhos\/#primaryimage"},"thumbnailUrl":"https:\/\/thebestofporto.com\/wp-content\/uploads\/2024\/10\/capa.png","datePublished":"2024-11-07T11:23:31+00:00","dateModified":"2024-11-18T12:53:07+00:00","description":"Roteiro para um dia na cidade de Matosinhos, come\u00e7ando a ver o mar e terminando em Le\u00e7a da Palmeira.","breadcrumb":{"@id":"https:\/\/thebestofporto.com\/roteiro-para-um-dia-em-matosinhos\/#breadcrumb"},"inLanguage":"pt-PT","potentialAction":[{"@type":"ReadAction","target":["https:\/\/thebestofporto.com\/roteiro-para-um-dia-em-matosinhos\/"]}]},{"@type":"ImageObject","inLanguage":"pt-PT","@id":"https:\/\/thebestofporto.com\/roteiro-para-um-dia-em-matosinhos\/#primaryimage","url":"https:\/\/thebestofporto.com\/wp-content\/uploads\/2024\/10\/capa.png","contentUrl":"https:\/\/thebestofporto.com\/wp-content\/uploads\/2024\/10\/capa.png","width":3334,"height":2000},{"@type":"BreadcrumbList","@id":"https:\/\/thebestofporto.com\/roteiro-para-um-dia-em-matosinhos\/#breadcrumb","itemListElement":[{"@type":"ListItem","position":1,"name":"In\u00edcio","item":"https:\/\/thebestofporto.com\/"},{"@type":"ListItem","position":2,"name":"Roteiro para um dia em Matosinhos"}]},{"@type":"WebSite","@id":"https:\/\/thebestofporto.com\/#website","url":"https:\/\/thebestofporto.com\/","name":"The Best of Porto","description":"","publisher":{"@id":"https:\/\/thebestofporto.com\/#organization"},"potentialAction":[{"@type":"SearchAction","target":{"@type":"EntryPoint","urlTemplate":"https:\/\/thebestofporto.com\/?s={search_term_string}"},"query-input":{"@type":"PropertyValueSpecification","valueRequired":true,"valueName":"search_term_string"}}],"inLanguage":"pt-PT"},{"@type":"Organization","@id":"https:\/\/thebestofporto.com\/#organization","name":"The Best of Porto","url":"https:\/\/thebestofporto.com\/","logo":{"@type":"ImageObject","inLanguage":"pt-PT","@id":"https:\/\/thebestofporto.com\/#\/schema\/logo\/image\/","url":"https:\/\/thebestofporto.com\/wp-content\/uploads\/2024\/05\/logo.png","contentUrl":"https:\/\/thebestofporto.com\/wp-content\/uploads\/2024\/05\/logo.png","width":5076,"height":1463,"caption":"The Best of Porto"},"image":{"@id":"https:\/\/thebestofporto.com\/#\/schema\/logo\/image\/"}},{"@type":"Person","@id":"https:\/\/thebestofporto.com\/#\/schema\/person\/04b3a2223d8527f0c6297ca6767266f7","name":"admin","image":{"@type":"ImageObject","inLanguage":"pt-PT","@id":"https:\/\/thebestofporto.com\/#\/schema\/person\/image\/","url":"https:\/\/secure.gravatar.com\/avatar\/193e2977da320450cf56b1b093dd5b7286cdbaf6ad5201ab3cda69b78b13b458?s=96&d=mm&r=g","contentUrl":"https:\/\/secure.gravatar.com\/avatar\/193e2977da320450cf56b1b093dd5b7286cdbaf6ad5201ab3cda69b78b13b458?s=96&d=mm&r=g","caption":"admin"},"sameAs":["https:\/\/thebestofporto.com"],"url":"https:\/\/thebestofporto.com\/pt\/author\/admin_l3zak26a\/"}]}},"_links":{"self":[{"href":"https:\/\/thebestofporto.com\/pt\/wp-json\/wp\/v2\/posts\/10070","targetHints":{"allow":["GET"]}}],"collection":[{"href":"https:\/\/thebestofporto.com\/pt\/wp-json\/wp\/v2\/posts"}],"about":[{"href":"https:\/\/thebestofporto.com\/pt\/wp-json\/wp\/v2\/types\/post"}],"author":[{"embeddable":true,"href":"https:\/\/thebestofporto.com\/pt\/wp-json\/wp\/v2\/users\/1"}],"replies":[{"embeddable":true,"href":"https:\/\/thebestofporto.com\/pt\/wp-json\/wp\/v2\/comments?post=10070"}],"version-history":[{"count":13,"href":"https:\/\/thebestofporto.com\/pt\/wp-json\/wp\/v2\/posts\/10070\/revisions"}],"predecessor-version":[{"id":10122,"href":"https:\/\/thebestofporto.com\/pt\/wp-json\/wp\/v2\/posts\/10070\/revisions\/10122"}],"wp:featuredmedia":[{"embeddable":true,"href":"https:\/\/thebestofporto.com\/pt\/wp-json\/wp\/v2\/media\/10060"}],"wp:attachment":[{"href":"https:\/\/thebestofporto.com\/pt\/wp-json\/wp\/v2\/media?parent=10070"}],"wp:term":[{"taxonomy":"category","embeddable":true,"href":"https:\/\/thebestofporto.com\/pt\/wp-json\/wp\/v2\/categories?post=10070"},{"taxonomy":"post_tag","embeddable":true,"href":"https:\/\/thebestofporto.com\/pt\/wp-json\/wp\/v2\/tags?post=10070"},{"taxonomy":"filtros","embeddable":true,"href":"https:\/\/thebestofporto.com\/pt\/wp-json\/wp\/v2\/filtros?post=10070"}],"curies":[{"name":"wp","href":"https:\/\/api.w.org\/{rel}","templated":true}]}}