{"id":10140,"date":"2024-12-05T12:02:40","date_gmt":"2024-12-05T12:02:40","guid":{"rendered":"https:\/\/thebestofporto.com\/?p=10140"},"modified":"2024-12-11T16:18:45","modified_gmt":"2024-12-11T16:18:45","slug":"os-melhores-restaurantes-do-porto-para-jantares-de-natal","status":"publish","type":"post","link":"https:\/\/thebestofporto.com\/pt\/os-melhores-restaurantes-do-porto-para-jantares-de-natal\/","title":{"rendered":"Os Melhores Restaurantes do Porto para Jantares de Natal"},"content":{"rendered":"<div data-elementor-type=\"wp-post\" data-elementor-id=\"10140\" class=\"elementor elementor-10140\">\n\t\t\t\t<div class=\"elementor-element elementor-element-a3821a4 e-flex e-con-boxed e-con e-parent\" data-id=\"a3821a4\" data-element_type=\"container\">\n\t\t\t\t\t<div class=\"e-con-inner\">\n\t\t\t\t<div class=\"elementor-element elementor-element-e8b8bca elementor-widget elementor-widget-spacer\" data-id=\"e8b8bca\" data-element_type=\"widget\" data-widget_type=\"spacer.default\">\n\t\t\t\t<div class=\"elementor-widget-container\">\n\t\t\t\t\t\t\t<div class=\"elementor-spacer\">\n\t\t\t<div class=\"elementor-spacer-inner\"><\/div>\n\t\t<\/div>\n\t\t\t\t\t\t<\/div>\n\t\t\t\t<\/div>\n\t\t\t\t\t<\/div>\n\t\t\t\t<\/div>\n\t\t<div class=\"elementor-element elementor-element-0fe1128 e-flex e-con-boxed e-con e-parent\" data-id=\"0fe1128\" data-element_type=\"container\">\n\t\t\t\t\t<div class=\"e-con-inner\">\n\t\t\t\t<div class=\"elementor-element elementor-element-fef431c elementor-widget elementor-widget-text-editor\" data-id=\"fef431c\" data-element_type=\"widget\" data-widget_type=\"text-editor.default\">\n\t\t\t\t<div class=\"elementor-widget-container\">\n\t\t\t\t\t\t\t\t\t<p><span style=\"font-weight: 400;\">A \u00e9poca natal\u00edcia \u00e9 um momento de celebra\u00e7\u00e3o, e o Porto, com a sua rica gastronomia e hospitalidade, \u00e9 o destino ideal para um jantar de Natal memor\u00e1vel. Para quem deseja uma refei\u00e7\u00e3o especial sem ultrapassar o or\u00e7amento, selecionamos restaurantes que combinam boa comida, ambiente acolhedor e pre\u00e7os acess\u00edveis. Confira as nossas sugest\u00f5es e escolha o local perfeito para celebrar!<\/span><\/p>\t\t\t\t\t\t\t\t<\/div>\n\t\t\t\t<\/div>\n\t\t\t\t\t<\/div>\n\t\t\t\t<\/div>\n\t\t<div class=\"elementor-element elementor-element-b7b475d e-flex e-con-boxed e-con e-parent\" data-id=\"b7b475d\" data-element_type=\"container\">\n\t\t\t\t\t<div class=\"e-con-inner\">\n\t\t\t\t<div class=\"elementor-element elementor-element-cec9f01 elementor-widget elementor-widget-text-editor\" data-id=\"cec9f01\" data-element_type=\"widget\" data-widget_type=\"text-editor.default\">\n\t\t\t\t<div class=\"elementor-widget-container\">\n\t\t\t\t\t\t\t\t\t<h3><b>Bras\u00e3o Cervejaria<\/b><\/h3><p><span style=\"font-weight: 400;\">Um cl\u00e1ssico no Porto, o <\/span><span style=\"text-decoration: underline; color: #d68d45;\"><a style=\"color: #d68d45;\" href=\"https:\/\/brasao.pt\/pt\/\"><i><span style=\"font-weight: 400;\">Bras\u00e3o<\/span><\/i><\/a><\/span><span style=\"font-weight: 400;\"> \u00e9 conhecido pelo ambiente vibrante e pratos bem servidos. Perfeito para grupos, oferece menus diversificados que incluem iguarias tradicionais portuguesas. \u00c9 uma excelente escolha para confraterniza\u00e7\u00f5es natal\u00edcias descontra\u00eddas.<\/span><\/p><ul><li style=\"font-weight: 400;\" aria-level=\"1\"><b>Localiza\u00e7\u00e3o:<\/b><span style=\"font-weight: 400;\"> Diversos pontos na cidade (Avenida dos Aliados, Foz, etc.)<\/span><\/li><li style=\"font-weight: 400;\" aria-level=\"1\"><b>Especialidades:<\/b><span style=\"font-weight: 400;\"> Bacalhau \u00e0 Br\u00e1s, francesinhas e sobremesas t\u00edpicas.<\/span><\/li><li style=\"font-weight: 400;\" aria-level=\"1\"><b>Pre\u00e7o m\u00e9dio:<\/b><span style=\"font-weight: 400;\"> \u20ac20-25 por pessoa.<\/span><\/li><\/ul>\t\t\t\t\t\t\t\t<\/div>\n\t\t\t\t<\/div>\n\t\t\t\t<div class=\"elementor-element elementor-element-01aa7ec elementor-widget elementor-widget-image\" data-id=\"01aa7ec\" data-element_type=\"widget\" data-widget_type=\"image.default\">\n\t\t\t\t<div class=\"elementor-widget-container\">\n\t\t\t\t\t\t\t\t\t\t\t\t\t\t\t<img fetchpriority=\"high\" decoding=\"async\" width=\"1024\" height=\"619\" src=\"https:\/\/thebestofporto.com\/wp-content\/uploads\/2024\/12\/restaurantes-08-1024x619.png\" class=\"attachment-large size-large wp-image-10142\" alt=\"\" srcset=\"https:\/\/thebestofporto.com\/wp-content\/uploads\/2024\/12\/restaurantes-08-1024x619.png 1024w, https:\/\/thebestofporto.com\/wp-content\/uploads\/2024\/12\/restaurantes-08-300x181.png 300w, https:\/\/thebestofporto.com\/wp-content\/uploads\/2024\/12\/restaurantes-08-768x464.png 768w, https:\/\/thebestofporto.com\/wp-content\/uploads\/2024\/12\/restaurantes-08-1536x929.png 1536w, https:\/\/thebestofporto.com\/wp-content\/uploads\/2024\/12\/restaurantes-08-18x12.png 18w, https:\/\/thebestofporto.com\/wp-content\/uploads\/2024\/12\/restaurantes-08.png 1654w\" sizes=\"(max-width:767px) 480px, (max-width:1024px) 100vw, 1024px\" \/>\t\t\t\t\t\t\t\t\t\t\t\t\t\t\t<\/div>\n\t\t\t\t<\/div>\n\t\t\t\t<div class=\"elementor-element elementor-element-9ddb4f9 elementor-widget elementor-widget-text-editor\" data-id=\"9ddb4f9\" data-element_type=\"widget\" data-widget_type=\"text-editor.default\">\n\t\t\t\t<div class=\"elementor-widget-container\">\n\t\t\t\t\t\t\t\t\t<h3><b>Sancho Panza<\/b><\/h3><p><span style=\"font-weight: 400;\">Conhecido pelo seu ambiente descontra\u00eddo e acolhedor, o <\/span><i><span style=\"font-weight: 400;\">Sancho Panza<\/span><\/i><span style=\"font-weight: 400;\"> \u00e9 um restaurante vers\u00e1til e ideal para jantares de Natal. Oferece uma combina\u00e7\u00e3o de pratos tradicionais portugueses e op\u00e7\u00f5es de cozinha internacional, perfeito para agradar a grupos variados.<\/span><\/p><ul><li style=\"font-weight: 400;\" aria-level=\"1\"><b>Localiza\u00e7\u00e3o:<\/b><span style=\"text-decoration: underline; color: #d68d45;\"><a style=\"color: #d68d45;\" href=\"https:\/\/g.co\/kgs\/HvEWLqy\"><span style=\"font-weight: 400;\"> Rua da Torrinha<\/span><\/a><\/span><\/li><li style=\"font-weight: 400;\" aria-level=\"1\"><b>Especialidades:<\/b><span style=\"font-weight: 400;\"> Tapas e pratos tradicionais.<\/span><\/li><li style=\"font-weight: 400;\" aria-level=\"1\"><b>Pre\u00e7o m\u00e9dio:<\/b><span style=\"font-weight: 400;\"> \u20ac15-20 por pessoa.<\/span><\/li><\/ul>\t\t\t\t\t\t\t\t<\/div>\n\t\t\t\t<\/div>\n\t\t\t\t<div class=\"elementor-element elementor-element-56a19bb elementor-widget elementor-widget-image\" data-id=\"56a19bb\" data-element_type=\"widget\" data-widget_type=\"image.default\">\n\t\t\t\t<div class=\"elementor-widget-container\">\n\t\t\t\t\t\t\t\t\t\t\t\t\t\t\t<img decoding=\"async\" width=\"1024\" height=\"619\" src=\"https:\/\/thebestofporto.com\/wp-content\/uploads\/2024\/12\/restaurantes-06-1024x619.png\" class=\"attachment-large size-large wp-image-10151\" alt=\"\" srcset=\"https:\/\/thebestofporto.com\/wp-content\/uploads\/2024\/12\/restaurantes-06-1024x619.png 1024w, https:\/\/thebestofporto.com\/wp-content\/uploads\/2024\/12\/restaurantes-06-300x181.png 300w, https:\/\/thebestofporto.com\/wp-content\/uploads\/2024\/12\/restaurantes-06-768x464.png 768w, https:\/\/thebestofporto.com\/wp-content\/uploads\/2024\/12\/restaurantes-06-1536x929.png 1536w, https:\/\/thebestofporto.com\/wp-content\/uploads\/2024\/12\/restaurantes-06-18x12.png 18w, https:\/\/thebestofporto.com\/wp-content\/uploads\/2024\/12\/restaurantes-06.png 1654w\" sizes=\"(max-width:767px) 480px, (max-width:1024px) 100vw, 1024px\" \/>\t\t\t\t\t\t\t\t\t\t\t\t\t\t\t<\/div>\n\t\t\t\t<\/div>\n\t\t\t\t<div class=\"elementor-element elementor-element-cc3e888 elementor-widget elementor-widget-text-editor\" data-id=\"cc3e888\" data-element_type=\"widget\" data-widget_type=\"text-editor.default\">\n\t\t\t\t<div class=\"elementor-widget-container\">\n\t\t\t\t\t\t\t\t\t<h3><b>Casa Guedes<\/b><\/h3><p><span style=\"font-weight: 400;\">A <\/span><i><span style=\"font-weight: 400;\">Casa Guedes<\/span><\/i><span style=\"font-weight: 400;\"> \u00e9 outra escolha popular entre os portuenses, famosa pelas sandes de pernil e outros pratos reconfortantes. Perfeito para um jantar de Natal simples, mas com sabores aut\u00eanticos.<\/span><\/p><ul><li style=\"font-weight: 400;\" aria-level=\"1\"><b>Localiza\u00e7\u00e3o:<\/b><span style=\"color: #d68d45;\"><a style=\"color: #d68d45;\" href=\"https:\/\/www.google.com\/maps\/place\/Casa+Guedes+Rooftop\/@41.1459532,-8.6041074,17z\/data=!3m1!4b1!4m6!3m5!1s0xd2465291737b7ff:0xbec696a96b22ac0a!8m2!3d41.1459532!4d-8.6041074!16s%2Fg%2F11k19rcgpb?entry=ttu&amp;g_ep=EgoyMDI0MTExMy4xIKXMDSoASAFQAw%3D%3D\"><span style=\"text-decoration: underline;\"><span style=\"font-weight: 400;\"> Pra\u00e7a dos Poveiros<\/span><\/span><\/a><\/span><\/li><li style=\"font-weight: 400;\" aria-level=\"1\"><b>Especialidades:<\/b><span style=\"font-weight: 400;\"> Sande de pernil com queijo da Serra e pratos t\u00edpicos como bacalhau e arroz de pato.<\/span><\/li><li style=\"font-weight: 400;\" aria-level=\"1\"><b>Pre\u00e7o m\u00e9dio:<\/b><span style=\"font-weight: 400;\"> \u20ac10-15 por pessoa.<\/span><\/li><\/ul>\t\t\t\t\t\t\t\t<\/div>\n\t\t\t\t<\/div>\n\t\t\t\t\t<\/div>\n\t\t\t\t<\/div>\n\t\t<div class=\"elementor-element elementor-element-69bf772 e-flex e-con-boxed e-con e-parent\" data-id=\"69bf772\" data-element_type=\"container\">\n\t\t\t\t\t<div class=\"e-con-inner\">\n\t\t\t\t<div class=\"elementor-element elementor-element-8ae3157 elementor-widget elementor-widget-image\" data-id=\"8ae3157\" data-element_type=\"widget\" data-widget_type=\"image.default\">\n\t\t\t\t<div class=\"elementor-widget-container\">\n\t\t\t\t\t\t\t\t\t\t\t\t\t\t\t<img decoding=\"async\" width=\"1024\" height=\"619\" src=\"https:\/\/thebestofporto.com\/wp-content\/uploads\/2024\/12\/restaurantes-05-1024x619.png\" class=\"attachment-large size-large wp-image-10147\" alt=\"\" srcset=\"https:\/\/thebestofporto.com\/wp-content\/uploads\/2024\/12\/restaurantes-05-1024x619.png 1024w, https:\/\/thebestofporto.com\/wp-content\/uploads\/2024\/12\/restaurantes-05-300x181.png 300w, https:\/\/thebestofporto.com\/wp-content\/uploads\/2024\/12\/restaurantes-05-768x464.png 768w, https:\/\/thebestofporto.com\/wp-content\/uploads\/2024\/12\/restaurantes-05-1536x929.png 1536w, https:\/\/thebestofporto.com\/wp-content\/uploads\/2024\/12\/restaurantes-05-18x12.png 18w, https:\/\/thebestofporto.com\/wp-content\/uploads\/2024\/12\/restaurantes-05.png 1654w\" sizes=\"(max-width:767px) 480px, (max-width:1024px) 100vw, 1024px\" \/>\t\t\t\t\t\t\t\t\t\t\t\t\t\t\t<\/div>\n\t\t\t\t<\/div>\n\t\t\t\t<div class=\"elementor-element elementor-element-599bdc6 elementor-widget elementor-widget-text-editor\" data-id=\"599bdc6\" data-element_type=\"widget\" data-widget_type=\"text-editor.default\">\n\t\t\t\t<div class=\"elementor-widget-container\">\n\t\t\t\t\t\t\t\t\t<h3><b>Taberna dos Mercadores<\/b><\/h3><p><span style=\"font-weight: 400;\">Um pequeno tesouro no centro hist\u00f3rico do Porto, a <\/span><i><span style=\"font-weight: 400;\">Taberna dos Mercadores<\/span><\/i><span style=\"font-weight: 400;\"> \u00e9 conhecida pelo ambiente acolhedor e pratos tradicionais portugueses bem confeccionados. Perfeito para grupos pequenos que valorizam comida saborosa e simples.<\/span><\/p><ul><li style=\"font-weight: 400;\" aria-level=\"1\"><b>Localiza\u00e7\u00e3o:<\/b><span style=\"text-decoration: underline; color: #d68d45;\"><a style=\"color: #d68d45;\" href=\"https:\/\/www.google.com\/maps\/place\/\/data=!4m2!3m1!1s0xd2464e0fc162e83:0x3cf302164d209251?sa=X&amp;ved=1t:8290&amp;ictx=111\"><span style=\"font-weight: 400;\"> Rua dos Mercadores<\/span><\/a><\/span><\/li><li style=\"font-weight: 400;\" aria-level=\"1\"><b>Especialidades:<\/b><span style=\"font-weight: 400;\"> Bacalhau com natas e arroz de polvo.<\/span><\/li><li style=\"font-weight: 400;\" aria-level=\"1\"><b>Pre\u00e7o m\u00e9dio:<\/b><span style=\"font-weight: 400;\"> \u20ac15-20 por pessoa.<\/span><\/li><\/ul>\t\t\t\t\t\t\t\t<\/div>\n\t\t\t\t<\/div>\n\t\t\t\t<div class=\"elementor-element elementor-element-93254df elementor-widget elementor-widget-image\" data-id=\"93254df\" data-element_type=\"widget\" data-widget_type=\"image.default\">\n\t\t\t\t<div class=\"elementor-widget-container\">\n\t\t\t\t\t\t\t\t\t\t\t\t\t\t\t<img loading=\"lazy\" decoding=\"async\" width=\"1024\" height=\"619\" src=\"https:\/\/thebestofporto.com\/wp-content\/uploads\/2024\/12\/restaurantes-10-1024x619.png\" class=\"attachment-large size-large wp-image-10146\" alt=\"\" srcset=\"https:\/\/thebestofporto.com\/wp-content\/uploads\/2024\/12\/restaurantes-10-1024x619.png 1024w, https:\/\/thebestofporto.com\/wp-content\/uploads\/2024\/12\/restaurantes-10-300x181.png 300w, https:\/\/thebestofporto.com\/wp-content\/uploads\/2024\/12\/restaurantes-10-768x464.png 768w, https:\/\/thebestofporto.com\/wp-content\/uploads\/2024\/12\/restaurantes-10-1536x929.png 1536w, https:\/\/thebestofporto.com\/wp-content\/uploads\/2024\/12\/restaurantes-10-18x12.png 18w, https:\/\/thebestofporto.com\/wp-content\/uploads\/2024\/12\/restaurantes-10.png 1654w\" sizes=\"(max-width:767px) 480px, (max-width:1024px) 100vw, 1024px\" \/>\t\t\t\t\t\t\t\t\t\t\t\t\t\t\t<\/div>\n\t\t\t\t<\/div>\n\t\t\t\t<div class=\"elementor-element elementor-element-ca7a7a8 elementor-widget elementor-widget-text-editor\" data-id=\"ca7a7a8\" data-element_type=\"widget\" data-widget_type=\"text-editor.default\">\n\t\t\t\t<div class=\"elementor-widget-container\">\n\t\t\t\t\t\t\t\t\t<h3><b>Maus H\u00e1bitos \u2013 Espa\u00e7o de Interven\u00e7\u00e3o Cultural<\/b><\/h3><p><span style=\"font-weight: 400;\">Para quem procura um jantar natal\u00edcio com um toque alternativo, o <\/span><i><span style=\"font-weight: 400;\">Maus H\u00e1bitos<\/span><\/i><span style=\"font-weight: 400;\"> combina boa comida com uma atmosfera criativa e cultural. Perfeito para grupos que querem algo diferente.<\/span><\/p><ul><li style=\"font-weight: 400;\" aria-level=\"1\"><b>Localiza\u00e7\u00e3o:<\/b><span style=\"text-decoration: underline; color: #d68d45;\"><a style=\"color: #d68d45;\" href=\"https:\/\/www.google.com\/maps\/place\/\/data=!4m2!3m1!1s0xd2464e584ca423d:0xc127aff6c19a3781?sa=X&amp;ved=1t:8290&amp;ictx=111\"><span style=\"font-weight: 400;\"> Rua Passos Manuel<\/span><\/a><\/span><\/li><li style=\"font-weight: 400;\" aria-level=\"1\"><b>Especialidades:<\/b><span style=\"font-weight: 400;\"> Pratos de fus\u00e3o, petiscos e pizzas.<\/span><\/li><li style=\"font-weight: 400;\" aria-level=\"1\"><b>Pre\u00e7o m\u00e9dio:<\/b><span style=\"font-weight: 400;\"> \u20ac15-20 por pessoa.<\/span><\/li><\/ul>\t\t\t\t\t\t\t\t<\/div>\n\t\t\t\t<\/div>\n\t\t\t\t<div class=\"elementor-element elementor-element-4076612 elementor-widget elementor-widget-image\" data-id=\"4076612\" data-element_type=\"widget\" data-widget_type=\"image.default\">\n\t\t\t\t<div class=\"elementor-widget-container\">\n\t\t\t\t\t\t\t\t\t\t\t\t\t\t\t<img loading=\"lazy\" decoding=\"async\" width=\"1024\" height=\"619\" src=\"https:\/\/thebestofporto.com\/wp-content\/uploads\/2024\/12\/restaurantes-03-1024x619.png\" class=\"attachment-large size-large wp-image-10144\" alt=\"\" srcset=\"https:\/\/thebestofporto.com\/wp-content\/uploads\/2024\/12\/restaurantes-03-1024x619.png 1024w, https:\/\/thebestofporto.com\/wp-content\/uploads\/2024\/12\/restaurantes-03-300x181.png 300w, https:\/\/thebestofporto.com\/wp-content\/uploads\/2024\/12\/restaurantes-03-768x464.png 768w, https:\/\/thebestofporto.com\/wp-content\/uploads\/2024\/12\/restaurantes-03-1536x929.png 1536w, https:\/\/thebestofporto.com\/wp-content\/uploads\/2024\/12\/restaurantes-03-18x12.png 18w, https:\/\/thebestofporto.com\/wp-content\/uploads\/2024\/12\/restaurantes-03.png 1654w\" sizes=\"(max-width:767px) 480px, (max-width:1024px) 100vw, 1024px\" \/>\t\t\t\t\t\t\t\t\t\t\t\t\t\t\t<\/div>\n\t\t\t\t<\/div>\n\t\t\t\t<div class=\"elementor-element elementor-element-b693653 elementor-widget elementor-widget-text-editor\" data-id=\"b693653\" data-element_type=\"widget\" data-widget_type=\"text-editor.default\">\n\t\t\t\t<div class=\"elementor-widget-container\">\n\t\t\t\t\t\t\t\t\t<h3><b>Capa na Baixa<\/b><\/h3><p><span style=\"font-weight: 400;\">Localizado no cora\u00e7\u00e3o da cidade, o <\/span><i><span style=\"font-weight: 400;\">Capa na Baixa<\/span><\/i><span style=\"font-weight: 400;\"> \u00e9 uma tasca moderna que oferece pratos portugueses com um toque contempor\u00e2neo. Com pre\u00e7os acess\u00edveis e um ambiente animado, \u00e9 ideal para jantares de grupos jovens.<\/span><\/p><ul><li style=\"font-weight: 400;\" aria-level=\"1\"><b>Localiza\u00e7\u00e3o:<\/b><span style=\"text-decoration: underline; color: #d68d45;\"><a style=\"color: #d68d45;\" href=\"https:\/\/www.google.com\/maps\/place\/\/data=!4m2!3m1!1s0xd2464e4bfb0b17f:0x1bf207f831462cdb?sa=X&amp;ved=1t:8290&amp;ictx=111\"><span style=\"font-weight: 400;\"> Rua de S\u00e1 da Bandeira<\/span><\/a><\/span><\/li><li style=\"font-weight: 400;\" aria-level=\"1\"><b>Especialidades:<\/b><span style=\"font-weight: 400;\"> Alheira, pratos de polvo e petiscos variados.<\/span><\/li><li style=\"font-weight: 400;\" aria-level=\"1\"><b>Pre\u00e7o m\u00e9dio:<\/b><span style=\"font-weight: 400;\"> \u20ac15-20 por pessoa.<\/span><\/li><\/ul>\t\t\t\t\t\t\t\t<\/div>\n\t\t\t\t<\/div>\n\t\t\t\t<div class=\"elementor-element elementor-element-127ba42 elementor-widget elementor-widget-image\" data-id=\"127ba42\" data-element_type=\"widget\" data-widget_type=\"image.default\">\n\t\t\t\t<div class=\"elementor-widget-container\">\n\t\t\t\t\t\t\t\t\t\t\t\t\t\t\t<img loading=\"lazy\" decoding=\"async\" width=\"1024\" height=\"619\" src=\"https:\/\/thebestofporto.com\/wp-content\/uploads\/2024\/12\/restaurantes-04-1024x619.png\" class=\"attachment-large size-large wp-image-10150\" alt=\"\" srcset=\"https:\/\/thebestofporto.com\/wp-content\/uploads\/2024\/12\/restaurantes-04-1024x619.png 1024w, https:\/\/thebestofporto.com\/wp-content\/uploads\/2024\/12\/restaurantes-04-300x181.png 300w, https:\/\/thebestofporto.com\/wp-content\/uploads\/2024\/12\/restaurantes-04-768x464.png 768w, https:\/\/thebestofporto.com\/wp-content\/uploads\/2024\/12\/restaurantes-04-1536x929.png 1536w, https:\/\/thebestofporto.com\/wp-content\/uploads\/2024\/12\/restaurantes-04-18x12.png 18w, https:\/\/thebestofporto.com\/wp-content\/uploads\/2024\/12\/restaurantes-04.png 1654w\" sizes=\"(max-width:767px) 480px, (max-width:1024px) 100vw, 1024px\" \/>\t\t\t\t\t\t\t\t\t\t\t\t\t\t\t<\/div>\n\t\t\t\t<\/div>\n\t\t\t\t<div class=\"elementor-element elementor-element-fd12c8b elementor-widget elementor-widget-text-editor\" data-id=\"fd12c8b\" data-element_type=\"widget\" data-widget_type=\"text-editor.default\">\n\t\t\t\t<div class=\"elementor-widget-container\">\n\t\t\t\t\t\t\t\t\t<h3><b>Conga \u2013 A Casa das Bifanas<\/b><\/h3><p><span style=\"font-weight: 400;\">Para um jantar de Natal descontra\u00eddo e econ\u00f3mico, a <\/span><i><span style=\"font-weight: 400;\">Conga<\/span><\/i><span style=\"font-weight: 400;\"> \u00e9 uma op\u00e7\u00e3o divertida. Conhecida pelas suas famosas bifanas e pratos t\u00edpicos, \u00e9 uma escolha diferente e deliciosa para grupos animados.<\/span><\/p><ul><li style=\"font-weight: 400;\" aria-level=\"1\"><b>Localiza\u00e7\u00e3o:<\/b><span style=\"text-decoration: underline; color: #d68d45;\"><a style=\"color: #d68d45;\" href=\"https:\/\/www.google.com\/maps\/place\/\/data=!4m2!3m1!1s0xd2464e4b6f52711:0xd56072eafa3812df?sa=X&amp;ved=1t:8290&amp;ictx=111\"><span style=\"font-weight: 400;\"> Rua do Bonjardim<\/span><\/a><\/span><\/li><li style=\"font-weight: 400;\" aria-level=\"1\"><b>Especialidades:<\/b><span style=\"font-weight: 400;\"> Bifanas, roj\u00f5es e sandes generosas.<\/span><\/li><li style=\"font-weight: 400;\" aria-level=\"1\"><b>Pre\u00e7o m\u00e9dio:<\/b><span style=\"font-weight: 400;\"> \u20ac10-15 por pessoa.<\/span><\/li><\/ul>\t\t\t\t\t\t\t\t<\/div>\n\t\t\t\t<\/div>\n\t\t\t\t<div class=\"elementor-element elementor-element-65ef240 elementor-widget elementor-widget-image\" data-id=\"65ef240\" data-element_type=\"widget\" data-widget_type=\"image.default\">\n\t\t\t\t<div class=\"elementor-widget-container\">\n\t\t\t\t\t\t\t\t\t\t\t\t\t\t\t<img loading=\"lazy\" decoding=\"async\" width=\"1024\" height=\"619\" src=\"https:\/\/thebestofporto.com\/wp-content\/uploads\/2024\/12\/restaurantes-09-1024x619.png\" class=\"attachment-large size-large wp-image-10148\" alt=\"\" srcset=\"https:\/\/thebestofporto.com\/wp-content\/uploads\/2024\/12\/restaurantes-09-1024x619.png 1024w, https:\/\/thebestofporto.com\/wp-content\/uploads\/2024\/12\/restaurantes-09-300x181.png 300w, https:\/\/thebestofporto.com\/wp-content\/uploads\/2024\/12\/restaurantes-09-768x464.png 768w, https:\/\/thebestofporto.com\/wp-content\/uploads\/2024\/12\/restaurantes-09-1536x929.png 1536w, https:\/\/thebestofporto.com\/wp-content\/uploads\/2024\/12\/restaurantes-09-18x12.png 18w, https:\/\/thebestofporto.com\/wp-content\/uploads\/2024\/12\/restaurantes-09.png 1654w\" sizes=\"(max-width:767px) 480px, (max-width:1024px) 100vw, 1024px\" \/>\t\t\t\t\t\t\t\t\t\t\t\t\t\t\t<\/div>\n\t\t\t\t<\/div>\n\t\t\t\t\t<\/div>\n\t\t\t\t<\/div>\n\t\t<div class=\"elementor-element elementor-element-675efb3 e-flex e-con-boxed e-con e-parent\" data-id=\"675efb3\" data-element_type=\"container\">\n\t\t\t\t\t<div class=\"e-con-inner\">\n\t\t\t\t<div class=\"elementor-element elementor-element-3c45396 elementor-align-center elementor-widget elementor-widget-button\" data-id=\"3c45396\" data-element_type=\"widget\" data-widget_type=\"button.default\">\n\t\t\t\t<div class=\"elementor-widget-container\">\n\t\t\t\t\t\t\t\t\t<div class=\"elementor-button-wrapper\">\n\t\t\t\t\t<a class=\"elementor-button elementor-button-link elementor-size-sm\" href=\"https:\/\/thebestofporto.com\/pt\/blog\/\">\n\t\t\t\t\t\t<span class=\"elementor-button-content-wrapper\">\n\t\t\t\t\t\t\t\t\t<span class=\"elementor-button-text\">Ver todos os artigos<\/span>\n\t\t\t\t\t<\/span>\n\t\t\t\t\t<\/a>\n\t\t\t\t<\/div>\n\t\t\t\t\t\t\t\t<\/div>\n\t\t\t\t<\/div>\n\t\t\t\t\t<\/div>\n\t\t\t\t<\/div>\n\t\t<div class=\"elementor-element elementor-element-06dc80c e-flex e-con-boxed e-con e-parent\" data-id=\"06dc80c\" data-element_type=\"container\">\n\t\t\t\t\t<div class=\"e-con-inner\">\n\t\t\t\t<div class=\"elementor-element elementor-element-5e90c6a elementor-widget elementor-widget-spacer\" data-id=\"5e90c6a\" data-element_type=\"widget\" data-widget_type=\"spacer.default\">\n\t\t\t\t<div class=\"elementor-widget-container\">\n\t\t\t\t\t\t\t<div class=\"elementor-spacer\">\n\t\t\t<div class=\"elementor-spacer-inner\"><\/div>\n\t\t<\/div>\n\t\t\t\t\t\t<\/div>\n\t\t\t\t<\/div>\n\t\t\t\t\t<\/div>\n\t\t\t\t<\/div>\n\t\t\t\t<\/div>","protected":false},"excerpt":{"rendered":"<p>A \u00e9poca natal\u00edcia \u00e9 um momento de celebra\u00e7\u00e3o, e o Porto, com a sua rica gastronomia e hospitalidade,<span class=\"excerpt-hellip\"> [\u2026]<\/span><\/p>","protected":false},"author":1,"featured_media":10143,"comment_status":"closed","ping_status":"closed","sticky":false,"template":"","format":"standard","meta":{"_acf_changed":false,"footnotes":""},"categories":[123],"tags":[],"filtros":[],"class_list":["post-10140","post","type-post","status-publish","format-standard","has-post-thumbnail","hentry","category-articles"],"acf":[],"yoast_head":"<!-- This site is optimized with the Yoast SEO plugin v26.7 - https:\/\/yoast.com\/wordpress\/plugins\/seo\/ -->\n<title>Os Melhores Restaurantes do Porto para Jantares de Natal<\/title>\n<meta name=\"description\" content=\"A \u00e9poca dos jantares de Natal chegou! Ainda n\u00e3o sabe onde marcar o seu? N\u00f3s trazemos-lhe 7 sugest\u00f5es para todos os gostos!\" \/>\n<meta name=\"robots\" content=\"index, follow, max-snippet:-1, max-image-preview:large, max-video-preview:-1\" \/>\n<link rel=\"canonical\" href=\"https:\/\/thebestofporto.com\/pt\/os-melhores-restaurantes-do-porto-para-jantares-de-natal\/\" \/>\n<meta property=\"og:locale\" content=\"pt_PT\" \/>\n<meta property=\"og:type\" content=\"article\" \/>\n<meta property=\"og:title\" content=\"Os Melhores Restaurantes do Porto para Jantares de Natal\" \/>\n<meta property=\"og:description\" content=\"A \u00e9poca dos jantares de Natal chegou! Ainda n\u00e3o sabe onde marcar o seu? N\u00f3s trazemos-lhe 7 sugest\u00f5es para todos os gostos!\" \/>\n<meta property=\"og:url\" content=\"https:\/\/thebestofporto.com\/pt\/os-melhores-restaurantes-do-porto-para-jantares-de-natal\/\" \/>\n<meta property=\"og:site_name\" content=\"The Best of Porto\" \/>\n<meta property=\"article:published_time\" content=\"2024-12-05T12:02:40+00:00\" \/>\n<meta property=\"article:modified_time\" content=\"2024-12-11T16:18:45+00:00\" \/>\n<meta property=\"og:image\" content=\"https:\/\/thebestofporto.com\/wp-content\/uploads\/2024\/12\/restaurantes-02-1024x619.png\" \/>\n\t<meta property=\"og:image:width\" content=\"1024\" \/>\n\t<meta property=\"og:image:height\" content=\"619\" \/>\n\t<meta property=\"og:image:type\" content=\"image\/png\" \/>\n<meta name=\"author\" content=\"admin\" \/>\n<meta name=\"twitter:card\" content=\"summary_large_image\" \/>\n<meta name=\"twitter:label1\" content=\"Escrito por\" \/>\n\t<meta name=\"twitter:data1\" content=\"admin\" \/>\n\t<meta name=\"twitter:label2\" content=\"Tempo estimado de leitura\" \/>\n\t<meta name=\"twitter:data2\" content=\"5 minutos\" \/>\n<script type=\"application\/ld+json\" class=\"yoast-schema-graph\">{\"@context\":\"https:\/\/schema.org\",\"@graph\":[{\"@type\":\"Article\",\"@id\":\"https:\/\/thebestofporto.com\/os-melhores-restaurantes-do-porto-para-jantares-de-natal\/#article\",\"isPartOf\":{\"@id\":\"https:\/\/thebestofporto.com\/os-melhores-restaurantes-do-porto-para-jantares-de-natal\/\"},\"author\":{\"name\":\"admin\",\"@id\":\"https:\/\/thebestofporto.com\/#\/schema\/person\/04b3a2223d8527f0c6297ca6767266f7\"},\"headline\":\"Os Melhores Restaurantes do Porto para Jantares de Natal\",\"datePublished\":\"2024-12-05T12:02:40+00:00\",\"dateModified\":\"2024-12-11T16:18:45+00:00\",\"mainEntityOfPage\":{\"@id\":\"https:\/\/thebestofporto.com\/os-melhores-restaurantes-do-porto-para-jantares-de-natal\/\"},\"wordCount\":504,\"publisher\":{\"@id\":\"https:\/\/thebestofporto.com\/#organization\"},\"image\":{\"@id\":\"https:\/\/thebestofporto.com\/os-melhores-restaurantes-do-porto-para-jantares-de-natal\/#primaryimage\"},\"thumbnailUrl\":\"https:\/\/thebestofporto.com\/wp-content\/uploads\/2024\/12\/restaurantes-02.png\",\"articleSection\":[\"Articles\"],\"inLanguage\":\"pt-PT\"},{\"@type\":\"WebPage\",\"@id\":\"https:\/\/thebestofporto.com\/os-melhores-restaurantes-do-porto-para-jantares-de-natal\/\",\"url\":\"https:\/\/thebestofporto.com\/os-melhores-restaurantes-do-porto-para-jantares-de-natal\/\",\"name\":\"Os Melhores Restaurantes do Porto para Jantares de Natal\",\"isPartOf\":{\"@id\":\"https:\/\/thebestofporto.com\/#website\"},\"primaryImageOfPage\":{\"@id\":\"https:\/\/thebestofporto.com\/os-melhores-restaurantes-do-porto-para-jantares-de-natal\/#primaryimage\"},\"image\":{\"@id\":\"https:\/\/thebestofporto.com\/os-melhores-restaurantes-do-porto-para-jantares-de-natal\/#primaryimage\"},\"thumbnailUrl\":\"https:\/\/thebestofporto.com\/wp-content\/uploads\/2024\/12\/restaurantes-02.png\",\"datePublished\":\"2024-12-05T12:02:40+00:00\",\"dateModified\":\"2024-12-11T16:18:45+00:00\",\"description\":\"A \u00e9poca dos jantares de Natal chegou! Ainda n\u00e3o sabe onde marcar o seu? N\u00f3s trazemos-lhe 7 sugest\u00f5es para todos os gostos!\",\"breadcrumb\":{\"@id\":\"https:\/\/thebestofporto.com\/os-melhores-restaurantes-do-porto-para-jantares-de-natal\/#breadcrumb\"},\"inLanguage\":\"pt-PT\",\"potentialAction\":[{\"@type\":\"ReadAction\",\"target\":[\"https:\/\/thebestofporto.com\/os-melhores-restaurantes-do-porto-para-jantares-de-natal\/\"]}]},{\"@type\":\"ImageObject\",\"inLanguage\":\"pt-PT\",\"@id\":\"https:\/\/thebestofporto.com\/os-melhores-restaurantes-do-porto-para-jantares-de-natal\/#primaryimage\",\"url\":\"https:\/\/thebestofporto.com\/wp-content\/uploads\/2024\/12\/restaurantes-02.png\",\"contentUrl\":\"https:\/\/thebestofporto.com\/wp-content\/uploads\/2024\/12\/restaurantes-02.png\",\"width\":1654,\"height\":1000},{\"@type\":\"BreadcrumbList\",\"@id\":\"https:\/\/thebestofporto.com\/os-melhores-restaurantes-do-porto-para-jantares-de-natal\/#breadcrumb\",\"itemListElement\":[{\"@type\":\"ListItem\",\"position\":1,\"name\":\"In\u00edcio\",\"item\":\"https:\/\/thebestofporto.com\/\"},{\"@type\":\"ListItem\",\"position\":2,\"name\":\"Os Melhores Restaurantes do Porto para Jantares de Natal\"}]},{\"@type\":\"WebSite\",\"@id\":\"https:\/\/thebestofporto.com\/#website\",\"url\":\"https:\/\/thebestofporto.com\/\",\"name\":\"The Best of Porto\",\"description\":\"\",\"publisher\":{\"@id\":\"https:\/\/thebestofporto.com\/#organization\"},\"potentialAction\":[{\"@type\":\"SearchAction\",\"target\":{\"@type\":\"EntryPoint\",\"urlTemplate\":\"https:\/\/thebestofporto.com\/?s={search_term_string}\"},\"query-input\":{\"@type\":\"PropertyValueSpecification\",\"valueRequired\":true,\"valueName\":\"search_term_string\"}}],\"inLanguage\":\"pt-PT\"},{\"@type\":\"Organization\",\"@id\":\"https:\/\/thebestofporto.com\/#organization\",\"name\":\"The Best of Porto\",\"url\":\"https:\/\/thebestofporto.com\/\",\"logo\":{\"@type\":\"ImageObject\",\"inLanguage\":\"pt-PT\",\"@id\":\"https:\/\/thebestofporto.com\/#\/schema\/logo\/image\/\",\"url\":\"https:\/\/thebestofporto.com\/wp-content\/uploads\/2024\/05\/logo.png\",\"contentUrl\":\"https:\/\/thebestofporto.com\/wp-content\/uploads\/2024\/05\/logo.png\",\"width\":5076,\"height\":1463,\"caption\":\"The Best of Porto\"},\"image\":{\"@id\":\"https:\/\/thebestofporto.com\/#\/schema\/logo\/image\/\"}},{\"@type\":\"Person\",\"@id\":\"https:\/\/thebestofporto.com\/#\/schema\/person\/04b3a2223d8527f0c6297ca6767266f7\",\"name\":\"admin\",\"image\":{\"@type\":\"ImageObject\",\"inLanguage\":\"pt-PT\",\"@id\":\"https:\/\/thebestofporto.com\/#\/schema\/person\/image\/\",\"url\":\"https:\/\/secure.gravatar.com\/avatar\/193e2977da320450cf56b1b093dd5b7286cdbaf6ad5201ab3cda69b78b13b458?s=96&d=mm&r=g\",\"contentUrl\":\"https:\/\/secure.gravatar.com\/avatar\/193e2977da320450cf56b1b093dd5b7286cdbaf6ad5201ab3cda69b78b13b458?s=96&d=mm&r=g\",\"caption\":\"admin\"},\"sameAs\":[\"https:\/\/thebestofporto.com\"],\"url\":\"https:\/\/thebestofporto.com\/pt\/author\/admin_l3zak26a\/\"}]}<\/script>\n<!-- \/ Yoast SEO plugin. -->","yoast_head_json":{"title":"Os Melhores Restaurantes do Porto para Jantares de Natal","description":"A \u00e9poca dos jantares de Natal chegou! Ainda n\u00e3o sabe onde marcar o seu? N\u00f3s trazemos-lhe 7 sugest\u00f5es para todos os gostos!","robots":{"index":"index","follow":"follow","max-snippet":"max-snippet:-1","max-image-preview":"max-image-preview:large","max-video-preview":"max-video-preview:-1"},"canonical":"https:\/\/thebestofporto.com\/pt\/os-melhores-restaurantes-do-porto-para-jantares-de-natal\/","og_locale":"pt_PT","og_type":"article","og_title":"Os Melhores Restaurantes do Porto para Jantares de Natal","og_description":"A \u00e9poca dos jantares de Natal chegou! Ainda n\u00e3o sabe onde marcar o seu? N\u00f3s trazemos-lhe 7 sugest\u00f5es para todos os gostos!","og_url":"https:\/\/thebestofporto.com\/pt\/os-melhores-restaurantes-do-porto-para-jantares-de-natal\/","og_site_name":"The Best of Porto","article_published_time":"2024-12-05T12:02:40+00:00","article_modified_time":"2024-12-11T16:18:45+00:00","og_image":[{"width":1024,"height":619,"url":"https:\/\/thebestofporto.com\/wp-content\/uploads\/2024\/12\/restaurantes-02-1024x619.png","type":"image\/png"}],"author":"admin","twitter_card":"summary_large_image","twitter_misc":{"Escrito por":"admin","Tempo estimado de leitura":"5 minutos"},"schema":{"@context":"https:\/\/schema.org","@graph":[{"@type":"Article","@id":"https:\/\/thebestofporto.com\/os-melhores-restaurantes-do-porto-para-jantares-de-natal\/#article","isPartOf":{"@id":"https:\/\/thebestofporto.com\/os-melhores-restaurantes-do-porto-para-jantares-de-natal\/"},"author":{"name":"admin","@id":"https:\/\/thebestofporto.com\/#\/schema\/person\/04b3a2223d8527f0c6297ca6767266f7"},"headline":"Os Melhores Restaurantes do Porto para Jantares de Natal","datePublished":"2024-12-05T12:02:40+00:00","dateModified":"2024-12-11T16:18:45+00:00","mainEntityOfPage":{"@id":"https:\/\/thebestofporto.com\/os-melhores-restaurantes-do-porto-para-jantares-de-natal\/"},"wordCount":504,"publisher":{"@id":"https:\/\/thebestofporto.com\/#organization"},"image":{"@id":"https:\/\/thebestofporto.com\/os-melhores-restaurantes-do-porto-para-jantares-de-natal\/#primaryimage"},"thumbnailUrl":"https:\/\/thebestofporto.com\/wp-content\/uploads\/2024\/12\/restaurantes-02.png","articleSection":["Articles"],"inLanguage":"pt-PT"},{"@type":"WebPage","@id":"https:\/\/thebestofporto.com\/os-melhores-restaurantes-do-porto-para-jantares-de-natal\/","url":"https:\/\/thebestofporto.com\/os-melhores-restaurantes-do-porto-para-jantares-de-natal\/","name":"Os Melhores Restaurantes do Porto para Jantares de Natal","isPartOf":{"@id":"https:\/\/thebestofporto.com\/#website"},"primaryImageOfPage":{"@id":"https:\/\/thebestofporto.com\/os-melhores-restaurantes-do-porto-para-jantares-de-natal\/#primaryimage"},"image":{"@id":"https:\/\/thebestofporto.com\/os-melhores-restaurantes-do-porto-para-jantares-de-natal\/#primaryimage"},"thumbnailUrl":"https:\/\/thebestofporto.com\/wp-content\/uploads\/2024\/12\/restaurantes-02.png","datePublished":"2024-12-05T12:02:40+00:00","dateModified":"2024-12-11T16:18:45+00:00","description":"A \u00e9poca dos jantares de Natal chegou! Ainda n\u00e3o sabe onde marcar o seu? N\u00f3s trazemos-lhe 7 sugest\u00f5es para todos os gostos!","breadcrumb":{"@id":"https:\/\/thebestofporto.com\/os-melhores-restaurantes-do-porto-para-jantares-de-natal\/#breadcrumb"},"inLanguage":"pt-PT","potentialAction":[{"@type":"ReadAction","target":["https:\/\/thebestofporto.com\/os-melhores-restaurantes-do-porto-para-jantares-de-natal\/"]}]},{"@type":"ImageObject","inLanguage":"pt-PT","@id":"https:\/\/thebestofporto.com\/os-melhores-restaurantes-do-porto-para-jantares-de-natal\/#primaryimage","url":"https:\/\/thebestofporto.com\/wp-content\/uploads\/2024\/12\/restaurantes-02.png","contentUrl":"https:\/\/thebestofporto.com\/wp-content\/uploads\/2024\/12\/restaurantes-02.png","width":1654,"height":1000},{"@type":"BreadcrumbList","@id":"https:\/\/thebestofporto.com\/os-melhores-restaurantes-do-porto-para-jantares-de-natal\/#breadcrumb","itemListElement":[{"@type":"ListItem","position":1,"name":"In\u00edcio","item":"https:\/\/thebestofporto.com\/"},{"@type":"ListItem","position":2,"name":"Os Melhores Restaurantes do Porto para Jantares de Natal"}]},{"@type":"WebSite","@id":"https:\/\/thebestofporto.com\/#website","url":"https:\/\/thebestofporto.com\/","name":"The Best of Porto","description":"","publisher":{"@id":"https:\/\/thebestofporto.com\/#organization"},"potentialAction":[{"@type":"SearchAction","target":{"@type":"EntryPoint","urlTemplate":"https:\/\/thebestofporto.com\/?s={search_term_string}"},"query-input":{"@type":"PropertyValueSpecification","valueRequired":true,"valueName":"search_term_string"}}],"inLanguage":"pt-PT"},{"@type":"Organization","@id":"https:\/\/thebestofporto.com\/#organization","name":"The Best of Porto","url":"https:\/\/thebestofporto.com\/","logo":{"@type":"ImageObject","inLanguage":"pt-PT","@id":"https:\/\/thebestofporto.com\/#\/schema\/logo\/image\/","url":"https:\/\/thebestofporto.com\/wp-content\/uploads\/2024\/05\/logo.png","contentUrl":"https:\/\/thebestofporto.com\/wp-content\/uploads\/2024\/05\/logo.png","width":5076,"height":1463,"caption":"The Best of Porto"},"image":{"@id":"https:\/\/thebestofporto.com\/#\/schema\/logo\/image\/"}},{"@type":"Person","@id":"https:\/\/thebestofporto.com\/#\/schema\/person\/04b3a2223d8527f0c6297ca6767266f7","name":"admin","image":{"@type":"ImageObject","inLanguage":"pt-PT","@id":"https:\/\/thebestofporto.com\/#\/schema\/person\/image\/","url":"https:\/\/secure.gravatar.com\/avatar\/193e2977da320450cf56b1b093dd5b7286cdbaf6ad5201ab3cda69b78b13b458?s=96&d=mm&r=g","contentUrl":"https:\/\/secure.gravatar.com\/avatar\/193e2977da320450cf56b1b093dd5b7286cdbaf6ad5201ab3cda69b78b13b458?s=96&d=mm&r=g","caption":"admin"},"sameAs":["https:\/\/thebestofporto.com"],"url":"https:\/\/thebestofporto.com\/pt\/author\/admin_l3zak26a\/"}]}},"_links":{"self":[{"href":"https:\/\/thebestofporto.com\/pt\/wp-json\/wp\/v2\/posts\/10140","targetHints":{"allow":["GET"]}}],"collection":[{"href":"https:\/\/thebestofporto.com\/pt\/wp-json\/wp\/v2\/posts"}],"about":[{"href":"https:\/\/thebestofporto.com\/pt\/wp-json\/wp\/v2\/types\/post"}],"author":[{"embeddable":true,"href":"https:\/\/thebestofporto.com\/pt\/wp-json\/wp\/v2\/users\/1"}],"replies":[{"embeddable":true,"href":"https:\/\/thebestofporto.com\/pt\/wp-json\/wp\/v2\/comments?post=10140"}],"version-history":[{"count":17,"href":"https:\/\/thebestofporto.com\/pt\/wp-json\/wp\/v2\/posts\/10140\/revisions"}],"predecessor-version":[{"id":10169,"href":"https:\/\/thebestofporto.com\/pt\/wp-json\/wp\/v2\/posts\/10140\/revisions\/10169"}],"wp:featuredmedia":[{"embeddable":true,"href":"https:\/\/thebestofporto.com\/pt\/wp-json\/wp\/v2\/media\/10143"}],"wp:attachment":[{"href":"https:\/\/thebestofporto.com\/pt\/wp-json\/wp\/v2\/media?parent=10140"}],"wp:term":[{"taxonomy":"category","embeddable":true,"href":"https:\/\/thebestofporto.com\/pt\/wp-json\/wp\/v2\/categories?post=10140"},{"taxonomy":"post_tag","embeddable":true,"href":"https:\/\/thebestofporto.com\/pt\/wp-json\/wp\/v2\/tags?post=10140"},{"taxonomy":"filtros","embeddable":true,"href":"https:\/\/thebestofporto.com\/pt\/wp-json\/wp\/v2\/filtros?post=10140"}],"curies":[{"name":"wp","href":"https:\/\/api.w.org\/{rel}","templated":true}]}}