{"id":10269,"date":"2025-01-09T10:00:00","date_gmt":"2025-01-09T10:00:00","guid":{"rendered":"https:\/\/thebestofporto.com\/?p=10269"},"modified":"2024-12-13T12:53:38","modified_gmt":"2024-12-13T12:53:38","slug":"tour-pelos-graffitis-e-arte-urbana-no-porto","status":"publish","type":"post","link":"https:\/\/thebestofporto.com\/pt\/tour-pelos-graffitis-e-arte-urbana-no-porto\/","title":{"rendered":"Tour pelos Graffitis e Arte Urbana no Porto"},"content":{"rendered":"<div data-elementor-type=\"wp-post\" data-elementor-id=\"10269\" class=\"elementor elementor-10269\">\n\t\t\t\t<div class=\"elementor-element elementor-element-2e4264e e-flex e-con-boxed e-con e-parent\" data-id=\"2e4264e\" data-element_type=\"container\">\n\t\t\t\t\t<div class=\"e-con-inner\">\n\t\t\t\t<div class=\"elementor-element elementor-element-6da37b9 elementor-widget elementor-widget-text-editor\" data-id=\"6da37b9\" data-element_type=\"widget\" data-widget_type=\"text-editor.default\">\n\t\t\t\t<div class=\"elementor-widget-container\">\n\t\t\t\t\t\t\t\t\t<p><span style=\"font-weight: 400;\">O Porto, al\u00e9m de ser uma cidade hist\u00f3rica, tamb\u00e9m \u00e9 um destino vibrante para os amantes de arte urbana. A Invicta \u00e9 um museu a c\u00e9u aberto, onde paredes, edif\u00edcios e espa\u00e7os p\u00fablicos ganham vida com obras de artistas locais e internacionais. Neste roteiro, exploramos alguns dos murais e interven\u00e7\u00f5es mais emblem\u00e1ticos da cidade que celebram a criatividade e a express\u00e3o art\u00edstica.<\/span><\/p>\t\t\t\t\t\t\t\t<\/div>\n\t\t\t\t<\/div>\n\t\t\t\t\t<\/div>\n\t\t\t\t<\/div>\n\t\t<div class=\"elementor-element elementor-element-2d710ba e-flex e-con-boxed e-con e-parent\" data-id=\"2d710ba\" data-element_type=\"container\">\n\t\t\t\t\t<div class=\"e-con-inner\">\n\t\t\t\t<div class=\"elementor-element elementor-element-f1baafb elementor-widget elementor-widget-text-editor\" data-id=\"f1baafb\" data-element_type=\"widget\" data-widget_type=\"text-editor.default\">\n\t\t\t\t<div class=\"elementor-widget-container\">\n\t\t\t\t\t\t\t\t\t<h4><b>Mural no Hospital de S\u00e3o Jo\u00e3o<\/b><\/h4><p><span style=\"font-weight: 400;\">Este mural, localizado na fachada do Hospital de S\u00e3o Jo\u00e3o, \u00e9 uma homenagem \u00e0 resili\u00eancia e ao trabalho dos profissionais de sa\u00fade. Criado durante a pandemia, por <span style=\"text-decoration: underline; color: #d68d45;\"><a style=\"color: #d68d45; text-decoration: underline;\" href=\"https:\/\/www.instagram.com\/vhils\/\">Vhils<\/a><\/span>, a obra impressiona pela sua dimens\u00e3o e pelas mensagens de esperan\u00e7a e reconhecimento transmitidas atrav\u00e9s das cores e das formas.<\/span><\/p>\t\t\t\t\t\t\t\t<\/div>\n\t\t\t\t<\/div>\n\t\t\t\t<div class=\"elementor-element elementor-element-03f5664 elementor-widget elementor-widget-image\" data-id=\"03f5664\" data-element_type=\"widget\" data-widget_type=\"image.default\">\n\t\t\t\t<div class=\"elementor-widget-container\">\n\t\t\t\t\t\t\t\t\t\t\t\t\t\t\t<img fetchpriority=\"high\" decoding=\"async\" width=\"800\" height=\"480\" src=\"https:\/\/thebestofporto.com\/wp-content\/uploads\/2024\/12\/graffiti_Prancheta-1-04.png\" class=\"attachment-large size-large wp-image-10273\" alt=\"\" srcset=\"https:\/\/thebestofporto.com\/wp-content\/uploads\/2024\/12\/graffiti_Prancheta-1-04.png 800w, https:\/\/thebestofporto.com\/wp-content\/uploads\/2024\/12\/graffiti_Prancheta-1-04-300x180.png 300w, https:\/\/thebestofporto.com\/wp-content\/uploads\/2024\/12\/graffiti_Prancheta-1-04-768x461.png 768w, https:\/\/thebestofporto.com\/wp-content\/uploads\/2024\/12\/graffiti_Prancheta-1-04-18x12.png 18w\" sizes=\"(max-width:767px) 480px, (max-width:800px) 100vw, 800px\" \/>\t\t\t\t\t\t\t\t\t\t\t\t\t\t\t<\/div>\n\t\t\t\t<\/div>\n\t\t\t\t<div class=\"elementor-element elementor-element-1e66d0c elementor-widget elementor-widget-text-editor\" data-id=\"1e66d0c\" data-element_type=\"widget\" data-widget_type=\"text-editor.default\">\n\t\t\t\t<div class=\"elementor-widget-container\">\n\t\t\t\t\t\t\t\t\t<h4><b>Rua Miguel Bombarda<\/b><\/h4><p><span style=\"font-weight: 400;\">Reconhecida como o epicentro da arte contempor\u00e2nea no Porto, a Rua Miguel Bombarda \u00e9 um lugar obrigat\u00f3rio para quem aprecia arte urbana. As galerias de arte espalhadas pela rua s\u00e3o complementadas por murais e grafites que adornam paredes e becos, criando uma atmosfera \u00fanica de criatividade e inova\u00e7\u00e3o.<\/span><\/p>\t\t\t\t\t\t\t\t<\/div>\n\t\t\t\t<\/div>\n\t\t\t\t<div class=\"elementor-element elementor-element-2307414 elementor-widget elementor-widget-image\" data-id=\"2307414\" data-element_type=\"widget\" data-widget_type=\"image.default\">\n\t\t\t\t<div class=\"elementor-widget-container\">\n\t\t\t\t\t\t\t\t\t\t\t\t\t\t\t<img decoding=\"async\" width=\"800\" height=\"480\" src=\"https:\/\/thebestofporto.com\/wp-content\/uploads\/2024\/12\/graffiti_Prancheta-1-09.png\" class=\"attachment-large size-large wp-image-10278\" alt=\"\" srcset=\"https:\/\/thebestofporto.com\/wp-content\/uploads\/2024\/12\/graffiti_Prancheta-1-09.png 800w, https:\/\/thebestofporto.com\/wp-content\/uploads\/2024\/12\/graffiti_Prancheta-1-09-300x180.png 300w, https:\/\/thebestofporto.com\/wp-content\/uploads\/2024\/12\/graffiti_Prancheta-1-09-768x461.png 768w, https:\/\/thebestofporto.com\/wp-content\/uploads\/2024\/12\/graffiti_Prancheta-1-09-18x12.png 18w\" sizes=\"(max-width:767px) 480px, (max-width:800px) 100vw, 800px\" \/>\t\t\t\t\t\t\t\t\t\t\t\t\t\t\t<\/div>\n\t\t\t\t<\/div>\n\t\t\t\t<div class=\"elementor-element elementor-element-41ce214 elementor-widget elementor-widget-text-editor\" data-id=\"41ce214\" data-element_type=\"widget\" data-widget_type=\"text-editor.default\">\n\t\t\t\t<div class=\"elementor-widget-container\">\n\t\t\t\t\t\t\t\t\t<h4><b>O Coelho no Cais de Gaia<\/b><\/h4><p><span style=\"font-weight: 400;\">Do outro lado do Douro, em Vila Nova de Gaia, encontra-se uma das pe\u00e7as mais ic\u00f3nicas da regi\u00e3o: o coelho gigante feito de materiais reciclados, do artista portugu\u00eas Bordalo II. Esta escultura impressionante n\u00e3o s\u00f3 chama a aten\u00e7\u00e3o para a beleza da arte, mas tamb\u00e9m para a import\u00e2ncia da sustentabilidade e da reutiliza\u00e7\u00e3o de materiais.<\/span><\/p>\t\t\t\t\t\t\t\t<\/div>\n\t\t\t\t<\/div>\n\t\t\t\t<div class=\"elementor-element elementor-element-621de56 elementor-widget elementor-widget-image\" data-id=\"621de56\" data-element_type=\"widget\" data-widget_type=\"image.default\">\n\t\t\t\t<div class=\"elementor-widget-container\">\n\t\t\t\t\t\t\t\t\t\t\t\t\t\t\t<img decoding=\"async\" width=\"800\" height=\"480\" src=\"https:\/\/thebestofporto.com\/wp-content\/uploads\/2024\/12\/graffiti_Prancheta-1-06.png\" class=\"attachment-large size-large wp-image-10275\" alt=\"\" srcset=\"https:\/\/thebestofporto.com\/wp-content\/uploads\/2024\/12\/graffiti_Prancheta-1-06.png 800w, https:\/\/thebestofporto.com\/wp-content\/uploads\/2024\/12\/graffiti_Prancheta-1-06-300x180.png 300w, https:\/\/thebestofporto.com\/wp-content\/uploads\/2024\/12\/graffiti_Prancheta-1-06-768x461.png 768w, https:\/\/thebestofporto.com\/wp-content\/uploads\/2024\/12\/graffiti_Prancheta-1-06-18x12.png 18w\" sizes=\"(max-width:767px) 480px, (max-width:800px) 100vw, 800px\" \/>\t\t\t\t\t\t\t\t\t\t\t\t\t\t\t<\/div>\n\t\t\t\t<\/div>\n\t\t\t\t<div class=\"elementor-element elementor-element-dd9322e elementor-widget elementor-widget-text-editor\" data-id=\"dd9322e\" data-element_type=\"widget\" data-widget_type=\"text-editor.default\">\n\t\t\t\t<div class=\"elementor-widget-container\">\n\t\t\t\t\t\t\t\t\t<h4><b>Mural da Lionesa<\/b><\/h4><p><span style=\"font-weight: 400;\">Na zona industrial da Lionesa, em Le\u00e7a do Balio, encontra-se um mural que celebra a revitaliza\u00e7\u00e3o cultural e art\u00edstica do espa\u00e7o. Com uma combina\u00e7\u00e3o de arte abstrata e realista, o mural reflete a harmonia entre a tradi\u00e7\u00e3o e a modernidade, transformando o local num ponto de atra\u00e7\u00e3o para artistas e visitantes.<\/span><\/p>\t\t\t\t\t\t\t\t<\/div>\n\t\t\t\t<\/div>\n\t\t\t\t\t<\/div>\n\t\t\t\t<\/div>\n\t\t<div class=\"elementor-element elementor-element-1414d4a e-flex e-con-boxed e-con e-parent\" data-id=\"1414d4a\" data-element_type=\"container\">\n\t\t\t\t\t<div class=\"e-con-inner\">\n\t\t\t\t<div class=\"elementor-element elementor-element-77cdfd9 elementor-widget elementor-widget-image\" data-id=\"77cdfd9\" data-element_type=\"widget\" data-widget_type=\"image.default\">\n\t\t\t\t<div class=\"elementor-widget-container\">\n\t\t\t\t\t\t\t\t\t\t\t\t\t\t\t<img loading=\"lazy\" decoding=\"async\" width=\"800\" height=\"480\" src=\"https:\/\/thebestofporto.com\/wp-content\/uploads\/2024\/12\/graffiti_Prancheta-1-03.png\" class=\"attachment-large size-large wp-image-10272\" alt=\"\" srcset=\"https:\/\/thebestofporto.com\/wp-content\/uploads\/2024\/12\/graffiti_Prancheta-1-03.png 800w, https:\/\/thebestofporto.com\/wp-content\/uploads\/2024\/12\/graffiti_Prancheta-1-03-300x180.png 300w, https:\/\/thebestofporto.com\/wp-content\/uploads\/2024\/12\/graffiti_Prancheta-1-03-768x461.png 768w, https:\/\/thebestofporto.com\/wp-content\/uploads\/2024\/12\/graffiti_Prancheta-1-03-18x12.png 18w\" sizes=\"(max-width:767px) 480px, (max-width:800px) 100vw, 800px\" \/>\t\t\t\t\t\t\t\t\t\t\t\t\t\t\t<\/div>\n\t\t\t\t<\/div>\n\t\t\t\t<div class=\"elementor-element elementor-element-e602320 elementor-widget elementor-widget-text-editor\" data-id=\"e602320\" data-element_type=\"widget\" data-widget_type=\"text-editor.default\">\n\t\t\t\t<div class=\"elementor-widget-container\">\n\t\t\t\t\t\t\t\t\t<h4><b>Slava Ukraini na Lapa<\/b><\/h4><p><span style=\"font-weight: 400;\">A mensagem de solidariedade com a Ucr\u00e2nia est\u00e1 representada no mural &#8220;Slava Ukraini&#8221; na zona da Lapa. Com tons vibrantes e uma composi\u00e7\u00e3o poderosa, a obra presta tributo \u00e0 coragem e \u00e0 resist\u00eancia do povo ucraniano, sendo um s\u00edmbolo de apoio em tempos dif\u00edceis.<\/span><\/p>\t\t\t\t\t\t\t\t<\/div>\n\t\t\t\t<\/div>\n\t\t\t\t<div class=\"elementor-element elementor-element-3937b70 elementor-widget elementor-widget-image\" data-id=\"3937b70\" data-element_type=\"widget\" data-widget_type=\"image.default\">\n\t\t\t\t<div class=\"elementor-widget-container\">\n\t\t\t\t\t\t\t\t\t\t\t\t\t\t\t<img loading=\"lazy\" decoding=\"async\" width=\"800\" height=\"480\" src=\"https:\/\/thebestofporto.com\/wp-content\/uploads\/2024\/12\/graffiti_Prancheta-1-05.png\" class=\"attachment-large size-large wp-image-10274\" alt=\"\" srcset=\"https:\/\/thebestofporto.com\/wp-content\/uploads\/2024\/12\/graffiti_Prancheta-1-05.png 800w, https:\/\/thebestofporto.com\/wp-content\/uploads\/2024\/12\/graffiti_Prancheta-1-05-300x180.png 300w, https:\/\/thebestofporto.com\/wp-content\/uploads\/2024\/12\/graffiti_Prancheta-1-05-768x461.png 768w, https:\/\/thebestofporto.com\/wp-content\/uploads\/2024\/12\/graffiti_Prancheta-1-05-18x12.png 18w\" sizes=\"(max-width:767px) 480px, (max-width:800px) 100vw, 800px\" \/>\t\t\t\t\t\t\t\t\t\t\t\t\t\t\t<\/div>\n\t\t\t\t<\/div>\n\t\t\t\t<div class=\"elementor-element elementor-element-aaa943b elementor-widget elementor-widget-text-editor\" data-id=\"aaa943b\" data-element_type=\"widget\" data-widget_type=\"text-editor.default\">\n\t\t\t\t<div class=\"elementor-widget-container\">\n\t\t\t\t\t\t\t\t\t<h4><b>Mural <\/b><b>na Trindade do Pai de Mr. Dheo<\/b><\/h4><p><span style=\"font-weight: 400;\">Perto da esta\u00e7\u00e3o da Trindade, encontra-se um dos murais mais emocionantes da cidade, criado pelo renomado artista Mr. Dheo. Este trabalho \u00e9 uma homenagem ao seu pai, retratado com detalhes impressionantes e um olhar que transmite emo\u00e7\u00e3o e respeito. \u00c9 uma obra que combina t\u00e9cnica apurada e uma hist\u00f3ria profundamente pessoal.<\/span><\/p>\t\t\t\t\t\t\t\t<\/div>\n\t\t\t\t<\/div>\n\t\t\t\t<div class=\"elementor-element elementor-element-b70971c elementor-widget elementor-widget-image\" data-id=\"b70971c\" data-element_type=\"widget\" data-widget_type=\"image.default\">\n\t\t\t\t<div class=\"elementor-widget-container\">\n\t\t\t\t\t\t\t\t\t\t\t\t\t\t\t<img loading=\"lazy\" decoding=\"async\" width=\"800\" height=\"480\" src=\"https:\/\/thebestofporto.com\/wp-content\/uploads\/2024\/12\/graffiti_Prancheta-1-08.png\" class=\"attachment-large size-large wp-image-10277\" alt=\"\" srcset=\"https:\/\/thebestofporto.com\/wp-content\/uploads\/2024\/12\/graffiti_Prancheta-1-08.png 800w, https:\/\/thebestofporto.com\/wp-content\/uploads\/2024\/12\/graffiti_Prancheta-1-08-300x180.png 300w, https:\/\/thebestofporto.com\/wp-content\/uploads\/2024\/12\/graffiti_Prancheta-1-08-768x461.png 768w, https:\/\/thebestofporto.com\/wp-content\/uploads\/2024\/12\/graffiti_Prancheta-1-08-18x12.png 18w\" sizes=\"(max-width:767px) 480px, (max-width:800px) 100vw, 800px\" \/>\t\t\t\t\t\t\t\t\t\t\t\t\t\t\t<\/div>\n\t\t\t\t<\/div>\n\t\t\t\t<div class=\"elementor-element elementor-element-c3fee52 elementor-widget elementor-widget-text-editor\" data-id=\"c3fee52\" data-element_type=\"widget\" data-widget_type=\"text-editor.default\">\n\t\t\t\t<div class=\"elementor-widget-container\">\n\t\t\t\t\t\t\t\t\t<h4><b>Rua de Cam\u00f5es<\/b><\/h4><p><span style=\"font-weight: 400;\">A Rua de Cam\u00f5es \u00e9 um verdadeiro corredor de arte urbana, onde diferentes estilos e t\u00e9cnicas se encontram. Desde murais figurativos at\u00e9 grafites abstratos, esta rua oferece uma experi\u00eancia visual rica e diversificada, refletindo o dinamismo da cena art\u00edstica do Porto.<\/span><\/p>\t\t\t\t\t\t\t\t<\/div>\n\t\t\t\t<\/div>\n\t\t\t\t<div class=\"elementor-element elementor-element-fa7cde3 elementor-widget elementor-widget-image\" data-id=\"fa7cde3\" data-element_type=\"widget\" data-widget_type=\"image.default\">\n\t\t\t\t<div class=\"elementor-widget-container\">\n\t\t\t\t\t\t\t\t\t\t\t\t\t\t\t<img loading=\"lazy\" decoding=\"async\" width=\"800\" height=\"480\" src=\"https:\/\/thebestofporto.com\/wp-content\/uploads\/2024\/12\/graffiti_Prancheta-1-07.png\" class=\"attachment-large size-large wp-image-10276\" alt=\"\" srcset=\"https:\/\/thebestofporto.com\/wp-content\/uploads\/2024\/12\/graffiti_Prancheta-1-07.png 800w, https:\/\/thebestofporto.com\/wp-content\/uploads\/2024\/12\/graffiti_Prancheta-1-07-300x180.png 300w, https:\/\/thebestofporto.com\/wp-content\/uploads\/2024\/12\/graffiti_Prancheta-1-07-768x461.png 768w, https:\/\/thebestofporto.com\/wp-content\/uploads\/2024\/12\/graffiti_Prancheta-1-07-18x12.png 18w\" sizes=\"(max-width:767px) 480px, (max-width:800px) 100vw, 800px\" \/>\t\t\t\t\t\t\t\t\t\t\t\t\t\t\t<\/div>\n\t\t\t\t<\/div>\n\t\t\t\t\t<\/div>\n\t\t\t\t<\/div>\n\t\t<div class=\"elementor-element elementor-element-25c58cb e-flex e-con-boxed e-con e-parent\" data-id=\"25c58cb\" data-element_type=\"container\">\n\t\t\t\t\t<div class=\"e-con-inner\">\n\t\t\t\t<div class=\"elementor-element elementor-element-d1df422 elementor-widget elementor-widget-spacer\" data-id=\"d1df422\" data-element_type=\"widget\" data-widget_type=\"spacer.default\">\n\t\t\t\t<div class=\"elementor-widget-container\">\n\t\t\t\t\t\t\t<div class=\"elementor-spacer\">\n\t\t\t<div class=\"elementor-spacer-inner\"><\/div>\n\t\t<\/div>\n\t\t\t\t\t\t<\/div>\n\t\t\t\t<\/div>\n\t\t\t\t\t<\/div>\n\t\t\t\t<\/div>\n\t\t<div class=\"elementor-element elementor-element-110b742 e-flex e-con-boxed e-con e-parent\" data-id=\"110b742\" data-element_type=\"container\">\n\t\t\t\t\t<div class=\"e-con-inner\">\n\t\t\t\t<div class=\"elementor-element elementor-element-b0294c9 elementor-align-center elementor-widget elementor-widget-button\" data-id=\"b0294c9\" data-element_type=\"widget\" data-widget_type=\"button.default\">\n\t\t\t\t<div class=\"elementor-widget-container\">\n\t\t\t\t\t\t\t\t\t<div class=\"elementor-button-wrapper\">\n\t\t\t\t\t<a class=\"elementor-button elementor-button-link elementor-size-sm\" href=\"https:\/\/thebestofporto.com\/pt\/blog\/\">\n\t\t\t\t\t\t<span class=\"elementor-button-content-wrapper\">\n\t\t\t\t\t\t\t\t\t<span class=\"elementor-button-text\">Ver todos os artigos<\/span>\n\t\t\t\t\t<\/span>\n\t\t\t\t\t<\/a>\n\t\t\t\t<\/div>\n\t\t\t\t\t\t\t\t<\/div>\n\t\t\t\t<\/div>\n\t\t\t\t\t<\/div>\n\t\t\t\t<\/div>\n\t\t\t\t<\/div>","protected":false},"excerpt":{"rendered":"<p>O Porto, al\u00e9m de ser uma cidade hist\u00f3rica, tamb\u00e9m \u00e9 um destino vibrante para os amantes de arte<span class=\"excerpt-hellip\"> [\u2026]<\/span><\/p>","protected":false},"author":1,"featured_media":10271,"comment_status":"closed","ping_status":"closed","sticky":false,"template":"","format":"standard","meta":{"_acf_changed":false,"footnotes":""},"categories":[123],"tags":[],"filtros":[],"class_list":["post-10269","post","type-post","status-publish","format-standard","has-post-thumbnail","hentry","category-articles"],"acf":[],"yoast_head":"<!-- This site is optimized with the Yoast SEO plugin v26.7 - https:\/\/yoast.com\/wordpress\/plugins\/seo\/ -->\n<title>Tour pelos Graffitis e Arte Urbana no Porto - The Best of Porto<\/title>\n<meta name=\"robots\" content=\"index, follow, max-snippet:-1, max-image-preview:large, max-video-preview:-1\" \/>\n<link rel=\"canonical\" href=\"https:\/\/thebestofporto.com\/pt\/tour-pelos-graffitis-e-arte-urbana-no-porto\/\" \/>\n<meta property=\"og:locale\" content=\"pt_PT\" \/>\n<meta property=\"og:type\" content=\"article\" \/>\n<meta property=\"og:title\" content=\"Tour pelos Graffitis e Arte Urbana no Porto - The Best of Porto\" \/>\n<meta property=\"og:description\" content=\"O Porto, al\u00e9m de ser uma cidade hist\u00f3rica, tamb\u00e9m \u00e9 um destino vibrante para os amantes de arte [\u2026]\" \/>\n<meta property=\"og:url\" content=\"https:\/\/thebestofporto.com\/pt\/tour-pelos-graffitis-e-arte-urbana-no-porto\/\" \/>\n<meta property=\"og:site_name\" content=\"The Best of Porto\" \/>\n<meta property=\"article:published_time\" content=\"2025-01-09T10:00:00+00:00\" \/>\n<meta property=\"og:image\" content=\"https:\/\/thebestofporto.com\/wp-content\/uploads\/2024\/12\/graffiti_Prancheta-1-02.png\" \/>\n\t<meta property=\"og:image:width\" content=\"800\" \/>\n\t<meta property=\"og:image:height\" content=\"480\" \/>\n\t<meta property=\"og:image:type\" content=\"image\/png\" \/>\n<meta name=\"author\" content=\"admin\" \/>\n<meta name=\"twitter:card\" content=\"summary_large_image\" \/>\n<meta name=\"twitter:label1\" content=\"Escrito por\" \/>\n\t<meta name=\"twitter:data1\" content=\"admin\" \/>\n\t<meta name=\"twitter:label2\" content=\"Tempo estimado de leitura\" \/>\n\t<meta name=\"twitter:data2\" content=\"4 minutos\" \/>\n<script type=\"application\/ld+json\" class=\"yoast-schema-graph\">{\"@context\":\"https:\/\/schema.org\",\"@graph\":[{\"@type\":\"Article\",\"@id\":\"https:\/\/thebestofporto.com\/tour-pelos-graffitis-e-arte-urbana-no-porto\/#article\",\"isPartOf\":{\"@id\":\"https:\/\/thebestofporto.com\/tour-pelos-graffitis-e-arte-urbana-no-porto\/\"},\"author\":{\"name\":\"admin\",\"@id\":\"https:\/\/thebestofporto.com\/#\/schema\/person\/04b3a2223d8527f0c6297ca6767266f7\"},\"headline\":\"Tour pelos Graffitis e Arte Urbana no Porto\",\"datePublished\":\"2025-01-09T10:00:00+00:00\",\"mainEntityOfPage\":{\"@id\":\"https:\/\/thebestofporto.com\/tour-pelos-graffitis-e-arte-urbana-no-porto\/\"},\"wordCount\":489,\"publisher\":{\"@id\":\"https:\/\/thebestofporto.com\/#organization\"},\"image\":{\"@id\":\"https:\/\/thebestofporto.com\/tour-pelos-graffitis-e-arte-urbana-no-porto\/#primaryimage\"},\"thumbnailUrl\":\"https:\/\/thebestofporto.com\/wp-content\/uploads\/2024\/12\/graffiti_Prancheta-1-02.png\",\"articleSection\":[\"Articles\"],\"inLanguage\":\"pt-PT\"},{\"@type\":\"WebPage\",\"@id\":\"https:\/\/thebestofporto.com\/tour-pelos-graffitis-e-arte-urbana-no-porto\/\",\"url\":\"https:\/\/thebestofporto.com\/tour-pelos-graffitis-e-arte-urbana-no-porto\/\",\"name\":\"Tour pelos Graffitis e Arte Urbana no Porto - The Best of Porto\",\"isPartOf\":{\"@id\":\"https:\/\/thebestofporto.com\/#website\"},\"primaryImageOfPage\":{\"@id\":\"https:\/\/thebestofporto.com\/tour-pelos-graffitis-e-arte-urbana-no-porto\/#primaryimage\"},\"image\":{\"@id\":\"https:\/\/thebestofporto.com\/tour-pelos-graffitis-e-arte-urbana-no-porto\/#primaryimage\"},\"thumbnailUrl\":\"https:\/\/thebestofporto.com\/wp-content\/uploads\/2024\/12\/graffiti_Prancheta-1-02.png\",\"datePublished\":\"2025-01-09T10:00:00+00:00\",\"breadcrumb\":{\"@id\":\"https:\/\/thebestofporto.com\/tour-pelos-graffitis-e-arte-urbana-no-porto\/#breadcrumb\"},\"inLanguage\":\"pt-PT\",\"potentialAction\":[{\"@type\":\"ReadAction\",\"target\":[\"https:\/\/thebestofporto.com\/tour-pelos-graffitis-e-arte-urbana-no-porto\/\"]}]},{\"@type\":\"ImageObject\",\"inLanguage\":\"pt-PT\",\"@id\":\"https:\/\/thebestofporto.com\/tour-pelos-graffitis-e-arte-urbana-no-porto\/#primaryimage\",\"url\":\"https:\/\/thebestofporto.com\/wp-content\/uploads\/2024\/12\/graffiti_Prancheta-1-02.png\",\"contentUrl\":\"https:\/\/thebestofporto.com\/wp-content\/uploads\/2024\/12\/graffiti_Prancheta-1-02.png\",\"width\":800,\"height\":480},{\"@type\":\"BreadcrumbList\",\"@id\":\"https:\/\/thebestofporto.com\/tour-pelos-graffitis-e-arte-urbana-no-porto\/#breadcrumb\",\"itemListElement\":[{\"@type\":\"ListItem\",\"position\":1,\"name\":\"In\u00edcio\",\"item\":\"https:\/\/thebestofporto.com\/\"},{\"@type\":\"ListItem\",\"position\":2,\"name\":\"Tour pelos Graffitis e Arte Urbana no Porto\"}]},{\"@type\":\"WebSite\",\"@id\":\"https:\/\/thebestofporto.com\/#website\",\"url\":\"https:\/\/thebestofporto.com\/\",\"name\":\"The Best of Porto\",\"description\":\"\",\"publisher\":{\"@id\":\"https:\/\/thebestofporto.com\/#organization\"},\"potentialAction\":[{\"@type\":\"SearchAction\",\"target\":{\"@type\":\"EntryPoint\",\"urlTemplate\":\"https:\/\/thebestofporto.com\/?s={search_term_string}\"},\"query-input\":{\"@type\":\"PropertyValueSpecification\",\"valueRequired\":true,\"valueName\":\"search_term_string\"}}],\"inLanguage\":\"pt-PT\"},{\"@type\":\"Organization\",\"@id\":\"https:\/\/thebestofporto.com\/#organization\",\"name\":\"The Best of Porto\",\"url\":\"https:\/\/thebestofporto.com\/\",\"logo\":{\"@type\":\"ImageObject\",\"inLanguage\":\"pt-PT\",\"@id\":\"https:\/\/thebestofporto.com\/#\/schema\/logo\/image\/\",\"url\":\"https:\/\/thebestofporto.com\/wp-content\/uploads\/2024\/05\/logo.png\",\"contentUrl\":\"https:\/\/thebestofporto.com\/wp-content\/uploads\/2024\/05\/logo.png\",\"width\":5076,\"height\":1463,\"caption\":\"The Best of Porto\"},\"image\":{\"@id\":\"https:\/\/thebestofporto.com\/#\/schema\/logo\/image\/\"}},{\"@type\":\"Person\",\"@id\":\"https:\/\/thebestofporto.com\/#\/schema\/person\/04b3a2223d8527f0c6297ca6767266f7\",\"name\":\"admin\",\"image\":{\"@type\":\"ImageObject\",\"inLanguage\":\"pt-PT\",\"@id\":\"https:\/\/thebestofporto.com\/#\/schema\/person\/image\/\",\"url\":\"https:\/\/secure.gravatar.com\/avatar\/193e2977da320450cf56b1b093dd5b7286cdbaf6ad5201ab3cda69b78b13b458?s=96&d=mm&r=g\",\"contentUrl\":\"https:\/\/secure.gravatar.com\/avatar\/193e2977da320450cf56b1b093dd5b7286cdbaf6ad5201ab3cda69b78b13b458?s=96&d=mm&r=g\",\"caption\":\"admin\"},\"sameAs\":[\"https:\/\/thebestofporto.com\"],\"url\":\"https:\/\/thebestofporto.com\/pt\/author\/admin_l3zak26a\/\"}]}<\/script>\n<!-- \/ Yoast SEO plugin. -->","yoast_head_json":{"title":"Tour pelos Graffitis e Arte Urbana no Porto - The Best of Porto","robots":{"index":"index","follow":"follow","max-snippet":"max-snippet:-1","max-image-preview":"max-image-preview:large","max-video-preview":"max-video-preview:-1"},"canonical":"https:\/\/thebestofporto.com\/pt\/tour-pelos-graffitis-e-arte-urbana-no-porto\/","og_locale":"pt_PT","og_type":"article","og_title":"Tour pelos Graffitis e Arte Urbana no Porto - The Best of Porto","og_description":"O Porto, al\u00e9m de ser uma cidade hist\u00f3rica, tamb\u00e9m \u00e9 um destino vibrante para os amantes de arte [\u2026]","og_url":"https:\/\/thebestofporto.com\/pt\/tour-pelos-graffitis-e-arte-urbana-no-porto\/","og_site_name":"The Best of Porto","article_published_time":"2025-01-09T10:00:00+00:00","og_image":[{"width":800,"height":480,"url":"https:\/\/thebestofporto.com\/wp-content\/uploads\/2024\/12\/graffiti_Prancheta-1-02.png","type":"image\/png"}],"author":"admin","twitter_card":"summary_large_image","twitter_misc":{"Escrito por":"admin","Tempo estimado de leitura":"4 minutos"},"schema":{"@context":"https:\/\/schema.org","@graph":[{"@type":"Article","@id":"https:\/\/thebestofporto.com\/tour-pelos-graffitis-e-arte-urbana-no-porto\/#article","isPartOf":{"@id":"https:\/\/thebestofporto.com\/tour-pelos-graffitis-e-arte-urbana-no-porto\/"},"author":{"name":"admin","@id":"https:\/\/thebestofporto.com\/#\/schema\/person\/04b3a2223d8527f0c6297ca6767266f7"},"headline":"Tour pelos Graffitis e Arte Urbana no Porto","datePublished":"2025-01-09T10:00:00+00:00","mainEntityOfPage":{"@id":"https:\/\/thebestofporto.com\/tour-pelos-graffitis-e-arte-urbana-no-porto\/"},"wordCount":489,"publisher":{"@id":"https:\/\/thebestofporto.com\/#organization"},"image":{"@id":"https:\/\/thebestofporto.com\/tour-pelos-graffitis-e-arte-urbana-no-porto\/#primaryimage"},"thumbnailUrl":"https:\/\/thebestofporto.com\/wp-content\/uploads\/2024\/12\/graffiti_Prancheta-1-02.png","articleSection":["Articles"],"inLanguage":"pt-PT"},{"@type":"WebPage","@id":"https:\/\/thebestofporto.com\/tour-pelos-graffitis-e-arte-urbana-no-porto\/","url":"https:\/\/thebestofporto.com\/tour-pelos-graffitis-e-arte-urbana-no-porto\/","name":"Tour pelos Graffitis e Arte Urbana no Porto - The Best of Porto","isPartOf":{"@id":"https:\/\/thebestofporto.com\/#website"},"primaryImageOfPage":{"@id":"https:\/\/thebestofporto.com\/tour-pelos-graffitis-e-arte-urbana-no-porto\/#primaryimage"},"image":{"@id":"https:\/\/thebestofporto.com\/tour-pelos-graffitis-e-arte-urbana-no-porto\/#primaryimage"},"thumbnailUrl":"https:\/\/thebestofporto.com\/wp-content\/uploads\/2024\/12\/graffiti_Prancheta-1-02.png","datePublished":"2025-01-09T10:00:00+00:00","breadcrumb":{"@id":"https:\/\/thebestofporto.com\/tour-pelos-graffitis-e-arte-urbana-no-porto\/#breadcrumb"},"inLanguage":"pt-PT","potentialAction":[{"@type":"ReadAction","target":["https:\/\/thebestofporto.com\/tour-pelos-graffitis-e-arte-urbana-no-porto\/"]}]},{"@type":"ImageObject","inLanguage":"pt-PT","@id":"https:\/\/thebestofporto.com\/tour-pelos-graffitis-e-arte-urbana-no-porto\/#primaryimage","url":"https:\/\/thebestofporto.com\/wp-content\/uploads\/2024\/12\/graffiti_Prancheta-1-02.png","contentUrl":"https:\/\/thebestofporto.com\/wp-content\/uploads\/2024\/12\/graffiti_Prancheta-1-02.png","width":800,"height":480},{"@type":"BreadcrumbList","@id":"https:\/\/thebestofporto.com\/tour-pelos-graffitis-e-arte-urbana-no-porto\/#breadcrumb","itemListElement":[{"@type":"ListItem","position":1,"name":"In\u00edcio","item":"https:\/\/thebestofporto.com\/"},{"@type":"ListItem","position":2,"name":"Tour pelos Graffitis e Arte Urbana no Porto"}]},{"@type":"WebSite","@id":"https:\/\/thebestofporto.com\/#website","url":"https:\/\/thebestofporto.com\/","name":"The Best of Porto","description":"","publisher":{"@id":"https:\/\/thebestofporto.com\/#organization"},"potentialAction":[{"@type":"SearchAction","target":{"@type":"EntryPoint","urlTemplate":"https:\/\/thebestofporto.com\/?s={search_term_string}"},"query-input":{"@type":"PropertyValueSpecification","valueRequired":true,"valueName":"search_term_string"}}],"inLanguage":"pt-PT"},{"@type":"Organization","@id":"https:\/\/thebestofporto.com\/#organization","name":"The Best of Porto","url":"https:\/\/thebestofporto.com\/","logo":{"@type":"ImageObject","inLanguage":"pt-PT","@id":"https:\/\/thebestofporto.com\/#\/schema\/logo\/image\/","url":"https:\/\/thebestofporto.com\/wp-content\/uploads\/2024\/05\/logo.png","contentUrl":"https:\/\/thebestofporto.com\/wp-content\/uploads\/2024\/05\/logo.png","width":5076,"height":1463,"caption":"The Best of Porto"},"image":{"@id":"https:\/\/thebestofporto.com\/#\/schema\/logo\/image\/"}},{"@type":"Person","@id":"https:\/\/thebestofporto.com\/#\/schema\/person\/04b3a2223d8527f0c6297ca6767266f7","name":"admin","image":{"@type":"ImageObject","inLanguage":"pt-PT","@id":"https:\/\/thebestofporto.com\/#\/schema\/person\/image\/","url":"https:\/\/secure.gravatar.com\/avatar\/193e2977da320450cf56b1b093dd5b7286cdbaf6ad5201ab3cda69b78b13b458?s=96&d=mm&r=g","contentUrl":"https:\/\/secure.gravatar.com\/avatar\/193e2977da320450cf56b1b093dd5b7286cdbaf6ad5201ab3cda69b78b13b458?s=96&d=mm&r=g","caption":"admin"},"sameAs":["https:\/\/thebestofporto.com"],"url":"https:\/\/thebestofporto.com\/pt\/author\/admin_l3zak26a\/"}]}},"_links":{"self":[{"href":"https:\/\/thebestofporto.com\/pt\/wp-json\/wp\/v2\/posts\/10269","targetHints":{"allow":["GET"]}}],"collection":[{"href":"https:\/\/thebestofporto.com\/pt\/wp-json\/wp\/v2\/posts"}],"about":[{"href":"https:\/\/thebestofporto.com\/pt\/wp-json\/wp\/v2\/types\/post"}],"author":[{"embeddable":true,"href":"https:\/\/thebestofporto.com\/pt\/wp-json\/wp\/v2\/users\/1"}],"replies":[{"embeddable":true,"href":"https:\/\/thebestofporto.com\/pt\/wp-json\/wp\/v2\/comments?post=10269"}],"version-history":[{"count":16,"href":"https:\/\/thebestofporto.com\/pt\/wp-json\/wp\/v2\/posts\/10269\/revisions"}],"predecessor-version":[{"id":10295,"href":"https:\/\/thebestofporto.com\/pt\/wp-json\/wp\/v2\/posts\/10269\/revisions\/10295"}],"wp:featuredmedia":[{"embeddable":true,"href":"https:\/\/thebestofporto.com\/pt\/wp-json\/wp\/v2\/media\/10271"}],"wp:attachment":[{"href":"https:\/\/thebestofporto.com\/pt\/wp-json\/wp\/v2\/media?parent=10269"}],"wp:term":[{"taxonomy":"category","embeddable":true,"href":"https:\/\/thebestofporto.com\/pt\/wp-json\/wp\/v2\/categories?post=10269"},{"taxonomy":"post_tag","embeddable":true,"href":"https:\/\/thebestofporto.com\/pt\/wp-json\/wp\/v2\/tags?post=10269"},{"taxonomy":"filtros","embeddable":true,"href":"https:\/\/thebestofporto.com\/pt\/wp-json\/wp\/v2\/filtros?post=10269"}],"curies":[{"name":"wp","href":"https:\/\/api.w.org\/{rel}","templated":true}]}}