{"id":10296,"date":"2025-01-16T15:00:00","date_gmt":"2025-01-16T15:00:00","guid":{"rendered":"https:\/\/thebestofporto.com\/?p=10296"},"modified":"2025-01-17T11:20:40","modified_gmt":"2025-01-17T11:20:40","slug":"pequenos-negocios-locais-no-porto-para-apoiar-em-2025","status":"publish","type":"post","link":"https:\/\/thebestofporto.com\/pt\/pequenos-negocios-locais-no-porto-para-apoiar-em-2025\/","title":{"rendered":"Pequenos Neg\u00f3cios Locais no Porto para Apoiar em 2025"},"content":{"rendered":"<div data-elementor-type=\"wp-post\" data-elementor-id=\"10296\" class=\"elementor elementor-10296\">\n\t\t\t\t<div class=\"elementor-element elementor-element-3f588e9 e-flex e-con-boxed e-con e-parent\" data-id=\"3f588e9\" data-element_type=\"container\">\n\t\t\t\t\t<div class=\"e-con-inner\">\n\t\t\t\t<div class=\"elementor-element elementor-element-262aa3b elementor-widget elementor-widget-text-editor\" data-id=\"262aa3b\" data-element_type=\"widget\" data-widget_type=\"text-editor.default\">\n\t\t\t\t<div class=\"elementor-widget-container\">\n\t\t\t\t\t\t\t\t\t<p><span style=\"font-weight: 400;\">Apoiar pequenos neg\u00f3cios \u00e9 essencial para manter viva a economia local e incentivar o crescimento da comunidade. O Porto \u00e9 uma cidade rica em criatividade e empreendedorismo, com muitas lojas, marcas e projetos que oferecem produtos e servi\u00e7os \u00fanicos. Descubra nesta lista alguns dos pequenos neg\u00f3cios locais que vale a pena apoiar em 2025.<\/span><\/p>\t\t\t\t\t\t\t\t<\/div>\n\t\t\t\t<\/div>\n\t\t\t\t\t<\/div>\n\t\t\t\t<\/div>\n\t\t<div class=\"elementor-element elementor-element-21a0598 e-flex e-con-boxed e-con e-parent\" data-id=\"21a0598\" data-element_type=\"container\">\n\t\t\t\t\t<div class=\"e-con-inner\">\n\t\t\t\t<div class=\"elementor-element elementor-element-cac56be elementor-widget elementor-widget-text-editor\" data-id=\"cac56be\" data-element_type=\"widget\" data-widget_type=\"text-editor.default\">\n\t\t\t\t<div class=\"elementor-widget-container\">\n\t\t\t\t\t\t\t\t\t<h4><b>Almada 13<\/b><\/h4><p><span style=\"font-weight: 400;\">Situada na Rua do Almada, esta loja \u00e9 um ponto de refer\u00eancia para quem procura produtos de design local. Desde pe\u00e7as de moda, a decora\u00e7\u00e3o e papelaria criativa, a Almada 13 re\u00fane marcas portuguesas de alta qualidade num s\u00f3 espa\u00e7o.<\/span><\/p>\t\t\t\t\t\t\t\t<\/div>\n\t\t\t\t<\/div>\n\t\t\t\t\t<\/div>\n\t\t\t\t<\/div>\n\t\t<div class=\"elementor-element elementor-element-ef692b4 e-flex e-con-boxed e-con e-parent\" data-id=\"ef692b4\" data-element_type=\"container\">\n\t\t\t\t\t<div class=\"e-con-inner\">\n\t\t\t\t<div class=\"elementor-element elementor-element-1640b86 elementor-widget elementor-widget-image\" data-id=\"1640b86\" data-element_type=\"widget\" data-widget_type=\"image.default\">\n\t\t\t\t<div class=\"elementor-widget-container\">\n\t\t\t\t\t\t\t\t\t\t\t\t\t\t\t<img fetchpriority=\"high\" decoding=\"async\" width=\"800\" height=\"481\" src=\"https:\/\/thebestofporto.com\/wp-content\/uploads\/2024\/12\/negocio_local-03.webp\" class=\"attachment-large size-large wp-image-10299\" alt=\"\" srcset=\"https:\/\/thebestofporto.com\/wp-content\/uploads\/2024\/12\/negocio_local-03.webp 800w, https:\/\/thebestofporto.com\/wp-content\/uploads\/2024\/12\/negocio_local-03-300x180.webp 300w, https:\/\/thebestofporto.com\/wp-content\/uploads\/2024\/12\/negocio_local-03-768x462.webp 768w, https:\/\/thebestofporto.com\/wp-content\/uploads\/2024\/12\/negocio_local-03-18x12.webp 18w\" sizes=\"(max-width:767px) 480px, (max-width:800px) 100vw, 800px\" \/>\t\t\t\t\t\t\t\t\t\t\t\t\t\t\t<\/div>\n\t\t\t\t<\/div>\n\t\t\t\t\t<\/div>\n\t\t\t\t<\/div>\n\t\t<div class=\"elementor-element elementor-element-1f6f7a0 e-flex e-con-boxed e-con e-parent\" data-id=\"1f6f7a0\" data-element_type=\"container\">\n\t\t\t\t\t<div class=\"e-con-inner\">\n\t\t\t\t<div class=\"elementor-element elementor-element-42267ef elementor-widget elementor-widget-text-editor\" data-id=\"42267ef\" data-element_type=\"widget\" data-widget_type=\"text-editor.default\">\n\t\t\t\t<div class=\"elementor-widget-container\">\n\t\t\t\t\t\t\t\t\t<h4><strong>Look At Porto<\/strong><\/h4><p><span style=\"font-weight: 400;\">No<span style=\"text-decoration: underline; color: #d68d45;\"><a style=\"color: #d68d45; text-decoration: underline;\" href=\"https:\/\/lookatporto.pt\/pt\/\"> Look At Porto<\/a><\/span>, cada canto do espa\u00e7o celebra o esp\u00edrito local, mas \u00e9 na sua acolhedora loja de souvenirs que esta filosofia ganha vida. Ali, todas as pe\u00e7as dispon\u00edveis s\u00e3o cuidadosamente selecionadas, provenientes de artistas locais ou de pequenos neg\u00f3cios da regi\u00e3o. Desde cer\u00e2micas artesanais a ilustra\u00e7\u00f5es exclusivas, cada item conta uma hist\u00f3ria \u00fanica.<\/span><\/p>\t\t\t\t\t\t\t\t<\/div>\n\t\t\t\t<\/div>\n\t\t\t\t<div class=\"elementor-element elementor-element-fc50bae elementor-widget elementor-widget-image\" data-id=\"fc50bae\" data-element_type=\"widget\" data-widget_type=\"image.default\">\n\t\t\t\t<div class=\"elementor-widget-container\">\n\t\t\t\t\t\t\t\t\t\t\t\t\t\t\t<img decoding=\"async\" width=\"800\" height=\"481\" src=\"https:\/\/thebestofporto.com\/wp-content\/uploads\/2025\/01\/negocio_local-09.webp\" class=\"attachment-large size-large wp-image-10304\" alt=\"\" srcset=\"https:\/\/thebestofporto.com\/wp-content\/uploads\/2025\/01\/negocio_local-09.webp 800w, https:\/\/thebestofporto.com\/wp-content\/uploads\/2025\/01\/negocio_local-09-300x180.webp 300w, https:\/\/thebestofporto.com\/wp-content\/uploads\/2025\/01\/negocio_local-09-768x462.webp 768w, https:\/\/thebestofporto.com\/wp-content\/uploads\/2025\/01\/negocio_local-09-18x12.webp 18w\" sizes=\"(max-width:767px) 480px, (max-width:800px) 100vw, 800px\" \/>\t\t\t\t\t\t\t\t\t\t\t\t\t\t\t<\/div>\n\t\t\t\t<\/div>\n\t\t\t\t<div class=\"elementor-element elementor-element-813cf4f elementor-widget elementor-widget-text-editor\" data-id=\"813cf4f\" data-element_type=\"widget\" data-widget_type=\"text-editor.default\">\n\t\t\t\t<div class=\"elementor-widget-container\">\n\t\t\t\t\t\t\t\t\t<h4><b>Mercado 48<\/b><\/h4><p><span style=\"font-weight: 400;\">Este espa\u00e7o \u00e9 perfeito para quem procura artigos originais de pequenos produtores portugueses. Localizado na Rua da Concei\u00e7\u00e3o, o Mercado 48 tem uma sele\u00e7\u00e3o de produtos que vai desde roupa e acess\u00f3rios at\u00e9 \u00e0s mais criativas op\u00e7\u00f5es de presentes.<\/span><\/p>\t\t\t\t\t\t\t\t<\/div>\n\t\t\t\t<\/div>\n\t\t\t\t<div class=\"elementor-element elementor-element-44b04d8 elementor-widget elementor-widget-image\" data-id=\"44b04d8\" data-element_type=\"widget\" data-widget_type=\"image.default\">\n\t\t\t\t<div class=\"elementor-widget-container\">\n\t\t\t\t\t\t\t\t\t\t\t\t\t\t\t<img decoding=\"async\" width=\"800\" height=\"481\" src=\"https:\/\/thebestofporto.com\/wp-content\/uploads\/2025\/01\/negocio_local-07.webp\" class=\"attachment-large size-large wp-image-10305\" alt=\"\" srcset=\"https:\/\/thebestofporto.com\/wp-content\/uploads\/2025\/01\/negocio_local-07.webp 800w, https:\/\/thebestofporto.com\/wp-content\/uploads\/2025\/01\/negocio_local-07-300x180.webp 300w, https:\/\/thebestofporto.com\/wp-content\/uploads\/2025\/01\/negocio_local-07-768x462.webp 768w, https:\/\/thebestofporto.com\/wp-content\/uploads\/2025\/01\/negocio_local-07-18x12.webp 18w\" sizes=\"(max-width:767px) 480px, (max-width:800px) 100vw, 800px\" \/>\t\t\t\t\t\t\t\t\t\t\t\t\t\t\t<\/div>\n\t\t\t\t<\/div>\n\t\t\t\t<div class=\"elementor-element elementor-element-bceea29 elementor-widget elementor-widget-text-editor\" data-id=\"bceea29\" data-element_type=\"widget\" data-widget_type=\"text-editor.default\">\n\t\t\t\t<div class=\"elementor-widget-container\">\n\t\t\t\t\t\t\t\t\t<h4><b>Fine&amp;Candy<\/b><\/h4><p><span style=\"font-weight: 400;\">Para os amantes de papelaria e artigos de escrita, a Fine&amp;Candy \u00e9 uma paragem obrigat\u00f3ria. Este pequeno neg\u00f3cio local oferece produtos de luxo, desde cadernos feitos \u00e0 m\u00e3o a canetas exclusivas, perfeitos para quem aprecia o detalhe e a qualidade.<\/span><\/p>\t\t\t\t\t\t\t\t<\/div>\n\t\t\t\t<\/div>\n\t\t\t\t<div class=\"elementor-element elementor-element-1164f78 elementor-widget elementor-widget-image\" data-id=\"1164f78\" data-element_type=\"widget\" data-widget_type=\"image.default\">\n\t\t\t\t<div class=\"elementor-widget-container\">\n\t\t\t\t\t\t\t\t\t\t\t\t\t\t\t<img loading=\"lazy\" decoding=\"async\" width=\"800\" height=\"481\" src=\"https:\/\/thebestofporto.com\/wp-content\/uploads\/2024\/12\/negocio_local-05.webp\" class=\"attachment-large size-large wp-image-10301\" alt=\"\" srcset=\"https:\/\/thebestofporto.com\/wp-content\/uploads\/2024\/12\/negocio_local-05.webp 800w, https:\/\/thebestofporto.com\/wp-content\/uploads\/2024\/12\/negocio_local-05-300x180.webp 300w, https:\/\/thebestofporto.com\/wp-content\/uploads\/2024\/12\/negocio_local-05-768x462.webp 768w, https:\/\/thebestofporto.com\/wp-content\/uploads\/2024\/12\/negocio_local-05-18x12.webp 18w\" sizes=\"(max-width:767px) 480px, (max-width:800px) 100vw, 800px\" \/>\t\t\t\t\t\t\t\t\t\t\t\t\t\t\t<\/div>\n\t\t\t\t<\/div>\n\t\t\t\t<div class=\"elementor-element elementor-element-4b75205 elementor-widget elementor-widget-text-editor\" data-id=\"4b75205\" data-element_type=\"widget\" data-widget_type=\"text-editor.default\">\n\t\t\t\t<div class=\"elementor-widget-container\">\n\t\t\t\t\t\t\t\t\t<h4><b>Porto Belo Market<\/b><\/h4><p><span style=\"font-weight: 400;\">Embora n\u00e3o seja uma loja fixa, o mercado Porto Belo \u00e9 um excelente exemplo de como pequenos neg\u00f3cios locais ganham vida. Realizado aos s\u00e1bados na Pra\u00e7a de Carlos Alberto, este mercado apresenta uma variedade de bancas com produtos que v\u00e3o desde antiguidades a cria\u00e7\u00f5es modernas de artistas e artes\u00e3os.<\/span><\/p>\t\t\t\t\t\t\t\t<\/div>\n\t\t\t\t<\/div>\n\t\t\t\t<div class=\"elementor-element elementor-element-12e6b79 elementor-widget elementor-widget-image\" data-id=\"12e6b79\" data-element_type=\"widget\" data-widget_type=\"image.default\">\n\t\t\t\t<div class=\"elementor-widget-container\">\n\t\t\t\t\t\t\t\t\t\t\t\t\t\t\t<img loading=\"lazy\" decoding=\"async\" width=\"800\" height=\"481\" src=\"https:\/\/thebestofporto.com\/wp-content\/uploads\/2024\/12\/negocio_local-06.webp\" class=\"attachment-large size-large wp-image-10302\" alt=\"\" srcset=\"https:\/\/thebestofporto.com\/wp-content\/uploads\/2024\/12\/negocio_local-06.webp 800w, https:\/\/thebestofporto.com\/wp-content\/uploads\/2024\/12\/negocio_local-06-300x180.webp 300w, https:\/\/thebestofporto.com\/wp-content\/uploads\/2024\/12\/negocio_local-06-768x462.webp 768w, https:\/\/thebestofporto.com\/wp-content\/uploads\/2024\/12\/negocio_local-06-18x12.webp 18w\" sizes=\"(max-width:767px) 480px, (max-width:800px) 100vw, 800px\" \/>\t\t\t\t\t\t\t\t\t\t\t\t\t\t\t<\/div>\n\t\t\t\t<\/div>\n\t\t\t\t<div class=\"elementor-element elementor-element-fef7f93 elementor-widget elementor-widget-text-editor\" data-id=\"fef7f93\" data-element_type=\"widget\" data-widget_type=\"text-editor.default\">\n\t\t\t\t<div class=\"elementor-widget-container\">\n\t\t\t\t\t\t\t\t\t<h4><b>Chocolataria Equador<\/b><\/h4><p><span style=\"font-weight: 400;\">Especialista em chocolates artesanais, a Chocolataria Equador \u00e9 uma marca portuense que aposta na qualidade e no design cuidado das suas embalagens. \u00c9 uma excelente op\u00e7\u00e3o para quem quer oferecer um presente especial ou simplesmente deliciar-se com chocolate de alta qualidade.<\/span><\/p>\t\t\t\t\t\t\t\t<\/div>\n\t\t\t\t<\/div>\n\t\t\t\t<div class=\"elementor-element elementor-element-d8c5844 elementor-widget elementor-widget-image\" data-id=\"d8c5844\" data-element_type=\"widget\" data-widget_type=\"image.default\">\n\t\t\t\t<div class=\"elementor-widget-container\">\n\t\t\t\t\t\t\t\t\t\t\t\t\t\t\t<img loading=\"lazy\" decoding=\"async\" width=\"800\" height=\"481\" src=\"https:\/\/thebestofporto.com\/wp-content\/uploads\/2024\/12\/negocio_local-04.webp\" class=\"attachment-large size-large wp-image-10300\" alt=\"\" srcset=\"https:\/\/thebestofporto.com\/wp-content\/uploads\/2024\/12\/negocio_local-04.webp 800w, https:\/\/thebestofporto.com\/wp-content\/uploads\/2024\/12\/negocio_local-04-300x180.webp 300w, https:\/\/thebestofporto.com\/wp-content\/uploads\/2024\/12\/negocio_local-04-768x462.webp 768w, https:\/\/thebestofporto.com\/wp-content\/uploads\/2024\/12\/negocio_local-04-18x12.webp 18w\" sizes=\"(max-width:767px) 480px, (max-width:800px) 100vw, 800px\" \/>\t\t\t\t\t\t\t\t\t\t\t\t\t\t\t<\/div>\n\t\t\t\t<\/div>\n\t\t\t\t<div class=\"elementor-element elementor-element-fb54590 elementor-widget elementor-widget-text-editor\" data-id=\"fb54590\" data-element_type=\"widget\" data-widget_type=\"text-editor.default\">\n\t\t\t\t<div class=\"elementor-widget-container\">\n\t\t\t\t\t\t\t\t\t<h4><b>UR brand<\/b><\/h4><p><span style=\"font-weight: 400;\">A UR Brand \u00e9 uma loja localizada no cora\u00e7\u00e3o do Porto, que combina moda urbana com originalidade e sustentabilidade. Conhecida pelo seu design exclusivo, oferece pe\u00e7as de vestu\u00e1rio e acess\u00f3rios que refletem o estilo moderno e consciente. Al\u00e9m disso, valoriza marcas locais e produ\u00e7\u00e3o \u00e9tica, tornando-se um ponto de refer\u00eancia para quem busca qualidade e autenticidade.<\/span><\/p>\t\t\t\t\t\t\t\t<\/div>\n\t\t\t\t<\/div>\n\t\t\t\t<div class=\"elementor-element elementor-element-2a41c3a elementor-widget elementor-widget-image\" data-id=\"2a41c3a\" data-element_type=\"widget\" data-widget_type=\"image.default\">\n\t\t\t\t<div class=\"elementor-widget-container\">\n\t\t\t\t\t\t\t\t\t\t\t\t\t\t\t<img loading=\"lazy\" decoding=\"async\" width=\"801\" height=\"481\" src=\"https:\/\/thebestofporto.com\/wp-content\/uploads\/2025\/01\/negocio_local-08.webp\" class=\"attachment-large size-large wp-image-10306\" alt=\"\" srcset=\"https:\/\/thebestofporto.com\/wp-content\/uploads\/2025\/01\/negocio_local-08.webp 801w, https:\/\/thebestofporto.com\/wp-content\/uploads\/2025\/01\/negocio_local-08-300x180.webp 300w, https:\/\/thebestofporto.com\/wp-content\/uploads\/2025\/01\/negocio_local-08-768x461.webp 768w, https:\/\/thebestofporto.com\/wp-content\/uploads\/2025\/01\/negocio_local-08-18x12.webp 18w\" sizes=\"(max-width:767px) 480px, (max-width:801px) 100vw, 801px\" \/>\t\t\t\t\t\t\t\t\t\t\t\t\t\t\t<\/div>\n\t\t\t\t<\/div>\n\t\t\t\t\t<\/div>\n\t\t\t\t<\/div>\n\t\t<div class=\"elementor-element elementor-element-75e860b e-flex e-con-boxed e-con e-parent\" data-id=\"75e860b\" data-element_type=\"container\">\n\t\t\t\t\t<div class=\"e-con-inner\">\n\t\t\t\t<div class=\"elementor-element elementor-element-a7cf061 elementor-widget elementor-widget-spacer\" data-id=\"a7cf061\" data-element_type=\"widget\" data-widget_type=\"spacer.default\">\n\t\t\t\t<div class=\"elementor-widget-container\">\n\t\t\t\t\t\t\t<div class=\"elementor-spacer\">\n\t\t\t<div class=\"elementor-spacer-inner\"><\/div>\n\t\t<\/div>\n\t\t\t\t\t\t<\/div>\n\t\t\t\t<\/div>\n\t\t\t\t\t<\/div>\n\t\t\t\t<\/div>\n\t\t<div class=\"elementor-element elementor-element-1dc06eb e-flex e-con-boxed e-con e-parent\" data-id=\"1dc06eb\" data-element_type=\"container\">\n\t\t\t\t\t<div class=\"e-con-inner\">\n\t\t\t\t<div class=\"elementor-element elementor-element-1931b29 elementor-align-center elementor-widget elementor-widget-button\" data-id=\"1931b29\" data-element_type=\"widget\" data-widget_type=\"button.default\">\n\t\t\t\t<div class=\"elementor-widget-container\">\n\t\t\t\t\t\t\t\t\t<div class=\"elementor-button-wrapper\">\n\t\t\t\t\t<a class=\"elementor-button elementor-button-link elementor-size-sm\" href=\"https:\/\/thebestofporto.com\/pt\/blog\/\">\n\t\t\t\t\t\t<span class=\"elementor-button-content-wrapper\">\n\t\t\t\t\t\t\t\t\t<span class=\"elementor-button-text\">Ver todos os artigos<\/span>\n\t\t\t\t\t<\/span>\n\t\t\t\t\t<\/a>\n\t\t\t\t<\/div>\n\t\t\t\t\t\t\t\t<\/div>\n\t\t\t\t<\/div>\n\t\t\t\t\t<\/div>\n\t\t\t\t<\/div>\n\t\t\t\t<\/div>","protected":false},"excerpt":{"rendered":"<p>Apoiar pequenos neg\u00f3cios \u00e9 essencial para manter viva a economia local e incentivar o crescimento da comunidade. O<span class=\"excerpt-hellip\"> [\u2026]<\/span><\/p>","protected":false},"author":1,"featured_media":10298,"comment_status":"closed","ping_status":"closed","sticky":false,"template":"","format":"standard","meta":{"_acf_changed":false,"footnotes":""},"categories":[123],"tags":[],"filtros":[],"class_list":["post-10296","post","type-post","status-publish","format-standard","has-post-thumbnail","hentry","category-articles"],"acf":[],"yoast_head":"<!-- This site is optimized with the Yoast SEO plugin v26.7 - https:\/\/yoast.com\/wordpress\/plugins\/seo\/ -->\n<title>Pequenos Neg\u00f3cios Locais no Porto para Apoiar em 2025 - The Best of Porto<\/title>\n<meta name=\"robots\" content=\"index, follow, max-snippet:-1, max-image-preview:large, max-video-preview:-1\" \/>\n<link rel=\"canonical\" href=\"https:\/\/thebestofporto.com\/pt\/pequenos-negocios-locais-no-porto-para-apoiar-em-2025\/\" \/>\n<meta property=\"og:locale\" content=\"pt_PT\" \/>\n<meta property=\"og:type\" content=\"article\" \/>\n<meta property=\"og:title\" content=\"Pequenos Neg\u00f3cios Locais no Porto para Apoiar em 2025 - The Best of Porto\" \/>\n<meta property=\"og:description\" content=\"Apoiar pequenos neg\u00f3cios \u00e9 essencial para manter viva a economia local e incentivar o crescimento da comunidade. O [\u2026]\" \/>\n<meta property=\"og:url\" content=\"https:\/\/thebestofporto.com\/pt\/pequenos-negocios-locais-no-porto-para-apoiar-em-2025\/\" \/>\n<meta property=\"og:site_name\" content=\"The Best of Porto\" \/>\n<meta property=\"article:published_time\" content=\"2025-01-16T15:00:00+00:00\" \/>\n<meta property=\"article:modified_time\" content=\"2025-01-17T11:20:40+00:00\" \/>\n<meta property=\"og:image\" content=\"https:\/\/thebestofporto.com\/wp-content\/uploads\/2024\/12\/negocio_local-02.webp\" \/>\n\t<meta property=\"og:image:width\" content=\"800\" \/>\n\t<meta property=\"og:image:height\" content=\"481\" \/>\n\t<meta property=\"og:image:type\" content=\"image\/webp\" \/>\n<meta name=\"author\" content=\"admin\" \/>\n<meta name=\"twitter:card\" content=\"summary_large_image\" \/>\n<meta name=\"twitter:label1\" content=\"Escrito por\" \/>\n\t<meta name=\"twitter:data1\" content=\"admin\" \/>\n\t<meta name=\"twitter:label2\" content=\"Tempo estimado de leitura\" \/>\n\t<meta name=\"twitter:data2\" content=\"4 minutos\" \/>\n<script type=\"application\/ld+json\" class=\"yoast-schema-graph\">{\"@context\":\"https:\/\/schema.org\",\"@graph\":[{\"@type\":\"Article\",\"@id\":\"https:\/\/thebestofporto.com\/pequenos-negocios-locais-no-porto-para-apoiar-em-2025\/#article\",\"isPartOf\":{\"@id\":\"https:\/\/thebestofporto.com\/pequenos-negocios-locais-no-porto-para-apoiar-em-2025\/\"},\"author\":{\"name\":\"admin\",\"@id\":\"https:\/\/thebestofporto.com\/#\/schema\/person\/04b3a2223d8527f0c6297ca6767266f7\"},\"headline\":\"Pequenos Neg\u00f3cios Locais no Porto para Apoiar em 2025\",\"datePublished\":\"2025-01-16T15:00:00+00:00\",\"dateModified\":\"2025-01-17T11:20:40+00:00\",\"mainEntityOfPage\":{\"@id\":\"https:\/\/thebestofporto.com\/pequenos-negocios-locais-no-porto-para-apoiar-em-2025\/\"},\"wordCount\":431,\"publisher\":{\"@id\":\"https:\/\/thebestofporto.com\/#organization\"},\"image\":{\"@id\":\"https:\/\/thebestofporto.com\/pequenos-negocios-locais-no-porto-para-apoiar-em-2025\/#primaryimage\"},\"thumbnailUrl\":\"https:\/\/thebestofporto.com\/wp-content\/uploads\/2024\/12\/negocio_local-02.webp\",\"articleSection\":[\"Articles\"],\"inLanguage\":\"pt-PT\"},{\"@type\":\"WebPage\",\"@id\":\"https:\/\/thebestofporto.com\/pequenos-negocios-locais-no-porto-para-apoiar-em-2025\/\",\"url\":\"https:\/\/thebestofporto.com\/pequenos-negocios-locais-no-porto-para-apoiar-em-2025\/\",\"name\":\"Pequenos Neg\u00f3cios Locais no Porto para Apoiar em 2025 - The Best of Porto\",\"isPartOf\":{\"@id\":\"https:\/\/thebestofporto.com\/#website\"},\"primaryImageOfPage\":{\"@id\":\"https:\/\/thebestofporto.com\/pequenos-negocios-locais-no-porto-para-apoiar-em-2025\/#primaryimage\"},\"image\":{\"@id\":\"https:\/\/thebestofporto.com\/pequenos-negocios-locais-no-porto-para-apoiar-em-2025\/#primaryimage\"},\"thumbnailUrl\":\"https:\/\/thebestofporto.com\/wp-content\/uploads\/2024\/12\/negocio_local-02.webp\",\"datePublished\":\"2025-01-16T15:00:00+00:00\",\"dateModified\":\"2025-01-17T11:20:40+00:00\",\"breadcrumb\":{\"@id\":\"https:\/\/thebestofporto.com\/pequenos-negocios-locais-no-porto-para-apoiar-em-2025\/#breadcrumb\"},\"inLanguage\":\"pt-PT\",\"potentialAction\":[{\"@type\":\"ReadAction\",\"target\":[\"https:\/\/thebestofporto.com\/pequenos-negocios-locais-no-porto-para-apoiar-em-2025\/\"]}]},{\"@type\":\"ImageObject\",\"inLanguage\":\"pt-PT\",\"@id\":\"https:\/\/thebestofporto.com\/pequenos-negocios-locais-no-porto-para-apoiar-em-2025\/#primaryimage\",\"url\":\"https:\/\/thebestofporto.com\/wp-content\/uploads\/2024\/12\/negocio_local-02.webp\",\"contentUrl\":\"https:\/\/thebestofporto.com\/wp-content\/uploads\/2024\/12\/negocio_local-02.webp\",\"width\":800,\"height\":481},{\"@type\":\"BreadcrumbList\",\"@id\":\"https:\/\/thebestofporto.com\/pequenos-negocios-locais-no-porto-para-apoiar-em-2025\/#breadcrumb\",\"itemListElement\":[{\"@type\":\"ListItem\",\"position\":1,\"name\":\"In\u00edcio\",\"item\":\"https:\/\/thebestofporto.com\/\"},{\"@type\":\"ListItem\",\"position\":2,\"name\":\"Pequenos Neg\u00f3cios Locais no Porto para Apoiar em 2025\"}]},{\"@type\":\"WebSite\",\"@id\":\"https:\/\/thebestofporto.com\/#website\",\"url\":\"https:\/\/thebestofporto.com\/\",\"name\":\"The Best of Porto\",\"description\":\"\",\"publisher\":{\"@id\":\"https:\/\/thebestofporto.com\/#organization\"},\"potentialAction\":[{\"@type\":\"SearchAction\",\"target\":{\"@type\":\"EntryPoint\",\"urlTemplate\":\"https:\/\/thebestofporto.com\/?s={search_term_string}\"},\"query-input\":{\"@type\":\"PropertyValueSpecification\",\"valueRequired\":true,\"valueName\":\"search_term_string\"}}],\"inLanguage\":\"pt-PT\"},{\"@type\":\"Organization\",\"@id\":\"https:\/\/thebestofporto.com\/#organization\",\"name\":\"The Best of Porto\",\"url\":\"https:\/\/thebestofporto.com\/\",\"logo\":{\"@type\":\"ImageObject\",\"inLanguage\":\"pt-PT\",\"@id\":\"https:\/\/thebestofporto.com\/#\/schema\/logo\/image\/\",\"url\":\"https:\/\/thebestofporto.com\/wp-content\/uploads\/2024\/05\/logo.png\",\"contentUrl\":\"https:\/\/thebestofporto.com\/wp-content\/uploads\/2024\/05\/logo.png\",\"width\":5076,\"height\":1463,\"caption\":\"The Best of Porto\"},\"image\":{\"@id\":\"https:\/\/thebestofporto.com\/#\/schema\/logo\/image\/\"}},{\"@type\":\"Person\",\"@id\":\"https:\/\/thebestofporto.com\/#\/schema\/person\/04b3a2223d8527f0c6297ca6767266f7\",\"name\":\"admin\",\"image\":{\"@type\":\"ImageObject\",\"inLanguage\":\"pt-PT\",\"@id\":\"https:\/\/thebestofporto.com\/#\/schema\/person\/image\/\",\"url\":\"https:\/\/secure.gravatar.com\/avatar\/193e2977da320450cf56b1b093dd5b7286cdbaf6ad5201ab3cda69b78b13b458?s=96&d=mm&r=g\",\"contentUrl\":\"https:\/\/secure.gravatar.com\/avatar\/193e2977da320450cf56b1b093dd5b7286cdbaf6ad5201ab3cda69b78b13b458?s=96&d=mm&r=g\",\"caption\":\"admin\"},\"sameAs\":[\"https:\/\/thebestofporto.com\"],\"url\":\"https:\/\/thebestofporto.com\/pt\/author\/admin_l3zak26a\/\"}]}<\/script>\n<!-- \/ Yoast SEO plugin. -->","yoast_head_json":{"title":"Pequenos Neg\u00f3cios Locais no Porto para Apoiar em 2025 - The Best of Porto","robots":{"index":"index","follow":"follow","max-snippet":"max-snippet:-1","max-image-preview":"max-image-preview:large","max-video-preview":"max-video-preview:-1"},"canonical":"https:\/\/thebestofporto.com\/pt\/pequenos-negocios-locais-no-porto-para-apoiar-em-2025\/","og_locale":"pt_PT","og_type":"article","og_title":"Pequenos Neg\u00f3cios Locais no Porto para Apoiar em 2025 - The Best of Porto","og_description":"Apoiar pequenos neg\u00f3cios \u00e9 essencial para manter viva a economia local e incentivar o crescimento da comunidade. O [\u2026]","og_url":"https:\/\/thebestofporto.com\/pt\/pequenos-negocios-locais-no-porto-para-apoiar-em-2025\/","og_site_name":"The Best of Porto","article_published_time":"2025-01-16T15:00:00+00:00","article_modified_time":"2025-01-17T11:20:40+00:00","og_image":[{"width":800,"height":481,"url":"https:\/\/thebestofporto.com\/wp-content\/uploads\/2024\/12\/negocio_local-02.webp","type":"image\/webp"}],"author":"admin","twitter_card":"summary_large_image","twitter_misc":{"Escrito por":"admin","Tempo estimado de leitura":"4 minutos"},"schema":{"@context":"https:\/\/schema.org","@graph":[{"@type":"Article","@id":"https:\/\/thebestofporto.com\/pequenos-negocios-locais-no-porto-para-apoiar-em-2025\/#article","isPartOf":{"@id":"https:\/\/thebestofporto.com\/pequenos-negocios-locais-no-porto-para-apoiar-em-2025\/"},"author":{"name":"admin","@id":"https:\/\/thebestofporto.com\/#\/schema\/person\/04b3a2223d8527f0c6297ca6767266f7"},"headline":"Pequenos Neg\u00f3cios Locais no Porto para Apoiar em 2025","datePublished":"2025-01-16T15:00:00+00:00","dateModified":"2025-01-17T11:20:40+00:00","mainEntityOfPage":{"@id":"https:\/\/thebestofporto.com\/pequenos-negocios-locais-no-porto-para-apoiar-em-2025\/"},"wordCount":431,"publisher":{"@id":"https:\/\/thebestofporto.com\/#organization"},"image":{"@id":"https:\/\/thebestofporto.com\/pequenos-negocios-locais-no-porto-para-apoiar-em-2025\/#primaryimage"},"thumbnailUrl":"https:\/\/thebestofporto.com\/wp-content\/uploads\/2024\/12\/negocio_local-02.webp","articleSection":["Articles"],"inLanguage":"pt-PT"},{"@type":"WebPage","@id":"https:\/\/thebestofporto.com\/pequenos-negocios-locais-no-porto-para-apoiar-em-2025\/","url":"https:\/\/thebestofporto.com\/pequenos-negocios-locais-no-porto-para-apoiar-em-2025\/","name":"Pequenos Neg\u00f3cios Locais no Porto para Apoiar em 2025 - The Best of Porto","isPartOf":{"@id":"https:\/\/thebestofporto.com\/#website"},"primaryImageOfPage":{"@id":"https:\/\/thebestofporto.com\/pequenos-negocios-locais-no-porto-para-apoiar-em-2025\/#primaryimage"},"image":{"@id":"https:\/\/thebestofporto.com\/pequenos-negocios-locais-no-porto-para-apoiar-em-2025\/#primaryimage"},"thumbnailUrl":"https:\/\/thebestofporto.com\/wp-content\/uploads\/2024\/12\/negocio_local-02.webp","datePublished":"2025-01-16T15:00:00+00:00","dateModified":"2025-01-17T11:20:40+00:00","breadcrumb":{"@id":"https:\/\/thebestofporto.com\/pequenos-negocios-locais-no-porto-para-apoiar-em-2025\/#breadcrumb"},"inLanguage":"pt-PT","potentialAction":[{"@type":"ReadAction","target":["https:\/\/thebestofporto.com\/pequenos-negocios-locais-no-porto-para-apoiar-em-2025\/"]}]},{"@type":"ImageObject","inLanguage":"pt-PT","@id":"https:\/\/thebestofporto.com\/pequenos-negocios-locais-no-porto-para-apoiar-em-2025\/#primaryimage","url":"https:\/\/thebestofporto.com\/wp-content\/uploads\/2024\/12\/negocio_local-02.webp","contentUrl":"https:\/\/thebestofporto.com\/wp-content\/uploads\/2024\/12\/negocio_local-02.webp","width":800,"height":481},{"@type":"BreadcrumbList","@id":"https:\/\/thebestofporto.com\/pequenos-negocios-locais-no-porto-para-apoiar-em-2025\/#breadcrumb","itemListElement":[{"@type":"ListItem","position":1,"name":"In\u00edcio","item":"https:\/\/thebestofporto.com\/"},{"@type":"ListItem","position":2,"name":"Pequenos Neg\u00f3cios Locais no Porto para Apoiar em 2025"}]},{"@type":"WebSite","@id":"https:\/\/thebestofporto.com\/#website","url":"https:\/\/thebestofporto.com\/","name":"The Best of Porto","description":"","publisher":{"@id":"https:\/\/thebestofporto.com\/#organization"},"potentialAction":[{"@type":"SearchAction","target":{"@type":"EntryPoint","urlTemplate":"https:\/\/thebestofporto.com\/?s={search_term_string}"},"query-input":{"@type":"PropertyValueSpecification","valueRequired":true,"valueName":"search_term_string"}}],"inLanguage":"pt-PT"},{"@type":"Organization","@id":"https:\/\/thebestofporto.com\/#organization","name":"The Best of Porto","url":"https:\/\/thebestofporto.com\/","logo":{"@type":"ImageObject","inLanguage":"pt-PT","@id":"https:\/\/thebestofporto.com\/#\/schema\/logo\/image\/","url":"https:\/\/thebestofporto.com\/wp-content\/uploads\/2024\/05\/logo.png","contentUrl":"https:\/\/thebestofporto.com\/wp-content\/uploads\/2024\/05\/logo.png","width":5076,"height":1463,"caption":"The Best of Porto"},"image":{"@id":"https:\/\/thebestofporto.com\/#\/schema\/logo\/image\/"}},{"@type":"Person","@id":"https:\/\/thebestofporto.com\/#\/schema\/person\/04b3a2223d8527f0c6297ca6767266f7","name":"admin","image":{"@type":"ImageObject","inLanguage":"pt-PT","@id":"https:\/\/thebestofporto.com\/#\/schema\/person\/image\/","url":"https:\/\/secure.gravatar.com\/avatar\/193e2977da320450cf56b1b093dd5b7286cdbaf6ad5201ab3cda69b78b13b458?s=96&d=mm&r=g","contentUrl":"https:\/\/secure.gravatar.com\/avatar\/193e2977da320450cf56b1b093dd5b7286cdbaf6ad5201ab3cda69b78b13b458?s=96&d=mm&r=g","caption":"admin"},"sameAs":["https:\/\/thebestofporto.com"],"url":"https:\/\/thebestofporto.com\/pt\/author\/admin_l3zak26a\/"}]}},"_links":{"self":[{"href":"https:\/\/thebestofporto.com\/pt\/wp-json\/wp\/v2\/posts\/10296","targetHints":{"allow":["GET"]}}],"collection":[{"href":"https:\/\/thebestofporto.com\/pt\/wp-json\/wp\/v2\/posts"}],"about":[{"href":"https:\/\/thebestofporto.com\/pt\/wp-json\/wp\/v2\/types\/post"}],"author":[{"embeddable":true,"href":"https:\/\/thebestofporto.com\/pt\/wp-json\/wp\/v2\/users\/1"}],"replies":[{"embeddable":true,"href":"https:\/\/thebestofporto.com\/pt\/wp-json\/wp\/v2\/comments?post=10296"}],"version-history":[{"count":10,"href":"https:\/\/thebestofporto.com\/pt\/wp-json\/wp\/v2\/posts\/10296\/revisions"}],"predecessor-version":[{"id":10316,"href":"https:\/\/thebestofporto.com\/pt\/wp-json\/wp\/v2\/posts\/10296\/revisions\/10316"}],"wp:featuredmedia":[{"embeddable":true,"href":"https:\/\/thebestofporto.com\/pt\/wp-json\/wp\/v2\/media\/10298"}],"wp:attachment":[{"href":"https:\/\/thebestofporto.com\/pt\/wp-json\/wp\/v2\/media?parent=10296"}],"wp:term":[{"taxonomy":"category","embeddable":true,"href":"https:\/\/thebestofporto.com\/pt\/wp-json\/wp\/v2\/categories?post=10296"},{"taxonomy":"post_tag","embeddable":true,"href":"https:\/\/thebestofporto.com\/pt\/wp-json\/wp\/v2\/tags?post=10296"},{"taxonomy":"filtros","embeddable":true,"href":"https:\/\/thebestofporto.com\/pt\/wp-json\/wp\/v2\/filtros?post=10296"}],"curies":[{"name":"wp","href":"https:\/\/api.w.org\/{rel}","templated":true}]}}