{"id":10330,"date":"2025-01-30T12:00:00","date_gmt":"2025-01-30T12:00:00","guid":{"rendered":"https:\/\/thebestofporto.com\/?p=10330"},"modified":"2025-01-31T17:03:40","modified_gmt":"2025-01-31T17:03:40","slug":"os-melhores-cafes-e-casas-de-cha-do-porto-para-dias-frios","status":"publish","type":"post","link":"https:\/\/thebestofporto.com\/pt\/os-melhores-cafes-e-casas-de-cha-do-porto-para-dias-frios\/","title":{"rendered":"Os Melhores Caf\u00e9s e Casas de Ch\u00e1 do Porto para Dias Frios"},"content":{"rendered":"<div data-elementor-type=\"wp-post\" data-elementor-id=\"10330\" class=\"elementor elementor-10330\">\n\t\t\t\t<div class=\"elementor-element elementor-element-5fbb754 e-flex e-con-boxed e-con e-parent\" data-id=\"5fbb754\" data-element_type=\"container\">\n\t\t\t\t\t<div class=\"e-con-inner\">\n\t\t\t\t<div class=\"elementor-element elementor-element-1975f78 elementor-widget elementor-widget-spacer\" data-id=\"1975f78\" data-element_type=\"widget\" data-widget_type=\"spacer.default\">\n\t\t\t\t<div class=\"elementor-widget-container\">\n\t\t\t\t\t\t\t<div class=\"elementor-spacer\">\n\t\t\t<div class=\"elementor-spacer-inner\"><\/div>\n\t\t<\/div>\n\t\t\t\t\t\t<\/div>\n\t\t\t\t<\/div>\n\t\t\t\t\t<\/div>\n\t\t\t\t<\/div>\n\t\t<div class=\"elementor-element elementor-element-f9afb4b e-flex e-con-boxed e-con e-parent\" data-id=\"f9afb4b\" data-element_type=\"container\">\n\t\t\t\t\t<div class=\"e-con-inner\">\n\t\t\t\t<div class=\"elementor-element elementor-element-0f28042 elementor-widget elementor-widget-text-editor\" data-id=\"0f28042\" data-element_type=\"widget\" data-widget_type=\"text-editor.default\">\n\t\t\t\t<div class=\"elementor-widget-container\">\n\t\t\t\t\t\t\t\t\t<p><span style=\"font-weight: 400;\">O Porto, com as suas ruas de pedra e o clima muitas vezes chuvoso e fresco, \u00e9 o local perfeito para desfrutar de um caf\u00e9 ou ch\u00e1 quente em boa companhia. A cidade est\u00e1 repleta de locais acolhedores que oferecem bebidas quentes, bolos deliciosos e uma atmosfera \u00fanica. A seguir, destacamos algumas das melhores op\u00e7\u00f5es para os dias frios.<\/span><\/p>\t\t\t\t\t\t\t\t<\/div>\n\t\t\t\t<\/div>\n\t\t\t\t\t<\/div>\n\t\t\t\t<\/div>\n\t\t<div class=\"elementor-element elementor-element-28dc702 e-flex e-con-boxed e-con e-parent\" data-id=\"28dc702\" data-element_type=\"container\">\n\t\t\t\t\t<div class=\"e-con-inner\">\n\t\t\t\t<div class=\"elementor-element elementor-element-754c9dc elementor-widget elementor-widget-text-editor\" data-id=\"754c9dc\" data-element_type=\"widget\" data-widget_type=\"text-editor.default\">\n\t\t\t\t<div class=\"elementor-widget-container\">\n\t\t\t\t\t\t\t\t\t<h4><b>Cam\u00e9lia Brunch Garden<\/b><\/h4><p><span style=\"font-weight: 400;\">Conhecida pelo seu ambiente moderno e acolhedor, a Cam\u00e9lia \u00e9 o local ideal para desfrutar de uma boa ta\u00e7a de ch\u00e1 ou caf\u00e9. Com um menu variado que inclui panquecas e outras del\u00edcias, este espa\u00e7o convida \u00e0 descontra\u00e7\u00e3o em qualquer dia frio.<\/span><\/p>\t\t\t\t\t\t\t\t<\/div>\n\t\t\t\t<\/div>\n\t\t\t\t<div class=\"elementor-element elementor-element-bf9ad30 elementor-widget elementor-widget-image\" data-id=\"bf9ad30\" data-element_type=\"widget\" data-widget_type=\"image.default\">\n\t\t\t\t<div class=\"elementor-widget-container\">\n\t\t\t\t\t\t\t\t\t\t\t\t\t\t\t<img fetchpriority=\"high\" decoding=\"async\" width=\"800\" height=\"480\" src=\"https:\/\/thebestofporto.com\/wp-content\/uploads\/2025\/01\/cafe_Prancheta-1-03.png\" class=\"attachment-large size-large wp-image-10333\" alt=\"\" srcset=\"https:\/\/thebestofporto.com\/wp-content\/uploads\/2025\/01\/cafe_Prancheta-1-03.png 800w, https:\/\/thebestofporto.com\/wp-content\/uploads\/2025\/01\/cafe_Prancheta-1-03-300x180.png 300w, https:\/\/thebestofporto.com\/wp-content\/uploads\/2025\/01\/cafe_Prancheta-1-03-768x461.png 768w, https:\/\/thebestofporto.com\/wp-content\/uploads\/2025\/01\/cafe_Prancheta-1-03-18x12.png 18w\" sizes=\"(max-width:767px) 480px, (max-width:800px) 100vw, 800px\" \/>\t\t\t\t\t\t\t\t\t\t\t\t\t\t\t<\/div>\n\t\t\t\t<\/div>\n\t\t\t\t\t<\/div>\n\t\t\t\t<\/div>\n\t\t<div class=\"elementor-element elementor-element-d225913 e-flex e-con-boxed e-con e-parent\" data-id=\"d225913\" data-element_type=\"container\">\n\t\t\t\t\t<div class=\"e-con-inner\">\n\t\t\t\t<div class=\"elementor-element elementor-element-376ee8d elementor-widget elementor-widget-text-editor\" data-id=\"376ee8d\" data-element_type=\"widget\" data-widget_type=\"text-editor.default\">\n\t\t\t\t<div class=\"elementor-widget-container\">\n\t\t\t\t\t\t\t\t\t<h4><b>The Bakery Club<\/b><\/h4><p><span style=\"font-weight: 400;\">Se procura um espa\u00e7o onde o cheiro de p\u00e3o fresco e bolachas acabadas de sair do forno seja irresist\u00edvel, o The Bakery Club \u00e9 uma excelente escolha. Este local combina o conforto de uma padaria artesanal com a sofistica\u00e7\u00e3o de um caf\u00e9 moderno. Nos dias frios, nada melhor do que saborear um ch\u00e1 quente ou um latte enquanto aprecia uma fatia de bolo caseiro ou um croissant quente.\u00a0<\/span><\/p>\t\t\t\t\t\t\t\t<\/div>\n\t\t\t\t<\/div>\n\t\t\t\t<div class=\"elementor-element elementor-element-6edb5bf elementor-widget elementor-widget-image\" data-id=\"6edb5bf\" data-element_type=\"widget\" data-widget_type=\"image.default\">\n\t\t\t\t<div class=\"elementor-widget-container\">\n\t\t\t\t\t\t\t\t\t\t\t\t\t\t\t<img decoding=\"async\" width=\"800\" height=\"480\" src=\"https:\/\/thebestofporto.com\/wp-content\/uploads\/2025\/01\/cafe_Prancheta-1-08.png\" class=\"attachment-large size-large wp-image-10338\" alt=\"\" srcset=\"https:\/\/thebestofporto.com\/wp-content\/uploads\/2025\/01\/cafe_Prancheta-1-08.png 800w, https:\/\/thebestofporto.com\/wp-content\/uploads\/2025\/01\/cafe_Prancheta-1-08-300x180.png 300w, https:\/\/thebestofporto.com\/wp-content\/uploads\/2025\/01\/cafe_Prancheta-1-08-768x461.png 768w, https:\/\/thebestofporto.com\/wp-content\/uploads\/2025\/01\/cafe_Prancheta-1-08-18x12.png 18w\" sizes=\"(max-width:767px) 480px, (max-width:800px) 100vw, 800px\" \/>\t\t\t\t\t\t\t\t\t\t\t\t\t\t\t<\/div>\n\t\t\t\t<\/div>\n\t\t\t\t<div class=\"elementor-element elementor-element-1d830bb elementor-widget elementor-widget-text-editor\" data-id=\"1d830bb\" data-element_type=\"widget\" data-widget_type=\"text-editor.default\">\n\t\t\t\t<div class=\"elementor-widget-container\">\n\t\t\t\t\t\t\t\t\t<h4><b>Zenith Brunch &amp; Cocktails<\/b><\/h4><p><span style=\"font-weight: 400;\">Embora conhecido pelo seu brunch, o Zenith tamb\u00e9m \u00e9 um \u00f3timo local para um caf\u00e9 quente nos dias frios. O ambiente acolhedor e a localiza\u00e7\u00e3o central tornam-no perfeito para uma pausa no inverno.<\/span><\/p>\t\t\t\t\t\t\t\t<\/div>\n\t\t\t\t<\/div>\n\t\t\t\t<div class=\"elementor-element elementor-element-d08bac5 elementor-widget elementor-widget-image\" data-id=\"d08bac5\" data-element_type=\"widget\" data-widget_type=\"image.default\">\n\t\t\t\t<div class=\"elementor-widget-container\">\n\t\t\t\t\t\t\t\t\t\t\t\t\t\t\t<img decoding=\"async\" width=\"800\" height=\"480\" src=\"https:\/\/thebestofporto.com\/wp-content\/uploads\/2025\/01\/cafe_Prancheta-1-07.png\" class=\"attachment-large size-large wp-image-10337\" alt=\"\" srcset=\"https:\/\/thebestofporto.com\/wp-content\/uploads\/2025\/01\/cafe_Prancheta-1-07.png 800w, https:\/\/thebestofporto.com\/wp-content\/uploads\/2025\/01\/cafe_Prancheta-1-07-300x180.png 300w, https:\/\/thebestofporto.com\/wp-content\/uploads\/2025\/01\/cafe_Prancheta-1-07-768x461.png 768w, https:\/\/thebestofporto.com\/wp-content\/uploads\/2025\/01\/cafe_Prancheta-1-07-18x12.png 18w\" sizes=\"(max-width:767px) 480px, (max-width:800px) 100vw, 800px\" \/>\t\t\t\t\t\t\t\t\t\t\t\t\t\t\t<\/div>\n\t\t\t\t<\/div>\n\t\t\t\t<div class=\"elementor-element elementor-element-ff69e47 elementor-widget elementor-widget-text-editor\" data-id=\"ff69e47\" data-element_type=\"widget\" data-widget_type=\"text-editor.default\">\n\t\t\t\t<div class=\"elementor-widget-container\">\n\t\t\t\t\t\t\t\t\t<h4><b>Caf\u00e9 Progresso<\/b><\/h4><p><span style=\"font-weight: 400;\">Com mais de um s\u00e9culo de hist\u00f3ria, o Caf\u00e9 Progresso \u00e9 uma refer\u00eancia no Porto. O seu caf\u00e9 \u00e9 de alta qualidade e o espa\u00e7o acolhedor \u00e9 ideal para um dia chuvoso. Al\u00e9m disso, o menu tamb\u00e9m oferece op\u00e7\u00f5es deliciosas para acompanhar a sua bebida quente.<\/span><\/p>\t\t\t\t\t\t\t\t<\/div>\n\t\t\t\t<\/div>\n\t\t\t\t<div class=\"elementor-element elementor-element-9484bda elementor-widget elementor-widget-image\" data-id=\"9484bda\" data-element_type=\"widget\" data-widget_type=\"image.default\">\n\t\t\t\t<div class=\"elementor-widget-container\">\n\t\t\t\t\t\t\t\t\t\t\t\t\t\t\t<img loading=\"lazy\" decoding=\"async\" width=\"800\" height=\"480\" src=\"https:\/\/thebestofporto.com\/wp-content\/uploads\/2025\/01\/cafe_Prancheta-1-02.png\" class=\"attachment-large size-large wp-image-10332\" alt=\"\" srcset=\"https:\/\/thebestofporto.com\/wp-content\/uploads\/2025\/01\/cafe_Prancheta-1-02.png 800w, https:\/\/thebestofporto.com\/wp-content\/uploads\/2025\/01\/cafe_Prancheta-1-02-300x180.png 300w, https:\/\/thebestofporto.com\/wp-content\/uploads\/2025\/01\/cafe_Prancheta-1-02-768x461.png 768w, https:\/\/thebestofporto.com\/wp-content\/uploads\/2025\/01\/cafe_Prancheta-1-02-18x12.png 18w\" sizes=\"(max-width:767px) 480px, (max-width:800px) 100vw, 800px\" \/>\t\t\t\t\t\t\t\t\t\t\t\t\t\t\t<\/div>\n\t\t\t\t<\/div>\n\t\t\t\t<div class=\"elementor-element elementor-element-340d5de elementor-widget elementor-widget-text-editor\" data-id=\"340d5de\" data-element_type=\"widget\" data-widget_type=\"text-editor.default\">\n\t\t\t\t<div class=\"elementor-widget-container\">\n\t\t\t\t\t\t\t\t\t<h4><b>Leitaria da Quinta do Pa\u00e7o<\/b><\/h4><p><span style=\"font-weight: 400;\">Famosa pelos seus \u00e9clairs, a Leitaria da Quinta do Pa\u00e7o \u00e9 um lugar perfeito para se aquecer com um caf\u00e9 ou um ch\u00e1 e um doce irresist\u00edvel. O espa\u00e7o \u00e9 simples, mas muito acolhedor, ideal para uma pausa durante os dias frios.<\/span><\/p>\t\t\t\t\t\t\t\t<\/div>\n\t\t\t\t<\/div>\n\t\t\t\t<div class=\"elementor-element elementor-element-78f4af7 elementor-widget elementor-widget-image\" data-id=\"78f4af7\" data-element_type=\"widget\" data-widget_type=\"image.default\">\n\t\t\t\t<div class=\"elementor-widget-container\">\n\t\t\t\t\t\t\t\t\t\t\t\t\t\t\t<img loading=\"lazy\" decoding=\"async\" width=\"800\" height=\"480\" src=\"https:\/\/thebestofporto.com\/wp-content\/uploads\/2025\/01\/cafe_Prancheta-1-05.png\" class=\"attachment-large size-large wp-image-10335\" alt=\"\" srcset=\"https:\/\/thebestofporto.com\/wp-content\/uploads\/2025\/01\/cafe_Prancheta-1-05.png 800w, https:\/\/thebestofporto.com\/wp-content\/uploads\/2025\/01\/cafe_Prancheta-1-05-300x180.png 300w, https:\/\/thebestofporto.com\/wp-content\/uploads\/2025\/01\/cafe_Prancheta-1-05-768x461.png 768w, https:\/\/thebestofporto.com\/wp-content\/uploads\/2025\/01\/cafe_Prancheta-1-05-18x12.png 18w\" sizes=\"(max-width:767px) 480px, (max-width:800px) 100vw, 800px\" \/>\t\t\t\t\t\t\t\t\t\t\t\t\t\t\t<\/div>\n\t\t\t\t<\/div>\n\t\t\t\t<div class=\"elementor-element elementor-element-03fab4b elementor-widget elementor-widget-text-editor\" data-id=\"03fab4b\" data-element_type=\"widget\" data-widget_type=\"text-editor.default\">\n\t\t\t\t<div class=\"elementor-widget-container\">\n\t\t\t\t\t\t\t\t\t<h4><b>Moustache Coffee House<\/b><\/h4><p><span style=\"font-weight: 400;\">Para os amantes de caf\u00e9 artesanal, este \u00e9 o local ideal. Com um ambiente descontra\u00eddo e moderno, a Moustache Coffee House oferece uma vasta sele\u00e7\u00e3o de caf\u00e9s especiais, perfeitos para aquecer num dia de inverno.<\/span><\/p>\t\t\t\t\t\t\t\t<\/div>\n\t\t\t\t<\/div>\n\t\t\t\t<div class=\"elementor-element elementor-element-1610c55 elementor-widget elementor-widget-image\" data-id=\"1610c55\" data-element_type=\"widget\" data-widget_type=\"image.default\">\n\t\t\t\t<div class=\"elementor-widget-container\">\n\t\t\t\t\t\t\t\t\t\t\t\t\t\t\t<img loading=\"lazy\" decoding=\"async\" width=\"800\" height=\"480\" src=\"https:\/\/thebestofporto.com\/wp-content\/uploads\/2025\/01\/cafe_Prancheta-1-06.png\" class=\"attachment-large size-large wp-image-10336\" alt=\"\" srcset=\"https:\/\/thebestofporto.com\/wp-content\/uploads\/2025\/01\/cafe_Prancheta-1-06.png 800w, https:\/\/thebestofporto.com\/wp-content\/uploads\/2025\/01\/cafe_Prancheta-1-06-300x180.png 300w, https:\/\/thebestofporto.com\/wp-content\/uploads\/2025\/01\/cafe_Prancheta-1-06-768x461.png 768w, https:\/\/thebestofporto.com\/wp-content\/uploads\/2025\/01\/cafe_Prancheta-1-06-18x12.png 18w\" sizes=\"(max-width:767px) 480px, (max-width:800px) 100vw, 800px\" \/>\t\t\t\t\t\t\t\t\t\t\t\t\t\t\t<\/div>\n\t\t\t\t<\/div>\n\t\t\t\t\t<\/div>\n\t\t\t\t<\/div>\n\t\t<div class=\"elementor-element elementor-element-fb5a529 e-flex e-con-boxed e-con e-parent\" data-id=\"fb5a529\" data-element_type=\"container\">\n\t\t\t\t\t<div class=\"e-con-inner\">\n\t\t\t\t<div class=\"elementor-element elementor-element-74cf6bd elementor-widget elementor-widget-text-editor\" data-id=\"74cf6bd\" data-element_type=\"widget\" data-widget_type=\"text-editor.default\">\n\t\t\t\t<div class=\"elementor-widget-container\">\n\t\t\t\t\t\t\t\t\t<h4><b>Caf\u00e9 Majestic<\/b><\/h4><p><span style=\"font-weight: 400;\">Nenhuma lista de caf\u00e9s no Porto estaria completa sem mencionar o ic\u00f3nico Caf\u00e9 Majestic. Com uma decora\u00e7\u00e3o art d\u00e9co e uma hist\u00f3ria que remonta aos anos 20, este espa\u00e7o \u00e9 perfeito para se refugiar do frio enquanto saboreia um caf\u00e9 ou um chocolate quente acompanhado de uma rabanada ou bolo tradicional.<\/span><\/p>\t\t\t\t\t\t\t\t<\/div>\n\t\t\t\t<\/div>\n\t\t\t\t\t<\/div>\n\t\t\t\t<\/div>\n\t\t<div class=\"elementor-element elementor-element-2769881 e-flex e-con-boxed e-con e-parent\" data-id=\"2769881\" data-element_type=\"container\">\n\t\t\t\t\t<div class=\"e-con-inner\">\n\t\t\t\t<div class=\"elementor-element elementor-element-383c61c elementor-widget elementor-widget-image\" data-id=\"383c61c\" data-element_type=\"widget\" data-widget_type=\"image.default\">\n\t\t\t\t<div class=\"elementor-widget-container\">\n\t\t\t\t\t\t\t\t\t\t\t\t\t\t\t<img loading=\"lazy\" decoding=\"async\" width=\"800\" height=\"480\" src=\"https:\/\/thebestofporto.com\/wp-content\/uploads\/2025\/01\/cafe_Prancheta-1-04.png\" class=\"attachment-large size-large wp-image-10334\" alt=\"\" srcset=\"https:\/\/thebestofporto.com\/wp-content\/uploads\/2025\/01\/cafe_Prancheta-1-04.png 800w, https:\/\/thebestofporto.com\/wp-content\/uploads\/2025\/01\/cafe_Prancheta-1-04-300x180.png 300w, https:\/\/thebestofporto.com\/wp-content\/uploads\/2025\/01\/cafe_Prancheta-1-04-768x461.png 768w, https:\/\/thebestofporto.com\/wp-content\/uploads\/2025\/01\/cafe_Prancheta-1-04-18x12.png 18w\" sizes=\"(max-width:767px) 480px, (max-width:800px) 100vw, 800px\" \/>\t\t\t\t\t\t\t\t\t\t\t\t\t\t\t<\/div>\n\t\t\t\t<\/div>\n\t\t\t\t\t<\/div>\n\t\t\t\t<\/div>\n\t\t<div class=\"elementor-element elementor-element-040bc59 e-flex e-con-boxed e-con e-parent\" data-id=\"040bc59\" data-element_type=\"container\">\n\t\t\t\t\t<div class=\"e-con-inner\">\n\t\t\t\t<div class=\"elementor-element elementor-element-bf78a66 elementor-widget elementor-widget-spacer\" data-id=\"bf78a66\" data-element_type=\"widget\" data-widget_type=\"spacer.default\">\n\t\t\t\t<div class=\"elementor-widget-container\">\n\t\t\t\t\t\t\t<div class=\"elementor-spacer\">\n\t\t\t<div class=\"elementor-spacer-inner\"><\/div>\n\t\t<\/div>\n\t\t\t\t\t\t<\/div>\n\t\t\t\t<\/div>\n\t\t\t\t\t<\/div>\n\t\t\t\t<\/div>\n\t\t<div class=\"elementor-element elementor-element-fb3e2bd e-flex e-con-boxed e-con e-parent\" data-id=\"fb3e2bd\" data-element_type=\"container\">\n\t\t\t\t\t<div class=\"e-con-inner\">\n\t\t\t\t<div class=\"elementor-element elementor-element-7bf706a elementor-align-center elementor-widget elementor-widget-button\" data-id=\"7bf706a\" data-element_type=\"widget\" data-widget_type=\"button.default\">\n\t\t\t\t<div class=\"elementor-widget-container\">\n\t\t\t\t\t\t\t\t\t<div class=\"elementor-button-wrapper\">\n\t\t\t\t\t<a class=\"elementor-button elementor-button-link elementor-size-sm\" href=\"https:\/\/thebestofporto.com\/pt\/blog\/\">\n\t\t\t\t\t\t<span class=\"elementor-button-content-wrapper\">\n\t\t\t\t\t\t\t\t\t<span class=\"elementor-button-text\">Ver todos os artigos<\/span>\n\t\t\t\t\t<\/span>\n\t\t\t\t\t<\/a>\n\t\t\t\t<\/div>\n\t\t\t\t\t\t\t\t<\/div>\n\t\t\t\t<\/div>\n\t\t\t\t\t<\/div>\n\t\t\t\t<\/div>\n\t\t\t\t<\/div>","protected":false},"excerpt":{"rendered":"<p>O Porto, com as suas ruas de pedra e o clima muitas vezes chuvoso e fresco, \u00e9 o<span class=\"excerpt-hellip\"> [\u2026]<\/span><\/p>","protected":false},"author":1,"featured_media":10339,"comment_status":"closed","ping_status":"closed","sticky":false,"template":"","format":"standard","meta":{"_acf_changed":false,"footnotes":""},"categories":[123],"tags":[],"filtros":[],"class_list":["post-10330","post","type-post","status-publish","format-standard","has-post-thumbnail","hentry","category-articles"],"acf":[],"yoast_head":"<!-- This site is optimized with the Yoast SEO plugin v26.7 - https:\/\/yoast.com\/wordpress\/plugins\/seo\/ -->\n<title>Os Melhores Caf\u00e9s e Casas de Ch\u00e1 do Porto para Dias Frios - The Best of Porto<\/title>\n<meta name=\"description\" content=\"Neste artigo damos-lhe 7 sugest\u00f5es de caf\u00e9s na cidade do Porto, para todos os gostos. Uma sele\u00e7\u00e3o dos nossos favoritos.\" \/>\n<meta name=\"robots\" content=\"index, follow, max-snippet:-1, max-image-preview:large, max-video-preview:-1\" \/>\n<link rel=\"canonical\" href=\"https:\/\/thebestofporto.com\/pt\/os-melhores-cafes-e-casas-de-cha-do-porto-para-dias-frios\/\" \/>\n<meta property=\"og:locale\" content=\"pt_PT\" \/>\n<meta property=\"og:type\" content=\"article\" \/>\n<meta property=\"og:title\" content=\"Os Melhores Caf\u00e9s e Casas de Ch\u00e1 do Porto para Dias Frios - The Best of Porto\" \/>\n<meta property=\"og:description\" content=\"Neste artigo damos-lhe 7 sugest\u00f5es de caf\u00e9s na cidade do Porto, para todos os gostos. Uma sele\u00e7\u00e3o dos nossos favoritos.\" \/>\n<meta property=\"og:url\" content=\"https:\/\/thebestofporto.com\/pt\/os-melhores-cafes-e-casas-de-cha-do-porto-para-dias-frios\/\" \/>\n<meta property=\"og:site_name\" content=\"The Best of Porto\" \/>\n<meta property=\"article:published_time\" content=\"2025-01-30T12:00:00+00:00\" \/>\n<meta property=\"article:modified_time\" content=\"2025-01-31T17:03:40+00:00\" \/>\n<meta property=\"og:image\" content=\"https:\/\/thebestofporto.com\/wp-content\/uploads\/2025\/01\/cafe_Prancheta-1-09.png\" \/>\n\t<meta property=\"og:image:width\" content=\"800\" \/>\n\t<meta property=\"og:image:height\" content=\"480\" \/>\n\t<meta property=\"og:image:type\" content=\"image\/png\" \/>\n<meta name=\"author\" content=\"admin\" \/>\n<meta name=\"twitter:card\" content=\"summary_large_image\" \/>\n<meta name=\"twitter:label1\" content=\"Escrito por\" \/>\n\t<meta name=\"twitter:data1\" content=\"admin\" \/>\n\t<meta name=\"twitter:label2\" content=\"Tempo estimado de leitura\" \/>\n\t<meta name=\"twitter:data2\" content=\"4 minutos\" \/>\n<script type=\"application\/ld+json\" class=\"yoast-schema-graph\">{\"@context\":\"https:\/\/schema.org\",\"@graph\":[{\"@type\":\"Article\",\"@id\":\"https:\/\/thebestofporto.com\/os-melhores-cafes-e-casas-de-cha-do-porto-para-dias-frios\/#article\",\"isPartOf\":{\"@id\":\"https:\/\/thebestofporto.com\/os-melhores-cafes-e-casas-de-cha-do-porto-para-dias-frios\/\"},\"author\":{\"name\":\"admin\",\"@id\":\"https:\/\/thebestofporto.com\/#\/schema\/person\/04b3a2223d8527f0c6297ca6767266f7\"},\"headline\":\"Os Melhores Caf\u00e9s e Casas de Ch\u00e1 do Porto para Dias Frios\",\"datePublished\":\"2025-01-30T12:00:00+00:00\",\"dateModified\":\"2025-01-31T17:03:40+00:00\",\"mainEntityOfPage\":{\"@id\":\"https:\/\/thebestofporto.com\/os-melhores-cafes-e-casas-de-cha-do-porto-para-dias-frios\/\"},\"wordCount\":435,\"publisher\":{\"@id\":\"https:\/\/thebestofporto.com\/#organization\"},\"image\":{\"@id\":\"https:\/\/thebestofporto.com\/os-melhores-cafes-e-casas-de-cha-do-porto-para-dias-frios\/#primaryimage\"},\"thumbnailUrl\":\"https:\/\/thebestofporto.com\/wp-content\/uploads\/2025\/01\/cafe_Prancheta-1-09.png\",\"articleSection\":[\"Articles\"],\"inLanguage\":\"pt-PT\"},{\"@type\":\"WebPage\",\"@id\":\"https:\/\/thebestofporto.com\/os-melhores-cafes-e-casas-de-cha-do-porto-para-dias-frios\/\",\"url\":\"https:\/\/thebestofporto.com\/os-melhores-cafes-e-casas-de-cha-do-porto-para-dias-frios\/\",\"name\":\"Os Melhores Caf\u00e9s e Casas de Ch\u00e1 do Porto para Dias Frios - The Best of Porto\",\"isPartOf\":{\"@id\":\"https:\/\/thebestofporto.com\/#website\"},\"primaryImageOfPage\":{\"@id\":\"https:\/\/thebestofporto.com\/os-melhores-cafes-e-casas-de-cha-do-porto-para-dias-frios\/#primaryimage\"},\"image\":{\"@id\":\"https:\/\/thebestofporto.com\/os-melhores-cafes-e-casas-de-cha-do-porto-para-dias-frios\/#primaryimage\"},\"thumbnailUrl\":\"https:\/\/thebestofporto.com\/wp-content\/uploads\/2025\/01\/cafe_Prancheta-1-09.png\",\"datePublished\":\"2025-01-30T12:00:00+00:00\",\"dateModified\":\"2025-01-31T17:03:40+00:00\",\"description\":\"Neste artigo damos-lhe 7 sugest\u00f5es de caf\u00e9s na cidade do Porto, para todos os gostos. Uma sele\u00e7\u00e3o dos nossos favoritos.\",\"breadcrumb\":{\"@id\":\"https:\/\/thebestofporto.com\/os-melhores-cafes-e-casas-de-cha-do-porto-para-dias-frios\/#breadcrumb\"},\"inLanguage\":\"pt-PT\",\"potentialAction\":[{\"@type\":\"ReadAction\",\"target\":[\"https:\/\/thebestofporto.com\/os-melhores-cafes-e-casas-de-cha-do-porto-para-dias-frios\/\"]}]},{\"@type\":\"ImageObject\",\"inLanguage\":\"pt-PT\",\"@id\":\"https:\/\/thebestofporto.com\/os-melhores-cafes-e-casas-de-cha-do-porto-para-dias-frios\/#primaryimage\",\"url\":\"https:\/\/thebestofporto.com\/wp-content\/uploads\/2025\/01\/cafe_Prancheta-1-09.png\",\"contentUrl\":\"https:\/\/thebestofporto.com\/wp-content\/uploads\/2025\/01\/cafe_Prancheta-1-09.png\",\"width\":800,\"height\":480},{\"@type\":\"BreadcrumbList\",\"@id\":\"https:\/\/thebestofporto.com\/os-melhores-cafes-e-casas-de-cha-do-porto-para-dias-frios\/#breadcrumb\",\"itemListElement\":[{\"@type\":\"ListItem\",\"position\":1,\"name\":\"In\u00edcio\",\"item\":\"https:\/\/thebestofporto.com\/\"},{\"@type\":\"ListItem\",\"position\":2,\"name\":\"Os Melhores Caf\u00e9s e Casas de Ch\u00e1 do Porto para Dias Frios\"}]},{\"@type\":\"WebSite\",\"@id\":\"https:\/\/thebestofporto.com\/#website\",\"url\":\"https:\/\/thebestofporto.com\/\",\"name\":\"The Best of Porto\",\"description\":\"\",\"publisher\":{\"@id\":\"https:\/\/thebestofporto.com\/#organization\"},\"potentialAction\":[{\"@type\":\"SearchAction\",\"target\":{\"@type\":\"EntryPoint\",\"urlTemplate\":\"https:\/\/thebestofporto.com\/?s={search_term_string}\"},\"query-input\":{\"@type\":\"PropertyValueSpecification\",\"valueRequired\":true,\"valueName\":\"search_term_string\"}}],\"inLanguage\":\"pt-PT\"},{\"@type\":\"Organization\",\"@id\":\"https:\/\/thebestofporto.com\/#organization\",\"name\":\"The Best of Porto\",\"url\":\"https:\/\/thebestofporto.com\/\",\"logo\":{\"@type\":\"ImageObject\",\"inLanguage\":\"pt-PT\",\"@id\":\"https:\/\/thebestofporto.com\/#\/schema\/logo\/image\/\",\"url\":\"https:\/\/thebestofporto.com\/wp-content\/uploads\/2024\/05\/logo.png\",\"contentUrl\":\"https:\/\/thebestofporto.com\/wp-content\/uploads\/2024\/05\/logo.png\",\"width\":5076,\"height\":1463,\"caption\":\"The Best of Porto\"},\"image\":{\"@id\":\"https:\/\/thebestofporto.com\/#\/schema\/logo\/image\/\"}},{\"@type\":\"Person\",\"@id\":\"https:\/\/thebestofporto.com\/#\/schema\/person\/04b3a2223d8527f0c6297ca6767266f7\",\"name\":\"admin\",\"image\":{\"@type\":\"ImageObject\",\"inLanguage\":\"pt-PT\",\"@id\":\"https:\/\/thebestofporto.com\/#\/schema\/person\/image\/\",\"url\":\"https:\/\/secure.gravatar.com\/avatar\/193e2977da320450cf56b1b093dd5b7286cdbaf6ad5201ab3cda69b78b13b458?s=96&d=mm&r=g\",\"contentUrl\":\"https:\/\/secure.gravatar.com\/avatar\/193e2977da320450cf56b1b093dd5b7286cdbaf6ad5201ab3cda69b78b13b458?s=96&d=mm&r=g\",\"caption\":\"admin\"},\"sameAs\":[\"https:\/\/thebestofporto.com\"],\"url\":\"https:\/\/thebestofporto.com\/pt\/author\/admin_l3zak26a\/\"}]}<\/script>\n<!-- \/ Yoast SEO plugin. -->","yoast_head_json":{"title":"Os Melhores Caf\u00e9s e Casas de Ch\u00e1 do Porto para Dias Frios - The Best of Porto","description":"Neste artigo damos-lhe 7 sugest\u00f5es de caf\u00e9s na cidade do Porto, para todos os gostos. Uma sele\u00e7\u00e3o dos nossos favoritos.","robots":{"index":"index","follow":"follow","max-snippet":"max-snippet:-1","max-image-preview":"max-image-preview:large","max-video-preview":"max-video-preview:-1"},"canonical":"https:\/\/thebestofporto.com\/pt\/os-melhores-cafes-e-casas-de-cha-do-porto-para-dias-frios\/","og_locale":"pt_PT","og_type":"article","og_title":"Os Melhores Caf\u00e9s e Casas de Ch\u00e1 do Porto para Dias Frios - The Best of Porto","og_description":"Neste artigo damos-lhe 7 sugest\u00f5es de caf\u00e9s na cidade do Porto, para todos os gostos. Uma sele\u00e7\u00e3o dos nossos favoritos.","og_url":"https:\/\/thebestofporto.com\/pt\/os-melhores-cafes-e-casas-de-cha-do-porto-para-dias-frios\/","og_site_name":"The Best of Porto","article_published_time":"2025-01-30T12:00:00+00:00","article_modified_time":"2025-01-31T17:03:40+00:00","og_image":[{"width":800,"height":480,"url":"https:\/\/thebestofporto.com\/wp-content\/uploads\/2025\/01\/cafe_Prancheta-1-09.png","type":"image\/png"}],"author":"admin","twitter_card":"summary_large_image","twitter_misc":{"Escrito por":"admin","Tempo estimado de leitura":"4 minutos"},"schema":{"@context":"https:\/\/schema.org","@graph":[{"@type":"Article","@id":"https:\/\/thebestofporto.com\/os-melhores-cafes-e-casas-de-cha-do-porto-para-dias-frios\/#article","isPartOf":{"@id":"https:\/\/thebestofporto.com\/os-melhores-cafes-e-casas-de-cha-do-porto-para-dias-frios\/"},"author":{"name":"admin","@id":"https:\/\/thebestofporto.com\/#\/schema\/person\/04b3a2223d8527f0c6297ca6767266f7"},"headline":"Os Melhores Caf\u00e9s e Casas de Ch\u00e1 do Porto para Dias Frios","datePublished":"2025-01-30T12:00:00+00:00","dateModified":"2025-01-31T17:03:40+00:00","mainEntityOfPage":{"@id":"https:\/\/thebestofporto.com\/os-melhores-cafes-e-casas-de-cha-do-porto-para-dias-frios\/"},"wordCount":435,"publisher":{"@id":"https:\/\/thebestofporto.com\/#organization"},"image":{"@id":"https:\/\/thebestofporto.com\/os-melhores-cafes-e-casas-de-cha-do-porto-para-dias-frios\/#primaryimage"},"thumbnailUrl":"https:\/\/thebestofporto.com\/wp-content\/uploads\/2025\/01\/cafe_Prancheta-1-09.png","articleSection":["Articles"],"inLanguage":"pt-PT"},{"@type":"WebPage","@id":"https:\/\/thebestofporto.com\/os-melhores-cafes-e-casas-de-cha-do-porto-para-dias-frios\/","url":"https:\/\/thebestofporto.com\/os-melhores-cafes-e-casas-de-cha-do-porto-para-dias-frios\/","name":"Os Melhores Caf\u00e9s e Casas de Ch\u00e1 do Porto para Dias Frios - The Best of Porto","isPartOf":{"@id":"https:\/\/thebestofporto.com\/#website"},"primaryImageOfPage":{"@id":"https:\/\/thebestofporto.com\/os-melhores-cafes-e-casas-de-cha-do-porto-para-dias-frios\/#primaryimage"},"image":{"@id":"https:\/\/thebestofporto.com\/os-melhores-cafes-e-casas-de-cha-do-porto-para-dias-frios\/#primaryimage"},"thumbnailUrl":"https:\/\/thebestofporto.com\/wp-content\/uploads\/2025\/01\/cafe_Prancheta-1-09.png","datePublished":"2025-01-30T12:00:00+00:00","dateModified":"2025-01-31T17:03:40+00:00","description":"Neste artigo damos-lhe 7 sugest\u00f5es de caf\u00e9s na cidade do Porto, para todos os gostos. Uma sele\u00e7\u00e3o dos nossos favoritos.","breadcrumb":{"@id":"https:\/\/thebestofporto.com\/os-melhores-cafes-e-casas-de-cha-do-porto-para-dias-frios\/#breadcrumb"},"inLanguage":"pt-PT","potentialAction":[{"@type":"ReadAction","target":["https:\/\/thebestofporto.com\/os-melhores-cafes-e-casas-de-cha-do-porto-para-dias-frios\/"]}]},{"@type":"ImageObject","inLanguage":"pt-PT","@id":"https:\/\/thebestofporto.com\/os-melhores-cafes-e-casas-de-cha-do-porto-para-dias-frios\/#primaryimage","url":"https:\/\/thebestofporto.com\/wp-content\/uploads\/2025\/01\/cafe_Prancheta-1-09.png","contentUrl":"https:\/\/thebestofporto.com\/wp-content\/uploads\/2025\/01\/cafe_Prancheta-1-09.png","width":800,"height":480},{"@type":"BreadcrumbList","@id":"https:\/\/thebestofporto.com\/os-melhores-cafes-e-casas-de-cha-do-porto-para-dias-frios\/#breadcrumb","itemListElement":[{"@type":"ListItem","position":1,"name":"In\u00edcio","item":"https:\/\/thebestofporto.com\/"},{"@type":"ListItem","position":2,"name":"Os Melhores Caf\u00e9s e Casas de Ch\u00e1 do Porto para Dias Frios"}]},{"@type":"WebSite","@id":"https:\/\/thebestofporto.com\/#website","url":"https:\/\/thebestofporto.com\/","name":"The Best of Porto","description":"","publisher":{"@id":"https:\/\/thebestofporto.com\/#organization"},"potentialAction":[{"@type":"SearchAction","target":{"@type":"EntryPoint","urlTemplate":"https:\/\/thebestofporto.com\/?s={search_term_string}"},"query-input":{"@type":"PropertyValueSpecification","valueRequired":true,"valueName":"search_term_string"}}],"inLanguage":"pt-PT"},{"@type":"Organization","@id":"https:\/\/thebestofporto.com\/#organization","name":"The Best of Porto","url":"https:\/\/thebestofporto.com\/","logo":{"@type":"ImageObject","inLanguage":"pt-PT","@id":"https:\/\/thebestofporto.com\/#\/schema\/logo\/image\/","url":"https:\/\/thebestofporto.com\/wp-content\/uploads\/2024\/05\/logo.png","contentUrl":"https:\/\/thebestofporto.com\/wp-content\/uploads\/2024\/05\/logo.png","width":5076,"height":1463,"caption":"The Best of Porto"},"image":{"@id":"https:\/\/thebestofporto.com\/#\/schema\/logo\/image\/"}},{"@type":"Person","@id":"https:\/\/thebestofporto.com\/#\/schema\/person\/04b3a2223d8527f0c6297ca6767266f7","name":"admin","image":{"@type":"ImageObject","inLanguage":"pt-PT","@id":"https:\/\/thebestofporto.com\/#\/schema\/person\/image\/","url":"https:\/\/secure.gravatar.com\/avatar\/193e2977da320450cf56b1b093dd5b7286cdbaf6ad5201ab3cda69b78b13b458?s=96&d=mm&r=g","contentUrl":"https:\/\/secure.gravatar.com\/avatar\/193e2977da320450cf56b1b093dd5b7286cdbaf6ad5201ab3cda69b78b13b458?s=96&d=mm&r=g","caption":"admin"},"sameAs":["https:\/\/thebestofporto.com"],"url":"https:\/\/thebestofporto.com\/pt\/author\/admin_l3zak26a\/"}]}},"_links":{"self":[{"href":"https:\/\/thebestofporto.com\/pt\/wp-json\/wp\/v2\/posts\/10330","targetHints":{"allow":["GET"]}}],"collection":[{"href":"https:\/\/thebestofporto.com\/pt\/wp-json\/wp\/v2\/posts"}],"about":[{"href":"https:\/\/thebestofporto.com\/pt\/wp-json\/wp\/v2\/types\/post"}],"author":[{"embeddable":true,"href":"https:\/\/thebestofporto.com\/pt\/wp-json\/wp\/v2\/users\/1"}],"replies":[{"embeddable":true,"href":"https:\/\/thebestofporto.com\/pt\/wp-json\/wp\/v2\/comments?post=10330"}],"version-history":[{"count":10,"href":"https:\/\/thebestofporto.com\/pt\/wp-json\/wp\/v2\/posts\/10330\/revisions"}],"predecessor-version":[{"id":10349,"href":"https:\/\/thebestofporto.com\/pt\/wp-json\/wp\/v2\/posts\/10330\/revisions\/10349"}],"wp:featuredmedia":[{"embeddable":true,"href":"https:\/\/thebestofporto.com\/pt\/wp-json\/wp\/v2\/media\/10339"}],"wp:attachment":[{"href":"https:\/\/thebestofporto.com\/pt\/wp-json\/wp\/v2\/media?parent=10330"}],"wp:term":[{"taxonomy":"category","embeddable":true,"href":"https:\/\/thebestofporto.com\/pt\/wp-json\/wp\/v2\/categories?post=10330"},{"taxonomy":"post_tag","embeddable":true,"href":"https:\/\/thebestofporto.com\/pt\/wp-json\/wp\/v2\/tags?post=10330"},{"taxonomy":"filtros","embeddable":true,"href":"https:\/\/thebestofporto.com\/pt\/wp-json\/wp\/v2\/filtros?post=10330"}],"curies":[{"name":"wp","href":"https:\/\/api.w.org\/{rel}","templated":true}]}}