{"id":10350,"date":"2025-02-06T15:56:56","date_gmt":"2025-02-06T15:56:56","guid":{"rendered":"https:\/\/thebestofporto.com\/?p=10350"},"modified":"2025-01-31T17:03:48","modified_gmt":"2025-01-31T17:03:48","slug":"historias-e-lendas-do-porto-um-passeio-pelo-tempo","status":"publish","type":"post","link":"https:\/\/thebestofporto.com\/pt\/historias-e-lendas-do-porto-um-passeio-pelo-tempo\/","title":{"rendered":"Hist\u00f3rias e Lendas do Porto: Um Passeio pelo Tempo"},"content":{"rendered":"<div data-elementor-type=\"wp-post\" data-elementor-id=\"10350\" class=\"elementor elementor-10350\">\n\t\t\t\t<div class=\"elementor-element elementor-element-ce549f3 e-flex e-con-boxed e-con e-parent\" data-id=\"ce549f3\" data-element_type=\"container\">\n\t\t\t\t\t<div class=\"e-con-inner\">\n\t\t\t\t<div class=\"elementor-element elementor-element-5fbd4a4 elementor-widget elementor-widget-spacer\" data-id=\"5fbd4a4\" data-element_type=\"widget\" data-widget_type=\"spacer.default\">\n\t\t\t\t<div class=\"elementor-widget-container\">\n\t\t\t\t\t\t\t<div class=\"elementor-spacer\">\n\t\t\t<div class=\"elementor-spacer-inner\"><\/div>\n\t\t<\/div>\n\t\t\t\t\t\t<\/div>\n\t\t\t\t<\/div>\n\t\t\t\t\t<\/div>\n\t\t\t\t<\/div>\n\t\t<div class=\"elementor-element elementor-element-82025d0 e-flex e-con-boxed e-con e-parent\" data-id=\"82025d0\" data-element_type=\"container\">\n\t\t\t\t\t<div class=\"e-con-inner\">\n\t\t\t\t<div class=\"elementor-element elementor-element-75db97e elementor-widget elementor-widget-text-editor\" data-id=\"75db97e\" data-element_type=\"widget\" data-widget_type=\"text-editor.default\">\n\t\t\t\t<div class=\"elementor-widget-container\">\n\t\t\t\t\t\t\t\t\t<p><span style=\"font-weight: 400;\">O Porto \u00e9 uma cidade envolta em hist\u00f3rias e lendas que conferem um car\u00e1ter especial ao seu patrim\u00f4nio cultural. As ruas de paralelep\u00edpedos, os monumentos hist\u00f3ricos e o rio Douro s\u00e3o testemunhas de s\u00e9culos de eventos que moldaram a identidade desta cidade \u00fanica. Convidamo-lo a descobrir algumas das lendas mais fascinantes que transformaram o Porto num local repleto de mist\u00e9rios.<\/span><\/p>\t\t\t\t\t\t\t\t<\/div>\n\t\t\t\t<\/div>\n\t\t\t\t\t<\/div>\n\t\t\t\t<\/div>\n\t\t<div class=\"elementor-element elementor-element-a8e1f35 e-flex e-con-boxed e-con e-parent\" data-id=\"a8e1f35\" data-element_type=\"container\">\n\t\t\t\t\t<div class=\"e-con-inner\">\n\t\t\t\t<div class=\"elementor-element elementor-element-99b2301 elementor-widget elementor-widget-text-editor\" data-id=\"99b2301\" data-element_type=\"widget\" data-widget_type=\"text-editor.default\">\n\t\t\t\t<div class=\"elementor-widget-container\">\n\t\t\t\t\t\t\t\t\t<h4><b>A Lenda das Tripas \u00e0 Moda do Porto<\/b><\/h4><p><span style=\"font-weight: 400;\">A famosa iguaria do Porto, as Tripas \u00e0 Moda do Porto, tem uma origem ligada a um epis\u00f3dio hist\u00f3rico que demonstra o esp\u00edrito de sacrif\u00edcio e generosidade do povo portuense. Durante o s\u00e9culo XV, quando o Infante D. Henrique preparava uma grande expedi\u00e7\u00e3o para conquistar Ceuta, pediu ajuda \u00e0 popula\u00e7\u00e3o para abastecer as suas naus. Em resposta, os habitantes do Porto entregaram toda a carne que possu\u00edam, ficando apenas com as v\u00edsceras para se alimentarem. A criatividade levou-os a preparar um prato rico e saboroso utilizando as tripas, feij\u00e3o e outros ingredientes que tinham \u00e0 disposi\u00e7\u00e3o. Este gesto de altru\u00edsmo marcou a cidade para sempre, e os portuenses ficaram conhecidos como &#8220;tripeiros&#8221;, um t\u00edtulo que carregam com orgulho at\u00e9 hoje.<\/span><\/p>\t\t\t\t\t\t\t\t<\/div>\n\t\t\t\t<\/div>\n\t\t\t\t\t<\/div>\n\t\t\t\t<\/div>\n\t\t<div class=\"elementor-element elementor-element-4969cfe e-flex e-con-boxed e-con e-parent\" data-id=\"4969cfe\" data-element_type=\"container\">\n\t\t\t\t\t<div class=\"e-con-inner\">\n\t\t\t\t<div class=\"elementor-element elementor-element-65caf1c elementor-widget elementor-widget-image\" data-id=\"65caf1c\" data-element_type=\"widget\" data-widget_type=\"image.default\">\n\t\t\t\t<div class=\"elementor-widget-container\">\n\t\t\t\t\t\t\t\t\t\t\t\t\t\t\t<img fetchpriority=\"high\" decoding=\"async\" width=\"1024\" height=\"614\" src=\"https:\/\/thebestofporto.com\/wp-content\/uploads\/2025\/02\/lendas_Prancheta-1-06-1024x614.png\" class=\"attachment-large size-large wp-image-10363\" alt=\"\" srcset=\"https:\/\/thebestofporto.com\/wp-content\/uploads\/2025\/02\/lendas_Prancheta-1-06-1024x614.png 1024w, https:\/\/thebestofporto.com\/wp-content\/uploads\/2025\/02\/lendas_Prancheta-1-06-300x180.png 300w, https:\/\/thebestofporto.com\/wp-content\/uploads\/2025\/02\/lendas_Prancheta-1-06-768x461.png 768w, https:\/\/thebestofporto.com\/wp-content\/uploads\/2025\/02\/lendas_Prancheta-1-06-1536x921.png 1536w, https:\/\/thebestofporto.com\/wp-content\/uploads\/2025\/02\/lendas_Prancheta-1-06-2048x1229.png 2048w, https:\/\/thebestofporto.com\/wp-content\/uploads\/2025\/02\/lendas_Prancheta-1-06-18x12.png 18w\" sizes=\"(max-width:767px) 480px, (max-width:1024px) 100vw, 1024px\" \/>\t\t\t\t\t\t\t\t\t\t\t\t\t\t\t<\/div>\n\t\t\t\t<\/div>\n\t\t\t\t<div class=\"elementor-element elementor-element-65cd623 elementor-widget elementor-widget-text-editor\" data-id=\"65cd623\" data-element_type=\"widget\" data-widget_type=\"text-editor.default\">\n\t\t\t\t<div class=\"elementor-widget-container\">\n\t\t\t\t\t\t\t\t\t<h4><b>A lenda de Pedro Cem<\/b><\/h4><p><span style=\"font-weight: 400;\">A lenda de Pedro Cem \u00e9 uma hist\u00f3ria popular do Porto, que descreve um homem conhecido pela sua generosidade e respeito. O apelido &#8220;Cem&#8221; era associado ao seu car\u00e1ter distinto, sendo considerado um her\u00f3i local. A lenda conta que, em um momento de grande necessidade, Pedro Cem fez um sacrif\u00edcio ou realizou uma a\u00e7\u00e3o heroica para salvar a cidade. Este ato de coragem tornou-se um s\u00edmbolo de bondade e devo\u00e7\u00e3o, sendo lembrado como parte do patrim\u00f3nio cultural do Porto.<\/span><\/p>\t\t\t\t\t\t\t\t<\/div>\n\t\t\t\t<\/div>\n\t\t\t\t<div class=\"elementor-element elementor-element-a776e8a elementor-widget elementor-widget-image\" data-id=\"a776e8a\" data-element_type=\"widget\" data-widget_type=\"image.default\">\n\t\t\t\t<div class=\"elementor-widget-container\">\n\t\t\t\t\t\t\t\t\t\t\t\t\t\t\t<img decoding=\"async\" width=\"1024\" height=\"614\" src=\"https:\/\/thebestofporto.com\/wp-content\/uploads\/2025\/02\/pedro-1024x614.png\" class=\"attachment-large size-large wp-image-10362\" alt=\"\" srcset=\"https:\/\/thebestofporto.com\/wp-content\/uploads\/2025\/02\/pedro-1024x614.png 1024w, https:\/\/thebestofporto.com\/wp-content\/uploads\/2025\/02\/pedro-300x180.png 300w, https:\/\/thebestofporto.com\/wp-content\/uploads\/2025\/02\/pedro-768x461.png 768w, https:\/\/thebestofporto.com\/wp-content\/uploads\/2025\/02\/pedro-1536x921.png 1536w, https:\/\/thebestofporto.com\/wp-content\/uploads\/2025\/02\/pedro-2048x1229.png 2048w, https:\/\/thebestofporto.com\/wp-content\/uploads\/2025\/02\/pedro-18x12.png 18w\" sizes=\"(max-width:767px) 480px, (max-width:1024px) 100vw, 1024px\" \/>\t\t\t\t\t\t\t\t\t\t\t\t\t\t\t<\/div>\n\t\t\t\t<\/div>\n\t\t\t\t<div class=\"elementor-element elementor-element-0ead627 elementor-widget elementor-widget-text-editor\" data-id=\"0ead627\" data-element_type=\"widget\" data-widget_type=\"text-editor.default\">\n\t\t\t\t<div class=\"elementor-widget-container\">\n\t\t\t\t\t\t\t\t\t<h4><b>A Lenda de Miragaia<\/b><\/h4><p><span style=\"font-weight: 400;\">A lenda de Miragaia \u00e9 uma das mais rom\u00e2nticas da cidade. Conta-se que um cavaleiro se apaixonou por uma jovem chamada Gaia, que vivia junto ao rio. Ele subia frequentemente a uma colina para observ\u00e1-la, exclamando &#8220;Mira, Gaia!&#8221;. Com o tempo, esta express\u00e3o deu origem ao nome do bairro, perpetuando uma hist\u00f3ria de amor que ainda encanta os portuenses.<\/span><\/p>\t\t\t\t\t\t\t\t<\/div>\n\t\t\t\t<\/div>\n\t\t\t\t<div class=\"elementor-element elementor-element-8a2367f elementor-widget elementor-widget-image\" data-id=\"8a2367f\" data-element_type=\"widget\" data-widget_type=\"image.default\">\n\t\t\t\t<div class=\"elementor-widget-container\">\n\t\t\t\t\t\t\t\t\t\t\t\t\t\t\t<img decoding=\"async\" width=\"800\" height=\"480\" src=\"https:\/\/thebestofporto.com\/wp-content\/uploads\/2025\/01\/lendas_Prancheta-1-05.png\" class=\"attachment-large size-large wp-image-10355\" alt=\"\" srcset=\"https:\/\/thebestofporto.com\/wp-content\/uploads\/2025\/01\/lendas_Prancheta-1-05.png 800w, https:\/\/thebestofporto.com\/wp-content\/uploads\/2025\/01\/lendas_Prancheta-1-05-300x180.png 300w, https:\/\/thebestofporto.com\/wp-content\/uploads\/2025\/01\/lendas_Prancheta-1-05-768x461.png 768w, https:\/\/thebestofporto.com\/wp-content\/uploads\/2025\/01\/lendas_Prancheta-1-05-18x12.png 18w\" sizes=\"(max-width:767px) 480px, (max-width:800px) 100vw, 800px\" \/>\t\t\t\t\t\t\t\t\t\t\t\t\t\t\t<\/div>\n\t\t\t\t<\/div>\n\t\t\t\t<div class=\"elementor-element elementor-element-9606670 elementor-widget elementor-widget-text-editor\" data-id=\"9606670\" data-element_type=\"widget\" data-widget_type=\"text-editor.default\">\n\t\t\t\t<div class=\"elementor-widget-container\">\n\t\t\t\t\t\t\t\t\t<h4><b>O Tesouro da Serra do Pilar<\/b><\/h4><p><span style=\"font-weight: 400;\">Reza a lenda que na Serra do Pilar existe um tesouro escondido, supostamente deixado por monges para proteg\u00ea-lo de invasores. Este tesouro, composto por pe\u00e7as de ouro, joias e rel\u00edquias, seria guardado por for\u00e7as sobrenaturais. Diz-se que durante noites de lua cheia, \u00e9 poss\u00edvel ouvir ru\u00eddos misteriosos ou ver luzes estranhas na serra, assustando os curiosos que tentam descobrir o seu paradeiro. Apesar de v\u00e1rias buscas ao longo dos s\u00e9culos, o tesouro permanece envolto em mist\u00e9rio, enriquecendo o imagin\u00e1rio popular da cidade.<\/span><\/p>\t\t\t\t\t\t\t\t<\/div>\n\t\t\t\t<\/div>\n\t\t\t\t\t<\/div>\n\t\t\t\t<\/div>\n\t\t<div class=\"elementor-element elementor-element-4687b12 e-flex e-con-boxed e-con e-parent\" data-id=\"4687b12\" data-element_type=\"container\">\n\t\t\t\t\t<div class=\"e-con-inner\">\n\t\t\t\t<div class=\"elementor-element elementor-element-7c29d4d elementor-widget elementor-widget-image\" data-id=\"7c29d4d\" data-element_type=\"widget\" data-widget_type=\"image.default\">\n\t\t\t\t<div class=\"elementor-widget-container\">\n\t\t\t\t\t\t\t\t\t\t\t\t\t\t\t<img loading=\"lazy\" decoding=\"async\" width=\"1024\" height=\"614\" src=\"https:\/\/thebestofporto.com\/wp-content\/uploads\/2025\/02\/serra-1024x614.png\" class=\"attachment-large size-large wp-image-10358\" alt=\"\" srcset=\"https:\/\/thebestofporto.com\/wp-content\/uploads\/2025\/02\/serra-1024x614.png 1024w, https:\/\/thebestofporto.com\/wp-content\/uploads\/2025\/02\/serra-300x180.png 300w, https:\/\/thebestofporto.com\/wp-content\/uploads\/2025\/02\/serra-768x461.png 768w, https:\/\/thebestofporto.com\/wp-content\/uploads\/2025\/02\/serra-1536x921.png 1536w, https:\/\/thebestofporto.com\/wp-content\/uploads\/2025\/02\/serra-2048x1229.png 2048w, https:\/\/thebestofporto.com\/wp-content\/uploads\/2025\/02\/serra-18x12.png 18w\" sizes=\"(max-width:767px) 480px, (max-width:1024px) 100vw, 1024px\" \/>\t\t\t\t\t\t\t\t\t\t\t\t\t\t\t<\/div>\n\t\t\t\t<\/div>\n\t\t\t\t\t<\/div>\n\t\t\t\t<\/div>\n\t\t<div class=\"elementor-element elementor-element-73f89f6 e-flex e-con-boxed e-con e-parent\" data-id=\"73f89f6\" data-element_type=\"container\">\n\t\t\t\t\t<div class=\"e-con-inner\">\n\t\t\t\t<div class=\"elementor-element elementor-element-ad7fe80 elementor-widget elementor-widget-spacer\" data-id=\"ad7fe80\" data-element_type=\"widget\" data-widget_type=\"spacer.default\">\n\t\t\t\t<div class=\"elementor-widget-container\">\n\t\t\t\t\t\t\t<div class=\"elementor-spacer\">\n\t\t\t<div class=\"elementor-spacer-inner\"><\/div>\n\t\t<\/div>\n\t\t\t\t\t\t<\/div>\n\t\t\t\t<\/div>\n\t\t\t\t\t<\/div>\n\t\t\t\t<\/div>\n\t\t<div class=\"elementor-element elementor-element-cccd4d7 e-flex e-con-boxed e-con e-parent\" data-id=\"cccd4d7\" data-element_type=\"container\">\n\t\t\t\t\t<div class=\"e-con-inner\">\n\t\t\t\t<div class=\"elementor-element elementor-element-dc163a9 elementor-align-center elementor-widget elementor-widget-button\" data-id=\"dc163a9\" data-element_type=\"widget\" data-widget_type=\"button.default\">\n\t\t\t\t<div class=\"elementor-widget-container\">\n\t\t\t\t\t\t\t\t\t<div class=\"elementor-button-wrapper\">\n\t\t\t\t\t<a class=\"elementor-button elementor-button-link elementor-size-sm\" href=\"https:\/\/thebestofporto.com\/pt\/blog\/\">\n\t\t\t\t\t\t<span class=\"elementor-button-content-wrapper\">\n\t\t\t\t\t\t\t\t\t<span class=\"elementor-button-text\">Ver todos os artigos<\/span>\n\t\t\t\t\t<\/span>\n\t\t\t\t\t<\/a>\n\t\t\t\t<\/div>\n\t\t\t\t\t\t\t\t<\/div>\n\t\t\t\t<\/div>\n\t\t\t\t\t<\/div>\n\t\t\t\t<\/div>\n\t\t\t\t<\/div>","protected":false},"excerpt":{"rendered":"<p>O Porto \u00e9 uma cidade envolta em hist\u00f3rias e lendas que conferem um car\u00e1ter especial ao seu patrim\u00f4nio<span class=\"excerpt-hellip\"> [\u2026]<\/span><\/p>","protected":false},"author":1,"featured_media":10353,"comment_status":"closed","ping_status":"closed","sticky":false,"template":"","format":"standard","meta":{"_acf_changed":false,"footnotes":""},"categories":[123],"tags":[],"filtros":[],"class_list":["post-10350","post","type-post","status-publish","format-standard","has-post-thumbnail","hentry","category-articles"],"acf":[],"yoast_head":"<!-- This site is optimized with the Yoast SEO plugin v26.7 - https:\/\/yoast.com\/wordpress\/plugins\/seo\/ -->\n<title>Hist\u00f3rias e Lendas do Porto: Um Passeio pelo Tempo - The Best of Porto<\/title>\n<meta name=\"robots\" content=\"index, follow, max-snippet:-1, max-image-preview:large, max-video-preview:-1\" \/>\n<link rel=\"canonical\" href=\"https:\/\/thebestofporto.com\/pt\/historias-e-lendas-do-porto-um-passeio-pelo-tempo\/\" \/>\n<meta property=\"og:locale\" content=\"pt_PT\" \/>\n<meta property=\"og:type\" content=\"article\" \/>\n<meta property=\"og:title\" content=\"Hist\u00f3rias e Lendas do Porto: Um Passeio pelo Tempo - The Best of Porto\" \/>\n<meta property=\"og:description\" content=\"O Porto \u00e9 uma cidade envolta em hist\u00f3rias e lendas que conferem um car\u00e1ter especial ao seu patrim\u00f4nio [\u2026]\" \/>\n<meta property=\"og:url\" content=\"https:\/\/thebestofporto.com\/pt\/historias-e-lendas-do-porto-um-passeio-pelo-tempo\/\" \/>\n<meta property=\"og:site_name\" content=\"The Best of Porto\" \/>\n<meta property=\"article:published_time\" content=\"2025-02-06T15:56:56+00:00\" \/>\n<meta property=\"og:image\" content=\"https:\/\/thebestofporto.com\/wp-content\/uploads\/2025\/01\/lendas_Prancheta-1-03.png\" \/>\n\t<meta property=\"og:image:width\" content=\"800\" \/>\n\t<meta property=\"og:image:height\" content=\"480\" \/>\n\t<meta property=\"og:image:type\" content=\"image\/png\" \/>\n<meta name=\"author\" content=\"admin\" \/>\n<meta name=\"twitter:card\" content=\"summary_large_image\" \/>\n<meta name=\"twitter:label1\" content=\"Escrito por\" \/>\n\t<meta name=\"twitter:data1\" content=\"admin\" \/>\n\t<meta name=\"twitter:label2\" content=\"Tempo estimado de leitura\" \/>\n\t<meta name=\"twitter:data2\" content=\"4 minutos\" \/>\n<script type=\"application\/ld+json\" class=\"yoast-schema-graph\">{\"@context\":\"https:\/\/schema.org\",\"@graph\":[{\"@type\":\"Article\",\"@id\":\"https:\/\/thebestofporto.com\/historias-e-lendas-do-porto-um-passeio-pelo-tempo\/#article\",\"isPartOf\":{\"@id\":\"https:\/\/thebestofporto.com\/historias-e-lendas-do-porto-um-passeio-pelo-tempo\/\"},\"author\":{\"name\":\"admin\",\"@id\":\"https:\/\/thebestofporto.com\/#\/schema\/person\/04b3a2223d8527f0c6297ca6767266f7\"},\"headline\":\"Hist\u00f3rias e Lendas do Porto: Um Passeio pelo Tempo\",\"datePublished\":\"2025-02-06T15:56:56+00:00\",\"mainEntityOfPage\":{\"@id\":\"https:\/\/thebestofporto.com\/historias-e-lendas-do-porto-um-passeio-pelo-tempo\/\"},\"wordCount\":472,\"publisher\":{\"@id\":\"https:\/\/thebestofporto.com\/#organization\"},\"image\":{\"@id\":\"https:\/\/thebestofporto.com\/historias-e-lendas-do-porto-um-passeio-pelo-tempo\/#primaryimage\"},\"thumbnailUrl\":\"https:\/\/thebestofporto.com\/wp-content\/uploads\/2025\/01\/lendas_Prancheta-1-03.png\",\"articleSection\":[\"Articles\"],\"inLanguage\":\"pt-PT\"},{\"@type\":\"WebPage\",\"@id\":\"https:\/\/thebestofporto.com\/historias-e-lendas-do-porto-um-passeio-pelo-tempo\/\",\"url\":\"https:\/\/thebestofporto.com\/historias-e-lendas-do-porto-um-passeio-pelo-tempo\/\",\"name\":\"Hist\u00f3rias e Lendas do Porto: Um Passeio pelo Tempo - The Best of Porto\",\"isPartOf\":{\"@id\":\"https:\/\/thebestofporto.com\/#website\"},\"primaryImageOfPage\":{\"@id\":\"https:\/\/thebestofporto.com\/historias-e-lendas-do-porto-um-passeio-pelo-tempo\/#primaryimage\"},\"image\":{\"@id\":\"https:\/\/thebestofporto.com\/historias-e-lendas-do-porto-um-passeio-pelo-tempo\/#primaryimage\"},\"thumbnailUrl\":\"https:\/\/thebestofporto.com\/wp-content\/uploads\/2025\/01\/lendas_Prancheta-1-03.png\",\"datePublished\":\"2025-02-06T15:56:56+00:00\",\"breadcrumb\":{\"@id\":\"https:\/\/thebestofporto.com\/historias-e-lendas-do-porto-um-passeio-pelo-tempo\/#breadcrumb\"},\"inLanguage\":\"pt-PT\",\"potentialAction\":[{\"@type\":\"ReadAction\",\"target\":[\"https:\/\/thebestofporto.com\/historias-e-lendas-do-porto-um-passeio-pelo-tempo\/\"]}]},{\"@type\":\"ImageObject\",\"inLanguage\":\"pt-PT\",\"@id\":\"https:\/\/thebestofporto.com\/historias-e-lendas-do-porto-um-passeio-pelo-tempo\/#primaryimage\",\"url\":\"https:\/\/thebestofporto.com\/wp-content\/uploads\/2025\/01\/lendas_Prancheta-1-03.png\",\"contentUrl\":\"https:\/\/thebestofporto.com\/wp-content\/uploads\/2025\/01\/lendas_Prancheta-1-03.png\",\"width\":800,\"height\":480},{\"@type\":\"BreadcrumbList\",\"@id\":\"https:\/\/thebestofporto.com\/historias-e-lendas-do-porto-um-passeio-pelo-tempo\/#breadcrumb\",\"itemListElement\":[{\"@type\":\"ListItem\",\"position\":1,\"name\":\"In\u00edcio\",\"item\":\"https:\/\/thebestofporto.com\/\"},{\"@type\":\"ListItem\",\"position\":2,\"name\":\"Hist\u00f3rias e Lendas do Porto: Um Passeio pelo Tempo\"}]},{\"@type\":\"WebSite\",\"@id\":\"https:\/\/thebestofporto.com\/#website\",\"url\":\"https:\/\/thebestofporto.com\/\",\"name\":\"The Best of Porto\",\"description\":\"\",\"publisher\":{\"@id\":\"https:\/\/thebestofporto.com\/#organization\"},\"potentialAction\":[{\"@type\":\"SearchAction\",\"target\":{\"@type\":\"EntryPoint\",\"urlTemplate\":\"https:\/\/thebestofporto.com\/?s={search_term_string}\"},\"query-input\":{\"@type\":\"PropertyValueSpecification\",\"valueRequired\":true,\"valueName\":\"search_term_string\"}}],\"inLanguage\":\"pt-PT\"},{\"@type\":\"Organization\",\"@id\":\"https:\/\/thebestofporto.com\/#organization\",\"name\":\"The Best of Porto\",\"url\":\"https:\/\/thebestofporto.com\/\",\"logo\":{\"@type\":\"ImageObject\",\"inLanguage\":\"pt-PT\",\"@id\":\"https:\/\/thebestofporto.com\/#\/schema\/logo\/image\/\",\"url\":\"https:\/\/thebestofporto.com\/wp-content\/uploads\/2024\/05\/logo.png\",\"contentUrl\":\"https:\/\/thebestofporto.com\/wp-content\/uploads\/2024\/05\/logo.png\",\"width\":5076,\"height\":1463,\"caption\":\"The Best of Porto\"},\"image\":{\"@id\":\"https:\/\/thebestofporto.com\/#\/schema\/logo\/image\/\"}},{\"@type\":\"Person\",\"@id\":\"https:\/\/thebestofporto.com\/#\/schema\/person\/04b3a2223d8527f0c6297ca6767266f7\",\"name\":\"admin\",\"image\":{\"@type\":\"ImageObject\",\"inLanguage\":\"pt-PT\",\"@id\":\"https:\/\/thebestofporto.com\/#\/schema\/person\/image\/\",\"url\":\"https:\/\/secure.gravatar.com\/avatar\/193e2977da320450cf56b1b093dd5b7286cdbaf6ad5201ab3cda69b78b13b458?s=96&d=mm&r=g\",\"contentUrl\":\"https:\/\/secure.gravatar.com\/avatar\/193e2977da320450cf56b1b093dd5b7286cdbaf6ad5201ab3cda69b78b13b458?s=96&d=mm&r=g\",\"caption\":\"admin\"},\"sameAs\":[\"https:\/\/thebestofporto.com\"],\"url\":\"https:\/\/thebestofporto.com\/pt\/author\/admin_l3zak26a\/\"}]}<\/script>\n<!-- \/ Yoast SEO plugin. -->","yoast_head_json":{"title":"Hist\u00f3rias e Lendas do Porto: Um Passeio pelo Tempo - The Best of Porto","robots":{"index":"index","follow":"follow","max-snippet":"max-snippet:-1","max-image-preview":"max-image-preview:large","max-video-preview":"max-video-preview:-1"},"canonical":"https:\/\/thebestofporto.com\/pt\/historias-e-lendas-do-porto-um-passeio-pelo-tempo\/","og_locale":"pt_PT","og_type":"article","og_title":"Hist\u00f3rias e Lendas do Porto: Um Passeio pelo Tempo - The Best of Porto","og_description":"O Porto \u00e9 uma cidade envolta em hist\u00f3rias e lendas que conferem um car\u00e1ter especial ao seu patrim\u00f4nio [\u2026]","og_url":"https:\/\/thebestofporto.com\/pt\/historias-e-lendas-do-porto-um-passeio-pelo-tempo\/","og_site_name":"The Best of Porto","article_published_time":"2025-02-06T15:56:56+00:00","og_image":[{"width":800,"height":480,"url":"https:\/\/thebestofporto.com\/wp-content\/uploads\/2025\/01\/lendas_Prancheta-1-03.png","type":"image\/png"}],"author":"admin","twitter_card":"summary_large_image","twitter_misc":{"Escrito por":"admin","Tempo estimado de leitura":"4 minutos"},"schema":{"@context":"https:\/\/schema.org","@graph":[{"@type":"Article","@id":"https:\/\/thebestofporto.com\/historias-e-lendas-do-porto-um-passeio-pelo-tempo\/#article","isPartOf":{"@id":"https:\/\/thebestofporto.com\/historias-e-lendas-do-porto-um-passeio-pelo-tempo\/"},"author":{"name":"admin","@id":"https:\/\/thebestofporto.com\/#\/schema\/person\/04b3a2223d8527f0c6297ca6767266f7"},"headline":"Hist\u00f3rias e Lendas do Porto: Um Passeio pelo Tempo","datePublished":"2025-02-06T15:56:56+00:00","mainEntityOfPage":{"@id":"https:\/\/thebestofporto.com\/historias-e-lendas-do-porto-um-passeio-pelo-tempo\/"},"wordCount":472,"publisher":{"@id":"https:\/\/thebestofporto.com\/#organization"},"image":{"@id":"https:\/\/thebestofporto.com\/historias-e-lendas-do-porto-um-passeio-pelo-tempo\/#primaryimage"},"thumbnailUrl":"https:\/\/thebestofporto.com\/wp-content\/uploads\/2025\/01\/lendas_Prancheta-1-03.png","articleSection":["Articles"],"inLanguage":"pt-PT"},{"@type":"WebPage","@id":"https:\/\/thebestofporto.com\/historias-e-lendas-do-porto-um-passeio-pelo-tempo\/","url":"https:\/\/thebestofporto.com\/historias-e-lendas-do-porto-um-passeio-pelo-tempo\/","name":"Hist\u00f3rias e Lendas do Porto: Um Passeio pelo Tempo - The Best of Porto","isPartOf":{"@id":"https:\/\/thebestofporto.com\/#website"},"primaryImageOfPage":{"@id":"https:\/\/thebestofporto.com\/historias-e-lendas-do-porto-um-passeio-pelo-tempo\/#primaryimage"},"image":{"@id":"https:\/\/thebestofporto.com\/historias-e-lendas-do-porto-um-passeio-pelo-tempo\/#primaryimage"},"thumbnailUrl":"https:\/\/thebestofporto.com\/wp-content\/uploads\/2025\/01\/lendas_Prancheta-1-03.png","datePublished":"2025-02-06T15:56:56+00:00","breadcrumb":{"@id":"https:\/\/thebestofporto.com\/historias-e-lendas-do-porto-um-passeio-pelo-tempo\/#breadcrumb"},"inLanguage":"pt-PT","potentialAction":[{"@type":"ReadAction","target":["https:\/\/thebestofporto.com\/historias-e-lendas-do-porto-um-passeio-pelo-tempo\/"]}]},{"@type":"ImageObject","inLanguage":"pt-PT","@id":"https:\/\/thebestofporto.com\/historias-e-lendas-do-porto-um-passeio-pelo-tempo\/#primaryimage","url":"https:\/\/thebestofporto.com\/wp-content\/uploads\/2025\/01\/lendas_Prancheta-1-03.png","contentUrl":"https:\/\/thebestofporto.com\/wp-content\/uploads\/2025\/01\/lendas_Prancheta-1-03.png","width":800,"height":480},{"@type":"BreadcrumbList","@id":"https:\/\/thebestofporto.com\/historias-e-lendas-do-porto-um-passeio-pelo-tempo\/#breadcrumb","itemListElement":[{"@type":"ListItem","position":1,"name":"In\u00edcio","item":"https:\/\/thebestofporto.com\/"},{"@type":"ListItem","position":2,"name":"Hist\u00f3rias e Lendas do Porto: Um Passeio pelo Tempo"}]},{"@type":"WebSite","@id":"https:\/\/thebestofporto.com\/#website","url":"https:\/\/thebestofporto.com\/","name":"The Best of Porto","description":"","publisher":{"@id":"https:\/\/thebestofporto.com\/#organization"},"potentialAction":[{"@type":"SearchAction","target":{"@type":"EntryPoint","urlTemplate":"https:\/\/thebestofporto.com\/?s={search_term_string}"},"query-input":{"@type":"PropertyValueSpecification","valueRequired":true,"valueName":"search_term_string"}}],"inLanguage":"pt-PT"},{"@type":"Organization","@id":"https:\/\/thebestofporto.com\/#organization","name":"The Best of Porto","url":"https:\/\/thebestofporto.com\/","logo":{"@type":"ImageObject","inLanguage":"pt-PT","@id":"https:\/\/thebestofporto.com\/#\/schema\/logo\/image\/","url":"https:\/\/thebestofporto.com\/wp-content\/uploads\/2024\/05\/logo.png","contentUrl":"https:\/\/thebestofporto.com\/wp-content\/uploads\/2024\/05\/logo.png","width":5076,"height":1463,"caption":"The Best of Porto"},"image":{"@id":"https:\/\/thebestofporto.com\/#\/schema\/logo\/image\/"}},{"@type":"Person","@id":"https:\/\/thebestofporto.com\/#\/schema\/person\/04b3a2223d8527f0c6297ca6767266f7","name":"admin","image":{"@type":"ImageObject","inLanguage":"pt-PT","@id":"https:\/\/thebestofporto.com\/#\/schema\/person\/image\/","url":"https:\/\/secure.gravatar.com\/avatar\/193e2977da320450cf56b1b093dd5b7286cdbaf6ad5201ab3cda69b78b13b458?s=96&d=mm&r=g","contentUrl":"https:\/\/secure.gravatar.com\/avatar\/193e2977da320450cf56b1b093dd5b7286cdbaf6ad5201ab3cda69b78b13b458?s=96&d=mm&r=g","caption":"admin"},"sameAs":["https:\/\/thebestofporto.com"],"url":"https:\/\/thebestofporto.com\/pt\/author\/admin_l3zak26a\/"}]}},"_links":{"self":[{"href":"https:\/\/thebestofporto.com\/pt\/wp-json\/wp\/v2\/posts\/10350","targetHints":{"allow":["GET"]}}],"collection":[{"href":"https:\/\/thebestofporto.com\/pt\/wp-json\/wp\/v2\/posts"}],"about":[{"href":"https:\/\/thebestofporto.com\/pt\/wp-json\/wp\/v2\/types\/post"}],"author":[{"embeddable":true,"href":"https:\/\/thebestofporto.com\/pt\/wp-json\/wp\/v2\/users\/1"}],"replies":[{"embeddable":true,"href":"https:\/\/thebestofporto.com\/pt\/wp-json\/wp\/v2\/comments?post=10350"}],"version-history":[{"count":8,"href":"https:\/\/thebestofporto.com\/pt\/wp-json\/wp\/v2\/posts\/10350\/revisions"}],"predecessor-version":[{"id":10460,"href":"https:\/\/thebestofporto.com\/pt\/wp-json\/wp\/v2\/posts\/10350\/revisions\/10460"}],"wp:featuredmedia":[{"embeddable":true,"href":"https:\/\/thebestofporto.com\/pt\/wp-json\/wp\/v2\/media\/10353"}],"wp:attachment":[{"href":"https:\/\/thebestofporto.com\/pt\/wp-json\/wp\/v2\/media?parent=10350"}],"wp:term":[{"taxonomy":"category","embeddable":true,"href":"https:\/\/thebestofporto.com\/pt\/wp-json\/wp\/v2\/categories?post=10350"},{"taxonomy":"post_tag","embeddable":true,"href":"https:\/\/thebestofporto.com\/pt\/wp-json\/wp\/v2\/tags?post=10350"},{"taxonomy":"filtros","embeddable":true,"href":"https:\/\/thebestofporto.com\/pt\/wp-json\/wp\/v2\/filtros?post=10350"}],"curies":[{"name":"wp","href":"https:\/\/api.w.org\/{rel}","templated":true}]}}