{"id":10472,"date":"2025-03-26T09:00:00","date_gmt":"2025-03-26T09:00:00","guid":{"rendered":"https:\/\/thebestofporto.com\/?p=10472"},"modified":"2026-01-20T10:30:13","modified_gmt":"2026-01-20T10:30:13","slug":"roteiro-cultural-museus-e-exposicoes-imperdiveis-no-porto","status":"publish","type":"post","link":"https:\/\/thebestofporto.com\/pt\/roteiro-cultural-museus-e-exposicoes-imperdiveis-no-porto\/","title":{"rendered":"Roteiro Cultural: Museus e Exposi\u00e7\u00f5es Imperd\u00edveis no Porto"},"content":{"rendered":"<div data-elementor-type=\"wp-post\" data-elementor-id=\"10472\" class=\"elementor elementor-10472\">\n\t\t\t\t<div class=\"elementor-element elementor-element-35163e36 e-flex e-con-boxed e-con e-parent\" data-id=\"35163e36\" data-element_type=\"container\">\n\t\t\t\t\t<div class=\"e-con-inner\">\n\t\t\t\t<div class=\"elementor-element elementor-element-7f561c41 elementor-widget elementor-widget-text-editor\" data-id=\"7f561c41\" data-element_type=\"widget\" data-widget_type=\"text-editor.default\">\n\t\t\t\t<div class=\"elementor-widget-container\">\n\t\t\t\t\t\t\t\t\t\n<p>O Porto \u00e9 um verdadeiro para\u00edso para os amantes de cultura e arte. Com uma oferta variada de museus e exposi\u00e7\u00f5es, a cidade apresenta op\u00e7\u00f5es para todos os gostos. Aqui est\u00e1 um roteiro cultural para n\u00e3o perder nada durante a sua visita.<\/p>\n\n<p>\u00a0<\/p>\n\n<h3 class=\"wp-block-heading\">Museu de Serralves<\/h3>\n\n<p>O Museu de Arte Contempor\u00e2nea de Serralves \u00e9 uma refer\u00eancia no panorama cultural portugu\u00eas. Situado num extenso parque verdejante, oferece exposi\u00e7\u00f5es tempor\u00e1rias de artistas internacionais e um jardim ideal para passeios tranquilos. N\u00e3o deixe de visitar tamb\u00e9m a Casa de Serralves, um exemplar not\u00e1vel da arquitetura <strong>Art D\u00e9co<\/strong>.<\/p>\n\t\t\t\t\t\t\t\t<\/div>\n\t\t\t\t<\/div>\n\t\t\t\t<div class=\"elementor-element elementor-element-4be745e elementor-widget elementor-widget-image\" data-id=\"4be745e\" data-element_type=\"widget\" data-widget_type=\"image.default\">\n\t\t\t\t<div class=\"elementor-widget-container\">\n\t\t\t\t\t\t\t\t\t\t\t\t\t\t\t<img fetchpriority=\"high\" decoding=\"async\" width=\"1024\" height=\"585\" src=\"https:\/\/thebestofporto.com\/wp-content\/uploads\/2025\/03\/serralves-1024x585.jpg\" class=\"attachment-large size-large wp-image-10474\" alt=\"\" srcset=\"https:\/\/thebestofporto.com\/wp-content\/uploads\/2025\/03\/serralves-1024x585.jpg 1024w, https:\/\/thebestofporto.com\/wp-content\/uploads\/2025\/03\/serralves-300x171.jpg 300w, https:\/\/thebestofporto.com\/wp-content\/uploads\/2025\/03\/serralves-768x439.jpg 768w, https:\/\/thebestofporto.com\/wp-content\/uploads\/2025\/03\/serralves-18x10.jpg 18w, https:\/\/thebestofporto.com\/wp-content\/uploads\/2025\/03\/serralves.jpg 1400w\" sizes=\"(max-width:767px) 480px, (max-width:1024px) 100vw, 1024px\" \/>\t\t\t\t\t\t\t\t\t\t\t\t\t\t\t<\/div>\n\t\t\t\t<\/div>\n\t\t\t\t<div class=\"elementor-element elementor-element-65ad261 elementor-widget elementor-widget-text-editor\" data-id=\"65ad261\" data-element_type=\"widget\" data-widget_type=\"text-editor.default\">\n\t\t\t\t<div class=\"elementor-widget-container\">\n\t\t\t\t\t\t\t\t\t\n<h3 class=\"wp-block-heading\">Museu Nacional Soares dos Reis<\/h3>\n\n<p>Para quem aprecia hist\u00f3ria e arte cl\u00e1ssica, o Museu Nacional Soares dos Reis \u00e9 um local imperd\u00edvel. Localizado num pal\u00e1cio do s\u00e9culo XIX, o museu abriga uma cole\u00e7\u00e3o impressionante de pintura, escultura e arte decorativa portuguesa.<\/p>\n\t\t\t\t\t\t\t\t<\/div>\n\t\t\t\t<\/div>\n\t\t\t\t<div class=\"elementor-element elementor-element-11fa3e7 elementor-widget elementor-widget-image\" data-id=\"11fa3e7\" data-element_type=\"widget\" data-widget_type=\"image.default\">\n\t\t\t\t<div class=\"elementor-widget-container\">\n\t\t\t\t\t\t\t\t\t\t\t\t\t\t\t<img decoding=\"async\" width=\"1024\" height=\"597\" src=\"https:\/\/thebestofporto.com\/wp-content\/uploads\/2025\/03\/soares-1024x597.jpg\" class=\"attachment-large size-large wp-image-10476\" alt=\"\" srcset=\"https:\/\/thebestofporto.com\/wp-content\/uploads\/2025\/03\/soares-1024x597.jpg 1024w, https:\/\/thebestofporto.com\/wp-content\/uploads\/2025\/03\/soares-300x175.jpg 300w, https:\/\/thebestofporto.com\/wp-content\/uploads\/2025\/03\/soares-768x448.jpg 768w, https:\/\/thebestofporto.com\/wp-content\/uploads\/2025\/03\/soares.jpg 1200w\" sizes=\"(max-width:767px) 480px, (max-width:1024px) 100vw, 1024px\" \/>\t\t\t\t\t\t\t\t\t\t\t\t\t\t\t<\/div>\n\t\t\t\t<\/div>\n\t\t\t\t<div class=\"elementor-element elementor-element-af1659d elementor-widget elementor-widget-text-editor\" data-id=\"af1659d\" data-element_type=\"widget\" data-widget_type=\"text-editor.default\">\n\t\t\t\t<div class=\"elementor-widget-container\">\n\t\t\t\t\t\t\t\t\t\n<h3 class=\"wp-block-heading\">Casa do Infante<\/h3>\n\n<p>Este museu hist\u00f3rico, situado na zona da Ribeira, \u00e9 dedicado \u00e0 vida do Infante D. Henrique, o Navegador, que nasceu no Porto. O espa\u00e7o conta ainda com exposi\u00e7\u00f5es sobre a hist\u00f3ria da cidade e a sua rela\u00e7\u00e3o secular com o mar.<\/p>\n\t\t\t\t\t\t\t\t<\/div>\n\t\t\t\t<\/div>\n\t\t\t\t<div class=\"elementor-element elementor-element-7969308 elementor-widget elementor-widget-image\" data-id=\"7969308\" data-element_type=\"widget\" data-widget_type=\"image.default\">\n\t\t\t\t<div class=\"elementor-widget-container\">\n\t\t\t\t\t\t\t\t\t\t\t\t\t\t\t<img decoding=\"async\" width=\"950\" height=\"712\" src=\"https:\/\/thebestofporto.com\/wp-content\/uploads\/2025\/03\/casa.jpg\" class=\"attachment-large size-large wp-image-10477\" alt=\"\" srcset=\"https:\/\/thebestofporto.com\/wp-content\/uploads\/2025\/03\/casa.jpg 950w, https:\/\/thebestofporto.com\/wp-content\/uploads\/2025\/03\/casa-300x225.jpg 300w, https:\/\/thebestofporto.com\/wp-content\/uploads\/2025\/03\/casa-768x576.jpg 768w, https:\/\/thebestofporto.com\/wp-content\/uploads\/2025\/03\/casa-16x12.jpg 16w\" sizes=\"(max-width:767px) 480px, (max-width:950px) 100vw, 950px\" \/>\t\t\t\t\t\t\t\t\t\t\t\t\t\t\t<\/div>\n\t\t\t\t<\/div>\n\t\t\t\t<div class=\"elementor-element elementor-element-769998a elementor-widget elementor-widget-text-editor\" data-id=\"769998a\" data-element_type=\"widget\" data-widget_type=\"text-editor.default\">\n\t\t\t\t<div class=\"elementor-widget-container\">\n\t\t\t\t\t\t\t\t\t\n<h3 class=\"wp-block-heading\">Centro Portugu\u00eas de Fotografia (CPF)<\/h3>\n\n<p>Para os apaixonados por fotografia, o CPF \u00e9 uma verdadeira joia. Instalado num edif\u00edcio que foi, em tempos, uma antiga pris\u00e3o, o centro oferece exposi\u00e7\u00f5es tempor\u00e1rias de grandes nomes da fotografia, al\u00e9m de uma cole\u00e7\u00e3o permanente com equipamentos fotogr\u00e1ficos hist\u00f3ricos.<\/p>\n\t\t\t\t\t\t\t\t<\/div>\n\t\t\t\t<\/div>\n\t\t\t\t<div class=\"elementor-element elementor-element-805827f elementor-widget elementor-widget-image\" data-id=\"805827f\" data-element_type=\"widget\" data-widget_type=\"image.default\">\n\t\t\t\t<div class=\"elementor-widget-container\">\n\t\t\t\t\t\t\t\t\t\t\t\t\t\t\t<img loading=\"lazy\" decoding=\"async\" width=\"1024\" height=\"576\" src=\"https:\/\/thebestofporto.com\/wp-content\/uploads\/2025\/03\/centro-1024x576.jpg\" class=\"attachment-large size-large wp-image-10478\" alt=\"\" srcset=\"https:\/\/thebestofporto.com\/wp-content\/uploads\/2025\/03\/centro-1024x576.jpg 1024w, https:\/\/thebestofporto.com\/wp-content\/uploads\/2025\/03\/centro-300x169.jpg 300w, https:\/\/thebestofporto.com\/wp-content\/uploads\/2025\/03\/centro-768x432.jpg 768w, https:\/\/thebestofporto.com\/wp-content\/uploads\/2025\/03\/centro-1536x864.jpg 1536w, https:\/\/thebestofporto.com\/wp-content\/uploads\/2025\/03\/centro-18x10.jpg 18w, https:\/\/thebestofporto.com\/wp-content\/uploads\/2025\/03\/centro.jpg 1800w\" sizes=\"(max-width:767px) 480px, (max-width:1024px) 100vw, 1024px\" \/>\t\t\t\t\t\t\t\t\t\t\t\t\t\t\t<\/div>\n\t\t\t\t<\/div>\n\t\t\t\t<div class=\"elementor-element elementor-element-f7e9f0b elementor-widget elementor-widget-text-editor\" data-id=\"f7e9f0b\" data-element_type=\"widget\" data-widget_type=\"text-editor.default\">\n\t\t\t\t<div class=\"elementor-widget-container\">\n\t\t\t\t\t\t\t\t\t\n<h3 class=\"wp-block-heading\">Museu do Vinho do Porto<\/h3>\n\n<p>A hist\u00f3ria do vinho do Porto \u00e9 essencial para entender a identidade da cidade. Este museu apresenta a evolu\u00e7\u00e3o da produ\u00e7\u00e3o e do com\u00e9rcio do famoso vinho, atrav\u00e9s de objetos hist\u00f3ricos e exposi\u00e7\u00f5es interativas.<\/p>\n\t\t\t\t\t\t\t\t<\/div>\n\t\t\t\t<\/div>\n\t\t\t\t<div class=\"elementor-element elementor-element-dca6e2f elementor-widget elementor-widget-image\" data-id=\"dca6e2f\" data-element_type=\"widget\" data-widget_type=\"image.default\">\n\t\t\t\t<div class=\"elementor-widget-container\">\n\t\t\t\t\t\t\t\t\t\t\t\t\t\t\t<img loading=\"lazy\" decoding=\"async\" width=\"950\" height=\"617\" src=\"https:\/\/thebestofporto.com\/wp-content\/uploads\/2025\/03\/Museu-do-Vinho-do-Porto.jpg\" class=\"attachment-large size-large wp-image-10480\" alt=\"\" srcset=\"https:\/\/thebestofporto.com\/wp-content\/uploads\/2025\/03\/Museu-do-Vinho-do-Porto.jpg 950w, https:\/\/thebestofporto.com\/wp-content\/uploads\/2025\/03\/Museu-do-Vinho-do-Porto-300x195.jpg 300w, https:\/\/thebestofporto.com\/wp-content\/uploads\/2025\/03\/Museu-do-Vinho-do-Porto-768x499.jpg 768w, https:\/\/thebestofporto.com\/wp-content\/uploads\/2025\/03\/Museu-do-Vinho-do-Porto-18x12.jpg 18w\" sizes=\"(max-width:767px) 480px, (max-width:950px) 100vw, 950px\" \/>\t\t\t\t\t\t\t\t\t\t\t\t\t\t\t<\/div>\n\t\t\t\t<\/div>\n\t\t\t\t<div class=\"elementor-element elementor-element-069adbd elementor-widget elementor-widget-text-editor\" data-id=\"069adbd\" data-element_type=\"widget\" data-widget_type=\"text-editor.default\">\n\t\t\t\t<div class=\"elementor-widget-container\">\n\t\t\t\t\t\t\t\t\t\n<h3 class=\"wp-block-heading\">Exposi\u00e7\u00f5es Tempor\u00e1rias<\/h3>\n\n<p>O Porto \u00e9 tamb\u00e9m conhecido pelas suas exposi\u00e7\u00f5es tempor\u00e1rias, que acontecem em diversos espa\u00e7os culturais. Fique atento \u00e0 programa\u00e7\u00e3o do Pal\u00e1cio da Bolsa, da Alf\u00e2ndega do Porto e das v\u00e1rias galerias de arte locais para descobrir as novidades.<\/p>\n\t\t\t\t\t\t\t\t<\/div>\n\t\t\t\t<\/div>\n\t\t\t\t<div class=\"elementor-element elementor-element-4946ba7 elementor-widget elementor-widget-image\" data-id=\"4946ba7\" data-element_type=\"widget\" data-widget_type=\"image.default\">\n\t\t\t\t<div class=\"elementor-widget-container\">\n\t\t\t\t\t\t\t\t\t\t\t\t\t\t\t<img loading=\"lazy\" decoding=\"async\" width=\"1024\" height=\"683\" src=\"https:\/\/thebestofporto.com\/wp-content\/uploads\/2025\/03\/alfandega-1024x683.jpg\" class=\"attachment-large size-large wp-image-10479\" alt=\"\" srcset=\"https:\/\/thebestofporto.com\/wp-content\/uploads\/2025\/03\/alfandega-1024x683.jpg 1024w, https:\/\/thebestofporto.com\/wp-content\/uploads\/2025\/03\/alfandega-300x200.jpg 300w, https:\/\/thebestofporto.com\/wp-content\/uploads\/2025\/03\/alfandega-768x512.jpg 768w, https:\/\/thebestofporto.com\/wp-content\/uploads\/2025\/03\/alfandega-1536x1024.jpg 1536w, https:\/\/thebestofporto.com\/wp-content\/uploads\/2025\/03\/alfandega-18x12.jpg 18w, https:\/\/thebestofporto.com\/wp-content\/uploads\/2025\/03\/alfandega.jpg 1920w\" sizes=\"(max-width:767px) 480px, (max-width:1024px) 100vw, 1024px\" \/>\t\t\t\t\t\t\t\t\t\t\t\t\t\t\t<\/div>\n\t\t\t\t<\/div>\n\t\t\t\t\t<\/div>\n\t\t\t\t<\/div>\n\t\t<div class=\"elementor-element elementor-element-aba214f e-flex e-con-boxed e-con e-parent\" data-id=\"aba214f\" data-element_type=\"container\">\n\t\t\t\t\t<div class=\"e-con-inner\">\n\t\t\t\t<div class=\"elementor-element elementor-element-c05da3d elementor-widget elementor-widget-spacer\" data-id=\"c05da3d\" data-element_type=\"widget\" data-widget_type=\"spacer.default\">\n\t\t\t\t<div class=\"elementor-widget-container\">\n\t\t\t\t\t\t\t<div class=\"elementor-spacer\">\n\t\t\t<div class=\"elementor-spacer-inner\"><\/div>\n\t\t<\/div>\n\t\t\t\t\t\t<\/div>\n\t\t\t\t<\/div>\n\t\t\t\t\t<\/div>\n\t\t\t\t<\/div>\n\t\t<div class=\"elementor-element elementor-element-625683e e-flex e-con-boxed e-con e-parent\" data-id=\"625683e\" data-element_type=\"container\">\n\t\t\t\t\t<div class=\"e-con-inner\">\n\t\t\t\t<div class=\"elementor-element elementor-element-95f3732 elementor-align-center elementor-widget elementor-widget-button\" data-id=\"95f3732\" data-element_type=\"widget\" data-widget_type=\"button.default\">\n\t\t\t\t<div class=\"elementor-widget-container\">\n\t\t\t\t\t\t\t\t\t<div class=\"elementor-button-wrapper\">\n\t\t\t\t\t<a class=\"elementor-button elementor-button-link elementor-size-sm\" href=\"https:\/\/thebestofporto.com\/pt\/blog\/\">\n\t\t\t\t\t\t<span class=\"elementor-button-content-wrapper\">\n\t\t\t\t\t\t\t\t\t<span class=\"elementor-button-text\">Ver todos os artigos<\/span>\n\t\t\t\t\t<\/span>\n\t\t\t\t\t<\/a>\n\t\t\t\t<\/div>\n\t\t\t\t\t\t\t\t<\/div>\n\t\t\t\t<\/div>\n\t\t\t\t\t<\/div>\n\t\t\t\t<\/div>\n\t\t\t\t<\/div>","protected":false},"excerpt":{"rendered":"<p>O Porto \u00e9 um verdadeiro para\u00edso para os amantes de cultura e arte. Com uma oferta variada de<span class=\"excerpt-hellip\"> [\u2026]<\/span><\/p>","protected":false},"author":1,"featured_media":11003,"comment_status":"closed","ping_status":"closed","sticky":false,"template":"","format":"standard","meta":{"_acf_changed":false,"footnotes":""},"categories":[123],"tags":[],"filtros":[],"class_list":["post-10472","post","type-post","status-publish","format-standard","has-post-thumbnail","hentry","category-articles"],"acf":[],"yoast_head":"<!-- This site is optimized with the Yoast SEO plugin v26.7 - https:\/\/yoast.com\/wordpress\/plugins\/seo\/ -->\n<title>Roteiro Cultural: Museus e Exposi\u00e7\u00f5es Imperd\u00edveis no Porto - The Best of Porto<\/title>\n<meta name=\"robots\" content=\"index, follow, max-snippet:-1, max-image-preview:large, max-video-preview:-1\" \/>\n<link rel=\"canonical\" href=\"https:\/\/thebestofporto.com\/pt\/roteiro-cultural-museus-e-exposicoes-imperdiveis-no-porto\/\" \/>\n<meta property=\"og:locale\" content=\"pt_PT\" \/>\n<meta property=\"og:type\" content=\"article\" \/>\n<meta property=\"og:title\" content=\"Roteiro Cultural: Museus e Exposi\u00e7\u00f5es Imperd\u00edveis no Porto - The Best of Porto\" \/>\n<meta property=\"og:description\" content=\"O Porto \u00e9 um verdadeiro para\u00edso para os amantes de cultura e arte. Com uma oferta variada de [\u2026]\" \/>\n<meta property=\"og:url\" content=\"https:\/\/thebestofporto.com\/pt\/roteiro-cultural-museus-e-exposicoes-imperdiveis-no-porto\/\" \/>\n<meta property=\"og:site_name\" content=\"The Best of Porto\" \/>\n<meta property=\"article:published_time\" content=\"2025-03-26T09:00:00+00:00\" \/>\n<meta property=\"article:modified_time\" content=\"2026-01-20T10:30:13+00:00\" \/>\n<meta property=\"og:image\" content=\"https:\/\/thebestofporto.com\/wp-content\/uploads\/2025\/03\/artigos-09-1024x819.png\" \/>\n\t<meta property=\"og:image:width\" content=\"1024\" \/>\n\t<meta property=\"og:image:height\" content=\"819\" \/>\n\t<meta property=\"og:image:type\" content=\"image\/png\" \/>\n<meta name=\"author\" content=\"admin\" \/>\n<meta name=\"twitter:card\" content=\"summary_large_image\" \/>\n<meta name=\"twitter:label1\" content=\"Escrito por\" \/>\n\t<meta name=\"twitter:data1\" content=\"admin\" \/>\n\t<meta name=\"twitter:label2\" content=\"Tempo estimado de leitura\" \/>\n\t<meta name=\"twitter:data2\" content=\"4 minutos\" \/>\n<script type=\"application\/ld+json\" class=\"yoast-schema-graph\">{\"@context\":\"https:\/\/schema.org\",\"@graph\":[{\"@type\":\"Article\",\"@id\":\"https:\/\/thebestofporto.com\/roteiro-cultural-museus-e-exposicoes-imperdiveis-no-porto\/#article\",\"isPartOf\":{\"@id\":\"https:\/\/thebestofporto.com\/roteiro-cultural-museus-e-exposicoes-imperdiveis-no-porto\/\"},\"author\":{\"name\":\"admin\",\"@id\":\"https:\/\/thebestofporto.com\/#\/schema\/person\/04b3a2223d8527f0c6297ca6767266f7\"},\"headline\":\"Roteiro Cultural: Museus e Exposi\u00e7\u00f5es Imperd\u00edveis no Porto\",\"datePublished\":\"2025-03-26T09:00:00+00:00\",\"dateModified\":\"2026-01-20T10:30:13+00:00\",\"mainEntityOfPage\":{\"@id\":\"https:\/\/thebestofporto.com\/roteiro-cultural-museus-e-exposicoes-imperdiveis-no-porto\/\"},\"wordCount\":357,\"publisher\":{\"@id\":\"https:\/\/thebestofporto.com\/#organization\"},\"image\":{\"@id\":\"https:\/\/thebestofporto.com\/roteiro-cultural-museus-e-exposicoes-imperdiveis-no-porto\/#primaryimage\"},\"thumbnailUrl\":\"https:\/\/thebestofporto.com\/wp-content\/uploads\/2025\/03\/artigos-09-scaled.png\",\"articleSection\":[\"Articles\"],\"inLanguage\":\"pt-PT\"},{\"@type\":\"WebPage\",\"@id\":\"https:\/\/thebestofporto.com\/roteiro-cultural-museus-e-exposicoes-imperdiveis-no-porto\/\",\"url\":\"https:\/\/thebestofporto.com\/roteiro-cultural-museus-e-exposicoes-imperdiveis-no-porto\/\",\"name\":\"Roteiro Cultural: Museus e Exposi\u00e7\u00f5es Imperd\u00edveis no Porto - The Best of Porto\",\"isPartOf\":{\"@id\":\"https:\/\/thebestofporto.com\/#website\"},\"primaryImageOfPage\":{\"@id\":\"https:\/\/thebestofporto.com\/roteiro-cultural-museus-e-exposicoes-imperdiveis-no-porto\/#primaryimage\"},\"image\":{\"@id\":\"https:\/\/thebestofporto.com\/roteiro-cultural-museus-e-exposicoes-imperdiveis-no-porto\/#primaryimage\"},\"thumbnailUrl\":\"https:\/\/thebestofporto.com\/wp-content\/uploads\/2025\/03\/artigos-09-scaled.png\",\"datePublished\":\"2025-03-26T09:00:00+00:00\",\"dateModified\":\"2026-01-20T10:30:13+00:00\",\"breadcrumb\":{\"@id\":\"https:\/\/thebestofporto.com\/roteiro-cultural-museus-e-exposicoes-imperdiveis-no-porto\/#breadcrumb\"},\"inLanguage\":\"pt-PT\",\"potentialAction\":[{\"@type\":\"ReadAction\",\"target\":[\"https:\/\/thebestofporto.com\/roteiro-cultural-museus-e-exposicoes-imperdiveis-no-porto\/\"]}]},{\"@type\":\"ImageObject\",\"inLanguage\":\"pt-PT\",\"@id\":\"https:\/\/thebestofporto.com\/roteiro-cultural-museus-e-exposicoes-imperdiveis-no-porto\/#primaryimage\",\"url\":\"https:\/\/thebestofporto.com\/wp-content\/uploads\/2025\/03\/artigos-09-scaled.png\",\"contentUrl\":\"https:\/\/thebestofporto.com\/wp-content\/uploads\/2025\/03\/artigos-09-scaled.png\",\"width\":2560,\"height\":2048},{\"@type\":\"BreadcrumbList\",\"@id\":\"https:\/\/thebestofporto.com\/roteiro-cultural-museus-e-exposicoes-imperdiveis-no-porto\/#breadcrumb\",\"itemListElement\":[{\"@type\":\"ListItem\",\"position\":1,\"name\":\"In\u00edcio\",\"item\":\"https:\/\/thebestofporto.com\/\"},{\"@type\":\"ListItem\",\"position\":2,\"name\":\"Roteiro Cultural: Museus e Exposi\u00e7\u00f5es Imperd\u00edveis no Porto\"}]},{\"@type\":\"WebSite\",\"@id\":\"https:\/\/thebestofporto.com\/#website\",\"url\":\"https:\/\/thebestofporto.com\/\",\"name\":\"The Best of Porto\",\"description\":\"\",\"publisher\":{\"@id\":\"https:\/\/thebestofporto.com\/#organization\"},\"potentialAction\":[{\"@type\":\"SearchAction\",\"target\":{\"@type\":\"EntryPoint\",\"urlTemplate\":\"https:\/\/thebestofporto.com\/?s={search_term_string}\"},\"query-input\":{\"@type\":\"PropertyValueSpecification\",\"valueRequired\":true,\"valueName\":\"search_term_string\"}}],\"inLanguage\":\"pt-PT\"},{\"@type\":\"Organization\",\"@id\":\"https:\/\/thebestofporto.com\/#organization\",\"name\":\"The Best of Porto\",\"url\":\"https:\/\/thebestofporto.com\/\",\"logo\":{\"@type\":\"ImageObject\",\"inLanguage\":\"pt-PT\",\"@id\":\"https:\/\/thebestofporto.com\/#\/schema\/logo\/image\/\",\"url\":\"https:\/\/thebestofporto.com\/wp-content\/uploads\/2024\/05\/logo.png\",\"contentUrl\":\"https:\/\/thebestofporto.com\/wp-content\/uploads\/2024\/05\/logo.png\",\"width\":5076,\"height\":1463,\"caption\":\"The Best of Porto\"},\"image\":{\"@id\":\"https:\/\/thebestofporto.com\/#\/schema\/logo\/image\/\"}},{\"@type\":\"Person\",\"@id\":\"https:\/\/thebestofporto.com\/#\/schema\/person\/04b3a2223d8527f0c6297ca6767266f7\",\"name\":\"admin\",\"image\":{\"@type\":\"ImageObject\",\"inLanguage\":\"pt-PT\",\"@id\":\"https:\/\/thebestofporto.com\/#\/schema\/person\/image\/\",\"url\":\"https:\/\/secure.gravatar.com\/avatar\/193e2977da320450cf56b1b093dd5b7286cdbaf6ad5201ab3cda69b78b13b458?s=96&d=mm&r=g\",\"contentUrl\":\"https:\/\/secure.gravatar.com\/avatar\/193e2977da320450cf56b1b093dd5b7286cdbaf6ad5201ab3cda69b78b13b458?s=96&d=mm&r=g\",\"caption\":\"admin\"},\"sameAs\":[\"https:\/\/thebestofporto.com\"],\"url\":\"https:\/\/thebestofporto.com\/pt\/author\/admin_l3zak26a\/\"}]}<\/script>\n<!-- \/ Yoast SEO plugin. -->","yoast_head_json":{"title":"Roteiro Cultural: Museus e Exposi\u00e7\u00f5es Imperd\u00edveis no Porto - The Best of Porto","robots":{"index":"index","follow":"follow","max-snippet":"max-snippet:-1","max-image-preview":"max-image-preview:large","max-video-preview":"max-video-preview:-1"},"canonical":"https:\/\/thebestofporto.com\/pt\/roteiro-cultural-museus-e-exposicoes-imperdiveis-no-porto\/","og_locale":"pt_PT","og_type":"article","og_title":"Roteiro Cultural: Museus e Exposi\u00e7\u00f5es Imperd\u00edveis no Porto - The Best of Porto","og_description":"O Porto \u00e9 um verdadeiro para\u00edso para os amantes de cultura e arte. Com uma oferta variada de [\u2026]","og_url":"https:\/\/thebestofporto.com\/pt\/roteiro-cultural-museus-e-exposicoes-imperdiveis-no-porto\/","og_site_name":"The Best of Porto","article_published_time":"2025-03-26T09:00:00+00:00","article_modified_time":"2026-01-20T10:30:13+00:00","og_image":[{"width":1024,"height":819,"url":"https:\/\/thebestofporto.com\/wp-content\/uploads\/2025\/03\/artigos-09-1024x819.png","type":"image\/png"}],"author":"admin","twitter_card":"summary_large_image","twitter_misc":{"Escrito por":"admin","Tempo estimado de leitura":"4 minutos"},"schema":{"@context":"https:\/\/schema.org","@graph":[{"@type":"Article","@id":"https:\/\/thebestofporto.com\/roteiro-cultural-museus-e-exposicoes-imperdiveis-no-porto\/#article","isPartOf":{"@id":"https:\/\/thebestofporto.com\/roteiro-cultural-museus-e-exposicoes-imperdiveis-no-porto\/"},"author":{"name":"admin","@id":"https:\/\/thebestofporto.com\/#\/schema\/person\/04b3a2223d8527f0c6297ca6767266f7"},"headline":"Roteiro Cultural: Museus e Exposi\u00e7\u00f5es Imperd\u00edveis no Porto","datePublished":"2025-03-26T09:00:00+00:00","dateModified":"2026-01-20T10:30:13+00:00","mainEntityOfPage":{"@id":"https:\/\/thebestofporto.com\/roteiro-cultural-museus-e-exposicoes-imperdiveis-no-porto\/"},"wordCount":357,"publisher":{"@id":"https:\/\/thebestofporto.com\/#organization"},"image":{"@id":"https:\/\/thebestofporto.com\/roteiro-cultural-museus-e-exposicoes-imperdiveis-no-porto\/#primaryimage"},"thumbnailUrl":"https:\/\/thebestofporto.com\/wp-content\/uploads\/2025\/03\/artigos-09-scaled.png","articleSection":["Articles"],"inLanguage":"pt-PT"},{"@type":"WebPage","@id":"https:\/\/thebestofporto.com\/roteiro-cultural-museus-e-exposicoes-imperdiveis-no-porto\/","url":"https:\/\/thebestofporto.com\/roteiro-cultural-museus-e-exposicoes-imperdiveis-no-porto\/","name":"Roteiro Cultural: Museus e Exposi\u00e7\u00f5es Imperd\u00edveis no Porto - The Best of Porto","isPartOf":{"@id":"https:\/\/thebestofporto.com\/#website"},"primaryImageOfPage":{"@id":"https:\/\/thebestofporto.com\/roteiro-cultural-museus-e-exposicoes-imperdiveis-no-porto\/#primaryimage"},"image":{"@id":"https:\/\/thebestofporto.com\/roteiro-cultural-museus-e-exposicoes-imperdiveis-no-porto\/#primaryimage"},"thumbnailUrl":"https:\/\/thebestofporto.com\/wp-content\/uploads\/2025\/03\/artigos-09-scaled.png","datePublished":"2025-03-26T09:00:00+00:00","dateModified":"2026-01-20T10:30:13+00:00","breadcrumb":{"@id":"https:\/\/thebestofporto.com\/roteiro-cultural-museus-e-exposicoes-imperdiveis-no-porto\/#breadcrumb"},"inLanguage":"pt-PT","potentialAction":[{"@type":"ReadAction","target":["https:\/\/thebestofporto.com\/roteiro-cultural-museus-e-exposicoes-imperdiveis-no-porto\/"]}]},{"@type":"ImageObject","inLanguage":"pt-PT","@id":"https:\/\/thebestofporto.com\/roteiro-cultural-museus-e-exposicoes-imperdiveis-no-porto\/#primaryimage","url":"https:\/\/thebestofporto.com\/wp-content\/uploads\/2025\/03\/artigos-09-scaled.png","contentUrl":"https:\/\/thebestofporto.com\/wp-content\/uploads\/2025\/03\/artigos-09-scaled.png","width":2560,"height":2048},{"@type":"BreadcrumbList","@id":"https:\/\/thebestofporto.com\/roteiro-cultural-museus-e-exposicoes-imperdiveis-no-porto\/#breadcrumb","itemListElement":[{"@type":"ListItem","position":1,"name":"In\u00edcio","item":"https:\/\/thebestofporto.com\/"},{"@type":"ListItem","position":2,"name":"Roteiro Cultural: Museus e Exposi\u00e7\u00f5es Imperd\u00edveis no Porto"}]},{"@type":"WebSite","@id":"https:\/\/thebestofporto.com\/#website","url":"https:\/\/thebestofporto.com\/","name":"The Best of Porto","description":"","publisher":{"@id":"https:\/\/thebestofporto.com\/#organization"},"potentialAction":[{"@type":"SearchAction","target":{"@type":"EntryPoint","urlTemplate":"https:\/\/thebestofporto.com\/?s={search_term_string}"},"query-input":{"@type":"PropertyValueSpecification","valueRequired":true,"valueName":"search_term_string"}}],"inLanguage":"pt-PT"},{"@type":"Organization","@id":"https:\/\/thebestofporto.com\/#organization","name":"The Best of Porto","url":"https:\/\/thebestofporto.com\/","logo":{"@type":"ImageObject","inLanguage":"pt-PT","@id":"https:\/\/thebestofporto.com\/#\/schema\/logo\/image\/","url":"https:\/\/thebestofporto.com\/wp-content\/uploads\/2024\/05\/logo.png","contentUrl":"https:\/\/thebestofporto.com\/wp-content\/uploads\/2024\/05\/logo.png","width":5076,"height":1463,"caption":"The Best of Porto"},"image":{"@id":"https:\/\/thebestofporto.com\/#\/schema\/logo\/image\/"}},{"@type":"Person","@id":"https:\/\/thebestofporto.com\/#\/schema\/person\/04b3a2223d8527f0c6297ca6767266f7","name":"admin","image":{"@type":"ImageObject","inLanguage":"pt-PT","@id":"https:\/\/thebestofporto.com\/#\/schema\/person\/image\/","url":"https:\/\/secure.gravatar.com\/avatar\/193e2977da320450cf56b1b093dd5b7286cdbaf6ad5201ab3cda69b78b13b458?s=96&d=mm&r=g","contentUrl":"https:\/\/secure.gravatar.com\/avatar\/193e2977da320450cf56b1b093dd5b7286cdbaf6ad5201ab3cda69b78b13b458?s=96&d=mm&r=g","caption":"admin"},"sameAs":["https:\/\/thebestofporto.com"],"url":"https:\/\/thebestofporto.com\/pt\/author\/admin_l3zak26a\/"}]}},"_links":{"self":[{"href":"https:\/\/thebestofporto.com\/pt\/wp-json\/wp\/v2\/posts\/10472","targetHints":{"allow":["GET"]}}],"collection":[{"href":"https:\/\/thebestofporto.com\/pt\/wp-json\/wp\/v2\/posts"}],"about":[{"href":"https:\/\/thebestofporto.com\/pt\/wp-json\/wp\/v2\/types\/post"}],"author":[{"embeddable":true,"href":"https:\/\/thebestofporto.com\/pt\/wp-json\/wp\/v2\/users\/1"}],"replies":[{"embeddable":true,"href":"https:\/\/thebestofporto.com\/pt\/wp-json\/wp\/v2\/comments?post=10472"}],"version-history":[{"count":5,"href":"https:\/\/thebestofporto.com\/pt\/wp-json\/wp\/v2\/posts\/10472\/revisions"}],"predecessor-version":[{"id":10529,"href":"https:\/\/thebestofporto.com\/pt\/wp-json\/wp\/v2\/posts\/10472\/revisions\/10529"}],"wp:featuredmedia":[{"embeddable":true,"href":"https:\/\/thebestofporto.com\/pt\/wp-json\/wp\/v2\/media\/11003"}],"wp:attachment":[{"href":"https:\/\/thebestofporto.com\/pt\/wp-json\/wp\/v2\/media?parent=10472"}],"wp:term":[{"taxonomy":"category","embeddable":true,"href":"https:\/\/thebestofporto.com\/pt\/wp-json\/wp\/v2\/categories?post=10472"},{"taxonomy":"post_tag","embeddable":true,"href":"https:\/\/thebestofporto.com\/pt\/wp-json\/wp\/v2\/tags?post=10472"},{"taxonomy":"filtros","embeddable":true,"href":"https:\/\/thebestofporto.com\/pt\/wp-json\/wp\/v2\/filtros?post=10472"}],"curies":[{"name":"wp","href":"https:\/\/api.w.org\/{rel}","templated":true}]}}