{"id":10872,"date":"2026-01-02T22:34:15","date_gmt":"2026-01-02T22:34:15","guid":{"rendered":"https:\/\/thebestofporto.com\/?p=10872"},"modified":"2026-01-23T10:38:34","modified_gmt":"2026-01-23T10:38:34","slug":"serralves-gardens-and-museum","status":"publish","type":"post","link":"https:\/\/thebestofporto.com\/pt\/serralves-gardens-and-museum\/","title":{"rendered":"Jardins e museu de Seerralves"},"content":{"rendered":"<div data-elementor-type=\"wp-post\" data-elementor-id=\"10872\" class=\"elementor elementor-10872\">\n\t\t\t\t<div class=\"elementor-element elementor-element-dd19a9f e-flex e-con-boxed e-con e-parent\" data-id=\"dd19a9f\" data-element_type=\"container\">\n\t\t\t\t\t<div class=\"e-con-inner\">\n\t\t\t\t<div class=\"elementor-element elementor-element-c796ea3 elementor-widget elementor-widget-text-editor\" data-id=\"c796ea3\" data-element_type=\"widget\" data-widget_type=\"text-editor.default\">\n\t\t\t\t<div class=\"elementor-widget-container\">\n\t\t\t\t\t\t\t\t\t<p data-start=\"198\" data-end=\"647\">O Museu de Serralves \u00e9 uma das mais importantes institui\u00e7\u00f5es culturais de Portugal e uma visita obrigat\u00f3ria para os amantes de arte que visitam o Porto. Situado no amplo Parque de Serralves, este museu de arte moderna apresenta uma cole\u00e7\u00e3o de arte contempor\u00e2nea de n\u00edvel mundial, exposi\u00e7\u00f5es tempor\u00e1rias, arquitetura e design. O seu edif\u00edcio marcante e os belos arredores tornam-no numa das experi\u00eancias culturais mais inspiradoras da cidade.<\/p><p data-start=\"649\" data-end=\"819\">Quer seja apaixonado por arte contempor\u00e2nea ou esteja apenas \u00e0 procura de um passeio tranquilo e inspirador, o Museu de Serralves oferece experi\u00eancias inesquec\u00edveis para todos.<\/p><hr data-start=\"821\" data-end=\"824\" \/><h3 data-start=\"826\" data-end=\"859\"><strong data-start=\"830\" data-end=\"859\">O que \u00e9 o Museu de Serralves?<\/strong><\/h3><p data-start=\"861\" data-end=\"1186\">O Museu de Arte Contempor\u00e2nea de Serralves \u00e9 um dos principais centros de express\u00e3o art\u00edstica moderna em Portugal. Projetado pelo aclamado arquiteto \u00c1lvaro Siza Vieira, o museu apresenta linhas limpas e minimalistas e abundante luz natural, oferecendo o cen\u00e1rio ideal para a sua cole\u00e7\u00e3o excecional de arte contempor\u00e2nea portuguesa e internacional.<\/p><p data-start=\"1188\" data-end=\"1397\">Mais do que um simples museu, Serralves faz parte de um conjunto cultural completo, incluindo o Parque de Serralves e a Casa de Serralves, que combina arte, arquitetura, paisagem e natureza numa experi\u00eancia integrada.<\/p><hr data-start=\"1399\" data-end=\"1402\" \/><h3 data-start=\"1404\" data-end=\"1439\"><strong data-start=\"1408\" data-end=\"1439\">Porque visitar?<\/strong><\/h3><ul data-start=\"1441\" data-end=\"1713\"><li data-start=\"1441\" data-end=\"1485\"><p data-start=\"1443\" data-end=\"1485\">Exposi\u00e7\u00f5es de arte contempor\u00e2nea de n\u00edvel mundial<\/p><\/li><li data-start=\"1486\" data-end=\"1533\"><p data-start=\"1488\" data-end=\"1533\">Arquitetura deslumbrante de \u00c1lvaro Siza Vieira<\/p><\/li><li data-start=\"1534\" data-end=\"1574\"><p data-start=\"1536\" data-end=\"1574\">Amplo Parque de Serralves envolvente<\/p><\/li><li data-start=\"1575\" data-end=\"1622\"><p data-start=\"1577\" data-end=\"1622\">Cole\u00e7\u00f5es permanentes e tempor\u00e1rias din\u00e2micas<\/p><\/li><li data-start=\"1623\" data-end=\"1661\"><p data-start=\"1625\" data-end=\"1661\">Workshops e programas educativos<\/p><\/li><li data-start=\"1662\" data-end=\"1713\"><p data-start=\"1664\" data-end=\"1713\">Perfeito para amantes de arte, arquitetura e natureza<\/p><\/li><\/ul><hr data-start=\"1715\" data-end=\"1718\" \/><h3 data-start=\"1720\" data-end=\"1758\"><strong data-start=\"1724\" data-end=\"1758\">Hor\u00e1rio de funcionamento<\/strong><\/h3><p data-start=\"1760\" data-end=\"2014\"><strong>Jardins:\u00a0<\/strong><\/p><p data-start=\"1760\" data-end=\"2014\">Segunda a sexta-feira: das 10h \u00e0s 18h<\/p><p data-start=\"1760\" data-end=\"2014\">S\u00e1bados e domingos: das 10h \u00e0s 19h<\/p><p data-start=\"1760\" data-end=\"2014\"><strong>Museu:\u00a0<\/strong><\/p><p data-start=\"1760\" data-end=\"2014\">Todos os dias: das 10h \u00e0s 18h<\/p><hr data-start=\"2016\" data-end=\"2019\" \/><h3 data-start=\"2021\" data-end=\"2063\"><strong data-start=\"2025\" data-end=\"2063\">Onde est\u00e1 localizado?<\/strong><\/h3><p data-start=\"2065\" data-end=\"2319\">O Museu de Serralves est\u00e1 localizado na zona da Foz do Douro, no Porto, dentro do amplo Parque de Serralves, que abrange 18 hectares de jardins, bosques e esculturas ao ar livre. \u00c9 facilmente acess\u00edvel de transporte p\u00fablico, t\u00e1xi ou bicicleta a partir do centro da cidade.<\/p><hr data-start=\"2321\" data-end=\"2324\" \/><h3 data-start=\"2326\" data-end=\"2368\"><strong data-start=\"2330\" data-end=\"2368\">Dicas para visitar<\/strong><\/h3><ul data-start=\"2370\" data-end=\"2607\"><li data-start=\"2370\" data-end=\"2407\"><p data-start=\"2372\" data-end=\"2407\">Compre bilhetes online e antecipadamente<\/p><\/li><li data-start=\"2408\" data-end=\"2462\"><p data-start=\"2410\" data-end=\"2462\">Permita-se desfrutar durante v\u00e1rias horas<\/p><\/li><li data-start=\"2463\" data-end=\"2510\"><p data-start=\"2465\" data-end=\"2510\">Leve cal\u00e7ado confort\u00e1vel para caminha ao ar livre<\/p><\/li><li data-start=\"2511\" data-end=\"2562\"><p data-start=\"2513\" data-end=\"2562\">Desfrute de um picnic nos jardins para um dia relaxada no natureza<\/p><\/li><li data-start=\"2563\" data-end=\"2607\"><p data-start=\"2565\" data-end=\"2607\">Verifique a exist\u00eancia de eventos especiais ou visitas guiadas<\/p><\/li><\/ul>\t\t\t\t\t\t\t\t<\/div>\n\t\t\t\t<\/div>\n\t\t\t\t\t<\/div>\n\t\t\t\t<\/div>\n\t\t\t\t<\/div>","protected":false},"excerpt":{"rendered":"<p>O Museu de Serralves \u00e9 uma das institui\u00e7\u00f5es culturais mais importantes de Portugal e uma visita obrigat\u00f3ria para<span class=\"excerpt-hellip\"> [\u2026]<\/span><\/p>","protected":false},"author":1,"featured_media":10863,"comment_status":"closed","ping_status":"closed","sticky":false,"template":"","format":"standard","meta":{"_acf_changed":false,"footnotes":""},"categories":[10],"tags":[],"filtros":[134],"class_list":["post-10872","post","type-post","status-publish","format-standard","has-post-thumbnail","hentry","category-experiences","filtros-museums"],"acf":[],"yoast_head":"<!-- This site is optimized with the Yoast SEO plugin v26.7 - https:\/\/yoast.com\/wordpress\/plugins\/seo\/ -->\n<title>Serralves Gardens and Museum - The Best of Porto<\/title>\n<meta name=\"robots\" content=\"index, follow, max-snippet:-1, max-image-preview:large, max-video-preview:-1\" \/>\n<link rel=\"canonical\" href=\"https:\/\/thebestofporto.com\/pt\/serralves-gardens-and-museum\/\" \/>\n<meta property=\"og:locale\" content=\"pt_PT\" \/>\n<meta property=\"og:type\" content=\"article\" \/>\n<meta property=\"og:title\" content=\"Serralves Gardens and Museum - The Best of Porto\" \/>\n<meta property=\"og:description\" content=\"Serralves Museum (Museu de Serralves) is one of Portugal\u2019s most important cultural institutions and a must-visit destination for [\u2026]\" \/>\n<meta property=\"og:url\" content=\"https:\/\/thebestofporto.com\/pt\/serralves-gardens-and-museum\/\" \/>\n<meta property=\"og:site_name\" content=\"The Best of Porto\" \/>\n<meta property=\"article:published_time\" content=\"2026-01-02T22:34:15+00:00\" \/>\n<meta property=\"article:modified_time\" content=\"2026-01-23T10:38:34+00:00\" \/>\n<meta property=\"og:image\" content=\"https:\/\/thebestofporto.com\/wp-content\/uploads\/2026\/01\/expereincias-14-1024x819.png\" \/>\n\t<meta property=\"og:image:width\" content=\"1024\" \/>\n\t<meta property=\"og:image:height\" content=\"819\" \/>\n\t<meta property=\"og:image:type\" content=\"image\/png\" \/>\n<meta name=\"author\" content=\"admin\" \/>\n<meta name=\"twitter:card\" content=\"summary_large_image\" \/>\n<meta name=\"twitter:label1\" content=\"Escrito por\" \/>\n\t<meta name=\"twitter:data1\" content=\"admin\" \/>\n\t<meta name=\"twitter:label2\" content=\"Tempo estimado de leitura\" \/>\n\t<meta name=\"twitter:data2\" content=\"2 minutos\" \/>\n<script type=\"application\/ld+json\" class=\"yoast-schema-graph\">{\"@context\":\"https:\/\/schema.org\",\"@graph\":[{\"@type\":\"Article\",\"@id\":\"https:\/\/thebestofporto.com\/serralves-gardens-and-museum\/#article\",\"isPartOf\":{\"@id\":\"https:\/\/thebestofporto.com\/serralves-gardens-and-museum\/\"},\"author\":{\"name\":\"admin\",\"@id\":\"https:\/\/thebestofporto.com\/#\/schema\/person\/04b3a2223d8527f0c6297ca6767266f7\"},\"headline\":\"Serralves Gardens and Museum\",\"datePublished\":\"2026-01-02T22:34:15+00:00\",\"dateModified\":\"2026-01-23T10:38:34+00:00\",\"mainEntityOfPage\":{\"@id\":\"https:\/\/thebestofporto.com\/serralves-gardens-and-museum\/\"},\"wordCount\":310,\"publisher\":{\"@id\":\"https:\/\/thebestofporto.com\/#organization\"},\"image\":{\"@id\":\"https:\/\/thebestofporto.com\/serralves-gardens-and-museum\/#primaryimage\"},\"thumbnailUrl\":\"https:\/\/thebestofporto.com\/wp-content\/uploads\/2026\/01\/expereincias-14-scaled.png\",\"articleSection\":[\"Experiences\"],\"inLanguage\":\"pt-PT\"},{\"@type\":\"WebPage\",\"@id\":\"https:\/\/thebestofporto.com\/serralves-gardens-and-museum\/\",\"url\":\"https:\/\/thebestofporto.com\/serralves-gardens-and-museum\/\",\"name\":\"Serralves Gardens and Museum - The Best of Porto\",\"isPartOf\":{\"@id\":\"https:\/\/thebestofporto.com\/#website\"},\"primaryImageOfPage\":{\"@id\":\"https:\/\/thebestofporto.com\/serralves-gardens-and-museum\/#primaryimage\"},\"image\":{\"@id\":\"https:\/\/thebestofporto.com\/serralves-gardens-and-museum\/#primaryimage\"},\"thumbnailUrl\":\"https:\/\/thebestofporto.com\/wp-content\/uploads\/2026\/01\/expereincias-14-scaled.png\",\"datePublished\":\"2026-01-02T22:34:15+00:00\",\"dateModified\":\"2026-01-23T10:38:34+00:00\",\"breadcrumb\":{\"@id\":\"https:\/\/thebestofporto.com\/serralves-gardens-and-museum\/#breadcrumb\"},\"inLanguage\":\"pt-PT\",\"potentialAction\":[{\"@type\":\"ReadAction\",\"target\":[\"https:\/\/thebestofporto.com\/serralves-gardens-and-museum\/\"]}]},{\"@type\":\"ImageObject\",\"inLanguage\":\"pt-PT\",\"@id\":\"https:\/\/thebestofporto.com\/serralves-gardens-and-museum\/#primaryimage\",\"url\":\"https:\/\/thebestofporto.com\/wp-content\/uploads\/2026\/01\/expereincias-14-scaled.png\",\"contentUrl\":\"https:\/\/thebestofporto.com\/wp-content\/uploads\/2026\/01\/expereincias-14-scaled.png\",\"width\":2560,\"height\":2048},{\"@type\":\"BreadcrumbList\",\"@id\":\"https:\/\/thebestofporto.com\/serralves-gardens-and-museum\/#breadcrumb\",\"itemListElement\":[{\"@type\":\"ListItem\",\"position\":1,\"name\":\"In\u00edcio\",\"item\":\"https:\/\/thebestofporto.com\/\"},{\"@type\":\"ListItem\",\"position\":2,\"name\":\"Serralves Gardens and Museum\"}]},{\"@type\":\"WebSite\",\"@id\":\"https:\/\/thebestofporto.com\/#website\",\"url\":\"https:\/\/thebestofporto.com\/\",\"name\":\"The Best of Porto\",\"description\":\"\",\"publisher\":{\"@id\":\"https:\/\/thebestofporto.com\/#organization\"},\"potentialAction\":[{\"@type\":\"SearchAction\",\"target\":{\"@type\":\"EntryPoint\",\"urlTemplate\":\"https:\/\/thebestofporto.com\/?s={search_term_string}\"},\"query-input\":{\"@type\":\"PropertyValueSpecification\",\"valueRequired\":true,\"valueName\":\"search_term_string\"}}],\"inLanguage\":\"pt-PT\"},{\"@type\":\"Organization\",\"@id\":\"https:\/\/thebestofporto.com\/#organization\",\"name\":\"The Best of Porto\",\"url\":\"https:\/\/thebestofporto.com\/\",\"logo\":{\"@type\":\"ImageObject\",\"inLanguage\":\"pt-PT\",\"@id\":\"https:\/\/thebestofporto.com\/#\/schema\/logo\/image\/\",\"url\":\"https:\/\/thebestofporto.com\/wp-content\/uploads\/2024\/05\/logo.png\",\"contentUrl\":\"https:\/\/thebestofporto.com\/wp-content\/uploads\/2024\/05\/logo.png\",\"width\":5076,\"height\":1463,\"caption\":\"The Best of Porto\"},\"image\":{\"@id\":\"https:\/\/thebestofporto.com\/#\/schema\/logo\/image\/\"}},{\"@type\":\"Person\",\"@id\":\"https:\/\/thebestofporto.com\/#\/schema\/person\/04b3a2223d8527f0c6297ca6767266f7\",\"name\":\"admin\",\"image\":{\"@type\":\"ImageObject\",\"inLanguage\":\"pt-PT\",\"@id\":\"https:\/\/thebestofporto.com\/#\/schema\/person\/image\/\",\"url\":\"https:\/\/secure.gravatar.com\/avatar\/193e2977da320450cf56b1b093dd5b7286cdbaf6ad5201ab3cda69b78b13b458?s=96&d=mm&r=g\",\"contentUrl\":\"https:\/\/secure.gravatar.com\/avatar\/193e2977da320450cf56b1b093dd5b7286cdbaf6ad5201ab3cda69b78b13b458?s=96&d=mm&r=g\",\"caption\":\"admin\"},\"sameAs\":[\"https:\/\/thebestofporto.com\"],\"url\":\"https:\/\/thebestofporto.com\/pt\/author\/admin_l3zak26a\/\"}]}<\/script>\n<!-- \/ Yoast SEO plugin. -->","yoast_head_json":{"title":"Serralves Gardens and Museum - The Best of Porto","robots":{"index":"index","follow":"follow","max-snippet":"max-snippet:-1","max-image-preview":"max-image-preview:large","max-video-preview":"max-video-preview:-1"},"canonical":"https:\/\/thebestofporto.com\/pt\/serralves-gardens-and-museum\/","og_locale":"pt_PT","og_type":"article","og_title":"Serralves Gardens and Museum - The Best of Porto","og_description":"Serralves Museum (Museu de Serralves) is one of Portugal\u2019s most important cultural institutions and a must-visit destination for [\u2026]","og_url":"https:\/\/thebestofporto.com\/pt\/serralves-gardens-and-museum\/","og_site_name":"The Best of Porto","article_published_time":"2026-01-02T22:34:15+00:00","article_modified_time":"2026-01-23T10:38:34+00:00","og_image":[{"width":1024,"height":819,"url":"https:\/\/thebestofporto.com\/wp-content\/uploads\/2026\/01\/expereincias-14-1024x819.png","type":"image\/png"}],"author":"admin","twitter_card":"summary_large_image","twitter_misc":{"Escrito por":"admin","Tempo estimado de leitura":"2 minutos"},"schema":{"@context":"https:\/\/schema.org","@graph":[{"@type":"Article","@id":"https:\/\/thebestofporto.com\/serralves-gardens-and-museum\/#article","isPartOf":{"@id":"https:\/\/thebestofporto.com\/serralves-gardens-and-museum\/"},"author":{"name":"admin","@id":"https:\/\/thebestofporto.com\/#\/schema\/person\/04b3a2223d8527f0c6297ca6767266f7"},"headline":"Serralves Gardens and Museum","datePublished":"2026-01-02T22:34:15+00:00","dateModified":"2026-01-23T10:38:34+00:00","mainEntityOfPage":{"@id":"https:\/\/thebestofporto.com\/serralves-gardens-and-museum\/"},"wordCount":310,"publisher":{"@id":"https:\/\/thebestofporto.com\/#organization"},"image":{"@id":"https:\/\/thebestofporto.com\/serralves-gardens-and-museum\/#primaryimage"},"thumbnailUrl":"https:\/\/thebestofporto.com\/wp-content\/uploads\/2026\/01\/expereincias-14-scaled.png","articleSection":["Experiences"],"inLanguage":"pt-PT"},{"@type":"WebPage","@id":"https:\/\/thebestofporto.com\/serralves-gardens-and-museum\/","url":"https:\/\/thebestofporto.com\/serralves-gardens-and-museum\/","name":"Serralves Gardens and Museum - The Best of Porto","isPartOf":{"@id":"https:\/\/thebestofporto.com\/#website"},"primaryImageOfPage":{"@id":"https:\/\/thebestofporto.com\/serralves-gardens-and-museum\/#primaryimage"},"image":{"@id":"https:\/\/thebestofporto.com\/serralves-gardens-and-museum\/#primaryimage"},"thumbnailUrl":"https:\/\/thebestofporto.com\/wp-content\/uploads\/2026\/01\/expereincias-14-scaled.png","datePublished":"2026-01-02T22:34:15+00:00","dateModified":"2026-01-23T10:38:34+00:00","breadcrumb":{"@id":"https:\/\/thebestofporto.com\/serralves-gardens-and-museum\/#breadcrumb"},"inLanguage":"pt-PT","potentialAction":[{"@type":"ReadAction","target":["https:\/\/thebestofporto.com\/serralves-gardens-and-museum\/"]}]},{"@type":"ImageObject","inLanguage":"pt-PT","@id":"https:\/\/thebestofporto.com\/serralves-gardens-and-museum\/#primaryimage","url":"https:\/\/thebestofporto.com\/wp-content\/uploads\/2026\/01\/expereincias-14-scaled.png","contentUrl":"https:\/\/thebestofporto.com\/wp-content\/uploads\/2026\/01\/expereincias-14-scaled.png","width":2560,"height":2048},{"@type":"BreadcrumbList","@id":"https:\/\/thebestofporto.com\/serralves-gardens-and-museum\/#breadcrumb","itemListElement":[{"@type":"ListItem","position":1,"name":"In\u00edcio","item":"https:\/\/thebestofporto.com\/"},{"@type":"ListItem","position":2,"name":"Serralves Gardens and Museum"}]},{"@type":"WebSite","@id":"https:\/\/thebestofporto.com\/#website","url":"https:\/\/thebestofporto.com\/","name":"The Best of Porto","description":"","publisher":{"@id":"https:\/\/thebestofporto.com\/#organization"},"potentialAction":[{"@type":"SearchAction","target":{"@type":"EntryPoint","urlTemplate":"https:\/\/thebestofporto.com\/?s={search_term_string}"},"query-input":{"@type":"PropertyValueSpecification","valueRequired":true,"valueName":"search_term_string"}}],"inLanguage":"pt-PT"},{"@type":"Organization","@id":"https:\/\/thebestofporto.com\/#organization","name":"The Best of Porto","url":"https:\/\/thebestofporto.com\/","logo":{"@type":"ImageObject","inLanguage":"pt-PT","@id":"https:\/\/thebestofporto.com\/#\/schema\/logo\/image\/","url":"https:\/\/thebestofporto.com\/wp-content\/uploads\/2024\/05\/logo.png","contentUrl":"https:\/\/thebestofporto.com\/wp-content\/uploads\/2024\/05\/logo.png","width":5076,"height":1463,"caption":"The Best of Porto"},"image":{"@id":"https:\/\/thebestofporto.com\/#\/schema\/logo\/image\/"}},{"@type":"Person","@id":"https:\/\/thebestofporto.com\/#\/schema\/person\/04b3a2223d8527f0c6297ca6767266f7","name":"admin","image":{"@type":"ImageObject","inLanguage":"pt-PT","@id":"https:\/\/thebestofporto.com\/#\/schema\/person\/image\/","url":"https:\/\/secure.gravatar.com\/avatar\/193e2977da320450cf56b1b093dd5b7286cdbaf6ad5201ab3cda69b78b13b458?s=96&d=mm&r=g","contentUrl":"https:\/\/secure.gravatar.com\/avatar\/193e2977da320450cf56b1b093dd5b7286cdbaf6ad5201ab3cda69b78b13b458?s=96&d=mm&r=g","caption":"admin"},"sameAs":["https:\/\/thebestofporto.com"],"url":"https:\/\/thebestofporto.com\/pt\/author\/admin_l3zak26a\/"}]}},"_links":{"self":[{"href":"https:\/\/thebestofporto.com\/pt\/wp-json\/wp\/v2\/posts\/10872","targetHints":{"allow":["GET"]}}],"collection":[{"href":"https:\/\/thebestofporto.com\/pt\/wp-json\/wp\/v2\/posts"}],"about":[{"href":"https:\/\/thebestofporto.com\/pt\/wp-json\/wp\/v2\/types\/post"}],"author":[{"embeddable":true,"href":"https:\/\/thebestofporto.com\/pt\/wp-json\/wp\/v2\/users\/1"}],"replies":[{"embeddable":true,"href":"https:\/\/thebestofporto.com\/pt\/wp-json\/wp\/v2\/comments?post=10872"}],"version-history":[{"count":10,"href":"https:\/\/thebestofporto.com\/pt\/wp-json\/wp\/v2\/posts\/10872\/revisions"}],"predecessor-version":[{"id":11444,"href":"https:\/\/thebestofporto.com\/pt\/wp-json\/wp\/v2\/posts\/10872\/revisions\/11444"}],"wp:featuredmedia":[{"embeddable":true,"href":"https:\/\/thebestofporto.com\/pt\/wp-json\/wp\/v2\/media\/10863"}],"wp:attachment":[{"href":"https:\/\/thebestofporto.com\/pt\/wp-json\/wp\/v2\/media?parent=10872"}],"wp:term":[{"taxonomy":"category","embeddable":true,"href":"https:\/\/thebestofporto.com\/pt\/wp-json\/wp\/v2\/categories?post=10872"},{"taxonomy":"post_tag","embeddable":true,"href":"https:\/\/thebestofporto.com\/pt\/wp-json\/wp\/v2\/tags?post=10872"},{"taxonomy":"filtros","embeddable":true,"href":"https:\/\/thebestofporto.com\/pt\/wp-json\/wp\/v2\/filtros?post=10872"}],"curies":[{"name":"wp","href":"https:\/\/api.w.org\/{rel}","templated":true}]}}