{"id":10883,"date":"2026-01-02T22:40:13","date_gmt":"2026-01-02T22:40:13","guid":{"rendered":"https:\/\/thebestofporto.com\/?p=10883"},"modified":"2026-01-23T10:23:01","modified_gmt":"2026-01-23T10:23:01","slug":"teleferico-de-gaia","status":"publish","type":"post","link":"https:\/\/thebestofporto.com\/pt\/teleferico-de-gaia\/","title":{"rendered":"Telef\u00e9rico de Gaia"},"content":{"rendered":"<div data-elementor-type=\"wp-post\" data-elementor-id=\"10883\" class=\"elementor elementor-10883\">\n\t\t\t\t<div class=\"elementor-element elementor-element-47fdba4 e-flex e-con-boxed e-con e-parent\" data-id=\"47fdba4\" data-element_type=\"container\">\n\t\t\t\t\t<div class=\"e-con-inner\">\n\t\t\t\t<div class=\"elementor-element elementor-element-bf31e83 elementor-widget elementor-widget-text-editor\" data-id=\"bf31e83\" data-element_type=\"widget\" data-widget_type=\"text-editor.default\">\n\t\t\t\t<div class=\"elementor-widget-container\">\n\t\t\t\t\t\t\t\t\t<p data-start=\"204\" data-end=\"569\">O Telef\u00e9rico de Gaia \u00e9 uma das experi\u00eancias mais panor\u00e2micas e relaxantes no Porto e em Vila Nova de Gaia. Este passeio de telef\u00e9rico oferece vistas espetaculares sobre o rio Douro, o centro hist\u00f3rico do Porto e as famosas caves de vinho de Gaia. Flutuando acima da zona ribeirinha, \u00e9 uma forma perfeita de apreciar as paisagens da cidade de uma perspetiva \u00fanica.<\/p><p data-start=\"571\" data-end=\"698\">Ideal para casais, fam\u00edlias e amantes da fotografia, o Telef\u00e9rico de Gaia combina conforto, vistas deslumbrantes e momentos inesquec\u00edveis.<\/p><hr data-start=\"700\" data-end=\"703\" \/><h3 data-start=\"705\" data-end=\"744\"><strong data-start=\"709\" data-end=\"744\">O que \u00e9 o Telef\u00e9rico de Gaia?<\/strong><\/h3><p data-start=\"746\" data-end=\"1032\">O Telef\u00e9rico de Gaia \u00e9 um sistema de telef\u00e9rico que liga a zona alta de Vila Nova de Gaia, perto da \u00e1rea da Serra do Pilar, \u00e0 zona ribeirinha (Cais de Gaia). Durante o percurso, os passageiros desfrutam de vistas panor\u00e2micas do horizonte do Porto, da Ponte Dom Lu\u00eds I e do rio Douro.<\/p><p data-start=\"1034\" data-end=\"1106\">Mais do que um meio de transporte, \u00e9 uma experi\u00eancia tur\u00edstica por si s\u00f3.<\/p><hr data-start=\"1108\" data-end=\"1111\" \/><h3 data-start=\"1113\" data-end=\"1153\"><strong data-start=\"1117\" data-end=\"1153\">Porque andar de telef\u00e9rico?<\/strong><\/h3><ul data-start=\"1155\" data-end=\"1427\"><li data-start=\"1155\" data-end=\"1205\"><p data-start=\"1157\" data-end=\"1205\">Vistas panor\u00e2micas sobre o Porto e o rio Douro<\/p><\/li><li data-start=\"1206\" data-end=\"1253\"><p data-start=\"1208\" data-end=\"1253\">Perspetiva \u00fanica da Ponte Dom Lu\u00eds I<\/p><\/li><li data-start=\"1254\" data-end=\"1292\"><p data-start=\"1256\" data-end=\"1292\">Passeio de telef\u00e9rico suave e relaxante<\/p><\/li><li data-start=\"1293\" data-end=\"1331\"><p data-start=\"1295\" data-end=\"1331\">Perfeito para fotos e para contemplar a cidade<\/p><\/li><li data-start=\"1332\" data-end=\"1376\"><p data-start=\"1334\" data-end=\"1376\">Acesso f\u00e1cil entre a zona alta e a baixa de Gaia<\/p><\/li><li data-start=\"1377\" data-end=\"1427\"><p data-start=\"1379\" data-end=\"1427\">Uma das atra\u00e7\u00f5es mais panor\u00e2micas da regi\u00e3o<\/p><\/li><\/ul><hr data-start=\"1429\" data-end=\"1432\" \/><h3 data-start=\"1434\" data-end=\"1474\"><strong data-start=\"1438\" data-end=\"1474\">Hor\u00e1rio de funcionamento<\/strong><\/h3><p data-start=\"1476\" data-end=\"1663\">Aberto todos os dias das 11h \u00e0s 20h<\/p><hr data-start=\"1665\" data-end=\"1668\" \/><h3 data-start=\"1670\" data-end=\"1718\"><strong data-start=\"1674\" data-end=\"1718\">Onde est\u00e1 localizado?<\/strong><\/h3><p data-start=\"1720\" data-end=\"1946\">O Telef\u00e9rico de Gaia est\u00e1 localizado em Vila Nova de Gaia, na margem sul do rio Douro, mesmo em frente ao centro hist\u00f3rico do Porto. \u00c9 facilmente acess\u00edvel a p\u00e9 a partir da zona ribeirinha ou dos miradouros da parte alta de Gaia.<\/p><hr data-start=\"1948\" data-end=\"1951\" \/><h3 data-start=\"1953\" data-end=\"1999\"><strong data-start=\"1957\" data-end=\"1999\">Dicas para andar no Telef\u00e9rico de Gaia:<\/strong><\/h3><ul data-start=\"2001\" data-end=\"2239\"><li data-start=\"2001\" data-end=\"2070\"><p data-start=\"2003\" data-end=\"2070\">Fa\u00e7a o passeio durante o dia para vistas claras ou ao p\u00f4r do sol para aproveitar a luz dourada.<\/p><\/li><li data-start=\"2071\" data-end=\"2101\"><p data-start=\"2073\" data-end=\"2101\">Traga a sua c\u00e2mara ou telem\u00f3vel<\/p><\/li><li data-start=\"2102\" data-end=\"2150\"><p data-start=\"2104\" data-end=\"2150\">Combine o passeio com uma visita \u00e0s caves de vinho em Gaia.<\/p><\/li><li data-start=\"2151\" data-end=\"2196\"><p data-start=\"2153\" data-end=\"2196\">Verifique as condi\u00e7\u00f5es meteorol\u00f3gicas antes do passeio.<\/p><\/li><li data-start=\"2197\" data-end=\"2239\"><p data-start=\"2199\" data-end=\"2239\">Ideal para incluir num roteiro pela zona ribeirinha<\/p><\/li><\/ul>\t\t\t\t\t\t\t\t<\/div>\n\t\t\t\t<\/div>\n\t\t\t\t\t<\/div>\n\t\t\t\t<\/div>\n\t\t\t\t<\/div>","protected":false},"excerpt":{"rendered":"<p>O Telef\u00e9rico de Gaia \u00e9 uma das experi\u00eancias mais panor\u00e2micas e relaxantes no Porto e em Vila Nova de Gaia<span class=\"excerpt-hellip\"> [\u2026]<\/span><\/p>","protected":false},"author":1,"featured_media":10866,"comment_status":"closed","ping_status":"closed","sticky":false,"template":"","format":"standard","meta":{"_acf_changed":false,"footnotes":""},"categories":[10],"tags":[],"filtros":[136],"class_list":["post-10883","post","type-post","status-publish","format-standard","has-post-thumbnail","hentry","category-experiences","filtros-for-the-view"],"acf":[],"yoast_head":"<!-- This site is optimized with the Yoast SEO plugin v26.7 - https:\/\/yoast.com\/wordpress\/plugins\/seo\/ -->\n<title>Telef\u00e9rico de Gaia - The Best of Porto<\/title>\n<meta name=\"robots\" content=\"index, follow, max-snippet:-1, max-image-preview:large, max-video-preview:-1\" \/>\n<link rel=\"canonical\" href=\"https:\/\/thebestofporto.com\/pt\/teleferico-de-gaia\/\" \/>\n<meta property=\"og:locale\" content=\"pt_PT\" \/>\n<meta property=\"og:type\" content=\"article\" \/>\n<meta property=\"og:title\" content=\"Telef\u00e9rico de Gaia - The Best of Porto\" \/>\n<meta property=\"og:description\" content=\"The Telef\u00e9rico de Gaia is one of the most scenic and relaxing experiences in Porto and Vila Nova [\u2026]\" \/>\n<meta property=\"og:url\" content=\"https:\/\/thebestofporto.com\/pt\/teleferico-de-gaia\/\" \/>\n<meta property=\"og:site_name\" content=\"The Best of Porto\" \/>\n<meta property=\"article:published_time\" content=\"2026-01-02T22:40:13+00:00\" \/>\n<meta property=\"article:modified_time\" content=\"2026-01-23T10:23:01+00:00\" \/>\n<meta property=\"og:image\" content=\"https:\/\/thebestofporto.com\/wp-content\/uploads\/2026\/01\/expereincias-17-1024x819.png\" \/>\n\t<meta property=\"og:image:width\" content=\"1024\" \/>\n\t<meta property=\"og:image:height\" content=\"819\" \/>\n\t<meta property=\"og:image:type\" content=\"image\/png\" \/>\n<meta name=\"author\" content=\"admin\" \/>\n<meta name=\"twitter:card\" content=\"summary_large_image\" \/>\n<meta name=\"twitter:label1\" content=\"Escrito por\" \/>\n\t<meta name=\"twitter:data1\" content=\"admin\" \/>\n\t<meta name=\"twitter:label2\" content=\"Tempo estimado de leitura\" \/>\n\t<meta name=\"twitter:data2\" content=\"2 minutos\" \/>\n<script type=\"application\/ld+json\" class=\"yoast-schema-graph\">{\"@context\":\"https:\/\/schema.org\",\"@graph\":[{\"@type\":\"Article\",\"@id\":\"https:\/\/thebestofporto.com\/teleferico-de-gaia\/#article\",\"isPartOf\":{\"@id\":\"https:\/\/thebestofporto.com\/teleferico-de-gaia\/\"},\"author\":{\"name\":\"admin\",\"@id\":\"https:\/\/thebestofporto.com\/#\/schema\/person\/04b3a2223d8527f0c6297ca6767266f7\"},\"headline\":\"Telef\u00e9rico de Gaia\",\"datePublished\":\"2026-01-02T22:40:13+00:00\",\"dateModified\":\"2026-01-23T10:23:01+00:00\",\"mainEntityOfPage\":{\"@id\":\"https:\/\/thebestofporto.com\/teleferico-de-gaia\/\"},\"wordCount\":305,\"publisher\":{\"@id\":\"https:\/\/thebestofporto.com\/#organization\"},\"image\":{\"@id\":\"https:\/\/thebestofporto.com\/teleferico-de-gaia\/#primaryimage\"},\"thumbnailUrl\":\"https:\/\/thebestofporto.com\/wp-content\/uploads\/2026\/01\/expereincias-17-scaled.png\",\"articleSection\":[\"Experiences\"],\"inLanguage\":\"pt-PT\"},{\"@type\":\"WebPage\",\"@id\":\"https:\/\/thebestofporto.com\/teleferico-de-gaia\/\",\"url\":\"https:\/\/thebestofporto.com\/teleferico-de-gaia\/\",\"name\":\"Telef\u00e9rico de Gaia - The Best of Porto\",\"isPartOf\":{\"@id\":\"https:\/\/thebestofporto.com\/#website\"},\"primaryImageOfPage\":{\"@id\":\"https:\/\/thebestofporto.com\/teleferico-de-gaia\/#primaryimage\"},\"image\":{\"@id\":\"https:\/\/thebestofporto.com\/teleferico-de-gaia\/#primaryimage\"},\"thumbnailUrl\":\"https:\/\/thebestofporto.com\/wp-content\/uploads\/2026\/01\/expereincias-17-scaled.png\",\"datePublished\":\"2026-01-02T22:40:13+00:00\",\"dateModified\":\"2026-01-23T10:23:01+00:00\",\"breadcrumb\":{\"@id\":\"https:\/\/thebestofporto.com\/teleferico-de-gaia\/#breadcrumb\"},\"inLanguage\":\"pt-PT\",\"potentialAction\":[{\"@type\":\"ReadAction\",\"target\":[\"https:\/\/thebestofporto.com\/teleferico-de-gaia\/\"]}]},{\"@type\":\"ImageObject\",\"inLanguage\":\"pt-PT\",\"@id\":\"https:\/\/thebestofporto.com\/teleferico-de-gaia\/#primaryimage\",\"url\":\"https:\/\/thebestofporto.com\/wp-content\/uploads\/2026\/01\/expereincias-17-scaled.png\",\"contentUrl\":\"https:\/\/thebestofporto.com\/wp-content\/uploads\/2026\/01\/expereincias-17-scaled.png\",\"width\":2560,\"height\":2048},{\"@type\":\"BreadcrumbList\",\"@id\":\"https:\/\/thebestofporto.com\/teleferico-de-gaia\/#breadcrumb\",\"itemListElement\":[{\"@type\":\"ListItem\",\"position\":1,\"name\":\"In\u00edcio\",\"item\":\"https:\/\/thebestofporto.com\/\"},{\"@type\":\"ListItem\",\"position\":2,\"name\":\"Telef\u00e9rico de Gaia\"}]},{\"@type\":\"WebSite\",\"@id\":\"https:\/\/thebestofporto.com\/#website\",\"url\":\"https:\/\/thebestofporto.com\/\",\"name\":\"The Best of Porto\",\"description\":\"\",\"publisher\":{\"@id\":\"https:\/\/thebestofporto.com\/#organization\"},\"potentialAction\":[{\"@type\":\"SearchAction\",\"target\":{\"@type\":\"EntryPoint\",\"urlTemplate\":\"https:\/\/thebestofporto.com\/?s={search_term_string}\"},\"query-input\":{\"@type\":\"PropertyValueSpecification\",\"valueRequired\":true,\"valueName\":\"search_term_string\"}}],\"inLanguage\":\"pt-PT\"},{\"@type\":\"Organization\",\"@id\":\"https:\/\/thebestofporto.com\/#organization\",\"name\":\"The Best of Porto\",\"url\":\"https:\/\/thebestofporto.com\/\",\"logo\":{\"@type\":\"ImageObject\",\"inLanguage\":\"pt-PT\",\"@id\":\"https:\/\/thebestofporto.com\/#\/schema\/logo\/image\/\",\"url\":\"https:\/\/thebestofporto.com\/wp-content\/uploads\/2024\/05\/logo.png\",\"contentUrl\":\"https:\/\/thebestofporto.com\/wp-content\/uploads\/2024\/05\/logo.png\",\"width\":5076,\"height\":1463,\"caption\":\"The Best of Porto\"},\"image\":{\"@id\":\"https:\/\/thebestofporto.com\/#\/schema\/logo\/image\/\"}},{\"@type\":\"Person\",\"@id\":\"https:\/\/thebestofporto.com\/#\/schema\/person\/04b3a2223d8527f0c6297ca6767266f7\",\"name\":\"admin\",\"image\":{\"@type\":\"ImageObject\",\"inLanguage\":\"pt-PT\",\"@id\":\"https:\/\/thebestofporto.com\/#\/schema\/person\/image\/\",\"url\":\"https:\/\/secure.gravatar.com\/avatar\/193e2977da320450cf56b1b093dd5b7286cdbaf6ad5201ab3cda69b78b13b458?s=96&d=mm&r=g\",\"contentUrl\":\"https:\/\/secure.gravatar.com\/avatar\/193e2977da320450cf56b1b093dd5b7286cdbaf6ad5201ab3cda69b78b13b458?s=96&d=mm&r=g\",\"caption\":\"admin\"},\"sameAs\":[\"https:\/\/thebestofporto.com\"],\"url\":\"https:\/\/thebestofporto.com\/pt\/author\/admin_l3zak26a\/\"}]}<\/script>\n<!-- \/ Yoast SEO plugin. -->","yoast_head_json":{"title":"Telef\u00e9rico de Gaia - The Best of Porto","robots":{"index":"index","follow":"follow","max-snippet":"max-snippet:-1","max-image-preview":"max-image-preview:large","max-video-preview":"max-video-preview:-1"},"canonical":"https:\/\/thebestofporto.com\/pt\/teleferico-de-gaia\/","og_locale":"pt_PT","og_type":"article","og_title":"Telef\u00e9rico de Gaia - The Best of Porto","og_description":"The Telef\u00e9rico de Gaia is one of the most scenic and relaxing experiences in Porto and Vila Nova [\u2026]","og_url":"https:\/\/thebestofporto.com\/pt\/teleferico-de-gaia\/","og_site_name":"The Best of Porto","article_published_time":"2026-01-02T22:40:13+00:00","article_modified_time":"2026-01-23T10:23:01+00:00","og_image":[{"width":1024,"height":819,"url":"https:\/\/thebestofporto.com\/wp-content\/uploads\/2026\/01\/expereincias-17-1024x819.png","type":"image\/png"}],"author":"admin","twitter_card":"summary_large_image","twitter_misc":{"Escrito por":"admin","Tempo estimado de leitura":"2 minutos"},"schema":{"@context":"https:\/\/schema.org","@graph":[{"@type":"Article","@id":"https:\/\/thebestofporto.com\/teleferico-de-gaia\/#article","isPartOf":{"@id":"https:\/\/thebestofporto.com\/teleferico-de-gaia\/"},"author":{"name":"admin","@id":"https:\/\/thebestofporto.com\/#\/schema\/person\/04b3a2223d8527f0c6297ca6767266f7"},"headline":"Telef\u00e9rico de Gaia","datePublished":"2026-01-02T22:40:13+00:00","dateModified":"2026-01-23T10:23:01+00:00","mainEntityOfPage":{"@id":"https:\/\/thebestofporto.com\/teleferico-de-gaia\/"},"wordCount":305,"publisher":{"@id":"https:\/\/thebestofporto.com\/#organization"},"image":{"@id":"https:\/\/thebestofporto.com\/teleferico-de-gaia\/#primaryimage"},"thumbnailUrl":"https:\/\/thebestofporto.com\/wp-content\/uploads\/2026\/01\/expereincias-17-scaled.png","articleSection":["Experiences"],"inLanguage":"pt-PT"},{"@type":"WebPage","@id":"https:\/\/thebestofporto.com\/teleferico-de-gaia\/","url":"https:\/\/thebestofporto.com\/teleferico-de-gaia\/","name":"Telef\u00e9rico de Gaia - The Best of Porto","isPartOf":{"@id":"https:\/\/thebestofporto.com\/#website"},"primaryImageOfPage":{"@id":"https:\/\/thebestofporto.com\/teleferico-de-gaia\/#primaryimage"},"image":{"@id":"https:\/\/thebestofporto.com\/teleferico-de-gaia\/#primaryimage"},"thumbnailUrl":"https:\/\/thebestofporto.com\/wp-content\/uploads\/2026\/01\/expereincias-17-scaled.png","datePublished":"2026-01-02T22:40:13+00:00","dateModified":"2026-01-23T10:23:01+00:00","breadcrumb":{"@id":"https:\/\/thebestofporto.com\/teleferico-de-gaia\/#breadcrumb"},"inLanguage":"pt-PT","potentialAction":[{"@type":"ReadAction","target":["https:\/\/thebestofporto.com\/teleferico-de-gaia\/"]}]},{"@type":"ImageObject","inLanguage":"pt-PT","@id":"https:\/\/thebestofporto.com\/teleferico-de-gaia\/#primaryimage","url":"https:\/\/thebestofporto.com\/wp-content\/uploads\/2026\/01\/expereincias-17-scaled.png","contentUrl":"https:\/\/thebestofporto.com\/wp-content\/uploads\/2026\/01\/expereincias-17-scaled.png","width":2560,"height":2048},{"@type":"BreadcrumbList","@id":"https:\/\/thebestofporto.com\/teleferico-de-gaia\/#breadcrumb","itemListElement":[{"@type":"ListItem","position":1,"name":"In\u00edcio","item":"https:\/\/thebestofporto.com\/"},{"@type":"ListItem","position":2,"name":"Telef\u00e9rico de Gaia"}]},{"@type":"WebSite","@id":"https:\/\/thebestofporto.com\/#website","url":"https:\/\/thebestofporto.com\/","name":"The Best of Porto","description":"","publisher":{"@id":"https:\/\/thebestofporto.com\/#organization"},"potentialAction":[{"@type":"SearchAction","target":{"@type":"EntryPoint","urlTemplate":"https:\/\/thebestofporto.com\/?s={search_term_string}"},"query-input":{"@type":"PropertyValueSpecification","valueRequired":true,"valueName":"search_term_string"}}],"inLanguage":"pt-PT"},{"@type":"Organization","@id":"https:\/\/thebestofporto.com\/#organization","name":"The Best of Porto","url":"https:\/\/thebestofporto.com\/","logo":{"@type":"ImageObject","inLanguage":"pt-PT","@id":"https:\/\/thebestofporto.com\/#\/schema\/logo\/image\/","url":"https:\/\/thebestofporto.com\/wp-content\/uploads\/2024\/05\/logo.png","contentUrl":"https:\/\/thebestofporto.com\/wp-content\/uploads\/2024\/05\/logo.png","width":5076,"height":1463,"caption":"The Best of Porto"},"image":{"@id":"https:\/\/thebestofporto.com\/#\/schema\/logo\/image\/"}},{"@type":"Person","@id":"https:\/\/thebestofporto.com\/#\/schema\/person\/04b3a2223d8527f0c6297ca6767266f7","name":"admin","image":{"@type":"ImageObject","inLanguage":"pt-PT","@id":"https:\/\/thebestofporto.com\/#\/schema\/person\/image\/","url":"https:\/\/secure.gravatar.com\/avatar\/193e2977da320450cf56b1b093dd5b7286cdbaf6ad5201ab3cda69b78b13b458?s=96&d=mm&r=g","contentUrl":"https:\/\/secure.gravatar.com\/avatar\/193e2977da320450cf56b1b093dd5b7286cdbaf6ad5201ab3cda69b78b13b458?s=96&d=mm&r=g","caption":"admin"},"sameAs":["https:\/\/thebestofporto.com"],"url":"https:\/\/thebestofporto.com\/pt\/author\/admin_l3zak26a\/"}]}},"_links":{"self":[{"href":"https:\/\/thebestofporto.com\/pt\/wp-json\/wp\/v2\/posts\/10883","targetHints":{"allow":["GET"]}}],"collection":[{"href":"https:\/\/thebestofporto.com\/pt\/wp-json\/wp\/v2\/posts"}],"about":[{"href":"https:\/\/thebestofporto.com\/pt\/wp-json\/wp\/v2\/types\/post"}],"author":[{"embeddable":true,"href":"https:\/\/thebestofporto.com\/pt\/wp-json\/wp\/v2\/users\/1"}],"replies":[{"embeddable":true,"href":"https:\/\/thebestofporto.com\/pt\/wp-json\/wp\/v2\/comments?post=10883"}],"version-history":[{"count":14,"href":"https:\/\/thebestofporto.com\/pt\/wp-json\/wp\/v2\/posts\/10883\/revisions"}],"predecessor-version":[{"id":11436,"href":"https:\/\/thebestofporto.com\/pt\/wp-json\/wp\/v2\/posts\/10883\/revisions\/11436"}],"wp:featuredmedia":[{"embeddable":true,"href":"https:\/\/thebestofporto.com\/pt\/wp-json\/wp\/v2\/media\/10866"}],"wp:attachment":[{"href":"https:\/\/thebestofporto.com\/pt\/wp-json\/wp\/v2\/media?parent=10883"}],"wp:term":[{"taxonomy":"category","embeddable":true,"href":"https:\/\/thebestofporto.com\/pt\/wp-json\/wp\/v2\/categories?post=10883"},{"taxonomy":"post_tag","embeddable":true,"href":"https:\/\/thebestofporto.com\/pt\/wp-json\/wp\/v2\/tags?post=10883"},{"taxonomy":"filtros","embeddable":true,"href":"https:\/\/thebestofporto.com\/pt\/wp-json\/wp\/v2\/filtros?post=10883"}],"curies":[{"name":"wp","href":"https:\/\/api.w.org\/{rel}","templated":true}]}}