{"id":11067,"date":"2026-01-02T16:07:58","date_gmt":"2026-01-02T16:07:58","guid":{"rendered":"https:\/\/thebestofporto.com\/?p=11067"},"modified":"2026-01-23T10:47:03","modified_gmt":"2026-01-23T10:47:03","slug":"museum-of-transports-and-communications","status":"publish","type":"post","link":"https:\/\/thebestofporto.com\/pt\/museum-of-transports-and-communications\/","title":{"rendered":"Museu dos Transportes e das Comunica\u00e7\u00f5es"},"content":{"rendered":"<div data-elementor-type=\"wp-post\" data-elementor-id=\"11067\" class=\"elementor elementor-11067\">\n\t\t\t\t<div class=\"elementor-element elementor-element-89192b8 e-flex e-con-boxed e-con e-parent\" data-id=\"89192b8\" data-element_type=\"container\">\n\t\t\t\t\t<div class=\"e-con-inner\">\n\t\t\t\t<div class=\"elementor-element elementor-element-38f8557 elementor-widget elementor-widget-text-editor\" data-id=\"38f8557\" data-element_type=\"widget\" data-widget_type=\"text-editor.default\">\n\t\t\t\t<div class=\"elementor-widget-container\">\n\t\t\t\t\t\t\t\t\t<p data-start=\"118\" data-end=\"511\">O Museu dos Transportes e Comunica\u00e7\u00f5es \u00e9 uma atra\u00e7\u00e3o cultural fascinante no Porto, dedicada \u00e0 hist\u00f3ria dos transportes, comunica\u00e7\u00f5es e tecnologia em Portugal. Alojado no interior da hist\u00f3rica Alf\u00e2ndega do Porto (antiga alf\u00e2ndega), este museu oferece aos visitantes uma viagem envolvente sobre como as pessoas, mercadorias e informa\u00e7\u00f5es se deslocaram pelo pa\u00eds ao longo dos s\u00e9culos.<\/p><p data-start=\"513\" data-end=\"669\">Ideal para fam\u00edlias, amantes da hist\u00f3ria e viajantes curiosos, o museu combina patrim\u00f3nio, inova\u00e7\u00e3o e aprendizagem interativa num cen\u00e1rio \u00fanico \u00e0 beira-rio.<\/p><hr data-start=\"671\" data-end=\"674\" \/><h3 data-start=\"676\" data-end=\"734\"><strong data-start=\"680\" data-end=\"734\">O que \u00e9 <span class=\"hover:entity-accent entity-underline inline cursor-pointer align-baseline\"><span class=\"whitespace-normal\">Museu dos Transportes e Comunica\u00e7\u00f5es<\/span><\/span>?<\/strong><\/h3><p data-start=\"736\" data-end=\"1073\">O Museu dos Transportes e Comunica\u00e7\u00f5es \u00e9 um museu que explora a evolu\u00e7\u00e3o dos sistemas de transporte e das redes de comunica\u00e7\u00e3o em Portugal. As suas exposi\u00e7\u00f5es abrangem temas como o com\u00e9rcio mar\u00edtimo, caminhos de ferro, transporte rodovi\u00e1rio, servi\u00e7os postais e telecomunica\u00e7\u00f5es, destacando o seu papel na forma\u00e7\u00e3o da sociedade e economia portuguesas.<\/p><p data-start=\"1075\" data-end=\"1164\">Mais do que um museu t\u00e9cnico, conta hist\u00f3rias humanas de liga\u00e7\u00e3o, viagem e progresso.<\/p><hr data-start=\"1166\" data-end=\"1169\" \/><h3 data-start=\"1171\" data-end=\"1230\"><strong data-start=\"1175\" data-end=\"1230\">Porque visitar?<\/strong><\/h3><ul data-start=\"1232\" data-end=\"1569\"><li data-start=\"1232\" data-end=\"1303\"><p data-start=\"1234\" data-end=\"1303\">Saiba mais sobre a hist\u00f3ria dos transportes e comunica\u00e7\u00f5es em Portugal<\/p><\/li><li data-start=\"1304\" data-end=\"1363\"><p data-start=\"1306\" data-end=\"1363\">Localizado no interior do hist\u00f3rico edif\u00edcio da Alf\u00e2ndega do Porto<\/p><\/li><li data-start=\"1364\" data-end=\"1407\"><p data-start=\"1366\" data-end=\"1407\">Exposi\u00e7\u00f5es interativas e educativas<\/p><\/li><li data-start=\"1408\" data-end=\"1455\"><p data-start=\"1410\" data-end=\"1455\">Adequado para adultos, fam\u00edlias e crian\u00e7as<\/p><\/li><li data-start=\"1456\" data-end=\"1518\"><p data-start=\"1458\" data-end=\"1518\">Forte liga\u00e7\u00e3o ao rio e ao patrim\u00f3nio comercial do Porto<\/p><\/li><li data-start=\"1519\" data-end=\"1569\"><p data-start=\"1521\" data-end=\"1569\">Experi\u00eancia museol\u00f3gica \u00fanica ao longo do Rio Douro<\/p><\/li><\/ul><hr data-start=\"1571\" data-end=\"1574\" \/><h3 data-start=\"1576\" data-end=\"1634\"><strong data-start=\"1580\" data-end=\"1634\">Hor\u00e1rio de funcionamento<\/strong><\/h3><p data-start=\"1636\" data-end=\"1828\">Ter\u00e7a a sexta-feira: das 10h \u00e0s 13h e das 14h \u00e0s 18h<\/p><p data-start=\"1636\" data-end=\"1828\">S\u00e1bados e domingos: das 15h \u00e0s 19h<\/p><hr data-start=\"1830\" data-end=\"1833\" \/><h3 data-start=\"1835\" data-end=\"1901\"><strong data-start=\"1839\" data-end=\"1901\">Onde est\u00e1 localizado?<\/strong><\/h3><p data-start=\"1903\" data-end=\"2136\">O museu est\u00e1 localizado na zona ribeirinha do Porto, no interior da hist\u00f3rica Alf\u00e2ndega do Porto, perto do Rio Douro e a uma curta dist\u00e2ncia a p\u00e9 do centro da cidade. \u00c9 facilmente acess\u00edvel a p\u00e9, de el\u00e9trico ou de transportes p\u00fablicos.<\/p><hr data-start=\"2138\" data-end=\"2141\" \/><h3 data-start=\"2143\" data-end=\"2209\"><strong data-start=\"2147\" data-end=\"2209\">Dicas para visitar<\/strong><\/h3><ul data-start=\"2211\" data-end=\"2459\"><li data-start=\"2211\" data-end=\"2269\"><p data-start=\"2213\" data-end=\"2269\">Allow enough time to explore multiple exhibition areas<\/p><\/li><li data-start=\"2270\" data-end=\"2316\"><p data-start=\"2272\" data-end=\"2316\">Ideal para uma visita cultural em fam\u00edlia<\/p><\/li><li data-start=\"2317\" data-end=\"2366\"><p data-start=\"2319\" data-end=\"2366\">Combine com um passeio \u00e0 beira-rio ao longo do Douro<\/p><\/li><li data-start=\"2367\" data-end=\"2419\"><p data-start=\"2369\" data-end=\"2419\">Verifique a exist\u00eancia de exposi\u00e7\u00f5es tempor\u00e1rias<\/p><\/li><li data-start=\"2420\" data-end=\"2459\"><p data-start=\"2422\" data-end=\"2459\">\u00d3tima atividade no interior para dias chuvosos<\/p><\/li><\/ul>\t\t\t\t\t\t\t\t<\/div>\n\t\t\t\t<\/div>\n\t\t\t\t\t<\/div>\n\t\t\t\t<\/div>\n\t\t\t\t<\/div>","protected":false},"excerpt":{"rendered":"<p>O Museu dos Transportes e das Comunica\u00e7\u00f5es \u00e9 uma atra\u00e7\u00e3o cultural fascinante no Porto, dedicada \u00e0 hist\u00f3ria dos\u2026<span class=\"excerpt-hellip\"> [\u2026]<\/span><\/p>","protected":false},"author":1,"featured_media":11068,"comment_status":"closed","ping_status":"closed","sticky":false,"template":"","format":"standard","meta":{"_acf_changed":false,"footnotes":""},"categories":[10],"tags":[],"filtros":[134],"class_list":["post-11067","post","type-post","status-publish","format-standard","has-post-thumbnail","hentry","category-experiences","filtros-museums"],"acf":[],"yoast_head":"<!-- This site is optimized with the Yoast SEO plugin v26.7 - https:\/\/yoast.com\/wordpress\/plugins\/seo\/ -->\n<title>Museum of transports and communications - The Best of Porto<\/title>\n<meta name=\"robots\" content=\"index, follow, max-snippet:-1, max-image-preview:large, max-video-preview:-1\" \/>\n<link rel=\"canonical\" href=\"https:\/\/thebestofporto.com\/pt\/museum-of-transports-and-communications\/\" \/>\n<meta property=\"og:locale\" content=\"pt_PT\" \/>\n<meta property=\"og:type\" content=\"article\" \/>\n<meta property=\"og:title\" content=\"Museum of transports and communications - The Best of Porto\" \/>\n<meta property=\"og:description\" content=\"The Museu dos Transportes e Comunica\u00e7\u00f5es is a fascinating cultural attraction in Porto, dedicated to the history of [\u2026]\" \/>\n<meta property=\"og:url\" content=\"https:\/\/thebestofporto.com\/pt\/museum-of-transports-and-communications\/\" \/>\n<meta property=\"og:site_name\" content=\"The Best of Porto\" \/>\n<meta property=\"article:published_time\" content=\"2026-01-02T16:07:58+00:00\" \/>\n<meta property=\"article:modified_time\" content=\"2026-01-23T10:47:03+00:00\" \/>\n<meta property=\"og:image\" content=\"https:\/\/thebestofporto.com\/wp-content\/uploads\/2026\/01\/expereincias-19-1024x819.png\" \/>\n\t<meta property=\"og:image:width\" content=\"1024\" \/>\n\t<meta property=\"og:image:height\" content=\"819\" \/>\n\t<meta property=\"og:image:type\" content=\"image\/png\" \/>\n<meta name=\"author\" content=\"admin\" \/>\n<meta name=\"twitter:card\" content=\"summary_large_image\" \/>\n<meta name=\"twitter:label1\" content=\"Escrito por\" \/>\n\t<meta name=\"twitter:data1\" content=\"admin\" \/>\n\t<meta name=\"twitter:label2\" content=\"Tempo estimado de leitura\" \/>\n\t<meta name=\"twitter:data2\" content=\"2 minutos\" \/>\n<script type=\"application\/ld+json\" class=\"yoast-schema-graph\">{\"@context\":\"https:\/\/schema.org\",\"@graph\":[{\"@type\":\"Article\",\"@id\":\"https:\/\/thebestofporto.com\/museum-of-transports-and-communications\/#article\",\"isPartOf\":{\"@id\":\"https:\/\/thebestofporto.com\/museum-of-transports-and-communications\/\"},\"author\":{\"name\":\"admin\",\"@id\":\"https:\/\/thebestofporto.com\/#\/schema\/person\/04b3a2223d8527f0c6297ca6767266f7\"},\"headline\":\"Museum of transports and communications\",\"datePublished\":\"2026-01-02T16:07:58+00:00\",\"dateModified\":\"2026-01-23T10:47:03+00:00\",\"mainEntityOfPage\":{\"@id\":\"https:\/\/thebestofporto.com\/museum-of-transports-and-communications\/\"},\"wordCount\":305,\"publisher\":{\"@id\":\"https:\/\/thebestofporto.com\/#organization\"},\"image\":{\"@id\":\"https:\/\/thebestofporto.com\/museum-of-transports-and-communications\/#primaryimage\"},\"thumbnailUrl\":\"https:\/\/thebestofporto.com\/wp-content\/uploads\/2026\/01\/expereincias-19-scaled.png\",\"articleSection\":[\"Experiences\"],\"inLanguage\":\"pt-PT\"},{\"@type\":\"WebPage\",\"@id\":\"https:\/\/thebestofporto.com\/museum-of-transports-and-communications\/\",\"url\":\"https:\/\/thebestofporto.com\/museum-of-transports-and-communications\/\",\"name\":\"Museum of transports and communications - The Best of Porto\",\"isPartOf\":{\"@id\":\"https:\/\/thebestofporto.com\/#website\"},\"primaryImageOfPage\":{\"@id\":\"https:\/\/thebestofporto.com\/museum-of-transports-and-communications\/#primaryimage\"},\"image\":{\"@id\":\"https:\/\/thebestofporto.com\/museum-of-transports-and-communications\/#primaryimage\"},\"thumbnailUrl\":\"https:\/\/thebestofporto.com\/wp-content\/uploads\/2026\/01\/expereincias-19-scaled.png\",\"datePublished\":\"2026-01-02T16:07:58+00:00\",\"dateModified\":\"2026-01-23T10:47:03+00:00\",\"breadcrumb\":{\"@id\":\"https:\/\/thebestofporto.com\/museum-of-transports-and-communications\/#breadcrumb\"},\"inLanguage\":\"pt-PT\",\"potentialAction\":[{\"@type\":\"ReadAction\",\"target\":[\"https:\/\/thebestofporto.com\/museum-of-transports-and-communications\/\"]}]},{\"@type\":\"ImageObject\",\"inLanguage\":\"pt-PT\",\"@id\":\"https:\/\/thebestofporto.com\/museum-of-transports-and-communications\/#primaryimage\",\"url\":\"https:\/\/thebestofporto.com\/wp-content\/uploads\/2026\/01\/expereincias-19-scaled.png\",\"contentUrl\":\"https:\/\/thebestofporto.com\/wp-content\/uploads\/2026\/01\/expereincias-19-scaled.png\",\"width\":2560,\"height\":2048},{\"@type\":\"BreadcrumbList\",\"@id\":\"https:\/\/thebestofporto.com\/museum-of-transports-and-communications\/#breadcrumb\",\"itemListElement\":[{\"@type\":\"ListItem\",\"position\":1,\"name\":\"In\u00edcio\",\"item\":\"https:\/\/thebestofporto.com\/\"},{\"@type\":\"ListItem\",\"position\":2,\"name\":\"Museum of transports and communications\"}]},{\"@type\":\"WebSite\",\"@id\":\"https:\/\/thebestofporto.com\/#website\",\"url\":\"https:\/\/thebestofporto.com\/\",\"name\":\"The Best of Porto\",\"description\":\"\",\"publisher\":{\"@id\":\"https:\/\/thebestofporto.com\/#organization\"},\"potentialAction\":[{\"@type\":\"SearchAction\",\"target\":{\"@type\":\"EntryPoint\",\"urlTemplate\":\"https:\/\/thebestofporto.com\/?s={search_term_string}\"},\"query-input\":{\"@type\":\"PropertyValueSpecification\",\"valueRequired\":true,\"valueName\":\"search_term_string\"}}],\"inLanguage\":\"pt-PT\"},{\"@type\":\"Organization\",\"@id\":\"https:\/\/thebestofporto.com\/#organization\",\"name\":\"The Best of Porto\",\"url\":\"https:\/\/thebestofporto.com\/\",\"logo\":{\"@type\":\"ImageObject\",\"inLanguage\":\"pt-PT\",\"@id\":\"https:\/\/thebestofporto.com\/#\/schema\/logo\/image\/\",\"url\":\"https:\/\/thebestofporto.com\/wp-content\/uploads\/2024\/05\/logo.png\",\"contentUrl\":\"https:\/\/thebestofporto.com\/wp-content\/uploads\/2024\/05\/logo.png\",\"width\":5076,\"height\":1463,\"caption\":\"The Best of Porto\"},\"image\":{\"@id\":\"https:\/\/thebestofporto.com\/#\/schema\/logo\/image\/\"}},{\"@type\":\"Person\",\"@id\":\"https:\/\/thebestofporto.com\/#\/schema\/person\/04b3a2223d8527f0c6297ca6767266f7\",\"name\":\"admin\",\"image\":{\"@type\":\"ImageObject\",\"inLanguage\":\"pt-PT\",\"@id\":\"https:\/\/thebestofporto.com\/#\/schema\/person\/image\/\",\"url\":\"https:\/\/secure.gravatar.com\/avatar\/193e2977da320450cf56b1b093dd5b7286cdbaf6ad5201ab3cda69b78b13b458?s=96&d=mm&r=g\",\"contentUrl\":\"https:\/\/secure.gravatar.com\/avatar\/193e2977da320450cf56b1b093dd5b7286cdbaf6ad5201ab3cda69b78b13b458?s=96&d=mm&r=g\",\"caption\":\"admin\"},\"sameAs\":[\"https:\/\/thebestofporto.com\"],\"url\":\"https:\/\/thebestofporto.com\/pt\/author\/admin_l3zak26a\/\"}]}<\/script>\n<!-- \/ Yoast SEO plugin. -->","yoast_head_json":{"title":"Museum of transports and communications - The Best of Porto","robots":{"index":"index","follow":"follow","max-snippet":"max-snippet:-1","max-image-preview":"max-image-preview:large","max-video-preview":"max-video-preview:-1"},"canonical":"https:\/\/thebestofporto.com\/pt\/museum-of-transports-and-communications\/","og_locale":"pt_PT","og_type":"article","og_title":"Museum of transports and communications - The Best of Porto","og_description":"The Museu dos Transportes e Comunica\u00e7\u00f5es is a fascinating cultural attraction in Porto, dedicated to the history of [\u2026]","og_url":"https:\/\/thebestofporto.com\/pt\/museum-of-transports-and-communications\/","og_site_name":"The Best of Porto","article_published_time":"2026-01-02T16:07:58+00:00","article_modified_time":"2026-01-23T10:47:03+00:00","og_image":[{"width":1024,"height":819,"url":"https:\/\/thebestofporto.com\/wp-content\/uploads\/2026\/01\/expereincias-19-1024x819.png","type":"image\/png"}],"author":"admin","twitter_card":"summary_large_image","twitter_misc":{"Escrito por":"admin","Tempo estimado de leitura":"2 minutos"},"schema":{"@context":"https:\/\/schema.org","@graph":[{"@type":"Article","@id":"https:\/\/thebestofporto.com\/museum-of-transports-and-communications\/#article","isPartOf":{"@id":"https:\/\/thebestofporto.com\/museum-of-transports-and-communications\/"},"author":{"name":"admin","@id":"https:\/\/thebestofporto.com\/#\/schema\/person\/04b3a2223d8527f0c6297ca6767266f7"},"headline":"Museum of transports and communications","datePublished":"2026-01-02T16:07:58+00:00","dateModified":"2026-01-23T10:47:03+00:00","mainEntityOfPage":{"@id":"https:\/\/thebestofporto.com\/museum-of-transports-and-communications\/"},"wordCount":305,"publisher":{"@id":"https:\/\/thebestofporto.com\/#organization"},"image":{"@id":"https:\/\/thebestofporto.com\/museum-of-transports-and-communications\/#primaryimage"},"thumbnailUrl":"https:\/\/thebestofporto.com\/wp-content\/uploads\/2026\/01\/expereincias-19-scaled.png","articleSection":["Experiences"],"inLanguage":"pt-PT"},{"@type":"WebPage","@id":"https:\/\/thebestofporto.com\/museum-of-transports-and-communications\/","url":"https:\/\/thebestofporto.com\/museum-of-transports-and-communications\/","name":"Museum of transports and communications - The Best of Porto","isPartOf":{"@id":"https:\/\/thebestofporto.com\/#website"},"primaryImageOfPage":{"@id":"https:\/\/thebestofporto.com\/museum-of-transports-and-communications\/#primaryimage"},"image":{"@id":"https:\/\/thebestofporto.com\/museum-of-transports-and-communications\/#primaryimage"},"thumbnailUrl":"https:\/\/thebestofporto.com\/wp-content\/uploads\/2026\/01\/expereincias-19-scaled.png","datePublished":"2026-01-02T16:07:58+00:00","dateModified":"2026-01-23T10:47:03+00:00","breadcrumb":{"@id":"https:\/\/thebestofporto.com\/museum-of-transports-and-communications\/#breadcrumb"},"inLanguage":"pt-PT","potentialAction":[{"@type":"ReadAction","target":["https:\/\/thebestofporto.com\/museum-of-transports-and-communications\/"]}]},{"@type":"ImageObject","inLanguage":"pt-PT","@id":"https:\/\/thebestofporto.com\/museum-of-transports-and-communications\/#primaryimage","url":"https:\/\/thebestofporto.com\/wp-content\/uploads\/2026\/01\/expereincias-19-scaled.png","contentUrl":"https:\/\/thebestofporto.com\/wp-content\/uploads\/2026\/01\/expereincias-19-scaled.png","width":2560,"height":2048},{"@type":"BreadcrumbList","@id":"https:\/\/thebestofporto.com\/museum-of-transports-and-communications\/#breadcrumb","itemListElement":[{"@type":"ListItem","position":1,"name":"In\u00edcio","item":"https:\/\/thebestofporto.com\/"},{"@type":"ListItem","position":2,"name":"Museum of transports and communications"}]},{"@type":"WebSite","@id":"https:\/\/thebestofporto.com\/#website","url":"https:\/\/thebestofporto.com\/","name":"The Best of Porto","description":"","publisher":{"@id":"https:\/\/thebestofporto.com\/#organization"},"potentialAction":[{"@type":"SearchAction","target":{"@type":"EntryPoint","urlTemplate":"https:\/\/thebestofporto.com\/?s={search_term_string}"},"query-input":{"@type":"PropertyValueSpecification","valueRequired":true,"valueName":"search_term_string"}}],"inLanguage":"pt-PT"},{"@type":"Organization","@id":"https:\/\/thebestofporto.com\/#organization","name":"The Best of Porto","url":"https:\/\/thebestofporto.com\/","logo":{"@type":"ImageObject","inLanguage":"pt-PT","@id":"https:\/\/thebestofporto.com\/#\/schema\/logo\/image\/","url":"https:\/\/thebestofporto.com\/wp-content\/uploads\/2024\/05\/logo.png","contentUrl":"https:\/\/thebestofporto.com\/wp-content\/uploads\/2024\/05\/logo.png","width":5076,"height":1463,"caption":"The Best of Porto"},"image":{"@id":"https:\/\/thebestofporto.com\/#\/schema\/logo\/image\/"}},{"@type":"Person","@id":"https:\/\/thebestofporto.com\/#\/schema\/person\/04b3a2223d8527f0c6297ca6767266f7","name":"admin","image":{"@type":"ImageObject","inLanguage":"pt-PT","@id":"https:\/\/thebestofporto.com\/#\/schema\/person\/image\/","url":"https:\/\/secure.gravatar.com\/avatar\/193e2977da320450cf56b1b093dd5b7286cdbaf6ad5201ab3cda69b78b13b458?s=96&d=mm&r=g","contentUrl":"https:\/\/secure.gravatar.com\/avatar\/193e2977da320450cf56b1b093dd5b7286cdbaf6ad5201ab3cda69b78b13b458?s=96&d=mm&r=g","caption":"admin"},"sameAs":["https:\/\/thebestofporto.com"],"url":"https:\/\/thebestofporto.com\/pt\/author\/admin_l3zak26a\/"}]}},"_links":{"self":[{"href":"https:\/\/thebestofporto.com\/pt\/wp-json\/wp\/v2\/posts\/11067","targetHints":{"allow":["GET"]}}],"collection":[{"href":"https:\/\/thebestofporto.com\/pt\/wp-json\/wp\/v2\/posts"}],"about":[{"href":"https:\/\/thebestofporto.com\/pt\/wp-json\/wp\/v2\/types\/post"}],"author":[{"embeddable":true,"href":"https:\/\/thebestofporto.com\/pt\/wp-json\/wp\/v2\/users\/1"}],"replies":[{"embeddable":true,"href":"https:\/\/thebestofporto.com\/pt\/wp-json\/wp\/v2\/comments?post=11067"}],"version-history":[{"count":13,"href":"https:\/\/thebestofporto.com\/pt\/wp-json\/wp\/v2\/posts\/11067\/revisions"}],"predecessor-version":[{"id":11454,"href":"https:\/\/thebestofporto.com\/pt\/wp-json\/wp\/v2\/posts\/11067\/revisions\/11454"}],"wp:featuredmedia":[{"embeddable":true,"href":"https:\/\/thebestofporto.com\/pt\/wp-json\/wp\/v2\/media\/11068"}],"wp:attachment":[{"href":"https:\/\/thebestofporto.com\/pt\/wp-json\/wp\/v2\/media?parent=11067"}],"wp:term":[{"taxonomy":"category","embeddable":true,"href":"https:\/\/thebestofporto.com\/pt\/wp-json\/wp\/v2\/categories?post=11067"},{"taxonomy":"post_tag","embeddable":true,"href":"https:\/\/thebestofporto.com\/pt\/wp-json\/wp\/v2\/tags?post=11067"},{"taxonomy":"filtros","embeddable":true,"href":"https:\/\/thebestofporto.com\/pt\/wp-json\/wp\/v2\/filtros?post=11067"}],"curies":[{"name":"wp","href":"https:\/\/api.w.org\/{rel}","templated":true}]}}