{"id":11083,"date":"2026-01-02T16:20:15","date_gmt":"2026-01-02T16:20:15","guid":{"rendered":"https:\/\/thebestofporto.com\/?p=11083"},"modified":"2026-01-23T10:44:10","modified_gmt":"2026-01-23T10:44:10","slug":"casa-do-infante","status":"publish","type":"post","link":"https:\/\/thebestofporto.com\/pt\/casa-do-infante\/","title":{"rendered":"Casa do Infante"},"content":{"rendered":"<div data-elementor-type=\"wp-post\" data-elementor-id=\"11083\" class=\"elementor elementor-11083\">\n\t\t\t\t<div class=\"elementor-element elementor-element-cb0b630 e-flex e-con-boxed e-con e-parent\" data-id=\"cb0b630\" data-element_type=\"container\">\n\t\t\t\t\t<div class=\"e-con-inner\">\n\t\t\t\t<div class=\"elementor-element elementor-element-23dde7d elementor-widget elementor-widget-text-editor\" data-id=\"23dde7d\" data-element_type=\"widget\" data-widget_type=\"text-editor.default\">\n\t\t\t\t<div class=\"elementor-widget-container\">\n\t\t\t\t\t\t\t\t\t<p data-start=\"109\" data-end=\"487\">A Casa do Infante \u00e9 um dos marcos hist\u00f3ricos mais importantes do Porto. Localizada no cora\u00e7\u00e3o da zona da Ribeira, este edif\u00edcio medieval \u00e9 tradicionalmente conhecido como o local de nascimento do Infante Dom Henrique, figura central da Era dos Descobrimentos portuguesa. Atualmente, alberga um museu dedicado \u00e0 hist\u00f3ria do Porto, ao patrim\u00f3nio mar\u00edtimo e ao passado comercial da cidade.<\/p><p data-start=\"489\" data-end=\"598\">Uma visita \u00e0 Casa do Infante oferece uma viagem atrav\u00e9s de s\u00e9culos de explora\u00e7\u00e3o, com\u00e9rcio e vida urbana no Porto.<\/p><hr data-start=\"600\" data-end=\"603\" \/><h3 data-start=\"605\" data-end=\"663\"><strong data-start=\"609\" data-end=\"663\">O que \u00e9 <span class=\"hover:entity-accent entity-underline inline cursor-pointer align-baseline\"><span class=\"whitespace-normal\">Casa do Infante<\/span><\/span>?<\/strong><\/h3><p data-start=\"665\" data-end=\"951\">A Casa do Infante \u00e9 um edif\u00edcio hist\u00f3rico que remonta ao s\u00e9culo XIV, originalmente ligado \u00e0s alf\u00e2ndegas e atividades comerciais junto ao Rio Douro. Mais tarde, tornou-se associado ao nascimento do Infante D. Henrique, tornando-se um s\u00edmbolo da expans\u00e3o mar\u00edtima de Portugal.<\/p><p data-start=\"953\" data-end=\"1116\">Hoje, o museu apresenta vest\u00edgios arqueol\u00f3gicos, documentos hist\u00f3ricos, mapas e exposi\u00e7\u00f5es que exploram o papel do Porto no com\u00e9rcio, na navega\u00e7\u00e3o e nos Descobrimentos.<\/p><hr data-start=\"1118\" data-end=\"1121\" \/><h3 data-start=\"1123\" data-end=\"1157\"><strong data-start=\"1127\" data-end=\"1157\">Porque visitar?<\/strong><\/h3><ul data-start=\"1159\" data-end=\"1429\"><li data-start=\"1159\" data-end=\"1203\"><p data-start=\"1161\" data-end=\"1203\">Local de nascimento do Infante D. Henrique<\/p><\/li><li data-start=\"1204\" data-end=\"1260\"><p data-start=\"1206\" data-end=\"1260\">Perspetiva sobre a hist\u00f3ria mar\u00edtima e comercial do Porto<\/p><\/li><li data-start=\"1261\" data-end=\"1313\"><p data-start=\"1263\" data-end=\"1313\">Arquitetura medieval e vest\u00edgios arqueol\u00f3gicos<\/p><\/li><li data-start=\"1314\" data-end=\"1355\"><p data-start=\"1316\" data-end=\"1355\">Exposi\u00e7\u00f5es sobre a Era dos Descobrimentos<\/p><\/li><li data-start=\"1356\" data-end=\"1394\"><p data-start=\"1358\" data-end=\"1394\">Localizado na zona da Ribeira, classificada pela UNESCO<\/p><\/li><li data-start=\"1395\" data-end=\"1429\"><p data-start=\"1397\" data-end=\"1429\">Museu compacto e informativo<\/p><\/li><\/ul><hr data-start=\"1431\" data-end=\"1434\" \/><h3 data-start=\"1436\" data-end=\"1473\"><strong data-start=\"1440\" data-end=\"1473\">Hor\u00e1rio de funcionamento<\/strong><\/h3><p data-start=\"1475\" data-end=\"1654\">Ter\u00e7a a Domingo: das 10h \u00e0s 17:30h<\/p><hr data-start=\"1656\" data-end=\"1659\" \/><h3 data-start=\"1661\" data-end=\"1702\"><strong data-start=\"1665\" data-end=\"1702\">Onde fica localizada<\/strong><\/h3><p data-start=\"1704\" data-end=\"1935\">A Casa do Infante est\u00e1 localizada no bairro da Ribeira, no Porto, a poucos passos do Rio Douro e perto de marcos como a Igreja de S\u00e3o Francisco e o Pal\u00e1cio da Bolsa. \u00c9 facilmente acess\u00edvel a p\u00e9 a partir do centro hist\u00f3rico.<\/p><hr data-start=\"1937\" data-end=\"1940\" \/><h3 data-start=\"1942\" data-end=\"1983\"><strong data-start=\"1946\" data-end=\"1983\">Dicas para visitar<\/strong><\/h3><ul data-start=\"1985\" data-end=\"2204\"><li data-start=\"1985\" data-end=\"2028\"><p data-start=\"1987\" data-end=\"2028\">Combine com atra\u00e7\u00f5es pr\u00f3ximas na Ribeira<\/p><\/li><li data-start=\"2029\" data-end=\"2079\"><p data-start=\"2031\" data-end=\"2079\">Ideal para amantes de hist\u00f3ria e do patrim\u00f3nio mar\u00edtimo<\/p><\/li><li data-start=\"2080\" data-end=\"2120\"><p data-start=\"2082\" data-end=\"2120\">Reserve tempo para ler os pain\u00e9is hist\u00f3ricos<\/p><\/li><li data-start=\"2121\" data-end=\"2156\"><p data-start=\"2123\" data-end=\"2156\">Verifique a exist\u00eancia de exibi\u00e7\u00f5es tempor\u00e1rias<\/p><\/li><li data-start=\"2157\" data-end=\"2204\"><p data-start=\"2159\" data-end=\"2204\">\u00d3tima paragem cultural durante um passeio \u00e0 beira-rio<\/p><\/li><\/ul>\t\t\t\t\t\t\t\t<\/div>\n\t\t\t\t<\/div>\n\t\t\t\t\t<\/div>\n\t\t\t\t<\/div>\n\t\t\t\t<\/div>","protected":false},"excerpt":{"rendered":"<p>A Casa do Infante \u00e9 um dos marcos historicamente mais importantes do Porto. Localizada no cora\u00e7\u00e3o da<span class=\"excerpt-hellip\"> [\u2026]<\/span><\/p>","protected":false},"author":1,"featured_media":11085,"comment_status":"closed","ping_status":"closed","sticky":false,"template":"","format":"standard","meta":{"_acf_changed":false,"footnotes":""},"categories":[10],"tags":[],"filtros":[140],"class_list":["post-11083","post","type-post","status-publish","format-standard","has-post-thumbnail","hentry","category-experiences","filtros-historic"],"acf":[],"yoast_head":"<!-- This site is optimized with the Yoast SEO plugin v26.7 - https:\/\/yoast.com\/wordpress\/plugins\/seo\/ -->\n<title>Casa do Infante - The Best of Porto<\/title>\n<meta name=\"robots\" content=\"index, follow, max-snippet:-1, max-image-preview:large, max-video-preview:-1\" \/>\n<link rel=\"canonical\" href=\"https:\/\/thebestofporto.com\/pt\/casa-do-infante\/\" \/>\n<meta property=\"og:locale\" content=\"pt_PT\" \/>\n<meta property=\"og:type\" content=\"article\" \/>\n<meta property=\"og:title\" content=\"Casa do Infante - The Best of Porto\" \/>\n<meta property=\"og:description\" content=\"The Casa do Infante is one of Porto\u2019s most historically significant landmarks. Located in the heart of the [\u2026]\" \/>\n<meta property=\"og:url\" content=\"https:\/\/thebestofporto.com\/pt\/casa-do-infante\/\" \/>\n<meta property=\"og:site_name\" content=\"The Best of Porto\" \/>\n<meta property=\"article:published_time\" content=\"2026-01-02T16:20:15+00:00\" \/>\n<meta property=\"article:modified_time\" content=\"2026-01-23T10:44:10+00:00\" \/>\n<meta property=\"og:image\" content=\"https:\/\/thebestofporto.com\/wp-content\/uploads\/2026\/01\/expereincias-23-scaled.png\" \/>\n\t<meta property=\"og:image:width\" content=\"2560\" \/>\n\t<meta property=\"og:image:height\" content=\"2048\" \/>\n\t<meta property=\"og:image:type\" content=\"image\/png\" \/>\n<meta name=\"author\" content=\"admin\" \/>\n<meta name=\"twitter:card\" content=\"summary_large_image\" \/>\n<meta name=\"twitter:label1\" content=\"Escrito por\" \/>\n\t<meta name=\"twitter:data1\" content=\"admin\" \/>\n\t<meta name=\"twitter:label2\" content=\"Tempo estimado de leitura\" \/>\n\t<meta name=\"twitter:data2\" content=\"2 minutos\" \/>\n<script type=\"application\/ld+json\" class=\"yoast-schema-graph\">{\"@context\":\"https:\/\/schema.org\",\"@graph\":[{\"@type\":\"Article\",\"@id\":\"https:\/\/thebestofporto.com\/casa-do-infante\/#article\",\"isPartOf\":{\"@id\":\"https:\/\/thebestofporto.com\/casa-do-infante\/\"},\"author\":{\"name\":\"admin\",\"@id\":\"https:\/\/thebestofporto.com\/#\/schema\/person\/04b3a2223d8527f0c6297ca6767266f7\"},\"headline\":\"Casa do Infante\",\"datePublished\":\"2026-01-02T16:20:15+00:00\",\"dateModified\":\"2026-01-23T10:44:10+00:00\",\"mainEntityOfPage\":{\"@id\":\"https:\/\/thebestofporto.com\/casa-do-infante\/\"},\"wordCount\":279,\"publisher\":{\"@id\":\"https:\/\/thebestofporto.com\/#organization\"},\"image\":{\"@id\":\"https:\/\/thebestofporto.com\/casa-do-infante\/#primaryimage\"},\"thumbnailUrl\":\"https:\/\/thebestofporto.com\/wp-content\/uploads\/2026\/01\/expereincias-23-scaled.png\",\"articleSection\":[\"Experiences\"],\"inLanguage\":\"pt-PT\"},{\"@type\":\"WebPage\",\"@id\":\"https:\/\/thebestofporto.com\/casa-do-infante\/\",\"url\":\"https:\/\/thebestofporto.com\/casa-do-infante\/\",\"name\":\"Casa do Infante - The Best of Porto\",\"isPartOf\":{\"@id\":\"https:\/\/thebestofporto.com\/#website\"},\"primaryImageOfPage\":{\"@id\":\"https:\/\/thebestofporto.com\/casa-do-infante\/#primaryimage\"},\"image\":{\"@id\":\"https:\/\/thebestofporto.com\/casa-do-infante\/#primaryimage\"},\"thumbnailUrl\":\"https:\/\/thebestofporto.com\/wp-content\/uploads\/2026\/01\/expereincias-23-scaled.png\",\"datePublished\":\"2026-01-02T16:20:15+00:00\",\"dateModified\":\"2026-01-23T10:44:10+00:00\",\"breadcrumb\":{\"@id\":\"https:\/\/thebestofporto.com\/casa-do-infante\/#breadcrumb\"},\"inLanguage\":\"pt-PT\",\"potentialAction\":[{\"@type\":\"ReadAction\",\"target\":[\"https:\/\/thebestofporto.com\/casa-do-infante\/\"]}]},{\"@type\":\"ImageObject\",\"inLanguage\":\"pt-PT\",\"@id\":\"https:\/\/thebestofporto.com\/casa-do-infante\/#primaryimage\",\"url\":\"https:\/\/thebestofporto.com\/wp-content\/uploads\/2026\/01\/expereincias-23-scaled.png\",\"contentUrl\":\"https:\/\/thebestofporto.com\/wp-content\/uploads\/2026\/01\/expereincias-23-scaled.png\",\"width\":2560,\"height\":2048},{\"@type\":\"BreadcrumbList\",\"@id\":\"https:\/\/thebestofporto.com\/casa-do-infante\/#breadcrumb\",\"itemListElement\":[{\"@type\":\"ListItem\",\"position\":1,\"name\":\"In\u00edcio\",\"item\":\"https:\/\/thebestofporto.com\/\"},{\"@type\":\"ListItem\",\"position\":2,\"name\":\"Casa do Infante\"}]},{\"@type\":\"WebSite\",\"@id\":\"https:\/\/thebestofporto.com\/#website\",\"url\":\"https:\/\/thebestofporto.com\/\",\"name\":\"The Best of Porto\",\"description\":\"\",\"publisher\":{\"@id\":\"https:\/\/thebestofporto.com\/#organization\"},\"potentialAction\":[{\"@type\":\"SearchAction\",\"target\":{\"@type\":\"EntryPoint\",\"urlTemplate\":\"https:\/\/thebestofporto.com\/?s={search_term_string}\"},\"query-input\":{\"@type\":\"PropertyValueSpecification\",\"valueRequired\":true,\"valueName\":\"search_term_string\"}}],\"inLanguage\":\"pt-PT\"},{\"@type\":\"Organization\",\"@id\":\"https:\/\/thebestofporto.com\/#organization\",\"name\":\"The Best of Porto\",\"url\":\"https:\/\/thebestofporto.com\/\",\"logo\":{\"@type\":\"ImageObject\",\"inLanguage\":\"pt-PT\",\"@id\":\"https:\/\/thebestofporto.com\/#\/schema\/logo\/image\/\",\"url\":\"https:\/\/thebestofporto.com\/wp-content\/uploads\/2024\/05\/logo.png\",\"contentUrl\":\"https:\/\/thebestofporto.com\/wp-content\/uploads\/2024\/05\/logo.png\",\"width\":5076,\"height\":1463,\"caption\":\"The Best of Porto\"},\"image\":{\"@id\":\"https:\/\/thebestofporto.com\/#\/schema\/logo\/image\/\"}},{\"@type\":\"Person\",\"@id\":\"https:\/\/thebestofporto.com\/#\/schema\/person\/04b3a2223d8527f0c6297ca6767266f7\",\"name\":\"admin\",\"image\":{\"@type\":\"ImageObject\",\"inLanguage\":\"pt-PT\",\"@id\":\"https:\/\/thebestofporto.com\/#\/schema\/person\/image\/\",\"url\":\"https:\/\/secure.gravatar.com\/avatar\/193e2977da320450cf56b1b093dd5b7286cdbaf6ad5201ab3cda69b78b13b458?s=96&d=mm&r=g\",\"contentUrl\":\"https:\/\/secure.gravatar.com\/avatar\/193e2977da320450cf56b1b093dd5b7286cdbaf6ad5201ab3cda69b78b13b458?s=96&d=mm&r=g\",\"caption\":\"admin\"},\"sameAs\":[\"https:\/\/thebestofporto.com\"],\"url\":\"https:\/\/thebestofporto.com\/pt\/author\/admin_l3zak26a\/\"}]}<\/script>\n<!-- \/ Yoast SEO plugin. -->","yoast_head_json":{"title":"Casa do Infante - The Best of Porto","robots":{"index":"index","follow":"follow","max-snippet":"max-snippet:-1","max-image-preview":"max-image-preview:large","max-video-preview":"max-video-preview:-1"},"canonical":"https:\/\/thebestofporto.com\/pt\/casa-do-infante\/","og_locale":"pt_PT","og_type":"article","og_title":"Casa do Infante - The Best of Porto","og_description":"The Casa do Infante is one of Porto\u2019s most historically significant landmarks. Located in the heart of the [\u2026]","og_url":"https:\/\/thebestofporto.com\/pt\/casa-do-infante\/","og_site_name":"The Best of Porto","article_published_time":"2026-01-02T16:20:15+00:00","article_modified_time":"2026-01-23T10:44:10+00:00","og_image":[{"width":2560,"height":2048,"url":"https:\/\/thebestofporto.com\/wp-content\/uploads\/2026\/01\/expereincias-23-scaled.png","type":"image\/png"}],"author":"admin","twitter_card":"summary_large_image","twitter_misc":{"Escrito por":"admin","Tempo estimado de leitura":"2 minutos"},"schema":{"@context":"https:\/\/schema.org","@graph":[{"@type":"Article","@id":"https:\/\/thebestofporto.com\/casa-do-infante\/#article","isPartOf":{"@id":"https:\/\/thebestofporto.com\/casa-do-infante\/"},"author":{"name":"admin","@id":"https:\/\/thebestofporto.com\/#\/schema\/person\/04b3a2223d8527f0c6297ca6767266f7"},"headline":"Casa do Infante","datePublished":"2026-01-02T16:20:15+00:00","dateModified":"2026-01-23T10:44:10+00:00","mainEntityOfPage":{"@id":"https:\/\/thebestofporto.com\/casa-do-infante\/"},"wordCount":279,"publisher":{"@id":"https:\/\/thebestofporto.com\/#organization"},"image":{"@id":"https:\/\/thebestofporto.com\/casa-do-infante\/#primaryimage"},"thumbnailUrl":"https:\/\/thebestofporto.com\/wp-content\/uploads\/2026\/01\/expereincias-23-scaled.png","articleSection":["Experiences"],"inLanguage":"pt-PT"},{"@type":"WebPage","@id":"https:\/\/thebestofporto.com\/casa-do-infante\/","url":"https:\/\/thebestofporto.com\/casa-do-infante\/","name":"Casa do Infante - The Best of Porto","isPartOf":{"@id":"https:\/\/thebestofporto.com\/#website"},"primaryImageOfPage":{"@id":"https:\/\/thebestofporto.com\/casa-do-infante\/#primaryimage"},"image":{"@id":"https:\/\/thebestofporto.com\/casa-do-infante\/#primaryimage"},"thumbnailUrl":"https:\/\/thebestofporto.com\/wp-content\/uploads\/2026\/01\/expereincias-23-scaled.png","datePublished":"2026-01-02T16:20:15+00:00","dateModified":"2026-01-23T10:44:10+00:00","breadcrumb":{"@id":"https:\/\/thebestofporto.com\/casa-do-infante\/#breadcrumb"},"inLanguage":"pt-PT","potentialAction":[{"@type":"ReadAction","target":["https:\/\/thebestofporto.com\/casa-do-infante\/"]}]},{"@type":"ImageObject","inLanguage":"pt-PT","@id":"https:\/\/thebestofporto.com\/casa-do-infante\/#primaryimage","url":"https:\/\/thebestofporto.com\/wp-content\/uploads\/2026\/01\/expereincias-23-scaled.png","contentUrl":"https:\/\/thebestofporto.com\/wp-content\/uploads\/2026\/01\/expereincias-23-scaled.png","width":2560,"height":2048},{"@type":"BreadcrumbList","@id":"https:\/\/thebestofporto.com\/casa-do-infante\/#breadcrumb","itemListElement":[{"@type":"ListItem","position":1,"name":"In\u00edcio","item":"https:\/\/thebestofporto.com\/"},{"@type":"ListItem","position":2,"name":"Casa do Infante"}]},{"@type":"WebSite","@id":"https:\/\/thebestofporto.com\/#website","url":"https:\/\/thebestofporto.com\/","name":"The Best of Porto","description":"","publisher":{"@id":"https:\/\/thebestofporto.com\/#organization"},"potentialAction":[{"@type":"SearchAction","target":{"@type":"EntryPoint","urlTemplate":"https:\/\/thebestofporto.com\/?s={search_term_string}"},"query-input":{"@type":"PropertyValueSpecification","valueRequired":true,"valueName":"search_term_string"}}],"inLanguage":"pt-PT"},{"@type":"Organization","@id":"https:\/\/thebestofporto.com\/#organization","name":"The Best of Porto","url":"https:\/\/thebestofporto.com\/","logo":{"@type":"ImageObject","inLanguage":"pt-PT","@id":"https:\/\/thebestofporto.com\/#\/schema\/logo\/image\/","url":"https:\/\/thebestofporto.com\/wp-content\/uploads\/2024\/05\/logo.png","contentUrl":"https:\/\/thebestofporto.com\/wp-content\/uploads\/2024\/05\/logo.png","width":5076,"height":1463,"caption":"The Best of Porto"},"image":{"@id":"https:\/\/thebestofporto.com\/#\/schema\/logo\/image\/"}},{"@type":"Person","@id":"https:\/\/thebestofporto.com\/#\/schema\/person\/04b3a2223d8527f0c6297ca6767266f7","name":"admin","image":{"@type":"ImageObject","inLanguage":"pt-PT","@id":"https:\/\/thebestofporto.com\/#\/schema\/person\/image\/","url":"https:\/\/secure.gravatar.com\/avatar\/193e2977da320450cf56b1b093dd5b7286cdbaf6ad5201ab3cda69b78b13b458?s=96&d=mm&r=g","contentUrl":"https:\/\/secure.gravatar.com\/avatar\/193e2977da320450cf56b1b093dd5b7286cdbaf6ad5201ab3cda69b78b13b458?s=96&d=mm&r=g","caption":"admin"},"sameAs":["https:\/\/thebestofporto.com"],"url":"https:\/\/thebestofporto.com\/pt\/author\/admin_l3zak26a\/"}]}},"_links":{"self":[{"href":"https:\/\/thebestofporto.com\/pt\/wp-json\/wp\/v2\/posts\/11083","targetHints":{"allow":["GET"]}}],"collection":[{"href":"https:\/\/thebestofporto.com\/pt\/wp-json\/wp\/v2\/posts"}],"about":[{"href":"https:\/\/thebestofporto.com\/pt\/wp-json\/wp\/v2\/types\/post"}],"author":[{"embeddable":true,"href":"https:\/\/thebestofporto.com\/pt\/wp-json\/wp\/v2\/users\/1"}],"replies":[{"embeddable":true,"href":"https:\/\/thebestofporto.com\/pt\/wp-json\/wp\/v2\/comments?post=11083"}],"version-history":[{"count":10,"href":"https:\/\/thebestofporto.com\/pt\/wp-json\/wp\/v2\/posts\/11083\/revisions"}],"predecessor-version":[{"id":11451,"href":"https:\/\/thebestofporto.com\/pt\/wp-json\/wp\/v2\/posts\/11083\/revisions\/11451"}],"wp:featuredmedia":[{"embeddable":true,"href":"https:\/\/thebestofporto.com\/pt\/wp-json\/wp\/v2\/media\/11085"}],"wp:attachment":[{"href":"https:\/\/thebestofporto.com\/pt\/wp-json\/wp\/v2\/media?parent=11083"}],"wp:term":[{"taxonomy":"category","embeddable":true,"href":"https:\/\/thebestofporto.com\/pt\/wp-json\/wp\/v2\/categories?post=11083"},{"taxonomy":"post_tag","embeddable":true,"href":"https:\/\/thebestofporto.com\/pt\/wp-json\/wp\/v2\/tags?post=11083"},{"taxonomy":"filtros","embeddable":true,"href":"https:\/\/thebestofporto.com\/pt\/wp-json\/wp\/v2\/filtros?post=11083"}],"curies":[{"name":"wp","href":"https:\/\/api.w.org\/{rel}","templated":true}]}}