{"id":11090,"date":"2026-01-03T16:24:57","date_gmt":"2026-01-03T16:24:57","guid":{"rendered":"https:\/\/thebestofporto.com\/?p=11090"},"modified":"2026-01-23T10:11:54","modified_gmt":"2026-01-23T10:11:54","slug":"eletric-car-museum","status":"publish","type":"post","link":"https:\/\/thebestofporto.com\/pt\/eletric-car-museum\/","title":{"rendered":"Museu do Carro El\u00e9trico"},"content":{"rendered":"<div data-elementor-type=\"wp-post\" data-elementor-id=\"11090\" class=\"elementor elementor-11090\">\n\t\t\t\t<div class=\"elementor-element elementor-element-b8181d9 e-flex e-con-boxed e-con e-parent\" data-id=\"b8181d9\" data-element_type=\"container\">\n\t\t\t\t\t<div class=\"e-con-inner\">\n\t\t\t\t<div class=\"elementor-element elementor-element-3b68db8 elementor-widget elementor-widget-text-editor\" data-id=\"3b68db8\" data-element_type=\"widget\" data-widget_type=\"text-editor.default\">\n\t\t\t\t<div class=\"elementor-widget-container\">\n\t\t\t\t\t\t\t\t\t<p data-start=\"109\" data-end=\"423\">O Museu do Carro El\u00e9trico \u00e9 um museu \u00fanico no Porto dedicado \u00e0 hist\u00f3ria dos el\u00e9tricos e da mobilidade urbana. Localizado numa antiga central termoel\u00e9trica perto do rio Douro, o museu apresenta os ve\u00edculos e a tecnologia que moldaram o sistema de transporte p\u00fablico do Porto e a vida quotidiana da cidade.<\/p><p data-start=\"425\" data-end=\"574\">Ideal para fam\u00edlias, entusiastas de transportes e visitantes curiosos sobre os ic\u00f3nicos el\u00e9tricos do Porto, este museu combina engenharia, hist\u00f3ria e nostalgia.<\/p><hr data-start=\"576\" data-end=\"579\" \/><h3 data-start=\"581\" data-end=\"639\"><strong data-start=\"585\" data-end=\"639\">O que \u00e9 <span class=\"hover:entity-accent entity-underline inline cursor-pointer align-baseline\"><span class=\"whitespace-normal\">Museu do Carro El\u00e9trico<\/span><\/span>?<\/strong><\/h3><p data-start=\"641\" data-end=\"954\">O Museu do Carro El\u00e9trico \u00e9 um museu de transportes que preserva e exibe el\u00e9tricos hist\u00f3ricos, motores e equipamentos de gera\u00e7\u00e3o de energia. A sua cole\u00e7\u00e3o inclui el\u00e9tricos cuidadosamente restaurados de diferentes \u00e9pocas, ilustrando como o transporte el\u00e9trico transformou o Porto no final do s\u00e9culo XIX e no s\u00e9culo XX.<\/p><p data-start=\"956\" data-end=\"1089\">Instalado na antiga Central El\u00e9ctrica de Massarelos, o museu explora tamb\u00e9m o papel da eletricidade no desenvolvimento industrial da cidade.<\/p><hr data-start=\"1091\" data-end=\"1094\" \/><h3 data-start=\"1096\" data-end=\"1142\"><strong data-start=\"1100\" data-end=\"1142\">Porque visitar?<\/strong><\/h3><ul data-start=\"1144\" data-end=\"1426\"><li data-start=\"1144\" data-end=\"1193\"><p data-start=\"1146\" data-end=\"1193\">Cole\u00e7\u00e3o hist\u00f3rica dos el\u00e9tricos do Porto<\/p><\/li><li data-start=\"1194\" data-end=\"1242\"><p data-start=\"1196\" data-end=\"1242\">Antiga central el\u00e9trica com maquinaria original<\/p><\/li><li data-start=\"1243\" data-end=\"1294\"><p data-start=\"1245\" data-end=\"1294\">Aprenda sobre transporte urbano e eletrifica\u00e7\u00e3o<\/p><\/li><li data-start=\"1295\" data-end=\"1342\"><p data-start=\"1297\" data-end=\"1342\">Exposi\u00e7\u00f5es educativas e adequadas a fam\u00edlias<\/p><\/li><li data-start=\"1343\" data-end=\"1388\"><p data-start=\"1345\" data-end=\"1388\">Liga\u00e7\u00e3o ic\u00f3nica \u00e0 rede de el\u00e9tricos do Porto<\/p><\/li><li data-start=\"1389\" data-end=\"1426\"><p data-start=\"1391\" data-end=\"1426\">Localiza\u00e7\u00e3o junto ao rio Douro<\/p><\/li><\/ul><hr data-start=\"1428\" data-end=\"1431\" \/><h3 data-start=\"1433\" data-end=\"1478\"><strong data-start=\"1437\" data-end=\"1478\">Hor\u00e1rio de funcionamento<\/strong><\/h3><p data-start=\"1480\" data-end=\"1674\">Ter\u00e7a a Domingo: das 10h \u00e0s 18h<\/p><hr data-start=\"1676\" data-end=\"1679\" \/><h3 data-start=\"1681\" data-end=\"1734\"><strong data-start=\"1685\" data-end=\"1734\">Onde est\u00e1 localizado?<\/strong><\/h3><p data-start=\"1736\" data-end=\"1929\">O museu est\u00e1 localizado na zona de Massarelos, perto do rio Douro, entre o centro hist\u00f3rico e a Foz do Douro. \u00c9 facilmente acess\u00edvel de el\u00e9trico, autocarro, carro ou a p\u00e9 ao longo da zona ribeirinha.<\/p><hr data-start=\"1931\" data-end=\"1934\" \/><h3 data-start=\"1936\" data-end=\"1989\"><strong data-start=\"1940\" data-end=\"1989\">Dicas para visitar<\/strong><\/h3><ul data-start=\"1991\" data-end=\"2242\"><li data-start=\"1991\" data-end=\"2046\"><p data-start=\"1993\" data-end=\"2046\">Combine a sua visita com um passeio de el\u00e9trico ao longo do rio<\/p><\/li><li data-start=\"2047\" data-end=\"2100\"><p data-start=\"2049\" data-end=\"2100\">Reserve tempo para explorar tanto os ve\u00edculos como a maquinaria<\/p><\/li><li data-start=\"2101\" data-end=\"2149\"><p data-start=\"2103\" data-end=\"2149\">Ideal para fam\u00edlias e entusiastas de transportes<\/p><\/li><li data-start=\"2150\" data-end=\"2189\"><p data-start=\"2152\" data-end=\"2189\">\u00d3tima atividade no interior para dias chuvosos<\/p><\/li><li data-start=\"2190\" data-end=\"2242\"><p data-start=\"2192\" data-end=\"2242\">Verifique a exist\u00eancia de visitas guiadas ou exposi\u00e7\u00f5es tempor\u00e1rias<\/p><\/li><\/ul>\t\t\t\t\t\t\t\t<\/div>\n\t\t\t\t<\/div>\n\t\t\t\t\t<\/div>\n\t\t\t\t<\/div>\n\t\t\t\t<\/div>","protected":false},"excerpt":{"rendered":"<p>O Museu do Carro El\u00e9trico \u00e9 um museu \u00fanico no Porto, dedicado \u00e0 hist\u00f3ria dos el\u00e9tricos<span class=\"excerpt-hellip\"> [\u2026]<\/span><\/p>","protected":false},"author":1,"featured_media":11084,"comment_status":"closed","ping_status":"closed","sticky":false,"template":"","format":"standard","meta":{"_acf_changed":false,"footnotes":""},"categories":[10],"tags":[],"filtros":[134],"class_list":["post-11090","post","type-post","status-publish","format-standard","has-post-thumbnail","hentry","category-experiences","filtros-museums"],"acf":[],"yoast_head":"<!-- This site is optimized with the Yoast SEO plugin v26.7 - https:\/\/yoast.com\/wordpress\/plugins\/seo\/ -->\n<title>Electric Car Museum - The Best of Porto<\/title>\n<meta name=\"robots\" content=\"index, follow, max-snippet:-1, max-image-preview:large, max-video-preview:-1\" \/>\n<link rel=\"canonical\" href=\"https:\/\/thebestofporto.com\/pt\/eletric-car-museum\/\" \/>\n<meta property=\"og:locale\" content=\"pt_PT\" \/>\n<meta property=\"og:type\" content=\"article\" \/>\n<meta property=\"og:title\" content=\"Electric Car Museum - The Best of Porto\" \/>\n<meta property=\"og:description\" content=\"The Museu do Carro El\u00e9trico is a unique museum in Porto dedicated to the history of electric trams [\u2026]\" \/>\n<meta property=\"og:url\" content=\"https:\/\/thebestofporto.com\/pt\/eletric-car-museum\/\" \/>\n<meta property=\"og:site_name\" content=\"The Best of Porto\" \/>\n<meta property=\"article:published_time\" content=\"2026-01-03T16:24:57+00:00\" \/>\n<meta property=\"article:modified_time\" content=\"2026-01-23T10:11:54+00:00\" \/>\n<meta property=\"og:image\" content=\"https:\/\/thebestofporto.com\/wp-content\/uploads\/2026\/01\/expereincias-24-1024x819.png\" \/>\n\t<meta property=\"og:image:width\" content=\"1024\" \/>\n\t<meta property=\"og:image:height\" content=\"819\" \/>\n\t<meta property=\"og:image:type\" content=\"image\/png\" \/>\n<meta name=\"author\" content=\"admin\" \/>\n<meta name=\"twitter:card\" content=\"summary_large_image\" \/>\n<meta name=\"twitter:label1\" content=\"Escrito por\" \/>\n\t<meta name=\"twitter:data1\" content=\"admin\" \/>\n\t<meta name=\"twitter:label2\" content=\"Tempo estimado de leitura\" \/>\n\t<meta name=\"twitter:data2\" content=\"2 minutos\" \/>\n<script type=\"application\/ld+json\" class=\"yoast-schema-graph\">{\"@context\":\"https:\/\/schema.org\",\"@graph\":[{\"@type\":\"Article\",\"@id\":\"https:\/\/thebestofporto.com\/eletric-car-museum\/#article\",\"isPartOf\":{\"@id\":\"https:\/\/thebestofporto.com\/eletric-car-museum\/\"},\"author\":{\"name\":\"admin\",\"@id\":\"https:\/\/thebestofporto.com\/#\/schema\/person\/04b3a2223d8527f0c6297ca6767266f7\"},\"headline\":\"Electric Car Museum\",\"datePublished\":\"2026-01-03T16:24:57+00:00\",\"dateModified\":\"2026-01-23T10:11:54+00:00\",\"mainEntityOfPage\":{\"@id\":\"https:\/\/thebestofporto.com\/eletric-car-museum\/\"},\"wordCount\":274,\"publisher\":{\"@id\":\"https:\/\/thebestofporto.com\/#organization\"},\"image\":{\"@id\":\"https:\/\/thebestofporto.com\/eletric-car-museum\/#primaryimage\"},\"thumbnailUrl\":\"https:\/\/thebestofporto.com\/wp-content\/uploads\/2026\/01\/expereincias-24-scaled.png\",\"articleSection\":[\"Experiences\"],\"inLanguage\":\"pt-PT\"},{\"@type\":\"WebPage\",\"@id\":\"https:\/\/thebestofporto.com\/eletric-car-museum\/\",\"url\":\"https:\/\/thebestofporto.com\/eletric-car-museum\/\",\"name\":\"Electric Car Museum - The Best of Porto\",\"isPartOf\":{\"@id\":\"https:\/\/thebestofporto.com\/#website\"},\"primaryImageOfPage\":{\"@id\":\"https:\/\/thebestofporto.com\/eletric-car-museum\/#primaryimage\"},\"image\":{\"@id\":\"https:\/\/thebestofporto.com\/eletric-car-museum\/#primaryimage\"},\"thumbnailUrl\":\"https:\/\/thebestofporto.com\/wp-content\/uploads\/2026\/01\/expereincias-24-scaled.png\",\"datePublished\":\"2026-01-03T16:24:57+00:00\",\"dateModified\":\"2026-01-23T10:11:54+00:00\",\"breadcrumb\":{\"@id\":\"https:\/\/thebestofporto.com\/eletric-car-museum\/#breadcrumb\"},\"inLanguage\":\"pt-PT\",\"potentialAction\":[{\"@type\":\"ReadAction\",\"target\":[\"https:\/\/thebestofporto.com\/eletric-car-museum\/\"]}]},{\"@type\":\"ImageObject\",\"inLanguage\":\"pt-PT\",\"@id\":\"https:\/\/thebestofporto.com\/eletric-car-museum\/#primaryimage\",\"url\":\"https:\/\/thebestofporto.com\/wp-content\/uploads\/2026\/01\/expereincias-24-scaled.png\",\"contentUrl\":\"https:\/\/thebestofporto.com\/wp-content\/uploads\/2026\/01\/expereincias-24-scaled.png\",\"width\":2560,\"height\":2048},{\"@type\":\"BreadcrumbList\",\"@id\":\"https:\/\/thebestofporto.com\/eletric-car-museum\/#breadcrumb\",\"itemListElement\":[{\"@type\":\"ListItem\",\"position\":1,\"name\":\"In\u00edcio\",\"item\":\"https:\/\/thebestofporto.com\/\"},{\"@type\":\"ListItem\",\"position\":2,\"name\":\"Electric Car Museum\"}]},{\"@type\":\"WebSite\",\"@id\":\"https:\/\/thebestofporto.com\/#website\",\"url\":\"https:\/\/thebestofporto.com\/\",\"name\":\"The Best of Porto\",\"description\":\"\",\"publisher\":{\"@id\":\"https:\/\/thebestofporto.com\/#organization\"},\"potentialAction\":[{\"@type\":\"SearchAction\",\"target\":{\"@type\":\"EntryPoint\",\"urlTemplate\":\"https:\/\/thebestofporto.com\/?s={search_term_string}\"},\"query-input\":{\"@type\":\"PropertyValueSpecification\",\"valueRequired\":true,\"valueName\":\"search_term_string\"}}],\"inLanguage\":\"pt-PT\"},{\"@type\":\"Organization\",\"@id\":\"https:\/\/thebestofporto.com\/#organization\",\"name\":\"The Best of Porto\",\"url\":\"https:\/\/thebestofporto.com\/\",\"logo\":{\"@type\":\"ImageObject\",\"inLanguage\":\"pt-PT\",\"@id\":\"https:\/\/thebestofporto.com\/#\/schema\/logo\/image\/\",\"url\":\"https:\/\/thebestofporto.com\/wp-content\/uploads\/2024\/05\/logo.png\",\"contentUrl\":\"https:\/\/thebestofporto.com\/wp-content\/uploads\/2024\/05\/logo.png\",\"width\":5076,\"height\":1463,\"caption\":\"The Best of Porto\"},\"image\":{\"@id\":\"https:\/\/thebestofporto.com\/#\/schema\/logo\/image\/\"}},{\"@type\":\"Person\",\"@id\":\"https:\/\/thebestofporto.com\/#\/schema\/person\/04b3a2223d8527f0c6297ca6767266f7\",\"name\":\"admin\",\"image\":{\"@type\":\"ImageObject\",\"inLanguage\":\"pt-PT\",\"@id\":\"https:\/\/thebestofporto.com\/#\/schema\/person\/image\/\",\"url\":\"https:\/\/secure.gravatar.com\/avatar\/193e2977da320450cf56b1b093dd5b7286cdbaf6ad5201ab3cda69b78b13b458?s=96&d=mm&r=g\",\"contentUrl\":\"https:\/\/secure.gravatar.com\/avatar\/193e2977da320450cf56b1b093dd5b7286cdbaf6ad5201ab3cda69b78b13b458?s=96&d=mm&r=g\",\"caption\":\"admin\"},\"sameAs\":[\"https:\/\/thebestofporto.com\"],\"url\":\"https:\/\/thebestofporto.com\/pt\/author\/admin_l3zak26a\/\"}]}<\/script>\n<!-- \/ Yoast SEO plugin. -->","yoast_head_json":{"title":"Electric Car Museum - The Best of Porto","robots":{"index":"index","follow":"follow","max-snippet":"max-snippet:-1","max-image-preview":"max-image-preview:large","max-video-preview":"max-video-preview:-1"},"canonical":"https:\/\/thebestofporto.com\/pt\/eletric-car-museum\/","og_locale":"pt_PT","og_type":"article","og_title":"Electric Car Museum - The Best of Porto","og_description":"The Museu do Carro El\u00e9trico is a unique museum in Porto dedicated to the history of electric trams [\u2026]","og_url":"https:\/\/thebestofporto.com\/pt\/eletric-car-museum\/","og_site_name":"The Best of Porto","article_published_time":"2026-01-03T16:24:57+00:00","article_modified_time":"2026-01-23T10:11:54+00:00","og_image":[{"width":1024,"height":819,"url":"https:\/\/thebestofporto.com\/wp-content\/uploads\/2026\/01\/expereincias-24-1024x819.png","type":"image\/png"}],"author":"admin","twitter_card":"summary_large_image","twitter_misc":{"Escrito por":"admin","Tempo estimado de leitura":"2 minutos"},"schema":{"@context":"https:\/\/schema.org","@graph":[{"@type":"Article","@id":"https:\/\/thebestofporto.com\/eletric-car-museum\/#article","isPartOf":{"@id":"https:\/\/thebestofporto.com\/eletric-car-museum\/"},"author":{"name":"admin","@id":"https:\/\/thebestofporto.com\/#\/schema\/person\/04b3a2223d8527f0c6297ca6767266f7"},"headline":"Electric Car Museum","datePublished":"2026-01-03T16:24:57+00:00","dateModified":"2026-01-23T10:11:54+00:00","mainEntityOfPage":{"@id":"https:\/\/thebestofporto.com\/eletric-car-museum\/"},"wordCount":274,"publisher":{"@id":"https:\/\/thebestofporto.com\/#organization"},"image":{"@id":"https:\/\/thebestofporto.com\/eletric-car-museum\/#primaryimage"},"thumbnailUrl":"https:\/\/thebestofporto.com\/wp-content\/uploads\/2026\/01\/expereincias-24-scaled.png","articleSection":["Experiences"],"inLanguage":"pt-PT"},{"@type":"WebPage","@id":"https:\/\/thebestofporto.com\/eletric-car-museum\/","url":"https:\/\/thebestofporto.com\/eletric-car-museum\/","name":"Electric Car Museum - The Best of Porto","isPartOf":{"@id":"https:\/\/thebestofporto.com\/#website"},"primaryImageOfPage":{"@id":"https:\/\/thebestofporto.com\/eletric-car-museum\/#primaryimage"},"image":{"@id":"https:\/\/thebestofporto.com\/eletric-car-museum\/#primaryimage"},"thumbnailUrl":"https:\/\/thebestofporto.com\/wp-content\/uploads\/2026\/01\/expereincias-24-scaled.png","datePublished":"2026-01-03T16:24:57+00:00","dateModified":"2026-01-23T10:11:54+00:00","breadcrumb":{"@id":"https:\/\/thebestofporto.com\/eletric-car-museum\/#breadcrumb"},"inLanguage":"pt-PT","potentialAction":[{"@type":"ReadAction","target":["https:\/\/thebestofporto.com\/eletric-car-museum\/"]}]},{"@type":"ImageObject","inLanguage":"pt-PT","@id":"https:\/\/thebestofporto.com\/eletric-car-museum\/#primaryimage","url":"https:\/\/thebestofporto.com\/wp-content\/uploads\/2026\/01\/expereincias-24-scaled.png","contentUrl":"https:\/\/thebestofporto.com\/wp-content\/uploads\/2026\/01\/expereincias-24-scaled.png","width":2560,"height":2048},{"@type":"BreadcrumbList","@id":"https:\/\/thebestofporto.com\/eletric-car-museum\/#breadcrumb","itemListElement":[{"@type":"ListItem","position":1,"name":"In\u00edcio","item":"https:\/\/thebestofporto.com\/"},{"@type":"ListItem","position":2,"name":"Electric Car Museum"}]},{"@type":"WebSite","@id":"https:\/\/thebestofporto.com\/#website","url":"https:\/\/thebestofporto.com\/","name":"The Best of Porto","description":"","publisher":{"@id":"https:\/\/thebestofporto.com\/#organization"},"potentialAction":[{"@type":"SearchAction","target":{"@type":"EntryPoint","urlTemplate":"https:\/\/thebestofporto.com\/?s={search_term_string}"},"query-input":{"@type":"PropertyValueSpecification","valueRequired":true,"valueName":"search_term_string"}}],"inLanguage":"pt-PT"},{"@type":"Organization","@id":"https:\/\/thebestofporto.com\/#organization","name":"The Best of Porto","url":"https:\/\/thebestofporto.com\/","logo":{"@type":"ImageObject","inLanguage":"pt-PT","@id":"https:\/\/thebestofporto.com\/#\/schema\/logo\/image\/","url":"https:\/\/thebestofporto.com\/wp-content\/uploads\/2024\/05\/logo.png","contentUrl":"https:\/\/thebestofporto.com\/wp-content\/uploads\/2024\/05\/logo.png","width":5076,"height":1463,"caption":"The Best of Porto"},"image":{"@id":"https:\/\/thebestofporto.com\/#\/schema\/logo\/image\/"}},{"@type":"Person","@id":"https:\/\/thebestofporto.com\/#\/schema\/person\/04b3a2223d8527f0c6297ca6767266f7","name":"admin","image":{"@type":"ImageObject","inLanguage":"pt-PT","@id":"https:\/\/thebestofporto.com\/#\/schema\/person\/image\/","url":"https:\/\/secure.gravatar.com\/avatar\/193e2977da320450cf56b1b093dd5b7286cdbaf6ad5201ab3cda69b78b13b458?s=96&d=mm&r=g","contentUrl":"https:\/\/secure.gravatar.com\/avatar\/193e2977da320450cf56b1b093dd5b7286cdbaf6ad5201ab3cda69b78b13b458?s=96&d=mm&r=g","caption":"admin"},"sameAs":["https:\/\/thebestofporto.com"],"url":"https:\/\/thebestofporto.com\/pt\/author\/admin_l3zak26a\/"}]}},"_links":{"self":[{"href":"https:\/\/thebestofporto.com\/pt\/wp-json\/wp\/v2\/posts\/11090","targetHints":{"allow":["GET"]}}],"collection":[{"href":"https:\/\/thebestofporto.com\/pt\/wp-json\/wp\/v2\/posts"}],"about":[{"href":"https:\/\/thebestofporto.com\/pt\/wp-json\/wp\/v2\/types\/post"}],"author":[{"embeddable":true,"href":"https:\/\/thebestofporto.com\/pt\/wp-json\/wp\/v2\/users\/1"}],"replies":[{"embeddable":true,"href":"https:\/\/thebestofporto.com\/pt\/wp-json\/wp\/v2\/comments?post=11090"}],"version-history":[{"count":14,"href":"https:\/\/thebestofporto.com\/pt\/wp-json\/wp\/v2\/posts\/11090\/revisions"}],"predecessor-version":[{"id":11425,"href":"https:\/\/thebestofporto.com\/pt\/wp-json\/wp\/v2\/posts\/11090\/revisions\/11425"}],"wp:featuredmedia":[{"embeddable":true,"href":"https:\/\/thebestofporto.com\/pt\/wp-json\/wp\/v2\/media\/11084"}],"wp:attachment":[{"href":"https:\/\/thebestofporto.com\/pt\/wp-json\/wp\/v2\/media?parent=11090"}],"wp:term":[{"taxonomy":"category","embeddable":true,"href":"https:\/\/thebestofporto.com\/pt\/wp-json\/wp\/v2\/categories?post=11090"},{"taxonomy":"post_tag","embeddable":true,"href":"https:\/\/thebestofporto.com\/pt\/wp-json\/wp\/v2\/tags?post=11090"},{"taxonomy":"filtros","embeddable":true,"href":"https:\/\/thebestofporto.com\/pt\/wp-json\/wp\/v2\/filtros?post=11090"}],"curies":[{"name":"wp","href":"https:\/\/api.w.org\/{rel}","templated":true}]}}