{"id":11101,"date":"2026-01-02T16:37:00","date_gmt":"2026-01-02T16:37:00","guid":{"rendered":"https:\/\/thebestofporto.com\/?p=11101"},"modified":"2026-01-23T10:41:00","modified_gmt":"2026-01-23T10:41:00","slug":"biodiversity-gallery","status":"publish","type":"post","link":"https:\/\/thebestofporto.com\/pt\/biodiversity-gallery\/","title":{"rendered":"Galeria da Biodiversidade"},"content":{"rendered":"<div data-elementor-type=\"wp-post\" data-elementor-id=\"11101\" class=\"elementor elementor-11101\">\n\t\t\t\t<div class=\"elementor-element elementor-element-5122a54 e-flex e-con-boxed e-con e-parent\" data-id=\"5122a54\" data-element_type=\"container\">\n\t\t\t\t\t<div class=\"e-con-inner\">\n\t\t\t\t<div class=\"elementor-element elementor-element-0854dc0 elementor-widget elementor-widget-text-editor\" data-id=\"0854dc0\" data-element_type=\"widget\" data-widget_type=\"text-editor.default\">\n\t\t\t\t<div class=\"elementor-widget-container\">\n\t\t\t\t\t\t\t\t\t<p data-start=\"110\" data-end=\"459\">A Galeria da Biodiversidade \u00e9 um dos museus mais inovadores e inspiradores do Porto, dedicada \u00e0 biodiversidade, evolu\u00e7\u00e3o e ao mundo natural. Localizada na bela Casa Andresen, dentro do Jardim Bot\u00e2nico do Porto, este museu oferece uma explora\u00e7\u00e3o imersiva e interativa da vida na Terra \u2013 passada, presente e futura.<\/p><p data-start=\"461\" data-end=\"629\">Ideal para fam\u00edlias, estudantes e entusiastas da ci\u00eancia, a Galeria da Biodiversidade combina educa\u00e7\u00e3o, curiosidade e descoberta pr\u00e1tica num espa\u00e7o cultural \u00fanico.<\/p><hr data-start=\"631\" data-end=\"634\" \/><h3 data-start=\"636\" data-end=\"694\"><strong data-start=\"640\" data-end=\"694\">O que \u00e9 <span class=\"hover:entity-accent entity-underline inline cursor-pointer align-baseline\"><span class=\"whitespace-normal\">Galeria da Biodiversidade<\/span><\/span>?<\/strong><\/h3><p data-start=\"696\" data-end=\"1004\">A Galeria da Biodiversidade \u00e9 um museu de ci\u00eancia dedicado \u00e0 diversidade da vida e aos processos que a moldam. Atrav\u00e9s de exposi\u00e7\u00f5es interativas, instala\u00e7\u00f5es multim\u00e9dia, esp\u00e9cimes e narrativa cient\u00edfica, os visitantes aprendem sobre evolu\u00e7\u00e3o, ecossistemas, extin\u00e7\u00f5es e o impacto da humanidade no planeta.<\/p><p data-start=\"1006\" data-end=\"1130\">Mais do que um museu tradicional de hist\u00f3ria natural, incentiva a reflex\u00e3o sobre a sustentabilidade e a nossa rela\u00e7\u00e3o com a natureza.<\/p><hr data-start=\"1132\" data-end=\"1135\" \/><h3 data-start=\"1137\" data-end=\"1185\"><strong data-start=\"1141\" data-end=\"1185\">Porque visitar?<\/strong><\/h3><ul data-start=\"1187\" data-end=\"1497\"><li data-start=\"1187\" data-end=\"1247\"><p data-start=\"1189\" data-end=\"1247\">Exposi\u00e7\u00f5es interativas sobre biodiversidade e evolu\u00e7\u00e3o<\/p><\/li><li data-start=\"1248\" data-end=\"1300\"><p data-start=\"1250\" data-end=\"1300\">Experi\u00eancia pr\u00e1tica e educativa para todas as idades<\/p><\/li><li data-start=\"1301\" data-end=\"1349\"><p data-start=\"1303\" data-end=\"1349\">Localizada dentro do Jardim Bot\u00e2nico do Porto<\/p><\/li><li data-start=\"1350\" data-end=\"1408\"><p data-start=\"1352\" data-end=\"1408\">Combina\u00e7\u00e3o de ci\u00eancia, cultura e consciencializa\u00e7\u00e3o ambiental<\/p><\/li><li data-start=\"1409\" data-end=\"1450\"><p data-start=\"1411\" data-end=\"1450\">Exposi\u00e7\u00f5es interativas e adequadas a fam\u00edlias<\/p><\/li><li data-start=\"1451\" data-end=\"1497\"><p data-start=\"1453\" data-end=\"1497\">Um dos museus de ci\u00eancia mais modernos do Porto<\/p><\/li><\/ul><hr data-start=\"1499\" data-end=\"1502\" \/><h3 data-start=\"1504\" data-end=\"1551\"><strong data-start=\"1508\" data-end=\"1551\">Hor\u00e1rio de funcionamento<\/strong><\/h3><p data-start=\"1553\" data-end=\"1753\">Segunda a S\u00e1bado: das 10h \u00e0s 13h e das 14h \u00e0s 18h<\/p><hr data-start=\"1755\" data-end=\"1758\" \/><h3 data-start=\"1760\" data-end=\"1815\"><strong data-start=\"1764\" data-end=\"1815\">Onde est\u00e1 localizada?<\/strong><\/h3><p data-start=\"1817\" data-end=\"2023\">A Galeria da Biodiversidade est\u00e1 localizada dentro do Jardim Bot\u00e2nico do Porto, perto da zona do Campo Alegre. \u00c9 facilmente acess\u00edvel de transporte p\u00fablico, bicicleta ou a p\u00e9 a partir dos bairros pr\u00f3ximos.<\/p><hr data-start=\"2025\" data-end=\"2028\" \/><h3 data-start=\"2030\" data-end=\"2085\"><strong data-start=\"2034\" data-end=\"2085\">Dicas para visitar<\/strong><\/h3><ul data-start=\"2087\" data-end=\"2349\"><li data-start=\"2087\" data-end=\"2150\"><p data-start=\"2089\" data-end=\"2150\">Combine a sua visita com um passeio pelo Jardim Bot\u00e2nico.<\/p><\/li><li data-start=\"2151\" data-end=\"2197\"><p data-start=\"2153\" data-end=\"2197\">Ideal para fam\u00edlias e crian\u00e7as em idade escolar<\/p><\/li><li data-start=\"2198\" data-end=\"2242\"><p data-start=\"2200\" data-end=\"2242\">Reserve tempo para interagir com todas as exposi\u00e7\u00f5es<\/p><\/li><li data-start=\"2243\" data-end=\"2300\"><p data-start=\"2245\" data-end=\"2300\">\u00d3tima atividade interior combinada com explora\u00e7\u00e3o ao ar livre<\/p><\/li><li data-start=\"2301\" data-end=\"2349\"><p data-start=\"2303\" data-end=\"2349\">Verifique a exist\u00eancia de workshops ou exposi\u00e7\u00f5es tempor\u00e1rias<\/p><\/li><\/ul>\t\t\t\t\t\t\t\t<\/div>\n\t\t\t\t<\/div>\n\t\t\t\t\t<\/div>\n\t\t\t\t<\/div>\n\t\t\t\t<\/div>","protected":false},"excerpt":{"rendered":"<p>A Galeria da Biodiversidade \u00e9 um dos museus mais inovadores e estimulantes do Porto, dedicada \u00e0 biodiversidade, evolu\u00e7\u00e3o e<span class=\"excerpt-hellip\"> [\u2026]<\/span><\/p>","protected":false},"author":1,"featured_media":11102,"comment_status":"closed","ping_status":"closed","sticky":false,"template":"","format":"standard","meta":{"_acf_changed":false,"footnotes":""},"categories":[10],"tags":[],"filtros":[134],"class_list":["post-11101","post","type-post","status-publish","format-standard","has-post-thumbnail","hentry","category-experiences","filtros-museums"],"acf":[],"yoast_head":"<!-- This site is optimized with the Yoast SEO plugin v26.7 - https:\/\/yoast.com\/wordpress\/plugins\/seo\/ -->\n<title>Biodiversity Gallery - The Best of Porto<\/title>\n<meta name=\"robots\" content=\"index, follow, max-snippet:-1, max-image-preview:large, max-video-preview:-1\" \/>\n<link rel=\"canonical\" href=\"https:\/\/thebestofporto.com\/pt\/biodiversity-gallery\/\" \/>\n<meta property=\"og:locale\" content=\"pt_PT\" \/>\n<meta property=\"og:type\" content=\"article\" \/>\n<meta property=\"og:title\" content=\"Biodiversity Gallery - The Best of Porto\" \/>\n<meta property=\"og:description\" content=\"The Galeria da Biodiversidade is one of Porto\u2019s most innovative and thought-provoking museums, dedicated to biodiversity, evolution, and [\u2026]\" \/>\n<meta property=\"og:url\" content=\"https:\/\/thebestofporto.com\/pt\/biodiversity-gallery\/\" \/>\n<meta property=\"og:site_name\" content=\"The Best of Porto\" \/>\n<meta property=\"article:published_time\" content=\"2026-01-02T16:37:00+00:00\" \/>\n<meta property=\"article:modified_time\" content=\"2026-01-23T10:41:00+00:00\" \/>\n<meta property=\"og:image\" content=\"https:\/\/thebestofporto.com\/wp-content\/uploads\/2026\/01\/expereincias-26-1024x819.png\" \/>\n\t<meta property=\"og:image:width\" content=\"1024\" \/>\n\t<meta property=\"og:image:height\" content=\"819\" \/>\n\t<meta property=\"og:image:type\" content=\"image\/png\" \/>\n<meta name=\"author\" content=\"admin\" \/>\n<meta name=\"twitter:card\" content=\"summary_large_image\" \/>\n<meta name=\"twitter:label1\" content=\"Escrito por\" \/>\n\t<meta name=\"twitter:data1\" content=\"admin\" \/>\n\t<meta name=\"twitter:label2\" content=\"Tempo estimado de leitura\" \/>\n\t<meta name=\"twitter:data2\" content=\"2 minutos\" \/>\n<script type=\"application\/ld+json\" class=\"yoast-schema-graph\">{\"@context\":\"https:\/\/schema.org\",\"@graph\":[{\"@type\":\"Article\",\"@id\":\"https:\/\/thebestofporto.com\/biodiversity-gallery\/#article\",\"isPartOf\":{\"@id\":\"https:\/\/thebestofporto.com\/biodiversity-gallery\/\"},\"author\":{\"name\":\"admin\",\"@id\":\"https:\/\/thebestofporto.com\/#\/schema\/person\/04b3a2223d8527f0c6297ca6767266f7\"},\"headline\":\"Biodiversity Gallery\",\"datePublished\":\"2026-01-02T16:37:00+00:00\",\"dateModified\":\"2026-01-23T10:41:00+00:00\",\"mainEntityOfPage\":{\"@id\":\"https:\/\/thebestofporto.com\/biodiversity-gallery\/\"},\"wordCount\":270,\"publisher\":{\"@id\":\"https:\/\/thebestofporto.com\/#organization\"},\"image\":{\"@id\":\"https:\/\/thebestofporto.com\/biodiversity-gallery\/#primaryimage\"},\"thumbnailUrl\":\"https:\/\/thebestofporto.com\/wp-content\/uploads\/2026\/01\/expereincias-26-scaled.png\",\"articleSection\":[\"Experiences\"],\"inLanguage\":\"pt-PT\"},{\"@type\":\"WebPage\",\"@id\":\"https:\/\/thebestofporto.com\/biodiversity-gallery\/\",\"url\":\"https:\/\/thebestofporto.com\/biodiversity-gallery\/\",\"name\":\"Biodiversity Gallery - The Best of Porto\",\"isPartOf\":{\"@id\":\"https:\/\/thebestofporto.com\/#website\"},\"primaryImageOfPage\":{\"@id\":\"https:\/\/thebestofporto.com\/biodiversity-gallery\/#primaryimage\"},\"image\":{\"@id\":\"https:\/\/thebestofporto.com\/biodiversity-gallery\/#primaryimage\"},\"thumbnailUrl\":\"https:\/\/thebestofporto.com\/wp-content\/uploads\/2026\/01\/expereincias-26-scaled.png\",\"datePublished\":\"2026-01-02T16:37:00+00:00\",\"dateModified\":\"2026-01-23T10:41:00+00:00\",\"breadcrumb\":{\"@id\":\"https:\/\/thebestofporto.com\/biodiversity-gallery\/#breadcrumb\"},\"inLanguage\":\"pt-PT\",\"potentialAction\":[{\"@type\":\"ReadAction\",\"target\":[\"https:\/\/thebestofporto.com\/biodiversity-gallery\/\"]}]},{\"@type\":\"ImageObject\",\"inLanguage\":\"pt-PT\",\"@id\":\"https:\/\/thebestofporto.com\/biodiversity-gallery\/#primaryimage\",\"url\":\"https:\/\/thebestofporto.com\/wp-content\/uploads\/2026\/01\/expereincias-26-scaled.png\",\"contentUrl\":\"https:\/\/thebestofporto.com\/wp-content\/uploads\/2026\/01\/expereincias-26-scaled.png\",\"width\":2560,\"height\":2048},{\"@type\":\"BreadcrumbList\",\"@id\":\"https:\/\/thebestofporto.com\/biodiversity-gallery\/#breadcrumb\",\"itemListElement\":[{\"@type\":\"ListItem\",\"position\":1,\"name\":\"In\u00edcio\",\"item\":\"https:\/\/thebestofporto.com\/\"},{\"@type\":\"ListItem\",\"position\":2,\"name\":\"Biodiversity Gallery\"}]},{\"@type\":\"WebSite\",\"@id\":\"https:\/\/thebestofporto.com\/#website\",\"url\":\"https:\/\/thebestofporto.com\/\",\"name\":\"The Best of Porto\",\"description\":\"\",\"publisher\":{\"@id\":\"https:\/\/thebestofporto.com\/#organization\"},\"potentialAction\":[{\"@type\":\"SearchAction\",\"target\":{\"@type\":\"EntryPoint\",\"urlTemplate\":\"https:\/\/thebestofporto.com\/?s={search_term_string}\"},\"query-input\":{\"@type\":\"PropertyValueSpecification\",\"valueRequired\":true,\"valueName\":\"search_term_string\"}}],\"inLanguage\":\"pt-PT\"},{\"@type\":\"Organization\",\"@id\":\"https:\/\/thebestofporto.com\/#organization\",\"name\":\"The Best of Porto\",\"url\":\"https:\/\/thebestofporto.com\/\",\"logo\":{\"@type\":\"ImageObject\",\"inLanguage\":\"pt-PT\",\"@id\":\"https:\/\/thebestofporto.com\/#\/schema\/logo\/image\/\",\"url\":\"https:\/\/thebestofporto.com\/wp-content\/uploads\/2024\/05\/logo.png\",\"contentUrl\":\"https:\/\/thebestofporto.com\/wp-content\/uploads\/2024\/05\/logo.png\",\"width\":5076,\"height\":1463,\"caption\":\"The Best of Porto\"},\"image\":{\"@id\":\"https:\/\/thebestofporto.com\/#\/schema\/logo\/image\/\"}},{\"@type\":\"Person\",\"@id\":\"https:\/\/thebestofporto.com\/#\/schema\/person\/04b3a2223d8527f0c6297ca6767266f7\",\"name\":\"admin\",\"image\":{\"@type\":\"ImageObject\",\"inLanguage\":\"pt-PT\",\"@id\":\"https:\/\/thebestofporto.com\/#\/schema\/person\/image\/\",\"url\":\"https:\/\/secure.gravatar.com\/avatar\/193e2977da320450cf56b1b093dd5b7286cdbaf6ad5201ab3cda69b78b13b458?s=96&d=mm&r=g\",\"contentUrl\":\"https:\/\/secure.gravatar.com\/avatar\/193e2977da320450cf56b1b093dd5b7286cdbaf6ad5201ab3cda69b78b13b458?s=96&d=mm&r=g\",\"caption\":\"admin\"},\"sameAs\":[\"https:\/\/thebestofporto.com\"],\"url\":\"https:\/\/thebestofporto.com\/pt\/author\/admin_l3zak26a\/\"}]}<\/script>\n<!-- \/ Yoast SEO plugin. -->","yoast_head_json":{"title":"Biodiversity Gallery - The Best of Porto","robots":{"index":"index","follow":"follow","max-snippet":"max-snippet:-1","max-image-preview":"max-image-preview:large","max-video-preview":"max-video-preview:-1"},"canonical":"https:\/\/thebestofporto.com\/pt\/biodiversity-gallery\/","og_locale":"pt_PT","og_type":"article","og_title":"Biodiversity Gallery - The Best of Porto","og_description":"The Galeria da Biodiversidade is one of Porto\u2019s most innovative and thought-provoking museums, dedicated to biodiversity, evolution, and [\u2026]","og_url":"https:\/\/thebestofporto.com\/pt\/biodiversity-gallery\/","og_site_name":"The Best of Porto","article_published_time":"2026-01-02T16:37:00+00:00","article_modified_time":"2026-01-23T10:41:00+00:00","og_image":[{"width":1024,"height":819,"url":"https:\/\/thebestofporto.com\/wp-content\/uploads\/2026\/01\/expereincias-26-1024x819.png","type":"image\/png"}],"author":"admin","twitter_card":"summary_large_image","twitter_misc":{"Escrito por":"admin","Tempo estimado de leitura":"2 minutos"},"schema":{"@context":"https:\/\/schema.org","@graph":[{"@type":"Article","@id":"https:\/\/thebestofporto.com\/biodiversity-gallery\/#article","isPartOf":{"@id":"https:\/\/thebestofporto.com\/biodiversity-gallery\/"},"author":{"name":"admin","@id":"https:\/\/thebestofporto.com\/#\/schema\/person\/04b3a2223d8527f0c6297ca6767266f7"},"headline":"Biodiversity Gallery","datePublished":"2026-01-02T16:37:00+00:00","dateModified":"2026-01-23T10:41:00+00:00","mainEntityOfPage":{"@id":"https:\/\/thebestofporto.com\/biodiversity-gallery\/"},"wordCount":270,"publisher":{"@id":"https:\/\/thebestofporto.com\/#organization"},"image":{"@id":"https:\/\/thebestofporto.com\/biodiversity-gallery\/#primaryimage"},"thumbnailUrl":"https:\/\/thebestofporto.com\/wp-content\/uploads\/2026\/01\/expereincias-26-scaled.png","articleSection":["Experiences"],"inLanguage":"pt-PT"},{"@type":"WebPage","@id":"https:\/\/thebestofporto.com\/biodiversity-gallery\/","url":"https:\/\/thebestofporto.com\/biodiversity-gallery\/","name":"Biodiversity Gallery - The Best of Porto","isPartOf":{"@id":"https:\/\/thebestofporto.com\/#website"},"primaryImageOfPage":{"@id":"https:\/\/thebestofporto.com\/biodiversity-gallery\/#primaryimage"},"image":{"@id":"https:\/\/thebestofporto.com\/biodiversity-gallery\/#primaryimage"},"thumbnailUrl":"https:\/\/thebestofporto.com\/wp-content\/uploads\/2026\/01\/expereincias-26-scaled.png","datePublished":"2026-01-02T16:37:00+00:00","dateModified":"2026-01-23T10:41:00+00:00","breadcrumb":{"@id":"https:\/\/thebestofporto.com\/biodiversity-gallery\/#breadcrumb"},"inLanguage":"pt-PT","potentialAction":[{"@type":"ReadAction","target":["https:\/\/thebestofporto.com\/biodiversity-gallery\/"]}]},{"@type":"ImageObject","inLanguage":"pt-PT","@id":"https:\/\/thebestofporto.com\/biodiversity-gallery\/#primaryimage","url":"https:\/\/thebestofporto.com\/wp-content\/uploads\/2026\/01\/expereincias-26-scaled.png","contentUrl":"https:\/\/thebestofporto.com\/wp-content\/uploads\/2026\/01\/expereincias-26-scaled.png","width":2560,"height":2048},{"@type":"BreadcrumbList","@id":"https:\/\/thebestofporto.com\/biodiversity-gallery\/#breadcrumb","itemListElement":[{"@type":"ListItem","position":1,"name":"In\u00edcio","item":"https:\/\/thebestofporto.com\/"},{"@type":"ListItem","position":2,"name":"Biodiversity Gallery"}]},{"@type":"WebSite","@id":"https:\/\/thebestofporto.com\/#website","url":"https:\/\/thebestofporto.com\/","name":"The Best of Porto","description":"","publisher":{"@id":"https:\/\/thebestofporto.com\/#organization"},"potentialAction":[{"@type":"SearchAction","target":{"@type":"EntryPoint","urlTemplate":"https:\/\/thebestofporto.com\/?s={search_term_string}"},"query-input":{"@type":"PropertyValueSpecification","valueRequired":true,"valueName":"search_term_string"}}],"inLanguage":"pt-PT"},{"@type":"Organization","@id":"https:\/\/thebestofporto.com\/#organization","name":"The Best of Porto","url":"https:\/\/thebestofporto.com\/","logo":{"@type":"ImageObject","inLanguage":"pt-PT","@id":"https:\/\/thebestofporto.com\/#\/schema\/logo\/image\/","url":"https:\/\/thebestofporto.com\/wp-content\/uploads\/2024\/05\/logo.png","contentUrl":"https:\/\/thebestofporto.com\/wp-content\/uploads\/2024\/05\/logo.png","width":5076,"height":1463,"caption":"The Best of Porto"},"image":{"@id":"https:\/\/thebestofporto.com\/#\/schema\/logo\/image\/"}},{"@type":"Person","@id":"https:\/\/thebestofporto.com\/#\/schema\/person\/04b3a2223d8527f0c6297ca6767266f7","name":"admin","image":{"@type":"ImageObject","inLanguage":"pt-PT","@id":"https:\/\/thebestofporto.com\/#\/schema\/person\/image\/","url":"https:\/\/secure.gravatar.com\/avatar\/193e2977da320450cf56b1b093dd5b7286cdbaf6ad5201ab3cda69b78b13b458?s=96&d=mm&r=g","contentUrl":"https:\/\/secure.gravatar.com\/avatar\/193e2977da320450cf56b1b093dd5b7286cdbaf6ad5201ab3cda69b78b13b458?s=96&d=mm&r=g","caption":"admin"},"sameAs":["https:\/\/thebestofporto.com"],"url":"https:\/\/thebestofporto.com\/pt\/author\/admin_l3zak26a\/"}]}},"_links":{"self":[{"href":"https:\/\/thebestofporto.com\/pt\/wp-json\/wp\/v2\/posts\/11101","targetHints":{"allow":["GET"]}}],"collection":[{"href":"https:\/\/thebestofporto.com\/pt\/wp-json\/wp\/v2\/posts"}],"about":[{"href":"https:\/\/thebestofporto.com\/pt\/wp-json\/wp\/v2\/types\/post"}],"author":[{"embeddable":true,"href":"https:\/\/thebestofporto.com\/pt\/wp-json\/wp\/v2\/users\/1"}],"replies":[{"embeddable":true,"href":"https:\/\/thebestofporto.com\/pt\/wp-json\/wp\/v2\/comments?post=11101"}],"version-history":[{"count":12,"href":"https:\/\/thebestofporto.com\/pt\/wp-json\/wp\/v2\/posts\/11101\/revisions"}],"predecessor-version":[{"id":11447,"href":"https:\/\/thebestofporto.com\/pt\/wp-json\/wp\/v2\/posts\/11101\/revisions\/11447"}],"wp:featuredmedia":[{"embeddable":true,"href":"https:\/\/thebestofporto.com\/pt\/wp-json\/wp\/v2\/media\/11102"}],"wp:attachment":[{"href":"https:\/\/thebestofporto.com\/pt\/wp-json\/wp\/v2\/media?parent=11101"}],"wp:term":[{"taxonomy":"category","embeddable":true,"href":"https:\/\/thebestofporto.com\/pt\/wp-json\/wp\/v2\/categories?post=11101"},{"taxonomy":"post_tag","embeddable":true,"href":"https:\/\/thebestofporto.com\/pt\/wp-json\/wp\/v2\/tags?post=11101"},{"taxonomy":"filtros","embeddable":true,"href":"https:\/\/thebestofporto.com\/pt\/wp-json\/wp\/v2\/filtros?post=11101"}],"curies":[{"name":"wp","href":"https:\/\/api.w.org\/{rel}","templated":true}]}}