{"id":1500,"date":"2026-01-11T08:22:28","date_gmt":"2026-01-11T08:22:28","guid":{"rendered":"https:\/\/wanderaway.qodeinteractive.com\/?p=1500"},"modified":"2026-01-22T18:12:32","modified_gmt":"2026-01-22T18:12:32","slug":"clerigos-tower-climb","status":"publish","type":"post","link":"https:\/\/thebestofporto.com\/pt\/clerigos-tower-climb\/","title":{"rendered":"Subida \u00e0 Torre dos Cl\u00e9rigos"},"content":{"rendered":"<div data-elementor-type=\"wp-post\" data-elementor-id=\"1500\" class=\"elementor elementor-1500\">\n\t\t\t\t<div class=\"elementor-element elementor-element-c7e85c9 e-flex e-con-boxed e-con e-parent\" data-id=\"c7e85c9\" data-element_type=\"container\">\n\t\t\t\t\t<div class=\"e-con-inner\">\n\t\t\t\t<div class=\"elementor-element elementor-element-0df2c9a elementor-widget elementor-widget-text-editor\" data-id=\"0df2c9a\" data-element_type=\"widget\" data-widget_type=\"text-editor.default\">\n\t\t\t\t<div class=\"elementor-widget-container\">\n\t\t\t\t\t\t\t\t\t<p data-start=\"124\" data-end=\"499\">A Subida \u00e0 Torre dos Cl\u00e9rigos \u00e9 uma das experi\u00eancias mais emocionantes e gratificantes do Porto. Ao subir ao topo desta ic\u00f3nica torre barroca, os visitantes s\u00e3o recompensados com algumas das melhores vistas panor\u00e2micas da cidade, contemplando o centro hist\u00f3rico do Porto, o rio Douro e a costa atl\u00e2ntica. Esta subida inesquec\u00edvel \u00e9 uma atividade imperd\u00edvel para quem visita o Porto.<\/p><p data-start=\"501\" data-end=\"662\">Com a sua escadaria hist\u00f3rica e o miradouro deslumbrante, a Subida \u00e0 Torre dos Cl\u00e9rigos combina aventura, arquitetura e paisagens impressionantes numa experi\u00eancia \u00fanica.<\/p><hr data-start=\"664\" data-end=\"667\" \/><h3 data-start=\"669\" data-end=\"706\"><strong>O que \u00e9 a Subida \u00e0 Torre dos Cl\u00e9rigos?<\/strong><\/h3><p data-start=\"708\" data-end=\"1012\">A Subida \u00e0 Torre dos Cl\u00e9rigos \u00e9 a experi\u00eancia de subir \u00e0 famosa Torre dos Cl\u00e9rigos, um campan\u00e1rio barroco de 75 metros concebido pelo arquiteto Nicolau Nasoni. Os visitantes sobem mais de 200 degraus no interior da torre at\u00e9 ao topo, onde s\u00e3o recompensados com uma vista panor\u00e2mica de 360\u00ba sobre o Porto.<\/p><p data-start=\"1014\" data-end=\"1084\">\u00c9 um dos miradouros mais populares e fotografados da cidade.<\/p><hr data-start=\"1086\" data-end=\"1089\" \/><h3 data-start=\"1091\" data-end=\"1124\"><strong>Porque subir?<\/strong><\/h3><ul data-start=\"1126\" data-end=\"1366\"><li data-start=\"1126\" data-end=\"1165\"><p data-start=\"1128\" data-end=\"1165\">Um dos melhores miradouros do Porto<\/p><\/li><li data-start=\"1166\" data-end=\"1208\"><p data-start=\"1168\" data-end=\"1208\">Vistas panor\u00e2micas de 360 graus sobre a cidade<\/p><\/li><li data-start=\"1209\" data-end=\"1260\"><p data-start=\"1211\" data-end=\"1260\">Ic\u00f3nica torre barroca concebida por Nicolau Nasoni<\/p><\/li><li data-start=\"1261\" data-end=\"1297\"><p data-start=\"1263\" data-end=\"1297\">\u00danica escadaria hist\u00f3rica em espiral<\/p><\/li><li data-start=\"1298\" data-end=\"1336\"><p data-start=\"1300\" data-end=\"1336\">Perfeito para fotos e para contemplar a cidade<\/p><\/li><li data-start=\"1337\" data-end=\"1366\"><p data-start=\"1339\" data-end=\"1366\">Uma das principais atra\u00e7\u00f5es do Porto<\/p><\/li><\/ul><hr data-start=\"1368\" data-end=\"1371\" \/><h3 data-start=\"1373\" data-end=\"1411\"><strong>Hor\u00e1rio de funcionamento<\/strong><\/h3><p data-start=\"1413\" data-end=\"1661\">A Torre dos Cl\u00e9rigos est\u00e1 aberta todos os dias, das 9h00 \u00e0s 19h00<\/p><hr data-start=\"1663\" data-end=\"1666\" \/><h3 data-start=\"1668\" data-end=\"1700\"><strong>Onde fica a Torre dos Cl\u00e9rigos?<\/strong><\/h3><p data-start=\"1702\" data-end=\"1942\">A Torre dos Cl\u00e9rigos est\u00e1 situada no centro hist\u00f3rico do Porto, junto \u00e0 Igreja dos Cl\u00e9rigos e a poucos minutos a p\u00e9 da Livraria Lello e da Avenida dos Aliados. A sua localiza\u00e7\u00e3o central permite-lhe chegar facilmente a p\u00e9 ou atrav\u00e9s de transportes p\u00fablicos.<\/p><hr data-start=\"1944\" data-end=\"1947\" \/><h3 data-start=\"1949\" data-end=\"1986\"><strong>Dicas<\/strong><\/h3><ul data-start=\"1988\" data-end=\"2176\"><li data-start=\"1988\" data-end=\"2020\"><p data-start=\"1990\" data-end=\"2020\">Reserve os seus bilhetes com anteced\u00eancia<\/p><\/li><li data-start=\"2021\" data-end=\"2072\"><p data-start=\"2023\" data-end=\"2072\">Visite de manh\u00e3 cedo ou no final do dia para evitar multid\u00f5es<\/p><\/li><li data-start=\"2073\" data-end=\"2099\"><p data-start=\"2075\" data-end=\"2099\">Use cal\u00e7ado confort\u00e1vel<\/p><\/li><li data-start=\"2100\" data-end=\"2143\"><p data-start=\"2102\" data-end=\"2143\">Leve o seu tempo ao subir as escadas<\/p><\/li><li data-start=\"2144\" data-end=\"2176\"><p data-start=\"2146\" data-end=\"2176\">Traga uma c\u00e2mara para captar as vistas<\/p><\/li><\/ul>\t\t\t\t\t\t\t\t<\/div>\n\t\t\t\t<\/div>\n\t\t\t\t\t<\/div>\n\t\t\t\t<\/div>\n\t\t\t\t<\/div>","protected":false},"excerpt":{"rendered":"<p>A subida \u00e0 Torre dos Cl\u00e9rigos \u00e9 uma das experi\u00eancias mais emocionantes e gratificantes do Porto. Ao subir at\u00e9<span class=\"excerpt-hellip\"> [\u2026]<\/span><\/p>","protected":false},"author":1,"featured_media":10849,"comment_status":"closed","ping_status":"closed","sticky":false,"template":"","format":"standard","meta":{"_acf_changed":false,"footnotes":""},"categories":[10],"tags":[],"filtros":[136,140],"class_list":["post-1500","post","type-post","status-publish","format-standard","has-post-thumbnail","hentry","category-experiences","filtros-for-the-view","filtros-historic"],"acf":[],"yoast_head":"<!-- This site is optimized with the Yoast SEO plugin v26.7 - https:\/\/yoast.com\/wordpress\/plugins\/seo\/ -->\n<title>Cl\u00e9rigos Tower Climb - The Best of Porto<\/title>\n<meta name=\"robots\" content=\"index, follow, max-snippet:-1, max-image-preview:large, max-video-preview:-1\" \/>\n<link rel=\"canonical\" href=\"https:\/\/thebestofporto.com\/pt\/clerigos-tower-climb\/\" \/>\n<meta property=\"og:locale\" content=\"pt_PT\" \/>\n<meta property=\"og:type\" content=\"article\" \/>\n<meta property=\"og:title\" content=\"Cl\u00e9rigos Tower Climb - The Best of Porto\" \/>\n<meta property=\"og:description\" content=\"The Cl\u00e9rigos Tower Climb is one of the most exciting and rewarding experiences in Porto. By climbing to [\u2026]\" \/>\n<meta property=\"og:url\" content=\"https:\/\/thebestofporto.com\/pt\/clerigos-tower-climb\/\" \/>\n<meta property=\"og:site_name\" content=\"The Best of Porto\" \/>\n<meta property=\"article:published_time\" content=\"2026-01-11T08:22:28+00:00\" \/>\n<meta property=\"article:modified_time\" content=\"2026-01-22T18:12:32+00:00\" \/>\n<meta property=\"og:image\" content=\"https:\/\/thebestofporto.com\/wp-content\/uploads\/2026\/01\/experiencias-03-1-1024x819.png\" \/>\n\t<meta property=\"og:image:width\" content=\"1024\" \/>\n\t<meta property=\"og:image:height\" content=\"819\" \/>\n\t<meta property=\"og:image:type\" content=\"image\/png\" \/>\n<meta name=\"author\" content=\"admin\" \/>\n<meta name=\"twitter:card\" content=\"summary_large_image\" \/>\n<meta name=\"twitter:label1\" content=\"Escrito por\" \/>\n\t<meta name=\"twitter:data1\" content=\"admin\" \/>\n\t<meta name=\"twitter:label2\" content=\"Tempo estimado de leitura\" \/>\n\t<meta name=\"twitter:data2\" content=\"2 minutos\" \/>\n<script type=\"application\/ld+json\" class=\"yoast-schema-graph\">{\"@context\":\"https:\/\/schema.org\",\"@graph\":[{\"@type\":\"Article\",\"@id\":\"https:\/\/thebestofporto.com\/clerigos-tower-climb\/#article\",\"isPartOf\":{\"@id\":\"https:\/\/thebestofporto.com\/clerigos-tower-climb\/\"},\"author\":{\"name\":\"admin\",\"@id\":\"https:\/\/thebestofporto.com\/#\/schema\/person\/04b3a2223d8527f0c6297ca6767266f7\"},\"headline\":\"Cl\u00e9rigos Tower Climb\",\"datePublished\":\"2026-01-11T08:22:28+00:00\",\"dateModified\":\"2026-01-22T18:12:32+00:00\",\"mainEntityOfPage\":{\"@id\":\"https:\/\/thebestofporto.com\/clerigos-tower-climb\/\"},\"wordCount\":285,\"publisher\":{\"@id\":\"https:\/\/thebestofporto.com\/#organization\"},\"image\":{\"@id\":\"https:\/\/thebestofporto.com\/clerigos-tower-climb\/#primaryimage\"},\"thumbnailUrl\":\"https:\/\/thebestofporto.com\/wp-content\/uploads\/2026\/01\/experiencias-03-1-scaled.png\",\"articleSection\":[\"Experiences\"],\"inLanguage\":\"pt-PT\"},{\"@type\":\"WebPage\",\"@id\":\"https:\/\/thebestofporto.com\/clerigos-tower-climb\/\",\"url\":\"https:\/\/thebestofporto.com\/clerigos-tower-climb\/\",\"name\":\"Cl\u00e9rigos Tower Climb - The Best of Porto\",\"isPartOf\":{\"@id\":\"https:\/\/thebestofporto.com\/#website\"},\"primaryImageOfPage\":{\"@id\":\"https:\/\/thebestofporto.com\/clerigos-tower-climb\/#primaryimage\"},\"image\":{\"@id\":\"https:\/\/thebestofporto.com\/clerigos-tower-climb\/#primaryimage\"},\"thumbnailUrl\":\"https:\/\/thebestofporto.com\/wp-content\/uploads\/2026\/01\/experiencias-03-1-scaled.png\",\"datePublished\":\"2026-01-11T08:22:28+00:00\",\"dateModified\":\"2026-01-22T18:12:32+00:00\",\"breadcrumb\":{\"@id\":\"https:\/\/thebestofporto.com\/clerigos-tower-climb\/#breadcrumb\"},\"inLanguage\":\"pt-PT\",\"potentialAction\":[{\"@type\":\"ReadAction\",\"target\":[\"https:\/\/thebestofporto.com\/clerigos-tower-climb\/\"]}]},{\"@type\":\"ImageObject\",\"inLanguage\":\"pt-PT\",\"@id\":\"https:\/\/thebestofporto.com\/clerigos-tower-climb\/#primaryimage\",\"url\":\"https:\/\/thebestofporto.com\/wp-content\/uploads\/2026\/01\/experiencias-03-1-scaled.png\",\"contentUrl\":\"https:\/\/thebestofporto.com\/wp-content\/uploads\/2026\/01\/experiencias-03-1-scaled.png\",\"width\":2560,\"height\":2048},{\"@type\":\"BreadcrumbList\",\"@id\":\"https:\/\/thebestofporto.com\/clerigos-tower-climb\/#breadcrumb\",\"itemListElement\":[{\"@type\":\"ListItem\",\"position\":1,\"name\":\"In\u00edcio\",\"item\":\"https:\/\/thebestofporto.com\/\"},{\"@type\":\"ListItem\",\"position\":2,\"name\":\"Cl\u00e9rigos Tower Climb\"}]},{\"@type\":\"WebSite\",\"@id\":\"https:\/\/thebestofporto.com\/#website\",\"url\":\"https:\/\/thebestofporto.com\/\",\"name\":\"The Best of Porto\",\"description\":\"\",\"publisher\":{\"@id\":\"https:\/\/thebestofporto.com\/#organization\"},\"potentialAction\":[{\"@type\":\"SearchAction\",\"target\":{\"@type\":\"EntryPoint\",\"urlTemplate\":\"https:\/\/thebestofporto.com\/?s={search_term_string}\"},\"query-input\":{\"@type\":\"PropertyValueSpecification\",\"valueRequired\":true,\"valueName\":\"search_term_string\"}}],\"inLanguage\":\"pt-PT\"},{\"@type\":\"Organization\",\"@id\":\"https:\/\/thebestofporto.com\/#organization\",\"name\":\"The Best of Porto\",\"url\":\"https:\/\/thebestofporto.com\/\",\"logo\":{\"@type\":\"ImageObject\",\"inLanguage\":\"pt-PT\",\"@id\":\"https:\/\/thebestofporto.com\/#\/schema\/logo\/image\/\",\"url\":\"https:\/\/thebestofporto.com\/wp-content\/uploads\/2024\/05\/logo.png\",\"contentUrl\":\"https:\/\/thebestofporto.com\/wp-content\/uploads\/2024\/05\/logo.png\",\"width\":5076,\"height\":1463,\"caption\":\"The Best of Porto\"},\"image\":{\"@id\":\"https:\/\/thebestofporto.com\/#\/schema\/logo\/image\/\"}},{\"@type\":\"Person\",\"@id\":\"https:\/\/thebestofporto.com\/#\/schema\/person\/04b3a2223d8527f0c6297ca6767266f7\",\"name\":\"admin\",\"image\":{\"@type\":\"ImageObject\",\"inLanguage\":\"pt-PT\",\"@id\":\"https:\/\/thebestofporto.com\/#\/schema\/person\/image\/\",\"url\":\"https:\/\/secure.gravatar.com\/avatar\/193e2977da320450cf56b1b093dd5b7286cdbaf6ad5201ab3cda69b78b13b458?s=96&d=mm&r=g\",\"contentUrl\":\"https:\/\/secure.gravatar.com\/avatar\/193e2977da320450cf56b1b093dd5b7286cdbaf6ad5201ab3cda69b78b13b458?s=96&d=mm&r=g\",\"caption\":\"admin\"},\"sameAs\":[\"https:\/\/thebestofporto.com\"],\"url\":\"https:\/\/thebestofporto.com\/pt\/author\/admin_l3zak26a\/\"}]}<\/script>\n<!-- \/ Yoast SEO plugin. -->","yoast_head_json":{"title":"Cl\u00e9rigos Tower Climb - The Best of Porto","robots":{"index":"index","follow":"follow","max-snippet":"max-snippet:-1","max-image-preview":"max-image-preview:large","max-video-preview":"max-video-preview:-1"},"canonical":"https:\/\/thebestofporto.com\/pt\/clerigos-tower-climb\/","og_locale":"pt_PT","og_type":"article","og_title":"Cl\u00e9rigos Tower Climb - The Best of Porto","og_description":"The Cl\u00e9rigos Tower Climb is one of the most exciting and rewarding experiences in Porto. By climbing to [\u2026]","og_url":"https:\/\/thebestofporto.com\/pt\/clerigos-tower-climb\/","og_site_name":"The Best of Porto","article_published_time":"2026-01-11T08:22:28+00:00","article_modified_time":"2026-01-22T18:12:32+00:00","og_image":[{"width":1024,"height":819,"url":"https:\/\/thebestofporto.com\/wp-content\/uploads\/2026\/01\/experiencias-03-1-1024x819.png","type":"image\/png"}],"author":"admin","twitter_card":"summary_large_image","twitter_misc":{"Escrito por":"admin","Tempo estimado de leitura":"2 minutos"},"schema":{"@context":"https:\/\/schema.org","@graph":[{"@type":"Article","@id":"https:\/\/thebestofporto.com\/clerigos-tower-climb\/#article","isPartOf":{"@id":"https:\/\/thebestofporto.com\/clerigos-tower-climb\/"},"author":{"name":"admin","@id":"https:\/\/thebestofporto.com\/#\/schema\/person\/04b3a2223d8527f0c6297ca6767266f7"},"headline":"Cl\u00e9rigos Tower Climb","datePublished":"2026-01-11T08:22:28+00:00","dateModified":"2026-01-22T18:12:32+00:00","mainEntityOfPage":{"@id":"https:\/\/thebestofporto.com\/clerigos-tower-climb\/"},"wordCount":285,"publisher":{"@id":"https:\/\/thebestofporto.com\/#organization"},"image":{"@id":"https:\/\/thebestofporto.com\/clerigos-tower-climb\/#primaryimage"},"thumbnailUrl":"https:\/\/thebestofporto.com\/wp-content\/uploads\/2026\/01\/experiencias-03-1-scaled.png","articleSection":["Experiences"],"inLanguage":"pt-PT"},{"@type":"WebPage","@id":"https:\/\/thebestofporto.com\/clerigos-tower-climb\/","url":"https:\/\/thebestofporto.com\/clerigos-tower-climb\/","name":"Cl\u00e9rigos Tower Climb - The Best of Porto","isPartOf":{"@id":"https:\/\/thebestofporto.com\/#website"},"primaryImageOfPage":{"@id":"https:\/\/thebestofporto.com\/clerigos-tower-climb\/#primaryimage"},"image":{"@id":"https:\/\/thebestofporto.com\/clerigos-tower-climb\/#primaryimage"},"thumbnailUrl":"https:\/\/thebestofporto.com\/wp-content\/uploads\/2026\/01\/experiencias-03-1-scaled.png","datePublished":"2026-01-11T08:22:28+00:00","dateModified":"2026-01-22T18:12:32+00:00","breadcrumb":{"@id":"https:\/\/thebestofporto.com\/clerigos-tower-climb\/#breadcrumb"},"inLanguage":"pt-PT","potentialAction":[{"@type":"ReadAction","target":["https:\/\/thebestofporto.com\/clerigos-tower-climb\/"]}]},{"@type":"ImageObject","inLanguage":"pt-PT","@id":"https:\/\/thebestofporto.com\/clerigos-tower-climb\/#primaryimage","url":"https:\/\/thebestofporto.com\/wp-content\/uploads\/2026\/01\/experiencias-03-1-scaled.png","contentUrl":"https:\/\/thebestofporto.com\/wp-content\/uploads\/2026\/01\/experiencias-03-1-scaled.png","width":2560,"height":2048},{"@type":"BreadcrumbList","@id":"https:\/\/thebestofporto.com\/clerigos-tower-climb\/#breadcrumb","itemListElement":[{"@type":"ListItem","position":1,"name":"In\u00edcio","item":"https:\/\/thebestofporto.com\/"},{"@type":"ListItem","position":2,"name":"Cl\u00e9rigos Tower Climb"}]},{"@type":"WebSite","@id":"https:\/\/thebestofporto.com\/#website","url":"https:\/\/thebestofporto.com\/","name":"The Best of Porto","description":"","publisher":{"@id":"https:\/\/thebestofporto.com\/#organization"},"potentialAction":[{"@type":"SearchAction","target":{"@type":"EntryPoint","urlTemplate":"https:\/\/thebestofporto.com\/?s={search_term_string}"},"query-input":{"@type":"PropertyValueSpecification","valueRequired":true,"valueName":"search_term_string"}}],"inLanguage":"pt-PT"},{"@type":"Organization","@id":"https:\/\/thebestofporto.com\/#organization","name":"The Best of Porto","url":"https:\/\/thebestofporto.com\/","logo":{"@type":"ImageObject","inLanguage":"pt-PT","@id":"https:\/\/thebestofporto.com\/#\/schema\/logo\/image\/","url":"https:\/\/thebestofporto.com\/wp-content\/uploads\/2024\/05\/logo.png","contentUrl":"https:\/\/thebestofporto.com\/wp-content\/uploads\/2024\/05\/logo.png","width":5076,"height":1463,"caption":"The Best of Porto"},"image":{"@id":"https:\/\/thebestofporto.com\/#\/schema\/logo\/image\/"}},{"@type":"Person","@id":"https:\/\/thebestofporto.com\/#\/schema\/person\/04b3a2223d8527f0c6297ca6767266f7","name":"admin","image":{"@type":"ImageObject","inLanguage":"pt-PT","@id":"https:\/\/thebestofporto.com\/#\/schema\/person\/image\/","url":"https:\/\/secure.gravatar.com\/avatar\/193e2977da320450cf56b1b093dd5b7286cdbaf6ad5201ab3cda69b78b13b458?s=96&d=mm&r=g","contentUrl":"https:\/\/secure.gravatar.com\/avatar\/193e2977da320450cf56b1b093dd5b7286cdbaf6ad5201ab3cda69b78b13b458?s=96&d=mm&r=g","caption":"admin"},"sameAs":["https:\/\/thebestofporto.com"],"url":"https:\/\/thebestofporto.com\/pt\/author\/admin_l3zak26a\/"}]}},"_links":{"self":[{"href":"https:\/\/thebestofporto.com\/pt\/wp-json\/wp\/v2\/posts\/1500","targetHints":{"allow":["GET"]}}],"collection":[{"href":"https:\/\/thebestofporto.com\/pt\/wp-json\/wp\/v2\/posts"}],"about":[{"href":"https:\/\/thebestofporto.com\/pt\/wp-json\/wp\/v2\/types\/post"}],"author":[{"embeddable":true,"href":"https:\/\/thebestofporto.com\/pt\/wp-json\/wp\/v2\/users\/1"}],"replies":[{"embeddable":true,"href":"https:\/\/thebestofporto.com\/pt\/wp-json\/wp\/v2\/comments?post=1500"}],"version-history":[{"count":18,"href":"https:\/\/thebestofporto.com\/pt\/wp-json\/wp\/v2\/posts\/1500\/revisions"}],"predecessor-version":[{"id":11383,"href":"https:\/\/thebestofporto.com\/pt\/wp-json\/wp\/v2\/posts\/1500\/revisions\/11383"}],"wp:featuredmedia":[{"embeddable":true,"href":"https:\/\/thebestofporto.com\/pt\/wp-json\/wp\/v2\/media\/10849"}],"wp:attachment":[{"href":"https:\/\/thebestofporto.com\/pt\/wp-json\/wp\/v2\/media?parent=1500"}],"wp:term":[{"taxonomy":"category","embeddable":true,"href":"https:\/\/thebestofporto.com\/pt\/wp-json\/wp\/v2\/categories?post=1500"},{"taxonomy":"post_tag","embeddable":true,"href":"https:\/\/thebestofporto.com\/pt\/wp-json\/wp\/v2\/tags?post=1500"},{"taxonomy":"filtros","embeddable":true,"href":"https:\/\/thebestofporto.com\/pt\/wp-json\/wp\/v2\/filtros?post=1500"}],"curies":[{"name":"wp","href":"https:\/\/api.w.org\/{rel}","templated":true}]}}