{"id":1926,"date":"2025-03-05T12:00:00","date_gmt":"2025-03-05T12:00:00","guid":{"rendered":"https:\/\/wanderaway.qodeinteractive.com\/?p=1926"},"modified":"2026-01-20T10:30:08","modified_gmt":"2026-01-20T10:30:08","slug":"espacos-criativos-no-porto","status":"publish","type":"post","link":"https:\/\/thebestofporto.com\/pt\/espacos-criativos-no-porto\/","title":{"rendered":"Espa\u00e7os Criativos no Porto: Ateli\u00eas, Galerias e Centros de Inova\u00e7\u00e3o"},"content":{"rendered":"<div data-elementor-type=\"wp-post\" data-elementor-id=\"1926\" class=\"elementor elementor-1926\">\n\t\t\t\t<div class=\"elementor-element elementor-element-c7e85c9 e-flex e-con-boxed e-con e-parent\" data-id=\"c7e85c9\" data-element_type=\"container\">\n\t\t\t\t\t<div class=\"e-con-inner\">\n\t\t\t\t<div class=\"elementor-element elementor-element-0df2c9a elementor-widget elementor-widget-text-editor\" data-id=\"0df2c9a\" data-element_type=\"widget\" data-widget_type=\"text-editor.default\">\n\t\t\t\t<div class=\"elementor-widget-container\">\n\t\t\t\t\t\t\t\t\t<h5><span style=\"font-weight: 400;\">O Porto vive um momento de efervesc\u00eancia cultural, com uma oferta crescente de espa\u00e7os dedicados \u00e0 arte, criatividade e inova\u00e7\u00e3o. Seja atrav\u00e9s de galerias independentes, centros culturais ou hubs de inova\u00e7\u00e3o, a cidade respira express\u00e3o art\u00edstica e talento.<\/span><\/h5><h5><span style=\"font-weight: 400;\">Se \u00e9s apaixonado por arte, design, fotografia ou simplesmente gostas de explorar locais inspiradores, este roteiro re\u00fane alguns dos melhores espa\u00e7os criativos do Porto, onde a cultura e a inova\u00e7\u00e3o se encontram.<\/span><\/h5>\t\t\t\t\t\t\t\t<\/div>\n\t\t\t\t<\/div>\n\t\t\t\t\t<\/div>\n\t\t\t\t<\/div>\n\t\t<div class=\"elementor-element elementor-element-44a45a4 e-flex e-con-boxed e-con e-parent\" data-id=\"44a45a4\" data-element_type=\"container\">\n\t\t\t\t\t<div class=\"e-con-inner\">\n\t\t\t\t<div class=\"elementor-element elementor-element-a44b90c elementor-widget elementor-widget-text-editor\" data-id=\"a44b90c\" data-element_type=\"widget\" data-widget_type=\"text-editor.default\">\n\t\t\t\t<div class=\"elementor-widget-container\">\n\t\t\t\t\t\t\t\t\t<h4><b>Serralves \u2013 O \u00cdcone da Arte Contempor\u00e2nea<\/b><\/h4><h5><b>Onde?<\/b><span style=\"font-weight: 400;\"> Rua Dom Jo\u00e3o de Castro, 210<\/span><\/h5><h5><span style=\"font-weight: 400;\">O <\/span>Museu de Serralves<span style=\"font-weight: 400;\"> \u00e9 um verdadeiro polo de criatividade e um dos locais mais ic\u00f3nicos da cidade. Com exposi\u00e7\u00f5es de artistas contempor\u00e2neos nacionais e internacionais, promove o di\u00e1logo entre diferentes formas de arte.<\/span><\/h5><h5><span style=\"font-weight: 400;\">O seu <\/span>parque de 18 hectares<span style=\"font-weight: 400;\"> \u00e9 um convite \u00e0 contempla\u00e7\u00e3o e \u00e0 inspira\u00e7\u00e3o, com jardins deslumbrantes, esculturas ao ar livre e o famoso <\/span>Treetop Walk<span style=\"font-weight: 400;\">, uma passarela suspensa que oferece uma nova perspetiva sobre a natureza.<\/span><\/h5><h5><b>Destaques:<\/b><span style=\"font-weight: 400;\"> Exposi\u00e7\u00f5es de arte contempor\u00e2nea, parque com esculturas ao ar livre e a Casa de Serralves, um exemplar magn\u00edfico da arquitetura Art D\u00e9co.<\/span><\/h5>\t\t\t\t\t\t\t\t<\/div>\n\t\t\t\t<\/div>\n\t\t\t\t<div class=\"elementor-element elementor-element-78092c0 elementor-widget elementor-widget-text-editor\" data-id=\"78092c0\" data-element_type=\"widget\" data-widget_type=\"text-editor.default\">\n\t\t\t\t<div class=\"elementor-widget-container\">\n\t\t\t\t\t\t\t\t\t<h4><b>\u00d3! Galeria \u2013 Ilustra\u00e7\u00e3o e Arte Independente<\/b><\/h4><h5><b>Onde?<\/b><span style=\"font-weight: 400;\"> Rua de Miguel Bombarda, 61<\/span><\/h5><h5><span style=\"font-weight: 400;\">A <\/span>\u00d3! Galeria<span style=\"font-weight: 400;\"> \u00e9 um espa\u00e7o encantador para os apaixonados por ilustra\u00e7\u00e3o e arte gr\u00e1fica. Com obras de ilustradores portugueses e internacionais, oferece um conceito acess\u00edvel que permite levar um pouco de arte para casa.<\/span><\/h5><h5><b>Destaques:<\/b><span style=\"font-weight: 400;\"> Ilustra\u00e7\u00f5es originais e impress\u00f5es de artistas emergentes e consagrados, num ambiente criativo e acess\u00edvel.<\/span><\/h5>\t\t\t\t\t\t\t\t<\/div>\n\t\t\t\t<\/div>\n\t\t\t\t<div class=\"elementor-element elementor-element-a4f93a6 elementor-widget elementor-widget-text-editor\" data-id=\"a4f93a6\" data-element_type=\"widget\" data-widget_type=\"text-editor.default\">\n\t\t\t\t<div class=\"elementor-widget-container\">\n\t\t\t\t\t\t\t\t\t<h4><b>Centro Comercial Bombarda \u2013 Um Hub de Criatividade e Design<\/b><\/h4><h5><b>Onde?<\/b><span style=\"font-weight: 400;\"> Rua de Miguel Bombarda, 285<\/span><\/h5><h5><span style=\"font-weight: 400;\">O <\/span>Centro Comercial Bombarda<span style=\"font-weight: 400;\"> \u00e9 um espa\u00e7o onde <\/span>arte, moda, design e cultura alternativa<span style=\"font-weight: 400;\"> se cruzam. Aqui, encontras lojas independentes, galerias e espa\u00e7os de coworking, criando um ambiente vibrante e inovador.<\/span><\/h5><h5><b>Destaques:<\/b><span style=\"font-weight: 400;\"> Lojas de design independente, galerias de arte e um ambiente criativo no cora\u00e7\u00e3o do Porto.<\/span><\/h5>\t\t\t\t\t\t\t\t<\/div>\n\t\t\t\t<\/div>\n\t\t\t\t<div class=\"elementor-element elementor-element-2256eb4 elementor-widget elementor-widget-text-editor\" data-id=\"2256eb4\" data-element_type=\"widget\" data-widget_type=\"text-editor.default\">\n\t\t\t\t<div class=\"elementor-widget-container\">\n\t\t\t\t\t\t\t\t\t<h4><b>MIRA Forum \u2013 Fotografia e Experimenta\u00e7\u00e3o Art\u00edstica<\/b><\/h4><h5><b>Onde?<\/b><span style=\"font-weight: 400;\"> Rua de Miraflor, 155<\/span><\/h5><h5><span style=\"font-weight: 400;\">O <\/span>MIRA Forum<span style=\"font-weight: 400;\"> destaca-se pela sua forte aposta na <\/span>fotografia e na experimenta\u00e7\u00e3o art\u00edstica<span style=\"font-weight: 400;\">. Com exposi\u00e7\u00f5es, debates e workshops, este espa\u00e7o incentiva o pensamento cr\u00edtico e a cria\u00e7\u00e3o art\u00edstica emergente.<\/span><\/h5><h5><b>Destaques:<\/b><span style=\"font-weight: 400;\"> Exposi\u00e7\u00f5es de fotografia, workshops criativos e eventos culturais que estimulam a imagina\u00e7\u00e3o.<\/span><\/h5>\t\t\t\t\t\t\t\t<\/div>\n\t\t\t\t<\/div>\n\t\t\t\t<div class=\"elementor-element elementor-element-2035b03 elementor-widget elementor-widget-text-editor\" data-id=\"2035b03\" data-element_type=\"widget\" data-widget_type=\"text-editor.default\">\n\t\t\t\t<div class=\"elementor-widget-container\">\n\t\t\t\t\t\t\t\t\t<h4><b>Cooperativa \u00c1rvore \u2013 Um Espa\u00e7o de Cria\u00e7\u00e3o e Forma\u00e7\u00e3o Art\u00edstica<\/b><\/h4><h5><b>Onde?<\/b><span style=\"font-weight: 400;\"> Rua Azevedo de Albuquerque, 1<\/span><\/h5><h5><span style=\"font-weight: 400;\">Fundada em 1963 por um grupo de artistas e intelectuais, a <\/span>Cooperativa \u00c1rvore<span style=\"font-weight: 400;\"> \u00e9 um dos espa\u00e7os mais emblem\u00e1ticos da cidade no que toca \u00e0 cria\u00e7\u00e3o art\u00edstica. Este centro cultural oferece <\/span>exposi\u00e7\u00f5es de artes pl\u00e1sticas, workshops e eventos culturais<span style=\"font-weight: 400;\">, promovendo o desenvolvimento art\u00edstico e o contacto entre criadores e o p\u00fablico.<\/span><\/h5><h5><span style=\"font-weight: 400;\">Al\u00e9m das exposi\u00e7\u00f5es, a \u00c1rvore destaca-se pela sua <\/span>vertente formativa<span style=\"font-weight: 400;\">, com cursos e oficinas nas \u00e1reas do desenho, pintura, gravura e escultura. O edif\u00edcio, situado numa das zonas mais bonitas do Porto, proporciona ainda uma vista privilegiada sobre o rio Douro.<\/span><\/h5><h5><b>Destaques:<\/b><span style=\"font-weight: 400;\"> Exposi\u00e7\u00f5es de arte, oficinas criativas e um espa\u00e7o hist\u00f3rico que apoia a forma\u00e7\u00e3o e divulga\u00e7\u00e3o art\u00edstica.<\/span><\/h5>\t\t\t\t\t\t\t\t<\/div>\n\t\t\t\t<\/div>\n\t\t\t\t<div class=\"elementor-element elementor-element-78b0a7b elementor-widget elementor-widget-text-editor\" data-id=\"78b0a7b\" data-element_type=\"widget\" data-widget_type=\"text-editor.default\">\n\t\t\t\t<div class=\"elementor-widget-container\">\n\t\t\t\t\t\t\t\t\t<h4><b>WOW Porto \u2013 O Quarteir\u00e3o Cultural de Vila Nova de Gaia<\/b><\/h4><h5><b>Onde?<\/b><span style=\"font-weight: 400;\"> Rua do Choupelo, 39 (Vila Nova de Gaia)<\/span><\/h5><h5><span style=\"font-weight: 400;\">O <\/span>WOW Porto<span style=\"font-weight: 400;\"> re\u00fane <\/span>museus, galerias, espa\u00e7os gastron\u00f3micos e workshops interativos<span style=\"font-weight: 400;\">, oferecendo uma experi\u00eancia cultural diversificada. Entre os destaques est\u00e3o o <\/span>Museu da Moda e do T\u00eaxtil<span style=\"font-weight: 400;\"> e o <\/span>Museu da Corti\u00e7a<span style=\"font-weight: 400;\">, que exploram a hist\u00f3ria e inova\u00e7\u00e3o nestas \u00e1reas.<\/span><\/h5><h5><b>Destaques:<\/b><span style=\"font-weight: 400;\"> Museus interativos, exposi\u00e7\u00f5es culturais e um espa\u00e7o din\u00e2mico para explorar diferentes formas de criatividade.<\/span><\/h5>\t\t\t\t\t\t\t\t<\/div>\n\t\t\t\t<\/div>\n\t\t\t\t\t<\/div>\n\t\t\t\t<\/div>\n\t\t<div class=\"elementor-element elementor-element-1563cbe e-flex e-con-boxed e-con e-parent\" data-id=\"1563cbe\" data-element_type=\"container\">\n\t\t\t\t\t<div class=\"e-con-inner\">\n\t\t\t\t<div class=\"elementor-element elementor-element-cda1195 elementor-widget elementor-widget-text-editor\" data-id=\"cda1195\" data-element_type=\"widget\" data-widget_type=\"text-editor.default\">\n\t\t\t\t<div class=\"elementor-widget-container\">\n\t\t\t\t\t\t\t\t\t<h4><b>Um Porto Criativo e Inspirador<\/b><\/h4><h5><span style=\"font-weight: 400;\">O Porto est\u00e1 a afirmar-se como um dos centros culturais mais din\u00e2micos de Portugal, com espa\u00e7os que v\u00e3o desde museus de renome a galerias independentes e hubs criativos.<\/span><\/h5><h5><span style=\"font-weight: 400;\">Se \u00e9s amante de cultura e criatividade, n\u00e3o podes deixar de explorar estes espa\u00e7os, que oferecem <\/span>exposi\u00e7\u00f5es, workshops, eventos musicais e experi\u00eancias interativas<span style=\"font-weight: 400;\"> que estimulam a imagina\u00e7\u00e3o e o pensamento cr\u00edtico.<\/span><\/h5><h5><b>Dica final:<\/b><span style=\"font-weight: 400;\"> A cidade tem uma agenda cultural rica e em constante renova\u00e7\u00e3o. Consulta os sites e redes sociais destes espa\u00e7os para te manteres atualizado sobre exposi\u00e7\u00f5es e eventos especiais!<\/span><\/h5><h5><span style=\"font-weight: 400;\">Agora s\u00f3 falta partires \u00e0 descoberta da cena criativa do Porto!\u00a0<\/span><\/h5>\t\t\t\t\t\t\t\t<\/div>\n\t\t\t\t<\/div>\n\t\t\t\t\t<\/div>\n\t\t\t\t<\/div>\n\t\t<div class=\"elementor-element elementor-element-066f54a e-flex e-con-boxed e-con e-parent\" data-id=\"066f54a\" data-element_type=\"container\">\n\t\t\t\t\t<div class=\"e-con-inner\">\n\t\t\t\t<div class=\"elementor-element elementor-element-fb9a918 elementor-align-center elementor-widget elementor-widget-button\" data-id=\"fb9a918\" data-element_type=\"widget\" data-widget_type=\"button.default\">\n\t\t\t\t<div class=\"elementor-widget-container\">\n\t\t\t\t\t\t\t\t\t<div class=\"elementor-button-wrapper\">\n\t\t\t\t\t<a class=\"elementor-button elementor-button-link elementor-size-sm\" href=\"https:\/\/thebestofporto.com\/pt\/blog\/\">\n\t\t\t\t\t\t<span class=\"elementor-button-content-wrapper\">\n\t\t\t\t\t\t\t\t\t<span class=\"elementor-button-text\">Ver todos os artigos<\/span>\n\t\t\t\t\t<\/span>\n\t\t\t\t\t<\/a>\n\t\t\t\t<\/div>\n\t\t\t\t\t\t\t\t<\/div>\n\t\t\t\t<\/div>\n\t\t\t\t\t<\/div>\n\t\t\t\t<\/div>\n\t\t\t\t<\/div>","protected":false},"excerpt":{"rendered":"<p>O Porto vive um momento de efervesc\u00eancia cultural, com uma oferta crescente de espa\u00e7os dedicados \u00e0 arte, criatividade<span class=\"excerpt-hellip\"> [\u2026]<\/span><\/p>","protected":false},"author":1,"featured_media":11003,"comment_status":"open","ping_status":"open","sticky":false,"template":"","format":"standard","meta":{"_acf_changed":false,"footnotes":""},"categories":[123],"tags":[],"filtros":[],"class_list":["post-1926","post","type-post","status-publish","format-standard","has-post-thumbnail","hentry","category-articles"],"acf":[],"yoast_head":"<!-- This site is optimized with the Yoast SEO plugin v26.7 - https:\/\/yoast.com\/wordpress\/plugins\/seo\/ -->\n<title>Espa\u00e7os Criativos no Porto: Ateli\u00eas, Galerias e Centros de Inova\u00e7\u00e3o - The Best of Porto<\/title>\n<meta name=\"robots\" content=\"index, follow, max-snippet:-1, max-image-preview:large, max-video-preview:-1\" \/>\n<link rel=\"canonical\" href=\"https:\/\/thebestofporto.com\/pt\/espacos-criativos-no-porto\/\" \/>\n<meta property=\"og:locale\" content=\"pt_PT\" \/>\n<meta property=\"og:type\" content=\"article\" \/>\n<meta property=\"og:title\" content=\"Espa\u00e7os Criativos no Porto: Ateli\u00eas, Galerias e Centros de Inova\u00e7\u00e3o - The Best of Porto\" \/>\n<meta property=\"og:description\" content=\"O Porto vive um momento de efervesc\u00eancia cultural, com uma oferta crescente de espa\u00e7os dedicados \u00e0 arte, criatividade [\u2026]\" \/>\n<meta property=\"og:url\" content=\"https:\/\/thebestofporto.com\/pt\/espacos-criativos-no-porto\/\" \/>\n<meta property=\"og:site_name\" content=\"The Best of Porto\" \/>\n<meta property=\"article:published_time\" content=\"2025-03-05T12:00:00+00:00\" \/>\n<meta property=\"article:modified_time\" content=\"2026-01-20T10:30:08+00:00\" \/>\n<meta property=\"og:image\" content=\"https:\/\/thebestofporto.com\/wp-content\/uploads\/2025\/03\/artigos-09-1024x819.png\" \/>\n\t<meta property=\"og:image:width\" content=\"1024\" \/>\n\t<meta property=\"og:image:height\" content=\"819\" \/>\n\t<meta property=\"og:image:type\" content=\"image\/png\" \/>\n<meta name=\"author\" content=\"admin\" \/>\n<meta name=\"twitter:card\" content=\"summary_large_image\" \/>\n<meta name=\"twitter:label1\" content=\"Escrito por\" \/>\n\t<meta name=\"twitter:data1\" content=\"admin\" \/>\n\t<meta name=\"twitter:label2\" content=\"Tempo estimado de leitura\" \/>\n\t<meta name=\"twitter:data2\" content=\"6 minutos\" \/>\n<script type=\"application\/ld+json\" class=\"yoast-schema-graph\">{\"@context\":\"https:\/\/schema.org\",\"@graph\":[{\"@type\":\"Article\",\"@id\":\"https:\/\/thebestofporto.com\/espacos-criativos-no-porto\/#article\",\"isPartOf\":{\"@id\":\"https:\/\/thebestofporto.com\/espacos-criativos-no-porto\/\"},\"author\":{\"name\":\"admin\",\"@id\":\"https:\/\/thebestofporto.com\/#\/schema\/person\/04b3a2223d8527f0c6297ca6767266f7\"},\"headline\":\"Espa\u00e7os Criativos no Porto: Ateli\u00eas, Galerias e Centros de Inova\u00e7\u00e3o\",\"datePublished\":\"2025-03-05T12:00:00+00:00\",\"dateModified\":\"2026-01-20T10:30:08+00:00\",\"mainEntityOfPage\":{\"@id\":\"https:\/\/thebestofporto.com\/espacos-criativos-no-porto\/\"},\"wordCount\":745,\"commentCount\":0,\"publisher\":{\"@id\":\"https:\/\/thebestofporto.com\/#organization\"},\"image\":{\"@id\":\"https:\/\/thebestofporto.com\/espacos-criativos-no-porto\/#primaryimage\"},\"thumbnailUrl\":\"https:\/\/thebestofporto.com\/wp-content\/uploads\/2025\/03\/artigos-09-scaled.png\",\"articleSection\":[\"Articles\"],\"inLanguage\":\"pt-PT\"},{\"@type\":\"WebPage\",\"@id\":\"https:\/\/thebestofporto.com\/espacos-criativos-no-porto\/\",\"url\":\"https:\/\/thebestofporto.com\/espacos-criativos-no-porto\/\",\"name\":\"Espa\u00e7os Criativos no Porto: Ateli\u00eas, Galerias e Centros de Inova\u00e7\u00e3o - The Best of Porto\",\"isPartOf\":{\"@id\":\"https:\/\/thebestofporto.com\/#website\"},\"primaryImageOfPage\":{\"@id\":\"https:\/\/thebestofporto.com\/espacos-criativos-no-porto\/#primaryimage\"},\"image\":{\"@id\":\"https:\/\/thebestofporto.com\/espacos-criativos-no-porto\/#primaryimage\"},\"thumbnailUrl\":\"https:\/\/thebestofporto.com\/wp-content\/uploads\/2025\/03\/artigos-09-scaled.png\",\"datePublished\":\"2025-03-05T12:00:00+00:00\",\"dateModified\":\"2026-01-20T10:30:08+00:00\",\"breadcrumb\":{\"@id\":\"https:\/\/thebestofporto.com\/espacos-criativos-no-porto\/#breadcrumb\"},\"inLanguage\":\"pt-PT\",\"potentialAction\":[{\"@type\":\"ReadAction\",\"target\":[\"https:\/\/thebestofporto.com\/espacos-criativos-no-porto\/\"]}]},{\"@type\":\"ImageObject\",\"inLanguage\":\"pt-PT\",\"@id\":\"https:\/\/thebestofporto.com\/espacos-criativos-no-porto\/#primaryimage\",\"url\":\"https:\/\/thebestofporto.com\/wp-content\/uploads\/2025\/03\/artigos-09-scaled.png\",\"contentUrl\":\"https:\/\/thebestofporto.com\/wp-content\/uploads\/2025\/03\/artigos-09-scaled.png\",\"width\":2560,\"height\":2048},{\"@type\":\"BreadcrumbList\",\"@id\":\"https:\/\/thebestofporto.com\/espacos-criativos-no-porto\/#breadcrumb\",\"itemListElement\":[{\"@type\":\"ListItem\",\"position\":1,\"name\":\"In\u00edcio\",\"item\":\"https:\/\/thebestofporto.com\/\"},{\"@type\":\"ListItem\",\"position\":2,\"name\":\"Espa\u00e7os Criativos no Porto: Ateli\u00eas, Galerias e Centros de Inova\u00e7\u00e3o\"}]},{\"@type\":\"WebSite\",\"@id\":\"https:\/\/thebestofporto.com\/#website\",\"url\":\"https:\/\/thebestofporto.com\/\",\"name\":\"The Best of Porto\",\"description\":\"\",\"publisher\":{\"@id\":\"https:\/\/thebestofporto.com\/#organization\"},\"potentialAction\":[{\"@type\":\"SearchAction\",\"target\":{\"@type\":\"EntryPoint\",\"urlTemplate\":\"https:\/\/thebestofporto.com\/?s={search_term_string}\"},\"query-input\":{\"@type\":\"PropertyValueSpecification\",\"valueRequired\":true,\"valueName\":\"search_term_string\"}}],\"inLanguage\":\"pt-PT\"},{\"@type\":\"Organization\",\"@id\":\"https:\/\/thebestofporto.com\/#organization\",\"name\":\"The Best of Porto\",\"url\":\"https:\/\/thebestofporto.com\/\",\"logo\":{\"@type\":\"ImageObject\",\"inLanguage\":\"pt-PT\",\"@id\":\"https:\/\/thebestofporto.com\/#\/schema\/logo\/image\/\",\"url\":\"https:\/\/thebestofporto.com\/wp-content\/uploads\/2024\/05\/logo.png\",\"contentUrl\":\"https:\/\/thebestofporto.com\/wp-content\/uploads\/2024\/05\/logo.png\",\"width\":5076,\"height\":1463,\"caption\":\"The Best of Porto\"},\"image\":{\"@id\":\"https:\/\/thebestofporto.com\/#\/schema\/logo\/image\/\"}},{\"@type\":\"Person\",\"@id\":\"https:\/\/thebestofporto.com\/#\/schema\/person\/04b3a2223d8527f0c6297ca6767266f7\",\"name\":\"admin\",\"image\":{\"@type\":\"ImageObject\",\"inLanguage\":\"pt-PT\",\"@id\":\"https:\/\/thebestofporto.com\/#\/schema\/person\/image\/\",\"url\":\"https:\/\/secure.gravatar.com\/avatar\/193e2977da320450cf56b1b093dd5b7286cdbaf6ad5201ab3cda69b78b13b458?s=96&d=mm&r=g\",\"contentUrl\":\"https:\/\/secure.gravatar.com\/avatar\/193e2977da320450cf56b1b093dd5b7286cdbaf6ad5201ab3cda69b78b13b458?s=96&d=mm&r=g\",\"caption\":\"admin\"},\"sameAs\":[\"https:\/\/thebestofporto.com\"],\"url\":\"https:\/\/thebestofporto.com\/pt\/author\/admin_l3zak26a\/\"}]}<\/script>\n<!-- \/ Yoast SEO plugin. -->","yoast_head_json":{"title":"Espa\u00e7os Criativos no Porto: Ateli\u00eas, Galerias e Centros de Inova\u00e7\u00e3o - The Best of Porto","robots":{"index":"index","follow":"follow","max-snippet":"max-snippet:-1","max-image-preview":"max-image-preview:large","max-video-preview":"max-video-preview:-1"},"canonical":"https:\/\/thebestofporto.com\/pt\/espacos-criativos-no-porto\/","og_locale":"pt_PT","og_type":"article","og_title":"Espa\u00e7os Criativos no Porto: Ateli\u00eas, Galerias e Centros de Inova\u00e7\u00e3o - The Best of Porto","og_description":"O Porto vive um momento de efervesc\u00eancia cultural, com uma oferta crescente de espa\u00e7os dedicados \u00e0 arte, criatividade [\u2026]","og_url":"https:\/\/thebestofporto.com\/pt\/espacos-criativos-no-porto\/","og_site_name":"The Best of Porto","article_published_time":"2025-03-05T12:00:00+00:00","article_modified_time":"2026-01-20T10:30:08+00:00","og_image":[{"width":1024,"height":819,"url":"https:\/\/thebestofporto.com\/wp-content\/uploads\/2025\/03\/artigos-09-1024x819.png","type":"image\/png"}],"author":"admin","twitter_card":"summary_large_image","twitter_misc":{"Escrito por":"admin","Tempo estimado de leitura":"6 minutos"},"schema":{"@context":"https:\/\/schema.org","@graph":[{"@type":"Article","@id":"https:\/\/thebestofporto.com\/espacos-criativos-no-porto\/#article","isPartOf":{"@id":"https:\/\/thebestofporto.com\/espacos-criativos-no-porto\/"},"author":{"name":"admin","@id":"https:\/\/thebestofporto.com\/#\/schema\/person\/04b3a2223d8527f0c6297ca6767266f7"},"headline":"Espa\u00e7os Criativos no Porto: Ateli\u00eas, Galerias e Centros de Inova\u00e7\u00e3o","datePublished":"2025-03-05T12:00:00+00:00","dateModified":"2026-01-20T10:30:08+00:00","mainEntityOfPage":{"@id":"https:\/\/thebestofporto.com\/espacos-criativos-no-porto\/"},"wordCount":745,"commentCount":0,"publisher":{"@id":"https:\/\/thebestofporto.com\/#organization"},"image":{"@id":"https:\/\/thebestofporto.com\/espacos-criativos-no-porto\/#primaryimage"},"thumbnailUrl":"https:\/\/thebestofporto.com\/wp-content\/uploads\/2025\/03\/artigos-09-scaled.png","articleSection":["Articles"],"inLanguage":"pt-PT"},{"@type":"WebPage","@id":"https:\/\/thebestofporto.com\/espacos-criativos-no-porto\/","url":"https:\/\/thebestofporto.com\/espacos-criativos-no-porto\/","name":"Espa\u00e7os Criativos no Porto: Ateli\u00eas, Galerias e Centros de Inova\u00e7\u00e3o - The Best of Porto","isPartOf":{"@id":"https:\/\/thebestofporto.com\/#website"},"primaryImageOfPage":{"@id":"https:\/\/thebestofporto.com\/espacos-criativos-no-porto\/#primaryimage"},"image":{"@id":"https:\/\/thebestofporto.com\/espacos-criativos-no-porto\/#primaryimage"},"thumbnailUrl":"https:\/\/thebestofporto.com\/wp-content\/uploads\/2025\/03\/artigos-09-scaled.png","datePublished":"2025-03-05T12:00:00+00:00","dateModified":"2026-01-20T10:30:08+00:00","breadcrumb":{"@id":"https:\/\/thebestofporto.com\/espacos-criativos-no-porto\/#breadcrumb"},"inLanguage":"pt-PT","potentialAction":[{"@type":"ReadAction","target":["https:\/\/thebestofporto.com\/espacos-criativos-no-porto\/"]}]},{"@type":"ImageObject","inLanguage":"pt-PT","@id":"https:\/\/thebestofporto.com\/espacos-criativos-no-porto\/#primaryimage","url":"https:\/\/thebestofporto.com\/wp-content\/uploads\/2025\/03\/artigos-09-scaled.png","contentUrl":"https:\/\/thebestofporto.com\/wp-content\/uploads\/2025\/03\/artigos-09-scaled.png","width":2560,"height":2048},{"@type":"BreadcrumbList","@id":"https:\/\/thebestofporto.com\/espacos-criativos-no-porto\/#breadcrumb","itemListElement":[{"@type":"ListItem","position":1,"name":"In\u00edcio","item":"https:\/\/thebestofporto.com\/"},{"@type":"ListItem","position":2,"name":"Espa\u00e7os Criativos no Porto: Ateli\u00eas, Galerias e Centros de Inova\u00e7\u00e3o"}]},{"@type":"WebSite","@id":"https:\/\/thebestofporto.com\/#website","url":"https:\/\/thebestofporto.com\/","name":"The Best of Porto","description":"","publisher":{"@id":"https:\/\/thebestofporto.com\/#organization"},"potentialAction":[{"@type":"SearchAction","target":{"@type":"EntryPoint","urlTemplate":"https:\/\/thebestofporto.com\/?s={search_term_string}"},"query-input":{"@type":"PropertyValueSpecification","valueRequired":true,"valueName":"search_term_string"}}],"inLanguage":"pt-PT"},{"@type":"Organization","@id":"https:\/\/thebestofporto.com\/#organization","name":"The Best of Porto","url":"https:\/\/thebestofporto.com\/","logo":{"@type":"ImageObject","inLanguage":"pt-PT","@id":"https:\/\/thebestofporto.com\/#\/schema\/logo\/image\/","url":"https:\/\/thebestofporto.com\/wp-content\/uploads\/2024\/05\/logo.png","contentUrl":"https:\/\/thebestofporto.com\/wp-content\/uploads\/2024\/05\/logo.png","width":5076,"height":1463,"caption":"The Best of Porto"},"image":{"@id":"https:\/\/thebestofporto.com\/#\/schema\/logo\/image\/"}},{"@type":"Person","@id":"https:\/\/thebestofporto.com\/#\/schema\/person\/04b3a2223d8527f0c6297ca6767266f7","name":"admin","image":{"@type":"ImageObject","inLanguage":"pt-PT","@id":"https:\/\/thebestofporto.com\/#\/schema\/person\/image\/","url":"https:\/\/secure.gravatar.com\/avatar\/193e2977da320450cf56b1b093dd5b7286cdbaf6ad5201ab3cda69b78b13b458?s=96&d=mm&r=g","contentUrl":"https:\/\/secure.gravatar.com\/avatar\/193e2977da320450cf56b1b093dd5b7286cdbaf6ad5201ab3cda69b78b13b458?s=96&d=mm&r=g","caption":"admin"},"sameAs":["https:\/\/thebestofporto.com"],"url":"https:\/\/thebestofporto.com\/pt\/author\/admin_l3zak26a\/"}]}},"_links":{"self":[{"href":"https:\/\/thebestofporto.com\/pt\/wp-json\/wp\/v2\/posts\/1926","targetHints":{"allow":["GET"]}}],"collection":[{"href":"https:\/\/thebestofporto.com\/pt\/wp-json\/wp\/v2\/posts"}],"about":[{"href":"https:\/\/thebestofporto.com\/pt\/wp-json\/wp\/v2\/types\/post"}],"author":[{"embeddable":true,"href":"https:\/\/thebestofporto.com\/pt\/wp-json\/wp\/v2\/users\/1"}],"replies":[{"embeddable":true,"href":"https:\/\/thebestofporto.com\/pt\/wp-json\/wp\/v2\/comments?post=1926"}],"version-history":[{"count":4,"href":"https:\/\/thebestofporto.com\/pt\/wp-json\/wp\/v2\/posts\/1926\/revisions"}],"predecessor-version":[{"id":10433,"href":"https:\/\/thebestofporto.com\/pt\/wp-json\/wp\/v2\/posts\/1926\/revisions\/10433"}],"wp:featuredmedia":[{"embeddable":true,"href":"https:\/\/thebestofporto.com\/pt\/wp-json\/wp\/v2\/media\/11003"}],"wp:attachment":[{"href":"https:\/\/thebestofporto.com\/pt\/wp-json\/wp\/v2\/media?parent=1926"}],"wp:term":[{"taxonomy":"category","embeddable":true,"href":"https:\/\/thebestofporto.com\/pt\/wp-json\/wp\/v2\/categories?post=1926"},{"taxonomy":"post_tag","embeddable":true,"href":"https:\/\/thebestofporto.com\/pt\/wp-json\/wp\/v2\/tags?post=1926"},{"taxonomy":"filtros","embeddable":true,"href":"https:\/\/thebestofporto.com\/pt\/wp-json\/wp\/v2\/filtros?post=1926"}],"curies":[{"name":"wp","href":"https:\/\/api.w.org\/{rel}","templated":true}]}}