{"id":1929,"date":"2025-02-26T12:33:00","date_gmt":"2025-02-26T12:33:00","guid":{"rendered":"https:\/\/wanderaway.qodeinteractive.com\/?p=1929"},"modified":"2026-01-20T10:30:23","modified_gmt":"2026-01-20T10:30:23","slug":"brunch-no-porto","status":"publish","type":"post","link":"https:\/\/thebestofporto.com\/pt\/brunch-no-porto\/","title":{"rendered":"Brunch no Porto: Os Melhores Lugares para Come\u00e7ar o Dia com Estilo"},"content":{"rendered":"<div data-elementor-type=\"wp-post\" data-elementor-id=\"1929\" class=\"elementor elementor-1929\">\n\t\t\t\t<div class=\"elementor-element elementor-element-c7e85c9 e-flex e-con-boxed e-con e-parent\" data-id=\"c7e85c9\" data-element_type=\"container\">\n\t\t\t\t\t<div class=\"e-con-inner\">\n\t\t\t\t<div class=\"elementor-element elementor-element-0df2c9a elementor-widget elementor-widget-text-editor\" data-id=\"0df2c9a\" data-element_type=\"widget\" data-widget_type=\"text-editor.default\">\n\t\t\t\t<div class=\"elementor-widget-container\">\n\t\t\t\t\t\t\t\t\t<h5><span style=\"font-weight: 400;\">O brunch tornou-se uma tradi\u00e7\u00e3o para quem aprecia manh\u00e3s relaxadas, refei\u00e7\u00f5es sem pressa e pratos deliciosos que combinam o melhor do pequeno-almo\u00e7o e do almo\u00e7o. No Porto, a cultura do brunch tem crescido nos \u00faltimos anos, e hoje h\u00e1 uma variedade incr\u00edvel de espa\u00e7os que oferecem desde panquecas fofas a ovos Benedict perfeitos e op\u00e7\u00f5es saud\u00e1veis e inovadoras.<\/span><\/h5><h5><span style=\"font-weight: 400;\">Seja para um encontro descontra\u00eddo com amigos, uma manh\u00e3 rom\u00e2ntica ou simplesmente um momento de autocuidado, estes s\u00e3o alguns dos melhores locais para desfrutar de um brunch delicioso na Invicta.<\/span><\/h5>\t\t\t\t\t\t\t\t<\/div>\n\t\t\t\t<\/div>\n\t\t\t\t<div class=\"elementor-element elementor-element-edf3d42 elementor-widget elementor-widget-text-editor\" data-id=\"edf3d42\" data-element_type=\"widget\" data-widget_type=\"text-editor.default\">\n\t\t\t\t<div class=\"elementor-widget-container\">\n\t\t\t\t\t\t\t\t\t<h4><b>Zenith \u2013 Brunch &amp; Cocktails<\/b><\/h4><h5><b>Localiza\u00e7\u00e3o:<\/b><span style=\"font-weight: 400;\"> Rua do Almada, 86<\/span><\/h5><h5><span style=\"font-weight: 400;\">O <\/span>Zenith<span style=\"font-weight: 400;\"> \u00e9 um dos espa\u00e7os de brunch mais populares do Porto, e com raz\u00e3o. Com um ambiente moderno e descontra\u00eddo, este caf\u00e9 atrai tanto locais como turistas em busca de pratos saborosos e bem apresentados. O menu \u00e9 recheado de op\u00e7\u00f5es incr\u00edveis, desde as ic\u00f3nicas <\/span>panquecas fofas<span style=\"font-weight: 400;\">, dispon\u00edveis com v\u00e1rias coberturas, \u00e0s <\/span>bowl de a\u00e7a\u00ed e smoothie<span style=\"font-weight: 400;\">, passando pelos cl\u00e1ssicos <\/span>ovos Benedict<span style=\"font-weight: 400;\"> e deliciosas <\/span>tostas de abacate<span style=\"font-weight: 400;\">.<\/span><\/h5><h5><span style=\"font-weight: 400;\">Uma das grandes atra\u00e7\u00f5es do Zenith s\u00e3o os seus <\/span>cocktails matinais<span style=\"font-weight: 400;\">, como a mimosa ou o espresso martini, perfeitos para quem quer dar um toque especial \u00e0 refei\u00e7\u00e3o. A decora\u00e7\u00e3o industrial, combinada com um servi\u00e7o din\u00e2mico e uma vibe jovem, faz deste espa\u00e7o uma aposta certeira para um brunch cheio de estilo.<\/span><\/h5><h5><b>Destaques do menu:<\/b><span style=\"font-weight: 400;\"> Panquecas, ovos Benedict, smoothie bowls e cocktails exclusivos.<\/span><\/h5>\t\t\t\t\t\t\t\t<\/div>\n\t\t\t\t<\/div>\n\t\t\t\t\t<\/div>\n\t\t\t\t<\/div>\n\t\t<div class=\"elementor-element elementor-element-44a45a4 e-flex e-con-boxed e-con e-parent\" data-id=\"44a45a4\" data-element_type=\"container\">\n\t\t\t\t\t<div class=\"e-con-inner\">\n\t\t\t\t<div class=\"elementor-element elementor-element-a4f93a6 elementor-widget elementor-widget-text-editor\" data-id=\"a4f93a6\" data-element_type=\"widget\" data-widget_type=\"text-editor.default\">\n\t\t\t\t<div class=\"elementor-widget-container\">\n\t\t\t\t\t\t\t\t\t<h4><b>Nicolau Porto<\/b><\/h4><h5><b>Localiza\u00e7\u00e3o:<\/b><span style=\"font-weight: 400;\"> Rua de Fernandes Tom\u00e1s, 891<\/span><\/h5><h5><span style=\"font-weight: 400;\">O <\/span>Nicolau Porto<span style=\"font-weight: 400;\"> \u00e9 a vers\u00e3o nortenha do famoso caf\u00e9 de Lisboa e conquistou rapidamente um lugar especial no cora\u00e7\u00e3o dos amantes de brunch. O espa\u00e7o \u00e9 simplesmente encantador, com uma decora\u00e7\u00e3o em tons pastel, plantas penduradas e um ambiente descontra\u00eddo que convida a ficar um pouco mais.<\/span><\/h5><h5><span style=\"font-weight: 400;\">No menu, h\u00e1 op\u00e7\u00f5es para todos os gostos, desde os irresist\u00edveis <\/span>ovos Benedict<span style=\"font-weight: 400;\">, at\u00e9 panquecas recheadas e waffles crocantes. Para os f\u00e3s de op\u00e7\u00f5es saud\u00e1veis, h\u00e1 bowls de fruta, granola caseira e tostas de abacate irresist\u00edveis. Al\u00e9m disso, o Nicolau tem v\u00e1rias op\u00e7\u00f5es vegetarianas e vegan, tornando-se num espa\u00e7o inclusivo para todos os tipos de alimenta\u00e7\u00e3o.<\/span><\/h5><h5><b>Destaques do menu:<\/b><span style=\"font-weight: 400;\"> Ovos Benedict, tostas de abacate, panquecas e sumos naturais.<\/span><\/h5>\t\t\t\t\t\t\t\t<\/div>\n\t\t\t\t<\/div>\n\t\t\t\t<div class=\"elementor-element elementor-element-d0acc8c elementor-widget elementor-widget-text-editor\" data-id=\"d0acc8c\" data-element_type=\"widget\" data-widget_type=\"text-editor.default\">\n\t\t\t\t<div class=\"elementor-widget-container\">\n\t\t\t\t\t\t\t\t\t<h4><b>Lazy Breakfast Club<\/b><\/h4><h5><b>Localiza\u00e7\u00e3o:<\/b><span style=\"font-weight: 400;\"> Rua das Oliveiras, 12<\/span><\/h5><h5><span style=\"font-weight: 400;\">Se \u00e9s daqueles que adora prolongar o pequeno-almo\u00e7o at\u00e9 tarde, ent\u00e3o o <\/span>Lazy Breakfast Club<span style=\"font-weight: 400;\"> \u00e9 o s\u00edtio ideal para ti. Este espa\u00e7o acolhedor e moderno aposta num menu diversificado, onde os cl\u00e1ssicos do brunch se encontram com cria\u00e7\u00f5es inovadoras.<\/span><\/h5><h5><span style=\"font-weight: 400;\">Aqui, os ingredientes s\u00e3o sempre frescos e cuidadosamente selecionados, garantindo que cada prato seja uma verdadeira experi\u00eancia gastron\u00f3mica. H\u00e1 op\u00e7\u00f5es tanto para os que preferem um brunch saud\u00e1vel, como <\/span>bowls de iogurte com granola caseira<span style=\"font-weight: 400;\">, como para os que gostam de algo mais indulgente, como <\/span>panquecas recheadas<span style=\"font-weight: 400;\"> e <\/span>croissants com ovos mexidos e bacon crocante<span style=\"font-weight: 400;\">.<\/span><\/h5><h5><span style=\"font-weight: 400;\">O ambiente \u00e9 descontra\u00eddo, e o espa\u00e7o \u00e9 perfeito para uma manh\u00e3 pregui\u00e7osa em boa companhia.<\/span><\/h5><h5><b>Destaques do menu:<\/b><span style=\"font-weight: 400;\"> Panquecas recheadas, ovos mexidos com croissant, smoothie bowls e caf\u00e9 de especialidade.<\/span><\/h5>\t\t\t\t\t\t\t\t<\/div>\n\t\t\t\t<\/div>\n\t\t\t\t<div class=\"elementor-element elementor-element-c9e5019 elementor-widget elementor-widget-text-editor\" data-id=\"c9e5019\" data-element_type=\"widget\" data-widget_type=\"text-editor.default\">\n\t\t\t\t<div class=\"elementor-widget-container\">\n\t\t\t\t\t\t\t\t\t<h4><b>Negra Caf\u00e9<\/b><\/h4><h5><b>Localiza\u00e7\u00e3o:<\/b><span style=\"font-weight: 400;\"> Rua Guedes de Azevedo, 117<\/span><\/h5><h5><span style=\"font-weight: 400;\">O <\/span>Negra Caf\u00e9<span style=\"font-weight: 400;\"> \u00e9 um daqueles locais que consegue combinar <\/span>um excelente caf\u00e9 de especialidade<span style=\"font-weight: 400;\"> com um menu de brunch repleto de op\u00e7\u00f5es deliciosas. O interior acolhedor, com uma decora\u00e7\u00e3o que mistura elementos modernos e r\u00fasticos, torna este espa\u00e7o um ref\u00fagio perfeito para uma manh\u00e3 relaxante.<\/span><\/h5><h5><span style=\"font-weight: 400;\">Os pratos s\u00e3o inovadores e cuidadosamente apresentados, desde os <\/span>waffles de batata doce<span style=\"font-weight: 400;\"> aos irresist\u00edveis <\/span>wraps de salm\u00e3o fumado<span style=\"font-weight: 400;\">. Se fores amante de panquecas, vais adorar as op\u00e7\u00f5es criativas que este caf\u00e9 oferece.<\/span><\/h5><h5><span style=\"font-weight: 400;\">Para acompanhar, nada melhor do que um <\/span>cappuccino cremoso<span style=\"font-weight: 400;\"> ou um <\/span>latte de matcha<span style=\"font-weight: 400;\">. O atendimento simp\u00e1tico e a atmosfera acolhedora fazem do Negra um dos melhores locais para um brunch no Porto.<\/span><\/h5><h5><b>Destaques do menu:<\/b><span style=\"font-weight: 400;\"> Waffles de batata doce, wraps de salm\u00e3o fumado, panquecas e caf\u00e9 de especialidade.<\/span><\/h5>\t\t\t\t\t\t\t\t<\/div>\n\t\t\t\t<\/div>\n\t\t\t\t<div class=\"elementor-element elementor-element-f956606 elementor-widget elementor-widget-text-editor\" data-id=\"f956606\" data-element_type=\"widget\" data-widget_type=\"text-editor.default\">\n\t\t\t\t<div class=\"elementor-widget-container\">\n\t\t\t\t\t\t\t\t\t<h4><b>Garden Porto Caf\u00e9<\/b><\/h4><h5><b>Localiza\u00e7\u00e3o:<\/b><span style=\"font-weight: 400;\"> Rua da Maternidade, 149<\/span><\/h5><h5><span style=\"font-weight: 400;\">Se procuras um local bonito, tranquilo e rodeado de verde, o <\/span>Garden Porto Caf\u00e9<span style=\"font-weight: 400;\"> \u00e9 a escolha perfeita. Situado num p\u00e1tio encantador, este espa\u00e7o transmite uma sensa\u00e7\u00e3o de calma e frescura, ideal para quem gosta de desfrutar do brunch num ambiente mais sereno.<\/span><\/h5><h5><span style=\"font-weight: 400;\">O menu aposta em ingredientes frescos e combina pratos cl\u00e1ssicos com op\u00e7\u00f5es mais modernas. Desde <\/span>iogurte com granola caseira<span style=\"font-weight: 400;\"> a <\/span>tostas de salm\u00e3o fumado<span style=\"font-weight: 400;\">, h\u00e1 sempre algo delicioso para experimentar. Se fores f\u00e3 de pratos coloridos e bem apresentados, vais adorar este espa\u00e7o.<\/span><\/h5><h5><span style=\"font-weight: 400;\">A esplanada ao ar livre \u00e9 um verdadeiro para\u00edso nos dias de sol, tornando o <\/span>Garden Porto Caf\u00e9<span style=\"font-weight: 400;\"> uma excelente escolha para um brunch inesquec\u00edvel.<\/span><\/h5><h5><b>Destaques do menu:<\/b><span style=\"font-weight: 400;\"> Tostas de salm\u00e3o, smoothie bowls, caf\u00e9 artesanal e ambiente relaxante.<\/span><\/h5>\t\t\t\t\t\t\t\t<\/div>\n\t\t\t\t<\/div>\n\t\t\t\t\t<\/div>\n\t\t\t\t<\/div>\n\t\t<div class=\"elementor-element elementor-element-7088e45 e-flex e-con-boxed e-con e-parent\" data-id=\"7088e45\" data-element_type=\"container\">\n\t\t\t\t\t<div class=\"e-con-inner\">\n\t\t\t\t<div class=\"elementor-element elementor-element-75adae9 elementor-widget elementor-widget-text-editor\" data-id=\"75adae9\" data-element_type=\"widget\" data-widget_type=\"text-editor.default\">\n\t\t\t\t<div class=\"elementor-widget-container\">\n\t\t\t\t\t\t\t\t\t<h4><b>O Porto e a Cultura do Brunch<\/b><\/h4><h5><span style=\"font-weight: 400;\">O Porto est\u00e1 repleto de op\u00e7\u00f5es incr\u00edveis para quem adora brunch, e cada um destes espa\u00e7os tem algo \u00fanico a oferecer. Quer estejas \u00e0 procura de um ambiente moderno e vibrante, um local instagram\u00e1vel ou um espa\u00e7o tranquilo rodeado de natureza, h\u00e1 sempre um caf\u00e9 perfeito para come\u00e7ar o dia com estilo.<\/span><\/h5><h5><b>Dica final:<\/b><span style=\"font-weight: 400;\"> Como alguns destes locais s\u00e3o bastante populares, especialmente aos fins de semana, recomenda-se chegar cedo ou fazer reserva sempre que poss\u00edvel.<\/span><\/h5><h5><span style=\"font-weight: 400;\">Agora \u00e9 s\u00f3 escolher o teu favorito, reunir os amigos ou a cara-metade e desfrutar de um brunch delicioso no Porto!<\/span><\/h5>\t\t\t\t\t\t\t\t<\/div>\n\t\t\t\t<\/div>\n\t\t\t\t\t<\/div>\n\t\t\t\t<\/div>\n\t\t<div class=\"elementor-element elementor-element-c26cf95 e-flex e-con-boxed e-con e-parent\" data-id=\"c26cf95\" data-element_type=\"container\">\n\t\t\t\t\t<div class=\"e-con-inner\">\n\t\t\t\t<div class=\"elementor-element elementor-element-100ed8e elementor-align-center elementor-widget elementor-widget-button\" data-id=\"100ed8e\" data-element_type=\"widget\" data-widget_type=\"button.default\">\n\t\t\t\t<div class=\"elementor-widget-container\">\n\t\t\t\t\t\t\t\t\t<div class=\"elementor-button-wrapper\">\n\t\t\t\t\t<a class=\"elementor-button elementor-button-link elementor-size-sm\" href=\"https:\/\/thebestofporto.com\/pt\/blog\/\">\n\t\t\t\t\t\t<span class=\"elementor-button-content-wrapper\">\n\t\t\t\t\t\t\t\t\t<span class=\"elementor-button-text\">Ver todos os artigos<\/span>\n\t\t\t\t\t<\/span>\n\t\t\t\t\t<\/a>\n\t\t\t\t<\/div>\n\t\t\t\t\t\t\t\t<\/div>\n\t\t\t\t<\/div>\n\t\t\t\t\t<\/div>\n\t\t\t\t<\/div>\n\t\t\t\t<\/div>","protected":false},"excerpt":{"rendered":"<p>O brunch tornou-se uma tradi\u00e7\u00e3o para quem aprecia manh\u00e3s relaxadas, refei\u00e7\u00f5es sem pressa e pratos deliciosos que combinam<span class=\"excerpt-hellip\"> [\u2026]<\/span><\/p>","protected":false},"author":1,"featured_media":11005,"comment_status":"closed","ping_status":"closed","sticky":false,"template":"","format":"standard","meta":{"_acf_changed":false,"footnotes":""},"categories":[123],"tags":[],"filtros":[],"class_list":["post-1929","post","type-post","status-publish","format-standard","has-post-thumbnail","hentry","category-articles"],"acf":[],"yoast_head":"<!-- This site is optimized with the Yoast SEO plugin v26.7 - https:\/\/yoast.com\/wordpress\/plugins\/seo\/ -->\n<title>Brunch no Porto: Os Melhores Lugares para Come\u00e7ar o Dia com Estilo - The Best of Porto<\/title>\n<meta name=\"robots\" content=\"index, follow, max-snippet:-1, max-image-preview:large, max-video-preview:-1\" \/>\n<link rel=\"canonical\" href=\"https:\/\/thebestofporto.com\/pt\/brunch-no-porto\/\" \/>\n<meta property=\"og:locale\" content=\"pt_PT\" \/>\n<meta property=\"og:type\" content=\"article\" \/>\n<meta property=\"og:title\" content=\"Brunch no Porto: Os Melhores Lugares para Come\u00e7ar o Dia com Estilo - The Best of Porto\" \/>\n<meta property=\"og:description\" content=\"O brunch tornou-se uma tradi\u00e7\u00e3o para quem aprecia manh\u00e3s relaxadas, refei\u00e7\u00f5es sem pressa e pratos deliciosos que combinam [\u2026]\" \/>\n<meta property=\"og:url\" content=\"https:\/\/thebestofporto.com\/pt\/brunch-no-porto\/\" \/>\n<meta property=\"og:site_name\" content=\"The Best of Porto\" \/>\n<meta property=\"article:published_time\" content=\"2025-02-26T12:33:00+00:00\" \/>\n<meta property=\"article:modified_time\" content=\"2026-01-20T10:30:23+00:00\" \/>\n<meta property=\"og:image\" content=\"https:\/\/thebestofporto.com\/wp-content\/uploads\/2025\/02\/artigos-12-1024x819.png\" \/>\n\t<meta property=\"og:image:width\" content=\"1024\" \/>\n\t<meta property=\"og:image:height\" content=\"819\" \/>\n\t<meta property=\"og:image:type\" content=\"image\/png\" \/>\n<meta name=\"author\" content=\"admin\" \/>\n<meta name=\"twitter:card\" content=\"summary_large_image\" \/>\n<meta name=\"twitter:label1\" content=\"Escrito por\" \/>\n\t<meta name=\"twitter:data1\" content=\"admin\" \/>\n\t<meta name=\"twitter:label2\" content=\"Tempo estimado de leitura\" \/>\n\t<meta name=\"twitter:data2\" content=\"6 minutos\" \/>\n<script type=\"application\/ld+json\" class=\"yoast-schema-graph\">{\"@context\":\"https:\/\/schema.org\",\"@graph\":[{\"@type\":\"Article\",\"@id\":\"https:\/\/thebestofporto.com\/brunch-no-porto\/#article\",\"isPartOf\":{\"@id\":\"https:\/\/thebestofporto.com\/brunch-no-porto\/\"},\"author\":{\"name\":\"admin\",\"@id\":\"https:\/\/thebestofporto.com\/#\/schema\/person\/04b3a2223d8527f0c6297ca6767266f7\"},\"headline\":\"Brunch no Porto: Os Melhores Lugares para Come\u00e7ar o Dia com Estilo\",\"datePublished\":\"2025-02-26T12:33:00+00:00\",\"dateModified\":\"2026-01-20T10:30:23+00:00\",\"mainEntityOfPage\":{\"@id\":\"https:\/\/thebestofporto.com\/brunch-no-porto\/\"},\"wordCount\":950,\"publisher\":{\"@id\":\"https:\/\/thebestofporto.com\/#organization\"},\"image\":{\"@id\":\"https:\/\/thebestofporto.com\/brunch-no-porto\/#primaryimage\"},\"thumbnailUrl\":\"https:\/\/thebestofporto.com\/wp-content\/uploads\/2025\/02\/artigos-12-scaled.png\",\"articleSection\":[\"Articles\"],\"inLanguage\":\"pt-PT\"},{\"@type\":\"WebPage\",\"@id\":\"https:\/\/thebestofporto.com\/brunch-no-porto\/\",\"url\":\"https:\/\/thebestofporto.com\/brunch-no-porto\/\",\"name\":\"Brunch no Porto: Os Melhores Lugares para Come\u00e7ar o Dia com Estilo - The Best of Porto\",\"isPartOf\":{\"@id\":\"https:\/\/thebestofporto.com\/#website\"},\"primaryImageOfPage\":{\"@id\":\"https:\/\/thebestofporto.com\/brunch-no-porto\/#primaryimage\"},\"image\":{\"@id\":\"https:\/\/thebestofporto.com\/brunch-no-porto\/#primaryimage\"},\"thumbnailUrl\":\"https:\/\/thebestofporto.com\/wp-content\/uploads\/2025\/02\/artigos-12-scaled.png\",\"datePublished\":\"2025-02-26T12:33:00+00:00\",\"dateModified\":\"2026-01-20T10:30:23+00:00\",\"breadcrumb\":{\"@id\":\"https:\/\/thebestofporto.com\/brunch-no-porto\/#breadcrumb\"},\"inLanguage\":\"pt-PT\",\"potentialAction\":[{\"@type\":\"ReadAction\",\"target\":[\"https:\/\/thebestofporto.com\/brunch-no-porto\/\"]}]},{\"@type\":\"ImageObject\",\"inLanguage\":\"pt-PT\",\"@id\":\"https:\/\/thebestofporto.com\/brunch-no-porto\/#primaryimage\",\"url\":\"https:\/\/thebestofporto.com\/wp-content\/uploads\/2025\/02\/artigos-12-scaled.png\",\"contentUrl\":\"https:\/\/thebestofporto.com\/wp-content\/uploads\/2025\/02\/artigos-12-scaled.png\",\"width\":2560,\"height\":2048},{\"@type\":\"BreadcrumbList\",\"@id\":\"https:\/\/thebestofporto.com\/brunch-no-porto\/#breadcrumb\",\"itemListElement\":[{\"@type\":\"ListItem\",\"position\":1,\"name\":\"In\u00edcio\",\"item\":\"https:\/\/thebestofporto.com\/\"},{\"@type\":\"ListItem\",\"position\":2,\"name\":\"Brunch no Porto: Os Melhores Lugares para Come\u00e7ar o Dia com Estilo\"}]},{\"@type\":\"WebSite\",\"@id\":\"https:\/\/thebestofporto.com\/#website\",\"url\":\"https:\/\/thebestofporto.com\/\",\"name\":\"The Best of Porto\",\"description\":\"\",\"publisher\":{\"@id\":\"https:\/\/thebestofporto.com\/#organization\"},\"potentialAction\":[{\"@type\":\"SearchAction\",\"target\":{\"@type\":\"EntryPoint\",\"urlTemplate\":\"https:\/\/thebestofporto.com\/?s={search_term_string}\"},\"query-input\":{\"@type\":\"PropertyValueSpecification\",\"valueRequired\":true,\"valueName\":\"search_term_string\"}}],\"inLanguage\":\"pt-PT\"},{\"@type\":\"Organization\",\"@id\":\"https:\/\/thebestofporto.com\/#organization\",\"name\":\"The Best of Porto\",\"url\":\"https:\/\/thebestofporto.com\/\",\"logo\":{\"@type\":\"ImageObject\",\"inLanguage\":\"pt-PT\",\"@id\":\"https:\/\/thebestofporto.com\/#\/schema\/logo\/image\/\",\"url\":\"https:\/\/thebestofporto.com\/wp-content\/uploads\/2024\/05\/logo.png\",\"contentUrl\":\"https:\/\/thebestofporto.com\/wp-content\/uploads\/2024\/05\/logo.png\",\"width\":5076,\"height\":1463,\"caption\":\"The Best of Porto\"},\"image\":{\"@id\":\"https:\/\/thebestofporto.com\/#\/schema\/logo\/image\/\"}},{\"@type\":\"Person\",\"@id\":\"https:\/\/thebestofporto.com\/#\/schema\/person\/04b3a2223d8527f0c6297ca6767266f7\",\"name\":\"admin\",\"image\":{\"@type\":\"ImageObject\",\"inLanguage\":\"pt-PT\",\"@id\":\"https:\/\/thebestofporto.com\/#\/schema\/person\/image\/\",\"url\":\"https:\/\/secure.gravatar.com\/avatar\/193e2977da320450cf56b1b093dd5b7286cdbaf6ad5201ab3cda69b78b13b458?s=96&d=mm&r=g\",\"contentUrl\":\"https:\/\/secure.gravatar.com\/avatar\/193e2977da320450cf56b1b093dd5b7286cdbaf6ad5201ab3cda69b78b13b458?s=96&d=mm&r=g\",\"caption\":\"admin\"},\"sameAs\":[\"https:\/\/thebestofporto.com\"],\"url\":\"https:\/\/thebestofporto.com\/pt\/author\/admin_l3zak26a\/\"}]}<\/script>\n<!-- \/ Yoast SEO plugin. -->","yoast_head_json":{"title":"Brunch no Porto: Os Melhores Lugares para Come\u00e7ar o Dia com Estilo - The Best of Porto","robots":{"index":"index","follow":"follow","max-snippet":"max-snippet:-1","max-image-preview":"max-image-preview:large","max-video-preview":"max-video-preview:-1"},"canonical":"https:\/\/thebestofporto.com\/pt\/brunch-no-porto\/","og_locale":"pt_PT","og_type":"article","og_title":"Brunch no Porto: Os Melhores Lugares para Come\u00e7ar o Dia com Estilo - The Best of Porto","og_description":"O brunch tornou-se uma tradi\u00e7\u00e3o para quem aprecia manh\u00e3s relaxadas, refei\u00e7\u00f5es sem pressa e pratos deliciosos que combinam [\u2026]","og_url":"https:\/\/thebestofporto.com\/pt\/brunch-no-porto\/","og_site_name":"The Best of Porto","article_published_time":"2025-02-26T12:33:00+00:00","article_modified_time":"2026-01-20T10:30:23+00:00","og_image":[{"width":1024,"height":819,"url":"https:\/\/thebestofporto.com\/wp-content\/uploads\/2025\/02\/artigos-12-1024x819.png","type":"image\/png"}],"author":"admin","twitter_card":"summary_large_image","twitter_misc":{"Escrito por":"admin","Tempo estimado de leitura":"6 minutos"},"schema":{"@context":"https:\/\/schema.org","@graph":[{"@type":"Article","@id":"https:\/\/thebestofporto.com\/brunch-no-porto\/#article","isPartOf":{"@id":"https:\/\/thebestofporto.com\/brunch-no-porto\/"},"author":{"name":"admin","@id":"https:\/\/thebestofporto.com\/#\/schema\/person\/04b3a2223d8527f0c6297ca6767266f7"},"headline":"Brunch no Porto: Os Melhores Lugares para Come\u00e7ar o Dia com Estilo","datePublished":"2025-02-26T12:33:00+00:00","dateModified":"2026-01-20T10:30:23+00:00","mainEntityOfPage":{"@id":"https:\/\/thebestofporto.com\/brunch-no-porto\/"},"wordCount":950,"publisher":{"@id":"https:\/\/thebestofporto.com\/#organization"},"image":{"@id":"https:\/\/thebestofporto.com\/brunch-no-porto\/#primaryimage"},"thumbnailUrl":"https:\/\/thebestofporto.com\/wp-content\/uploads\/2025\/02\/artigos-12-scaled.png","articleSection":["Articles"],"inLanguage":"pt-PT"},{"@type":"WebPage","@id":"https:\/\/thebestofporto.com\/brunch-no-porto\/","url":"https:\/\/thebestofporto.com\/brunch-no-porto\/","name":"Brunch no Porto: Os Melhores Lugares para Come\u00e7ar o Dia com Estilo - The Best of Porto","isPartOf":{"@id":"https:\/\/thebestofporto.com\/#website"},"primaryImageOfPage":{"@id":"https:\/\/thebestofporto.com\/brunch-no-porto\/#primaryimage"},"image":{"@id":"https:\/\/thebestofporto.com\/brunch-no-porto\/#primaryimage"},"thumbnailUrl":"https:\/\/thebestofporto.com\/wp-content\/uploads\/2025\/02\/artigos-12-scaled.png","datePublished":"2025-02-26T12:33:00+00:00","dateModified":"2026-01-20T10:30:23+00:00","breadcrumb":{"@id":"https:\/\/thebestofporto.com\/brunch-no-porto\/#breadcrumb"},"inLanguage":"pt-PT","potentialAction":[{"@type":"ReadAction","target":["https:\/\/thebestofporto.com\/brunch-no-porto\/"]}]},{"@type":"ImageObject","inLanguage":"pt-PT","@id":"https:\/\/thebestofporto.com\/brunch-no-porto\/#primaryimage","url":"https:\/\/thebestofporto.com\/wp-content\/uploads\/2025\/02\/artigos-12-scaled.png","contentUrl":"https:\/\/thebestofporto.com\/wp-content\/uploads\/2025\/02\/artigos-12-scaled.png","width":2560,"height":2048},{"@type":"BreadcrumbList","@id":"https:\/\/thebestofporto.com\/brunch-no-porto\/#breadcrumb","itemListElement":[{"@type":"ListItem","position":1,"name":"In\u00edcio","item":"https:\/\/thebestofporto.com\/"},{"@type":"ListItem","position":2,"name":"Brunch no Porto: Os Melhores Lugares para Come\u00e7ar o Dia com Estilo"}]},{"@type":"WebSite","@id":"https:\/\/thebestofporto.com\/#website","url":"https:\/\/thebestofporto.com\/","name":"The Best of Porto","description":"","publisher":{"@id":"https:\/\/thebestofporto.com\/#organization"},"potentialAction":[{"@type":"SearchAction","target":{"@type":"EntryPoint","urlTemplate":"https:\/\/thebestofporto.com\/?s={search_term_string}"},"query-input":{"@type":"PropertyValueSpecification","valueRequired":true,"valueName":"search_term_string"}}],"inLanguage":"pt-PT"},{"@type":"Organization","@id":"https:\/\/thebestofporto.com\/#organization","name":"The Best of Porto","url":"https:\/\/thebestofporto.com\/","logo":{"@type":"ImageObject","inLanguage":"pt-PT","@id":"https:\/\/thebestofporto.com\/#\/schema\/logo\/image\/","url":"https:\/\/thebestofporto.com\/wp-content\/uploads\/2024\/05\/logo.png","contentUrl":"https:\/\/thebestofporto.com\/wp-content\/uploads\/2024\/05\/logo.png","width":5076,"height":1463,"caption":"The Best of Porto"},"image":{"@id":"https:\/\/thebestofporto.com\/#\/schema\/logo\/image\/"}},{"@type":"Person","@id":"https:\/\/thebestofporto.com\/#\/schema\/person\/04b3a2223d8527f0c6297ca6767266f7","name":"admin","image":{"@type":"ImageObject","inLanguage":"pt-PT","@id":"https:\/\/thebestofporto.com\/#\/schema\/person\/image\/","url":"https:\/\/secure.gravatar.com\/avatar\/193e2977da320450cf56b1b093dd5b7286cdbaf6ad5201ab3cda69b78b13b458?s=96&d=mm&r=g","contentUrl":"https:\/\/secure.gravatar.com\/avatar\/193e2977da320450cf56b1b093dd5b7286cdbaf6ad5201ab3cda69b78b13b458?s=96&d=mm&r=g","caption":"admin"},"sameAs":["https:\/\/thebestofporto.com"],"url":"https:\/\/thebestofporto.com\/pt\/author\/admin_l3zak26a\/"}]}},"_links":{"self":[{"href":"https:\/\/thebestofporto.com\/pt\/wp-json\/wp\/v2\/posts\/1929","targetHints":{"allow":["GET"]}}],"collection":[{"href":"https:\/\/thebestofporto.com\/pt\/wp-json\/wp\/v2\/posts"}],"about":[{"href":"https:\/\/thebestofporto.com\/pt\/wp-json\/wp\/v2\/types\/post"}],"author":[{"embeddable":true,"href":"https:\/\/thebestofporto.com\/pt\/wp-json\/wp\/v2\/users\/1"}],"replies":[{"embeddable":true,"href":"https:\/\/thebestofporto.com\/pt\/wp-json\/wp\/v2\/comments?post=1929"}],"version-history":[{"count":4,"href":"https:\/\/thebestofporto.com\/pt\/wp-json\/wp\/v2\/posts\/1929\/revisions"}],"predecessor-version":[{"id":10420,"href":"https:\/\/thebestofporto.com\/pt\/wp-json\/wp\/v2\/posts\/1929\/revisions\/10420"}],"wp:featuredmedia":[{"embeddable":true,"href":"https:\/\/thebestofporto.com\/pt\/wp-json\/wp\/v2\/media\/11005"}],"wp:attachment":[{"href":"https:\/\/thebestofporto.com\/pt\/wp-json\/wp\/v2\/media?parent=1929"}],"wp:term":[{"taxonomy":"category","embeddable":true,"href":"https:\/\/thebestofporto.com\/pt\/wp-json\/wp\/v2\/categories?post=1929"},{"taxonomy":"post_tag","embeddable":true,"href":"https:\/\/thebestofporto.com\/pt\/wp-json\/wp\/v2\/tags?post=1929"},{"taxonomy":"filtros","embeddable":true,"href":"https:\/\/thebestofporto.com\/pt\/wp-json\/wp\/v2\/filtros?post=1929"}],"curies":[{"name":"wp","href":"https:\/\/api.w.org\/{rel}","templated":true}]}}