{"id":1931,"date":"2024-12-19T12:00:48","date_gmt":"2024-12-19T12:00:48","guid":{"rendered":"https:\/\/wanderaway.qodeinteractive.com\/?p=1931"},"modified":"2024-11-26T12:19:06","modified_gmt":"2024-11-26T12:19:06","slug":"onde-passar-a-passagem-de-ano-para-2025-no-porto","status":"publish","type":"post","link":"https:\/\/thebestofporto.com\/pt\/onde-passar-a-passagem-de-ano-para-2025-no-porto\/","title":{"rendered":"Onde Passar a Passagem de Ano para 2025 no Porto"},"content":{"rendered":"<div data-elementor-type=\"wp-post\" data-elementor-id=\"1931\" class=\"elementor elementor-1931\">\n\t\t\t\t<div class=\"elementor-element elementor-element-c7e85c9 e-flex e-con-boxed e-con e-parent\" data-id=\"c7e85c9\" data-element_type=\"container\">\n\t\t\t\t\t<div class=\"e-con-inner\">\n\t\t\t\t<div class=\"elementor-element elementor-element-0df2c9a elementor-widget elementor-widget-text-editor\" data-id=\"0df2c9a\" data-element_type=\"widget\" data-widget_type=\"text-editor.default\">\n\t\t\t\t<div class=\"elementor-widget-container\">\n\t\t\t\t\t\t\t\t\t<p><span style=\"font-weight: 400;\">O Porto prepara-se para receber 2025 com uma agenda repleta de eventos e celebra\u00e7\u00f5es \u00fanicas, garantindo momentos inesquec\u00edveis para todos os gostos. A cidade \u00e9 transformada numa explos\u00e3o de luzes, m\u00fasica e festa, oferecendo in\u00fameras op\u00e7\u00f5es para quem quer comemorar a chegada do novo ano. Aqui est\u00e3o algumas sugest\u00f5es imperd\u00edveis:<\/span><\/p>\t\t\t\t\t\t\t\t<\/div>\n\t\t\t\t<\/div>\n\t\t\t\t\t<\/div>\n\t\t\t\t<\/div>\n\t\t<div class=\"elementor-element elementor-element-44a45a4 e-flex e-con-boxed e-con e-parent\" data-id=\"44a45a4\" data-element_type=\"container\">\n\t\t\t\t\t<div class=\"e-con-inner\">\n\t\t\t\t<div class=\"elementor-element elementor-element-a44b90c elementor-widget elementor-widget-text-editor\" data-id=\"a44b90c\" data-element_type=\"widget\" data-widget_type=\"text-editor.default\">\n\t\t\t\t<div class=\"elementor-widget-container\">\n\t\t\t\t\t\t\t\t\t<p><b>La Nuit \u2013 New Year\u2019s Eve<\/b><b><br \/><\/b><span style=\"font-weight: 400;\">Para quem procura uma celebra\u00e7\u00e3o sofisticada e repleta de glamour, a festa <span style=\"text-decoration: underline; color: #d68d45;\"><a style=\"color: #d68d45; text-decoration: underline;\" href=\"https:\/\/www.instagram.com\/lanuit.porto\/\">&#8220;La Nuit \u2013 New Year\u2019s Eve&#8221;<\/a><\/span> promete ser uma escolha marcante. Embora o local ainda n\u00e3o tenha sido definido, esta festa j\u00e1 \u00e9 conhecida pela sua atmosfera animada e elegante, perfeita para come\u00e7ar o ano em grande estilo.<\/span><\/p>\t\t\t\t\t\t\t\t<\/div>\n\t\t\t\t<\/div>\n\t\t\t\t<div class=\"elementor-element elementor-element-a4f93a6 elementor-widget elementor-widget-text-editor\" data-id=\"a4f93a6\" data-element_type=\"widget\" data-widget_type=\"text-editor.default\">\n\t\t\t\t<div class=\"elementor-widget-container\">\n\t\t\t\t\t\t\t\t\t<p><b>New Year\u2019s Eve no WOW<\/b><b><br \/><\/b><span style=\"font-weight: 400;\">No cora\u00e7\u00e3o de Vila Nova de Gaia, o World of Wine organiza uma celebra\u00e7\u00e3o inesquec\u00edvel, unindo menus exclusivos, m\u00fasica ao vivo e uma vista privilegiada para os fogos de artif\u00edcio que iluminam o Douro. Este evento \u00e9 perfeito para quem procura uma noite mais intimista e gastron\u00f3mica, com a magia das luzes e sabores que caracterizam esta \u00e9poca.<\/span><\/p>\t\t\t\t\t\t\t\t<\/div>\n\t\t\t\t<\/div>\n\t\t\t\t<div class=\"elementor-element elementor-element-523e111 elementor-widget elementor-widget-text-editor\" data-id=\"523e111\" data-element_type=\"widget\" data-widget_type=\"text-editor.default\">\n\t\t\t\t<div class=\"elementor-widget-container\">\n\t\t\t\t\t\t\t\t\t<p><b>NYE &#8217;24 no Gare Porto<\/b><b><br \/><\/b><span style=\"font-weight: 400;\">Se \u00e9 f\u00e3 de m\u00fasica eletr\u00f3nica, o Gare Porto \u00e9 o destino ideal. Situado na Rua da Madeira, este espa\u00e7o ic\u00f3nico do Porto recebe artistas de renome, como Judy [live], Julieta Kopp, Anna Petracca, e Yassine B2B 1000A. Com um alinhamento que promete uma noite vibrante, o Gare transforma-se no palco para uma experi\u00eancia energ\u00e9tica e cheia de ritmo que se estende at\u00e9 ao amanhecer.<\/span><\/p>\t\t\t\t\t\t\t\t<\/div>\n\t\t\t\t<\/div>\n\t\t\t\t<div class=\"elementor-element elementor-element-fe42af2 elementor-widget elementor-widget-text-editor\" data-id=\"fe42af2\" data-element_type=\"widget\" data-widget_type=\"text-editor.default\">\n\t\t\t\t<div class=\"elementor-widget-container\">\n\t\t\t\t\t\t\t\t\t<p><b>New Life \u2013 Real Companhia Velha<\/b><b><br \/><\/b><span style=\"font-weight: 400;\">Para quem prefere celebrar num cen\u00e1rio \u00fanico e hist\u00f3rico, a festa &#8220;New Life&#8221; acontece na Real Companhia Velha, em Vila Nova de Gaia. Combinando boa m\u00fasica, uma atmosfera sofisticada e a tradi\u00e7\u00e3o vin\u00edcola da regi\u00e3o, este evento \u00e9 a escolha certa para quem quer um ambiente diferenciado para brindar \u00e0 chegada de 2025.<\/span><\/p>\t\t\t\t\t\t\t\t<\/div>\n\t\t\t\t<\/div>\n\t\t\t\t<div class=\"elementor-element elementor-element-f5fa32b elementor-widget elementor-widget-text-editor\" data-id=\"f5fa32b\" data-element_type=\"widget\" data-widget_type=\"text-editor.default\">\n\t\t\t\t<div class=\"elementor-widget-container\">\n\t\t\t\t\t\t\t\t\t<p><b>Porto R\u00e9veillon 2025 \u2013 Alf\u00e2ndega do Porto<\/b><b><br \/><\/b><span style=\"font-weight: 400;\">A Alf\u00e2ndega do Porto, localizada junto ao rio Douro, \u00e9 outro cen\u00e1rio deslumbrante para comemorar a chegada do novo ano. Este espa\u00e7o hist\u00f3rico oferece um evento sofisticado, com m\u00fasica, anima\u00e7\u00e3o e uma vista incr\u00edvel para o rio, criando a combina\u00e7\u00e3o perfeita para um in\u00edcio de ano memor\u00e1vel.<\/span><\/p>\t\t\t\t\t\t\t\t<\/div>\n\t\t\t\t<\/div>\n\t\t\t\t\t<\/div>\n\t\t\t\t<\/div>\n\t\t<div class=\"elementor-element elementor-element-51c9a50 e-flex e-con-boxed e-con e-parent\" data-id=\"51c9a50\" data-element_type=\"container\">\n\t\t\t\t\t<div class=\"e-con-inner\">\n\t\t\t\t<div class=\"elementor-element elementor-element-692b2ec elementor-widget elementor-widget-spacer\" data-id=\"692b2ec\" data-element_type=\"widget\" data-widget_type=\"spacer.default\">\n\t\t\t\t<div class=\"elementor-widget-container\">\n\t\t\t\t\t\t\t<div class=\"elementor-spacer\">\n\t\t\t<div class=\"elementor-spacer-inner\"><\/div>\n\t\t<\/div>\n\t\t\t\t\t\t<\/div>\n\t\t\t\t<\/div>\n\t\t\t\t\t<\/div>\n\t\t\t\t<\/div>\n\t\t<div class=\"elementor-element elementor-element-dc35862 e-flex e-con-boxed e-con e-parent\" data-id=\"dc35862\" data-element_type=\"container\">\n\t\t\t\t\t<div class=\"e-con-inner\">\n\t\t\t\t<div class=\"elementor-element elementor-element-bfdc4be elementor-align-center elementor-widget elementor-widget-button\" data-id=\"bfdc4be\" data-element_type=\"widget\" data-widget_type=\"button.default\">\n\t\t\t\t<div class=\"elementor-widget-container\">\n\t\t\t\t\t\t\t\t\t<div class=\"elementor-button-wrapper\">\n\t\t\t\t\t<a class=\"elementor-button elementor-button-link elementor-size-sm\" href=\"https:\/\/thebestofporto.com\/pt\/blog\/\">\n\t\t\t\t\t\t<span class=\"elementor-button-content-wrapper\">\n\t\t\t\t\t\t\t\t\t<span class=\"elementor-button-text\">Ver todos os artigos<\/span>\n\t\t\t\t\t<\/span>\n\t\t\t\t\t<\/a>\n\t\t\t\t<\/div>\n\t\t\t\t\t\t\t\t<\/div>\n\t\t\t\t<\/div>\n\t\t\t\t\t<\/div>\n\t\t\t\t<\/div>\n\t\t\t\t<\/div>","protected":false},"excerpt":{"rendered":"<p>O Porto prepara-se para receber 2025 com uma agenda repleta de eventos e celebra\u00e7\u00f5es \u00fanicas, garantindo momentos inesquec\u00edveis<span class=\"excerpt-hellip\"> [\u2026]<\/span><\/p>","protected":false},"author":1,"featured_media":10206,"comment_status":"closed","ping_status":"closed","sticky":false,"template":"","format":"standard","meta":{"_acf_changed":false,"footnotes":""},"categories":[123],"tags":[],"filtros":[],"class_list":["post-1931","post","type-post","status-publish","format-standard","has-post-thumbnail","hentry","category-articles"],"acf":[],"yoast_head":"<!-- This site is optimized with the Yoast SEO plugin v26.7 - https:\/\/yoast.com\/wordpress\/plugins\/seo\/ -->\n<title>Onde Passar a Passagem de Ano para 2025 no Porto - The Best of Porto<\/title>\n<meta name=\"description\" content=\"Este artigo reune as melhores festas de passagem de ano para 2025 no Porto. Com op\u00e7\u00f5es para os diferentes gostos musicais!\" \/>\n<meta name=\"robots\" content=\"index, follow, max-snippet:-1, max-image-preview:large, max-video-preview:-1\" \/>\n<link rel=\"canonical\" href=\"https:\/\/thebestofporto.com\/pt\/onde-passar-a-passagem-de-ano-para-2025-no-porto\/\" \/>\n<meta property=\"og:locale\" content=\"pt_PT\" \/>\n<meta property=\"og:type\" content=\"article\" \/>\n<meta property=\"og:title\" content=\"Onde Passar a Passagem de Ano para 2025 no Porto - The Best of Porto\" \/>\n<meta property=\"og:description\" content=\"Este artigo reune as melhores festas de passagem de ano para 2025 no Porto. Com op\u00e7\u00f5es para os diferentes gostos musicais!\" \/>\n<meta property=\"og:url\" content=\"https:\/\/thebestofporto.com\/pt\/onde-passar-a-passagem-de-ano-para-2025-no-porto\/\" \/>\n<meta property=\"og:site_name\" content=\"The Best of Porto\" \/>\n<meta property=\"article:published_time\" content=\"2024-12-19T12:00:48+00:00\" \/>\n<meta property=\"og:image\" content=\"https:\/\/thebestofporto.com\/wp-content\/uploads\/2023\/12\/pda-04-1024x592.png\" \/>\n\t<meta property=\"og:image:width\" content=\"1024\" \/>\n\t<meta property=\"og:image:height\" content=\"592\" \/>\n\t<meta property=\"og:image:type\" content=\"image\/png\" \/>\n<meta name=\"author\" content=\"admin\" \/>\n<meta name=\"twitter:card\" content=\"summary_large_image\" \/>\n<meta name=\"twitter:label1\" content=\"Escrito por\" \/>\n\t<meta name=\"twitter:data1\" content=\"admin\" \/>\n\t<meta name=\"twitter:label2\" content=\"Tempo estimado de leitura\" \/>\n\t<meta name=\"twitter:data2\" content=\"4 minutos\" \/>\n<script type=\"application\/ld+json\" class=\"yoast-schema-graph\">{\"@context\":\"https:\/\/schema.org\",\"@graph\":[{\"@type\":\"Article\",\"@id\":\"https:\/\/thebestofporto.com\/onde-passar-a-passagem-de-ano-para-2025-no-porto\/#article\",\"isPartOf\":{\"@id\":\"https:\/\/thebestofporto.com\/onde-passar-a-passagem-de-ano-para-2025-no-porto\/\"},\"author\":{\"name\":\"admin\",\"@id\":\"https:\/\/thebestofporto.com\/#\/schema\/person\/04b3a2223d8527f0c6297ca6767266f7\"},\"headline\":\"Onde Passar a Passagem de Ano para 2025 no Porto\",\"datePublished\":\"2024-12-19T12:00:48+00:00\",\"mainEntityOfPage\":{\"@id\":\"https:\/\/thebestofporto.com\/onde-passar-a-passagem-de-ano-para-2025-no-porto\/\"},\"wordCount\":395,\"publisher\":{\"@id\":\"https:\/\/thebestofporto.com\/#organization\"},\"image\":{\"@id\":\"https:\/\/thebestofporto.com\/onde-passar-a-passagem-de-ano-para-2025-no-porto\/#primaryimage\"},\"thumbnailUrl\":\"https:\/\/thebestofporto.com\/wp-content\/uploads\/2023\/12\/pda-04.png\",\"articleSection\":[\"Articles\"],\"inLanguage\":\"pt-PT\"},{\"@type\":\"WebPage\",\"@id\":\"https:\/\/thebestofporto.com\/onde-passar-a-passagem-de-ano-para-2025-no-porto\/\",\"url\":\"https:\/\/thebestofporto.com\/onde-passar-a-passagem-de-ano-para-2025-no-porto\/\",\"name\":\"Onde Passar a Passagem de Ano para 2025 no Porto - The Best of Porto\",\"isPartOf\":{\"@id\":\"https:\/\/thebestofporto.com\/#website\"},\"primaryImageOfPage\":{\"@id\":\"https:\/\/thebestofporto.com\/onde-passar-a-passagem-de-ano-para-2025-no-porto\/#primaryimage\"},\"image\":{\"@id\":\"https:\/\/thebestofporto.com\/onde-passar-a-passagem-de-ano-para-2025-no-porto\/#primaryimage\"},\"thumbnailUrl\":\"https:\/\/thebestofporto.com\/wp-content\/uploads\/2023\/12\/pda-04.png\",\"datePublished\":\"2024-12-19T12:00:48+00:00\",\"description\":\"Este artigo reune as melhores festas de passagem de ano para 2025 no Porto. Com op\u00e7\u00f5es para os diferentes gostos musicais!\",\"breadcrumb\":{\"@id\":\"https:\/\/thebestofporto.com\/onde-passar-a-passagem-de-ano-para-2025-no-porto\/#breadcrumb\"},\"inLanguage\":\"pt-PT\",\"potentialAction\":[{\"@type\":\"ReadAction\",\"target\":[\"https:\/\/thebestofporto.com\/onde-passar-a-passagem-de-ano-para-2025-no-porto\/\"]}]},{\"@type\":\"ImageObject\",\"inLanguage\":\"pt-PT\",\"@id\":\"https:\/\/thebestofporto.com\/onde-passar-a-passagem-de-ano-para-2025-no-porto\/#primaryimage\",\"url\":\"https:\/\/thebestofporto.com\/wp-content\/uploads\/2023\/12\/pda-04.png\",\"contentUrl\":\"https:\/\/thebestofporto.com\/wp-content\/uploads\/2023\/12\/pda-04.png\",\"width\":1730,\"height\":1000},{\"@type\":\"BreadcrumbList\",\"@id\":\"https:\/\/thebestofporto.com\/onde-passar-a-passagem-de-ano-para-2025-no-porto\/#breadcrumb\",\"itemListElement\":[{\"@type\":\"ListItem\",\"position\":1,\"name\":\"In\u00edcio\",\"item\":\"https:\/\/thebestofporto.com\/\"},{\"@type\":\"ListItem\",\"position\":2,\"name\":\"Onde Passar a Passagem de Ano para 2025 no Porto\"}]},{\"@type\":\"WebSite\",\"@id\":\"https:\/\/thebestofporto.com\/#website\",\"url\":\"https:\/\/thebestofporto.com\/\",\"name\":\"The Best of Porto\",\"description\":\"\",\"publisher\":{\"@id\":\"https:\/\/thebestofporto.com\/#organization\"},\"potentialAction\":[{\"@type\":\"SearchAction\",\"target\":{\"@type\":\"EntryPoint\",\"urlTemplate\":\"https:\/\/thebestofporto.com\/?s={search_term_string}\"},\"query-input\":{\"@type\":\"PropertyValueSpecification\",\"valueRequired\":true,\"valueName\":\"search_term_string\"}}],\"inLanguage\":\"pt-PT\"},{\"@type\":\"Organization\",\"@id\":\"https:\/\/thebestofporto.com\/#organization\",\"name\":\"The Best of Porto\",\"url\":\"https:\/\/thebestofporto.com\/\",\"logo\":{\"@type\":\"ImageObject\",\"inLanguage\":\"pt-PT\",\"@id\":\"https:\/\/thebestofporto.com\/#\/schema\/logo\/image\/\",\"url\":\"https:\/\/thebestofporto.com\/wp-content\/uploads\/2024\/05\/logo.png\",\"contentUrl\":\"https:\/\/thebestofporto.com\/wp-content\/uploads\/2024\/05\/logo.png\",\"width\":5076,\"height\":1463,\"caption\":\"The Best of Porto\"},\"image\":{\"@id\":\"https:\/\/thebestofporto.com\/#\/schema\/logo\/image\/\"}},{\"@type\":\"Person\",\"@id\":\"https:\/\/thebestofporto.com\/#\/schema\/person\/04b3a2223d8527f0c6297ca6767266f7\",\"name\":\"admin\",\"image\":{\"@type\":\"ImageObject\",\"inLanguage\":\"pt-PT\",\"@id\":\"https:\/\/thebestofporto.com\/#\/schema\/person\/image\/\",\"url\":\"https:\/\/secure.gravatar.com\/avatar\/193e2977da320450cf56b1b093dd5b7286cdbaf6ad5201ab3cda69b78b13b458?s=96&d=mm&r=g\",\"contentUrl\":\"https:\/\/secure.gravatar.com\/avatar\/193e2977da320450cf56b1b093dd5b7286cdbaf6ad5201ab3cda69b78b13b458?s=96&d=mm&r=g\",\"caption\":\"admin\"},\"sameAs\":[\"https:\/\/thebestofporto.com\"],\"url\":\"https:\/\/thebestofporto.com\/pt\/author\/admin_l3zak26a\/\"}]}<\/script>\n<!-- \/ Yoast SEO plugin. -->","yoast_head_json":{"title":"Onde Passar a Passagem de Ano para 2025 no Porto - The Best of Porto","description":"Este artigo reune as melhores festas de passagem de ano para 2025 no Porto. Com op\u00e7\u00f5es para os diferentes gostos musicais!","robots":{"index":"index","follow":"follow","max-snippet":"max-snippet:-1","max-image-preview":"max-image-preview:large","max-video-preview":"max-video-preview:-1"},"canonical":"https:\/\/thebestofporto.com\/pt\/onde-passar-a-passagem-de-ano-para-2025-no-porto\/","og_locale":"pt_PT","og_type":"article","og_title":"Onde Passar a Passagem de Ano para 2025 no Porto - The Best of Porto","og_description":"Este artigo reune as melhores festas de passagem de ano para 2025 no Porto. Com op\u00e7\u00f5es para os diferentes gostos musicais!","og_url":"https:\/\/thebestofporto.com\/pt\/onde-passar-a-passagem-de-ano-para-2025-no-porto\/","og_site_name":"The Best of Porto","article_published_time":"2024-12-19T12:00:48+00:00","og_image":[{"width":1024,"height":592,"url":"https:\/\/thebestofporto.com\/wp-content\/uploads\/2023\/12\/pda-04-1024x592.png","type":"image\/png"}],"author":"admin","twitter_card":"summary_large_image","twitter_misc":{"Escrito por":"admin","Tempo estimado de leitura":"4 minutos"},"schema":{"@context":"https:\/\/schema.org","@graph":[{"@type":"Article","@id":"https:\/\/thebestofporto.com\/onde-passar-a-passagem-de-ano-para-2025-no-porto\/#article","isPartOf":{"@id":"https:\/\/thebestofporto.com\/onde-passar-a-passagem-de-ano-para-2025-no-porto\/"},"author":{"name":"admin","@id":"https:\/\/thebestofporto.com\/#\/schema\/person\/04b3a2223d8527f0c6297ca6767266f7"},"headline":"Onde Passar a Passagem de Ano para 2025 no Porto","datePublished":"2024-12-19T12:00:48+00:00","mainEntityOfPage":{"@id":"https:\/\/thebestofporto.com\/onde-passar-a-passagem-de-ano-para-2025-no-porto\/"},"wordCount":395,"publisher":{"@id":"https:\/\/thebestofporto.com\/#organization"},"image":{"@id":"https:\/\/thebestofporto.com\/onde-passar-a-passagem-de-ano-para-2025-no-porto\/#primaryimage"},"thumbnailUrl":"https:\/\/thebestofporto.com\/wp-content\/uploads\/2023\/12\/pda-04.png","articleSection":["Articles"],"inLanguage":"pt-PT"},{"@type":"WebPage","@id":"https:\/\/thebestofporto.com\/onde-passar-a-passagem-de-ano-para-2025-no-porto\/","url":"https:\/\/thebestofporto.com\/onde-passar-a-passagem-de-ano-para-2025-no-porto\/","name":"Onde Passar a Passagem de Ano para 2025 no Porto - The Best of Porto","isPartOf":{"@id":"https:\/\/thebestofporto.com\/#website"},"primaryImageOfPage":{"@id":"https:\/\/thebestofporto.com\/onde-passar-a-passagem-de-ano-para-2025-no-porto\/#primaryimage"},"image":{"@id":"https:\/\/thebestofporto.com\/onde-passar-a-passagem-de-ano-para-2025-no-porto\/#primaryimage"},"thumbnailUrl":"https:\/\/thebestofporto.com\/wp-content\/uploads\/2023\/12\/pda-04.png","datePublished":"2024-12-19T12:00:48+00:00","description":"Este artigo reune as melhores festas de passagem de ano para 2025 no Porto. Com op\u00e7\u00f5es para os diferentes gostos musicais!","breadcrumb":{"@id":"https:\/\/thebestofporto.com\/onde-passar-a-passagem-de-ano-para-2025-no-porto\/#breadcrumb"},"inLanguage":"pt-PT","potentialAction":[{"@type":"ReadAction","target":["https:\/\/thebestofporto.com\/onde-passar-a-passagem-de-ano-para-2025-no-porto\/"]}]},{"@type":"ImageObject","inLanguage":"pt-PT","@id":"https:\/\/thebestofporto.com\/onde-passar-a-passagem-de-ano-para-2025-no-porto\/#primaryimage","url":"https:\/\/thebestofporto.com\/wp-content\/uploads\/2023\/12\/pda-04.png","contentUrl":"https:\/\/thebestofporto.com\/wp-content\/uploads\/2023\/12\/pda-04.png","width":1730,"height":1000},{"@type":"BreadcrumbList","@id":"https:\/\/thebestofporto.com\/onde-passar-a-passagem-de-ano-para-2025-no-porto\/#breadcrumb","itemListElement":[{"@type":"ListItem","position":1,"name":"In\u00edcio","item":"https:\/\/thebestofporto.com\/"},{"@type":"ListItem","position":2,"name":"Onde Passar a Passagem de Ano para 2025 no Porto"}]},{"@type":"WebSite","@id":"https:\/\/thebestofporto.com\/#website","url":"https:\/\/thebestofporto.com\/","name":"The Best of Porto","description":"","publisher":{"@id":"https:\/\/thebestofporto.com\/#organization"},"potentialAction":[{"@type":"SearchAction","target":{"@type":"EntryPoint","urlTemplate":"https:\/\/thebestofporto.com\/?s={search_term_string}"},"query-input":{"@type":"PropertyValueSpecification","valueRequired":true,"valueName":"search_term_string"}}],"inLanguage":"pt-PT"},{"@type":"Organization","@id":"https:\/\/thebestofporto.com\/#organization","name":"The Best of Porto","url":"https:\/\/thebestofporto.com\/","logo":{"@type":"ImageObject","inLanguage":"pt-PT","@id":"https:\/\/thebestofporto.com\/#\/schema\/logo\/image\/","url":"https:\/\/thebestofporto.com\/wp-content\/uploads\/2024\/05\/logo.png","contentUrl":"https:\/\/thebestofporto.com\/wp-content\/uploads\/2024\/05\/logo.png","width":5076,"height":1463,"caption":"The Best of Porto"},"image":{"@id":"https:\/\/thebestofporto.com\/#\/schema\/logo\/image\/"}},{"@type":"Person","@id":"https:\/\/thebestofporto.com\/#\/schema\/person\/04b3a2223d8527f0c6297ca6767266f7","name":"admin","image":{"@type":"ImageObject","inLanguage":"pt-PT","@id":"https:\/\/thebestofporto.com\/#\/schema\/person\/image\/","url":"https:\/\/secure.gravatar.com\/avatar\/193e2977da320450cf56b1b093dd5b7286cdbaf6ad5201ab3cda69b78b13b458?s=96&d=mm&r=g","contentUrl":"https:\/\/secure.gravatar.com\/avatar\/193e2977da320450cf56b1b093dd5b7286cdbaf6ad5201ab3cda69b78b13b458?s=96&d=mm&r=g","caption":"admin"},"sameAs":["https:\/\/thebestofporto.com"],"url":"https:\/\/thebestofporto.com\/pt\/author\/admin_l3zak26a\/"}]}},"_links":{"self":[{"href":"https:\/\/thebestofporto.com\/pt\/wp-json\/wp\/v2\/posts\/1931","targetHints":{"allow":["GET"]}}],"collection":[{"href":"https:\/\/thebestofporto.com\/pt\/wp-json\/wp\/v2\/posts"}],"about":[{"href":"https:\/\/thebestofporto.com\/pt\/wp-json\/wp\/v2\/types\/post"}],"author":[{"embeddable":true,"href":"https:\/\/thebestofporto.com\/pt\/wp-json\/wp\/v2\/users\/1"}],"replies":[{"embeddable":true,"href":"https:\/\/thebestofporto.com\/pt\/wp-json\/wp\/v2\/comments?post=1931"}],"version-history":[{"count":7,"href":"https:\/\/thebestofporto.com\/pt\/wp-json\/wp\/v2\/posts\/1931\/revisions"}],"predecessor-version":[{"id":10213,"href":"https:\/\/thebestofporto.com\/pt\/wp-json\/wp\/v2\/posts\/1931\/revisions\/10213"}],"wp:featuredmedia":[{"embeddable":true,"href":"https:\/\/thebestofporto.com\/pt\/wp-json\/wp\/v2\/media\/10206"}],"wp:attachment":[{"href":"https:\/\/thebestofporto.com\/pt\/wp-json\/wp\/v2\/media?parent=1931"}],"wp:term":[{"taxonomy":"category","embeddable":true,"href":"https:\/\/thebestofporto.com\/pt\/wp-json\/wp\/v2\/categories?post=1931"},{"taxonomy":"post_tag","embeddable":true,"href":"https:\/\/thebestofporto.com\/pt\/wp-json\/wp\/v2\/tags?post=1931"},{"taxonomy":"filtros","embeddable":true,"href":"https:\/\/thebestofporto.com\/pt\/wp-json\/wp\/v2\/filtros?post=1931"}],"curies":[{"name":"wp","href":"https:\/\/api.w.org\/{rel}","templated":true}]}}