{"id":2215,"date":"2024-12-12T11:00:41","date_gmt":"2024-12-12T11:00:41","guid":{"rendered":"https:\/\/wanderaway.qodeinteractive.com\/?p=2215"},"modified":"2024-11-26T12:17:33","modified_gmt":"2024-11-26T12:17:33","slug":"new-cultures-broadens-horizons-and-cherish-soul","status":"publish","type":"post","link":"https:\/\/thebestofporto.com\/pt\/new-cultures-broadens-horizons-and-cherish-soul\/","title":{"rendered":"Eventos Imperd\u00edveis no Porto Durante o M\u00eas de Dezembro"},"content":{"rendered":"<div data-elementor-type=\"wp-post\" data-elementor-id=\"2215\" class=\"elementor elementor-2215\">\n\t\t\t\t<div class=\"elementor-element elementor-element-c7e85c9 e-flex e-con-boxed e-con e-parent\" data-id=\"c7e85c9\" data-element_type=\"container\">\n\t\t\t\t\t<div class=\"e-con-inner\">\n\t\t\t\t<div class=\"elementor-element elementor-element-0df2c9a elementor-widget elementor-widget-text-editor\" data-id=\"0df2c9a\" data-element_type=\"widget\" data-widget_type=\"text-editor.default\">\n\t\t\t\t<div class=\"elementor-widget-container\">\n\t\t\t\t\t\t\t\t\t<p><span style=\"font-weight: 400;\">O Porto transforma-se em dezembro com uma agenda repleta de eventos culturais, festivais e concertos que celebram a magia do Natal. Aqui est\u00e3o algumas sugest\u00f5es para aproveitar ao m\u00e1ximo o m\u00eas mais encantador do ano.<\/span><\/p>\t\t\t\t\t\t\t\t<\/div>\n\t\t\t\t<\/div>\n\t\t\t\t<div class=\"elementor-element elementor-element-3fa764e elementor-widget elementor-widget-text-editor\" data-id=\"3fa764e\" data-element_type=\"widget\" data-widget_type=\"text-editor.default\">\n\t\t\t\t<div class=\"elementor-widget-container\">\n\t\t\t\t\t\t\t\t\t<p><b>Concerto de Natal na Casa da M\u00fasica<\/b><b><br \/><\/b><span style=\"font-weight: 400;\">Um evento que n\u00e3o pode faltar na agenda. A Casa da M\u00fasica organiza anualmente espet\u00e1culos tem\u00e1ticos, com repert\u00f3rios que incluem cl\u00e1ssicos como \u201cAleluia\u201d de H\u00e4ndel e m\u00fasicas tradicionais natal\u00edcias.<\/span><\/p>\t\t\t\t\t\t\t\t<\/div>\n\t\t\t\t<\/div>\n\t\t\t\t\t<\/div>\n\t\t\t\t<\/div>\n\t\t<div class=\"elementor-element elementor-element-44a45a4 e-flex e-con-boxed e-con e-parent\" data-id=\"44a45a4\" data-element_type=\"container\">\n\t\t\t\t\t<div class=\"e-con-inner\">\n\t\t\t\t<div class=\"elementor-element elementor-element-a4f93a6 elementor-widget elementor-widget-text-editor\" data-id=\"a4f93a6\" data-element_type=\"widget\" data-widget_type=\"text-editor.default\">\n\t\t\t\t<div class=\"elementor-widget-container\">\n\t\t\t\t\t\t\t\t\t<p><b>Coro e Orquestra da S\u00e9 do Porto<\/b><b><br \/><\/b><span style=\"font-weight: 400;\">Desfrute de um concerto especial de Natal na emblem\u00e1tica S\u00e9 do Porto. O ambiente hist\u00f3rico e a ac\u00fastica \u00fanica tornam esta experi\u00eancia inesquec\u00edvel.<\/span><\/p>\t\t\t\t\t\t\t\t<\/div>\n\t\t\t\t<\/div>\n\t\t\t\t<div class=\"elementor-element elementor-element-19743cd elementor-widget elementor-widget-text-editor\" data-id=\"19743cd\" data-element_type=\"widget\" data-widget_type=\"text-editor.default\">\n\t\t\t\t<div class=\"elementor-widget-container\">\n\t\t\t\t\t\t\t\t\t<p><b>Mercado de Natal da Pra\u00e7a da Batalha<\/b><b><br \/><\/b><span style=\"font-weight: 400;\">Um mercado repleto de artesanato, produtos gourmet e decora\u00e7\u00f5es natalinas, perfeito para encontrar presentes \u00fanicos.<\/span><\/p>\t\t\t\t\t\t\t\t<\/div>\n\t\t\t\t<\/div>\n\t\t\t\t<div class=\"elementor-element elementor-element-042eedf elementor-widget elementor-widget-text-editor\" data-id=\"042eedf\" data-element_type=\"widget\" data-widget_type=\"text-editor.default\">\n\t\t\t\t<div class=\"elementor-widget-container\">\n\t\t\t\t\t\t\t\t\t<p><b>Mercado no WOW (World of Wine)<\/b><b><br \/><\/b><span style=\"font-weight: 400;\">No Cais de Gaia, o WOW organiza um mercado com produtores locais, m\u00fasica ao vivo e atividades para toda a fam\u00edlia.<\/span><\/p>\t\t\t\t\t\t\t\t<\/div>\n\t\t\t\t<\/div>\n\t\t\t\t<div class=\"elementor-element elementor-element-b61491a elementor-widget elementor-widget-text-editor\" data-id=\"b61491a\" data-element_type=\"widget\" data-widget_type=\"text-editor.default\">\n\t\t\t\t<div class=\"elementor-widget-container\">\n\t\t\t\t\t\t\t\t\t<p><b>Circo de Natal no Coliseu do Porto<\/b><b><br \/><\/b><span style=\"font-weight: 400;\">Uma tradi\u00e7\u00e3o que encanta mi\u00fados e gra\u00fados. Espet\u00e1culos com acrobatas, palha\u00e7os e muita divers\u00e3o.<\/span><\/p>\t\t\t\t\t\t\t\t<\/div>\n\t\t\t\t<\/div>\n\t\t\t\t<div class=\"elementor-element elementor-element-9e6252d elementor-widget elementor-widget-text-editor\" data-id=\"9e6252d\" data-element_type=\"widget\" data-widget_type=\"text-editor.default\">\n\t\t\t\t<div class=\"elementor-widget-container\">\n\t\t\t\t\t\t\t\t\t<p><b>Ver as Luzes e a \u00c1rvore de Natal dos Aliados<\/b><\/p><p><span style=\"font-weight: 400;\">A enorme \u00e1rvore de Natal na <\/span><span style=\"color: #d68d45;\"><a style=\"color: #d68d45;\" href=\"https:\/\/www.google.pt\/maps\/dir\/\/Av.+dos+Aliados,+Porto\/@41.1483096,-8.6133897,17z\/data=!4m18!1m8!3m7!1s0xd2464e35940fd8f:0x738dcce6546dd210!2sAv.+dos+Aliados,+Porto!3b1!8m2!3d41.1483096!4d-8.6108148!16s%2Fg%2F1210gshk!4m8!1m0!1m5!1m1!1s0xd2464e35940fd8f:0x738dcce6546dd210!2m2!1d-8.6108148!2d41.1483096!3e2?hl=pt-PT&amp;entry=ttu&amp;g_ep=EgoyMDI0MTExMy4xIKXMDSoASAFQAw%3D%3D\"><span style=\"text-decoration: underline;\">Avenida dos Aliados<\/span><\/a><\/span><span style=\"font-weight: 400;\"> \u00e9 um dos grandes destaques da cidade durante esta \u00e9poca. N\u00e3o perca a oportunidade de tirar fotografias e sentir a verdadeira ess\u00eancia do Natal portuense.<\/span><\/p>\t\t\t\t\t\t\t\t<\/div>\n\t\t\t\t<\/div>\n\t\t\t\t\t<\/div>\n\t\t\t\t<\/div>\n\t\t<div class=\"elementor-element elementor-element-0534dcf e-flex e-con-boxed e-con e-parent\" data-id=\"0534dcf\" data-element_type=\"container\">\n\t\t\t\t\t<div class=\"e-con-inner\">\n\t\t\t\t<div class=\"elementor-element elementor-element-c633336 elementor-widget elementor-widget-spacer\" data-id=\"c633336\" data-element_type=\"widget\" data-widget_type=\"spacer.default\">\n\t\t\t\t<div class=\"elementor-widget-container\">\n\t\t\t\t\t\t\t<div class=\"elementor-spacer\">\n\t\t\t<div class=\"elementor-spacer-inner\"><\/div>\n\t\t<\/div>\n\t\t\t\t\t\t<\/div>\n\t\t\t\t<\/div>\n\t\t\t\t<div class=\"elementor-element elementor-element-2d1b6bb elementor-align-center elementor-widget elementor-widget-button\" data-id=\"2d1b6bb\" data-element_type=\"widget\" data-widget_type=\"button.default\">\n\t\t\t\t<div class=\"elementor-widget-container\">\n\t\t\t\t\t\t\t\t\t<div class=\"elementor-button-wrapper\">\n\t\t\t\t\t<a class=\"elementor-button elementor-button-link elementor-size-sm\" href=\"https:\/\/thebestofporto.com\/pt\/blog\/\">\n\t\t\t\t\t\t<span class=\"elementor-button-content-wrapper\">\n\t\t\t\t\t\t\t\t\t<span class=\"elementor-button-text\">Ver todos os artigos<\/span>\n\t\t\t\t\t<\/span>\n\t\t\t\t\t<\/a>\n\t\t\t\t<\/div>\n\t\t\t\t\t\t\t\t<\/div>\n\t\t\t\t<\/div>\n\t\t\t\t\t<\/div>\n\t\t\t\t<\/div>\n\t\t\t\t<\/div>","protected":false},"excerpt":{"rendered":"<p>O Porto transforma-se em dezembro com uma agenda repleta de eventos culturais, festivais e concertos que celebram a<span class=\"excerpt-hellip\"> [\u2026]<\/span><\/p>","protected":false},"author":1,"featured_media":10173,"comment_status":"closed","ping_status":"closed","sticky":false,"template":"","format":"standard","meta":{"_acf_changed":false,"footnotes":""},"categories":[123],"tags":[],"filtros":[],"class_list":["post-2215","post","type-post","status-publish","format-standard","has-post-thumbnail","hentry","category-articles"],"acf":[],"yoast_head":"<!-- This site is optimized with the Yoast SEO plugin v26.7 - https:\/\/yoast.com\/wordpress\/plugins\/seo\/ -->\n<title>Eventos Imperd\u00edveis no Porto Durante o M\u00eas de Dezembro - The Best of Porto<\/title>\n<meta name=\"description\" content=\"Os melhores eventos de Dezembro, na cidade do Porto, reunidos num s\u00f3 artigo! Desde concertos, passando por mercados de natal, at\u00e9 ao circo.\" \/>\n<meta name=\"robots\" content=\"index, follow, max-snippet:-1, max-image-preview:large, max-video-preview:-1\" \/>\n<link rel=\"canonical\" href=\"https:\/\/thebestofporto.com\/pt\/new-cultures-broadens-horizons-and-cherish-soul\/\" \/>\n<meta property=\"og:locale\" content=\"pt_PT\" \/>\n<meta property=\"og:type\" content=\"article\" \/>\n<meta property=\"og:title\" content=\"Eventos Imperd\u00edveis no Porto Durante o M\u00eas de Dezembro - The Best of Porto\" \/>\n<meta property=\"og:description\" content=\"Os melhores eventos de Dezembro, na cidade do Porto, reunidos num s\u00f3 artigo! Desde concertos, passando por mercados de natal, at\u00e9 ao circo.\" \/>\n<meta property=\"og:url\" content=\"https:\/\/thebestofporto.com\/pt\/new-cultures-broadens-horizons-and-cherish-soul\/\" \/>\n<meta property=\"og:site_name\" content=\"The Best of Porto\" \/>\n<meta property=\"article:published_time\" content=\"2024-12-12T11:00:41+00:00\" \/>\n<meta property=\"og:image\" content=\"https:\/\/thebestofporto.com\/wp-content\/uploads\/2024\/12\/eventos-07-1024x619.png\" \/>\n\t<meta property=\"og:image:width\" content=\"1024\" \/>\n\t<meta property=\"og:image:height\" content=\"619\" \/>\n\t<meta property=\"og:image:type\" content=\"image\/png\" \/>\n<meta name=\"author\" content=\"admin\" \/>\n<meta name=\"twitter:card\" content=\"summary_large_image\" \/>\n<meta name=\"twitter:label1\" content=\"Escrito por\" \/>\n\t<meta name=\"twitter:data1\" content=\"admin\" \/>\n\t<meta name=\"twitter:label2\" content=\"Tempo estimado de leitura\" \/>\n\t<meta name=\"twitter:data2\" content=\"3 minutos\" \/>\n<script type=\"application\/ld+json\" class=\"yoast-schema-graph\">{\"@context\":\"https:\/\/schema.org\",\"@graph\":[{\"@type\":\"Article\",\"@id\":\"https:\/\/thebestofporto.com\/new-cultures-broadens-horizons-and-cherish-soul\/#article\",\"isPartOf\":{\"@id\":\"https:\/\/thebestofporto.com\/new-cultures-broadens-horizons-and-cherish-soul\/\"},\"author\":{\"name\":\"admin\",\"@id\":\"https:\/\/thebestofporto.com\/#\/schema\/person\/04b3a2223d8527f0c6297ca6767266f7\"},\"headline\":\"Eventos Imperd\u00edveis no Porto Durante o M\u00eas de Dezembro\",\"datePublished\":\"2024-12-12T11:00:41+00:00\",\"mainEntityOfPage\":{\"@id\":\"https:\/\/thebestofporto.com\/new-cultures-broadens-horizons-and-cherish-soul\/\"},\"wordCount\":260,\"publisher\":{\"@id\":\"https:\/\/thebestofporto.com\/#organization\"},\"image\":{\"@id\":\"https:\/\/thebestofporto.com\/new-cultures-broadens-horizons-and-cherish-soul\/#primaryimage\"},\"thumbnailUrl\":\"https:\/\/thebestofporto.com\/wp-content\/uploads\/2024\/12\/eventos-07.png\",\"articleSection\":[\"Articles\"],\"inLanguage\":\"pt-PT\"},{\"@type\":\"WebPage\",\"@id\":\"https:\/\/thebestofporto.com\/new-cultures-broadens-horizons-and-cherish-soul\/\",\"url\":\"https:\/\/thebestofporto.com\/new-cultures-broadens-horizons-and-cherish-soul\/\",\"name\":\"Eventos Imperd\u00edveis no Porto Durante o M\u00eas de Dezembro - The Best of Porto\",\"isPartOf\":{\"@id\":\"https:\/\/thebestofporto.com\/#website\"},\"primaryImageOfPage\":{\"@id\":\"https:\/\/thebestofporto.com\/new-cultures-broadens-horizons-and-cherish-soul\/#primaryimage\"},\"image\":{\"@id\":\"https:\/\/thebestofporto.com\/new-cultures-broadens-horizons-and-cherish-soul\/#primaryimage\"},\"thumbnailUrl\":\"https:\/\/thebestofporto.com\/wp-content\/uploads\/2024\/12\/eventos-07.png\",\"datePublished\":\"2024-12-12T11:00:41+00:00\",\"description\":\"Os melhores eventos de Dezembro, na cidade do Porto, reunidos num s\u00f3 artigo! Desde concertos, passando por mercados de natal, at\u00e9 ao circo.\",\"breadcrumb\":{\"@id\":\"https:\/\/thebestofporto.com\/new-cultures-broadens-horizons-and-cherish-soul\/#breadcrumb\"},\"inLanguage\":\"pt-PT\",\"potentialAction\":[{\"@type\":\"ReadAction\",\"target\":[\"https:\/\/thebestofporto.com\/new-cultures-broadens-horizons-and-cherish-soul\/\"]}]},{\"@type\":\"ImageObject\",\"inLanguage\":\"pt-PT\",\"@id\":\"https:\/\/thebestofporto.com\/new-cultures-broadens-horizons-and-cherish-soul\/#primaryimage\",\"url\":\"https:\/\/thebestofporto.com\/wp-content\/uploads\/2024\/12\/eventos-07.png\",\"contentUrl\":\"https:\/\/thebestofporto.com\/wp-content\/uploads\/2024\/12\/eventos-07.png\",\"width\":1654,\"height\":1000},{\"@type\":\"BreadcrumbList\",\"@id\":\"https:\/\/thebestofporto.com\/new-cultures-broadens-horizons-and-cherish-soul\/#breadcrumb\",\"itemListElement\":[{\"@type\":\"ListItem\",\"position\":1,\"name\":\"In\u00edcio\",\"item\":\"https:\/\/thebestofporto.com\/\"},{\"@type\":\"ListItem\",\"position\":2,\"name\":\"Eventos Imperd\u00edveis no Porto Durante o M\u00eas de Dezembro\"}]},{\"@type\":\"WebSite\",\"@id\":\"https:\/\/thebestofporto.com\/#website\",\"url\":\"https:\/\/thebestofporto.com\/\",\"name\":\"The Best of Porto\",\"description\":\"\",\"publisher\":{\"@id\":\"https:\/\/thebestofporto.com\/#organization\"},\"potentialAction\":[{\"@type\":\"SearchAction\",\"target\":{\"@type\":\"EntryPoint\",\"urlTemplate\":\"https:\/\/thebestofporto.com\/?s={search_term_string}\"},\"query-input\":{\"@type\":\"PropertyValueSpecification\",\"valueRequired\":true,\"valueName\":\"search_term_string\"}}],\"inLanguage\":\"pt-PT\"},{\"@type\":\"Organization\",\"@id\":\"https:\/\/thebestofporto.com\/#organization\",\"name\":\"The Best of Porto\",\"url\":\"https:\/\/thebestofporto.com\/\",\"logo\":{\"@type\":\"ImageObject\",\"inLanguage\":\"pt-PT\",\"@id\":\"https:\/\/thebestofporto.com\/#\/schema\/logo\/image\/\",\"url\":\"https:\/\/thebestofporto.com\/wp-content\/uploads\/2024\/05\/logo.png\",\"contentUrl\":\"https:\/\/thebestofporto.com\/wp-content\/uploads\/2024\/05\/logo.png\",\"width\":5076,\"height\":1463,\"caption\":\"The Best of Porto\"},\"image\":{\"@id\":\"https:\/\/thebestofporto.com\/#\/schema\/logo\/image\/\"}},{\"@type\":\"Person\",\"@id\":\"https:\/\/thebestofporto.com\/#\/schema\/person\/04b3a2223d8527f0c6297ca6767266f7\",\"name\":\"admin\",\"image\":{\"@type\":\"ImageObject\",\"inLanguage\":\"pt-PT\",\"@id\":\"https:\/\/thebestofporto.com\/#\/schema\/person\/image\/\",\"url\":\"https:\/\/secure.gravatar.com\/avatar\/193e2977da320450cf56b1b093dd5b7286cdbaf6ad5201ab3cda69b78b13b458?s=96&d=mm&r=g\",\"contentUrl\":\"https:\/\/secure.gravatar.com\/avatar\/193e2977da320450cf56b1b093dd5b7286cdbaf6ad5201ab3cda69b78b13b458?s=96&d=mm&r=g\",\"caption\":\"admin\"},\"sameAs\":[\"https:\/\/thebestofporto.com\"],\"url\":\"https:\/\/thebestofporto.com\/pt\/author\/admin_l3zak26a\/\"}]}<\/script>\n<!-- \/ Yoast SEO plugin. -->","yoast_head_json":{"title":"Eventos Imperd\u00edveis no Porto Durante o M\u00eas de Dezembro - The Best of Porto","description":"Os melhores eventos de Dezembro, na cidade do Porto, reunidos num s\u00f3 artigo! Desde concertos, passando por mercados de natal, at\u00e9 ao circo.","robots":{"index":"index","follow":"follow","max-snippet":"max-snippet:-1","max-image-preview":"max-image-preview:large","max-video-preview":"max-video-preview:-1"},"canonical":"https:\/\/thebestofporto.com\/pt\/new-cultures-broadens-horizons-and-cherish-soul\/","og_locale":"pt_PT","og_type":"article","og_title":"Eventos Imperd\u00edveis no Porto Durante o M\u00eas de Dezembro - The Best of Porto","og_description":"Os melhores eventos de Dezembro, na cidade do Porto, reunidos num s\u00f3 artigo! Desde concertos, passando por mercados de natal, at\u00e9 ao circo.","og_url":"https:\/\/thebestofporto.com\/pt\/new-cultures-broadens-horizons-and-cherish-soul\/","og_site_name":"The Best of Porto","article_published_time":"2024-12-12T11:00:41+00:00","og_image":[{"width":1024,"height":619,"url":"https:\/\/thebestofporto.com\/wp-content\/uploads\/2024\/12\/eventos-07-1024x619.png","type":"image\/png"}],"author":"admin","twitter_card":"summary_large_image","twitter_misc":{"Escrito por":"admin","Tempo estimado de leitura":"3 minutos"},"schema":{"@context":"https:\/\/schema.org","@graph":[{"@type":"Article","@id":"https:\/\/thebestofporto.com\/new-cultures-broadens-horizons-and-cherish-soul\/#article","isPartOf":{"@id":"https:\/\/thebestofporto.com\/new-cultures-broadens-horizons-and-cherish-soul\/"},"author":{"name":"admin","@id":"https:\/\/thebestofporto.com\/#\/schema\/person\/04b3a2223d8527f0c6297ca6767266f7"},"headline":"Eventos Imperd\u00edveis no Porto Durante o M\u00eas de Dezembro","datePublished":"2024-12-12T11:00:41+00:00","mainEntityOfPage":{"@id":"https:\/\/thebestofporto.com\/new-cultures-broadens-horizons-and-cherish-soul\/"},"wordCount":260,"publisher":{"@id":"https:\/\/thebestofporto.com\/#organization"},"image":{"@id":"https:\/\/thebestofporto.com\/new-cultures-broadens-horizons-and-cherish-soul\/#primaryimage"},"thumbnailUrl":"https:\/\/thebestofporto.com\/wp-content\/uploads\/2024\/12\/eventos-07.png","articleSection":["Articles"],"inLanguage":"pt-PT"},{"@type":"WebPage","@id":"https:\/\/thebestofporto.com\/new-cultures-broadens-horizons-and-cherish-soul\/","url":"https:\/\/thebestofporto.com\/new-cultures-broadens-horizons-and-cherish-soul\/","name":"Eventos Imperd\u00edveis no Porto Durante o M\u00eas de Dezembro - The Best of Porto","isPartOf":{"@id":"https:\/\/thebestofporto.com\/#website"},"primaryImageOfPage":{"@id":"https:\/\/thebestofporto.com\/new-cultures-broadens-horizons-and-cherish-soul\/#primaryimage"},"image":{"@id":"https:\/\/thebestofporto.com\/new-cultures-broadens-horizons-and-cherish-soul\/#primaryimage"},"thumbnailUrl":"https:\/\/thebestofporto.com\/wp-content\/uploads\/2024\/12\/eventos-07.png","datePublished":"2024-12-12T11:00:41+00:00","description":"Os melhores eventos de Dezembro, na cidade do Porto, reunidos num s\u00f3 artigo! Desde concertos, passando por mercados de natal, at\u00e9 ao circo.","breadcrumb":{"@id":"https:\/\/thebestofporto.com\/new-cultures-broadens-horizons-and-cherish-soul\/#breadcrumb"},"inLanguage":"pt-PT","potentialAction":[{"@type":"ReadAction","target":["https:\/\/thebestofporto.com\/new-cultures-broadens-horizons-and-cherish-soul\/"]}]},{"@type":"ImageObject","inLanguage":"pt-PT","@id":"https:\/\/thebestofporto.com\/new-cultures-broadens-horizons-and-cherish-soul\/#primaryimage","url":"https:\/\/thebestofporto.com\/wp-content\/uploads\/2024\/12\/eventos-07.png","contentUrl":"https:\/\/thebestofporto.com\/wp-content\/uploads\/2024\/12\/eventos-07.png","width":1654,"height":1000},{"@type":"BreadcrumbList","@id":"https:\/\/thebestofporto.com\/new-cultures-broadens-horizons-and-cherish-soul\/#breadcrumb","itemListElement":[{"@type":"ListItem","position":1,"name":"In\u00edcio","item":"https:\/\/thebestofporto.com\/"},{"@type":"ListItem","position":2,"name":"Eventos Imperd\u00edveis no Porto Durante o M\u00eas de Dezembro"}]},{"@type":"WebSite","@id":"https:\/\/thebestofporto.com\/#website","url":"https:\/\/thebestofporto.com\/","name":"The Best of Porto","description":"","publisher":{"@id":"https:\/\/thebestofporto.com\/#organization"},"potentialAction":[{"@type":"SearchAction","target":{"@type":"EntryPoint","urlTemplate":"https:\/\/thebestofporto.com\/?s={search_term_string}"},"query-input":{"@type":"PropertyValueSpecification","valueRequired":true,"valueName":"search_term_string"}}],"inLanguage":"pt-PT"},{"@type":"Organization","@id":"https:\/\/thebestofporto.com\/#organization","name":"The Best of Porto","url":"https:\/\/thebestofporto.com\/","logo":{"@type":"ImageObject","inLanguage":"pt-PT","@id":"https:\/\/thebestofporto.com\/#\/schema\/logo\/image\/","url":"https:\/\/thebestofporto.com\/wp-content\/uploads\/2024\/05\/logo.png","contentUrl":"https:\/\/thebestofporto.com\/wp-content\/uploads\/2024\/05\/logo.png","width":5076,"height":1463,"caption":"The Best of Porto"},"image":{"@id":"https:\/\/thebestofporto.com\/#\/schema\/logo\/image\/"}},{"@type":"Person","@id":"https:\/\/thebestofporto.com\/#\/schema\/person\/04b3a2223d8527f0c6297ca6767266f7","name":"admin","image":{"@type":"ImageObject","inLanguage":"pt-PT","@id":"https:\/\/thebestofporto.com\/#\/schema\/person\/image\/","url":"https:\/\/secure.gravatar.com\/avatar\/193e2977da320450cf56b1b093dd5b7286cdbaf6ad5201ab3cda69b78b13b458?s=96&d=mm&r=g","contentUrl":"https:\/\/secure.gravatar.com\/avatar\/193e2977da320450cf56b1b093dd5b7286cdbaf6ad5201ab3cda69b78b13b458?s=96&d=mm&r=g","caption":"admin"},"sameAs":["https:\/\/thebestofporto.com"],"url":"https:\/\/thebestofporto.com\/pt\/author\/admin_l3zak26a\/"}]}},"_links":{"self":[{"href":"https:\/\/thebestofporto.com\/pt\/wp-json\/wp\/v2\/posts\/2215","targetHints":{"allow":["GET"]}}],"collection":[{"href":"https:\/\/thebestofporto.com\/pt\/wp-json\/wp\/v2\/posts"}],"about":[{"href":"https:\/\/thebestofporto.com\/pt\/wp-json\/wp\/v2\/types\/post"}],"author":[{"embeddable":true,"href":"https:\/\/thebestofporto.com\/pt\/wp-json\/wp\/v2\/users\/1"}],"replies":[{"embeddable":true,"href":"https:\/\/thebestofporto.com\/pt\/wp-json\/wp\/v2\/comments?post=2215"}],"version-history":[{"count":14,"href":"https:\/\/thebestofporto.com\/pt\/wp-json\/wp\/v2\/posts\/2215\/revisions"}],"predecessor-version":[{"id":10198,"href":"https:\/\/thebestofporto.com\/pt\/wp-json\/wp\/v2\/posts\/2215\/revisions\/10198"}],"wp:featuredmedia":[{"embeddable":true,"href":"https:\/\/thebestofporto.com\/pt\/wp-json\/wp\/v2\/media\/10173"}],"wp:attachment":[{"href":"https:\/\/thebestofporto.com\/pt\/wp-json\/wp\/v2\/media?parent=2215"}],"wp:term":[{"taxonomy":"category","embeddable":true,"href":"https:\/\/thebestofporto.com\/pt\/wp-json\/wp\/v2\/categories?post=2215"},{"taxonomy":"post_tag","embeddable":true,"href":"https:\/\/thebestofporto.com\/pt\/wp-json\/wp\/v2\/tags?post=2215"},{"taxonomy":"filtros","embeddable":true,"href":"https:\/\/thebestofporto.com\/pt\/wp-json\/wp\/v2\/filtros?post=2215"}],"curies":[{"name":"wp","href":"https:\/\/api.w.org\/{rel}","templated":true}]}}