{"id":4285,"date":"2024-09-04T14:00:54","date_gmt":"2024-09-04T14:00:54","guid":{"rendered":"https:\/\/wanderaway.qodeinteractive.com\/?p=4285"},"modified":"2024-09-25T11:03:35","modified_gmt":"2024-09-25T11:03:35","slug":"arte-e-cultura-no-porto","status":"publish","type":"post","link":"https:\/\/thebestofporto.com\/pt\/arte-e-cultura-no-porto\/","title":{"rendered":"Arte e Cultura no Porto"},"content":{"rendered":"<div data-elementor-type=\"wp-post\" data-elementor-id=\"4285\" class=\"elementor elementor-4285\">\n\t\t\t\t<div class=\"elementor-element elementor-element-c7e85c9 e-flex e-con-boxed e-con e-parent\" data-id=\"c7e85c9\" data-element_type=\"container\">\n\t\t\t\t\t<div class=\"e-con-inner\">\n\t\t\t\t<div class=\"elementor-element elementor-element-0df2c9a elementor-widget elementor-widget-text-editor\" data-id=\"0df2c9a\" data-element_type=\"widget\" data-widget_type=\"text-editor.default\">\n\t\t\t\t<div class=\"elementor-widget-container\">\n\t\t\t\t\t\t\t\t\t<p><span style=\"font-weight: 400;\">O Porto \u00e9 uma cidade rica em hist\u00f3ria e cultura, com uma cena art\u00edstica vibrante que atrai tanto artistas locais como internacionais. Para os amantes da arte, a cidade oferece uma variedade de espa\u00e7os e galerias que exibem desde obras contempor\u00e2neas at\u00e9 pe\u00e7as de arte cl\u00e1ssica. Se est\u00e1 \u00e0 procura de inspira\u00e7\u00e3o ou apenas deseja explorar o lado criativo da cidade, aqui est\u00e3o alguns dos espa\u00e7os de arte e galerias que n\u00e3o pode deixar de visitar no Porto.<\/span><\/p>\t\t\t\t\t\t\t\t<\/div>\n\t\t\t\t<\/div>\n\t\t\t\t\t<\/div>\n\t\t\t\t<\/div>\n\t\t<div class=\"elementor-element elementor-element-44a45a4 e-flex e-con-boxed e-con e-parent\" data-id=\"44a45a4\" data-element_type=\"container\">\n\t\t\t\t\t<div class=\"e-con-inner\">\n\t\t\t\t<div class=\"elementor-element elementor-element-a44b90c elementor-widget elementor-widget-text-editor\" data-id=\"a44b90c\" data-element_type=\"widget\" data-widget_type=\"text-editor.default\">\n\t\t\t\t<div class=\"elementor-widget-container\">\n\t\t\t\t\t\t\t\t\t<h4><b>Cooperativa \u00c1rvore<\/b><\/h4><p><span style=\"font-weight: 400;\">Fundada em 1963, a <span style=\"text-decoration: underline; color: #d68d45;\"><span><a style=\"color: #d68d45; text-decoration: underline;\" href=\"https:\/\/maps.app.goo.gl\/97B28EXVABykmfEg8\">Cooperativa \u00c1rvore<\/a><\/span><\/span> \u00e9 uma das institui\u00e7\u00f5es culturais mais importantes do Porto. Localizada na Rua Azevedo de Albuquerque, esta cooperativa tem como miss\u00e3o promover a arte e a cultura, oferecendo uma plataforma para artistas emergentes e estabelecidos exibirem o seu trabalho. A \u00c1rvore organiza exposi\u00e7\u00f5es regulares de pintura, escultura, fotografia e outras formas de arte, al\u00e9m de cursos, workshops e palestras. O seu espa\u00e7o expositivo inclui v\u00e1rias salas de exposi\u00e7\u00e3o, um audit\u00f3rio e uma loja de arte. A Cooperativa \u00c1rvore \u00e9 um ponto de refer\u00eancia para quem deseja mergulhar no mundo da arte portuense.<\/span><\/p>\t\t\t\t\t\t\t\t<\/div>\n\t\t\t\t<\/div>\n\t\t\t\t<div class=\"elementor-element elementor-element-a4f93a6 elementor-widget elementor-widget-text-editor\" data-id=\"a4f93a6\" data-element_type=\"widget\" data-widget_type=\"text-editor.default\">\n\t\t\t\t<div class=\"elementor-widget-container\">\n\t\t\t\t\t\t\t\t\t<h4><b>Museu de Arte Contempor\u00e2nea de Serralves<\/b><\/h4><p><span style=\"font-weight: 400;\">O Museu de Arte Contempor\u00e2nea de Serralves \u00e9, sem d\u00favida, um dos espa\u00e7os de arte mais prestigiados do pa\u00eds. Projetado pelo arquiteto \u00c1lvaro Siza Vieira, o museu est\u00e1 inserido no Parque de Serralves, oferecendo uma combina\u00e7\u00e3o perfeita entre arte e natureza. As exposi\u00e7\u00f5es do museu apresentam obras de artistas contempor\u00e2neos de\u00a0 renome internacional, assim como de talentos emergentes. O espa\u00e7o \u00e9 conhecido pela sua programa\u00e7\u00e3o din\u00e2mica, que inclui exposi\u00e7\u00f5es tempor\u00e1rias, instala\u00e7\u00f5es, performances e eventos culturais. Al\u00e9m das exposi\u00e7\u00f5es, o parque e os jardins de Serralves proporcionam um ambiente tranquilo para passear e apreciar a arte ao ar livre.<\/span><\/p>\t\t\t\t\t\t\t\t<\/div>\n\t\t\t\t<\/div>\n\t\t\t\t<div class=\"elementor-element elementor-element-09db990 elementor-widget elementor-widget-text-editor\" data-id=\"09db990\" data-element_type=\"widget\" data-widget_type=\"text-editor.default\">\n\t\t\t\t<div class=\"elementor-widget-container\">\n\t\t\t\t\t\t\t\t\t<h4><b>Galeria Municipal do Porto<\/b><\/h4><p><span style=\"font-weight: 400;\">A Galeria Municipal do Porto, situada no edif\u00edcio dos Pa\u00e7os do Concelho, na Avenida dos Aliados, \u00e9 um espa\u00e7o dedicado \u00e0 arte contempor\u00e2nea. Com uma programa\u00e7\u00e3o curada que reflete as tend\u00eancias atuais da arte e cultura, a galeria apresenta exposi\u00e7\u00f5es tempor\u00e1rias que abordam uma variedade de temas e disciplinas art\u00edsticas. O espa\u00e7o \u00e9 conhecido por promover o di\u00e1logo entre diferentes formas de express\u00e3o art\u00edstica, proporcionando aos visitantes uma experi\u00eancia rica e diversificada. A Galeria Municipal tamb\u00e9m realiza eventos e atividades paralelas, como debates, visitas guiadas e workshops, que estimulam a reflex\u00e3o e a intera\u00e7\u00e3o com as obras expostas.<\/span><\/p>\t\t\t\t\t\t\t\t<\/div>\n\t\t\t\t<\/div>\n\t\t\t\t<div class=\"elementor-element elementor-element-e3bfc95 elementor-widget elementor-widget-text-editor\" data-id=\"e3bfc95\" data-element_type=\"widget\" data-widget_type=\"text-editor.default\">\n\t\t\t\t<div class=\"elementor-widget-container\">\n\t\t\t\t\t\t\t\t\t<h4><strong>Galeria Fernando Santos<\/strong><\/h4><p><span style=\"font-weight: 400;\">A Galeria Fernando Santos \u00e9 uma das galerias comerciais mais antigas e respeitadas do Porto. Fundada em 1993, est\u00e1 localizada na Rua Miguel Bombarda, uma das art\u00e9rias principais da cena art\u00edstica da cidade. A galeria representa tanto artistas nacionais como internacionais, com um foco particular na arte contempor\u00e2nea. As suas exposi\u00e7\u00f5es variam entre pintura, escultura e fotografia, apresentando frequentemente obras de artistas consagrados, assim como de novos talentos. A Galeria Fernando Santos \u00e9 um ponto de paragem obrigat\u00f3rio para colecionadores e apreciadores de arte que desejam explorar o panorama art\u00edstico atual.<\/span><\/p>\t\t\t\t\t\t\t\t<\/div>\n\t\t\t\t<\/div>\n\t\t\t\t<div class=\"elementor-element elementor-element-42fbb84 elementor-widget elementor-widget-text-editor\" data-id=\"42fbb84\" data-element_type=\"widget\" data-widget_type=\"text-editor.default\">\n\t\t\t\t<div class=\"elementor-widget-container\">\n\t\t\t\t\t\t\t\t\t<h4><b>Galeria Presen\u00e7a<\/b><\/h4><p><span style=\"font-weight: 400;\">Fundada em 1995, a Galeria Presen\u00e7a \u00e9 outro espa\u00e7o de destaque na Rua Miguel Bombarda. Com um compromisso com a promo\u00e7\u00e3o da arte contempor\u00e2nea, a galeria exibe obras de artistas portugueses e estrangeiros, incluindo pintura, escultura, instala\u00e7\u00e3o e v\u00eddeo. A Galeria Presen\u00e7a \u00e9 conhecida pela sua abordagem inovadora e pelo apoio a projetos experimentais que desafiam as conven\u00e7\u00f5es tradicionais da arte. O espa\u00e7o expositivo \u00e9 amplamente reconhecido pela qualidade das suas curadorias e pela capacidade de apresentar exposi\u00e7\u00f5es que provocam reflex\u00e3o e discuss\u00e3o entre os visitantes.<\/span><\/p>\t\t\t\t\t\t\t\t<\/div>\n\t\t\t\t<\/div>\n\t\t\t\t<div class=\"elementor-element elementor-element-a8c10f4 elementor-widget elementor-widget-text-editor\" data-id=\"a8c10f4\" data-element_type=\"widget\" data-widget_type=\"text-editor.default\">\n\t\t\t\t<div class=\"elementor-widget-container\">\n\t\t\t\t\t\t\t\t\t<h4><b>Mira F\u00f3rum<\/b><\/h4><p><span style=\"font-weight: 400;\">Localizado na zona oriental da cidade, o Mira F\u00f3rum \u00e9 um espa\u00e7o cultural multidisciplinar que se destaca pela sua abordagem inclusiva e comunit\u00e1ria. Focado na fotografia, o Mira F\u00f3rum organiza exposi\u00e7\u00f5es de fot\u00f3grafos nacionais e internacionais, explorando temas sociais, culturais e ambientais. Al\u00e9m das exposi\u00e7\u00f5es, o espa\u00e7o promove debates, ciclos de cinema, concertos e outras atividades culturais que visam aproximar a arte da comunidade. Com um ambiente acolhedor e uma programa\u00e7\u00e3o diversificada, o Mira F\u00f3rum \u00e9 um ponto de encontro para artistas, fot\u00f3grafos e amantes da cultura em geral.<\/span><\/p>\t\t\t\t\t\t\t\t<\/div>\n\t\t\t\t<\/div>\n\t\t\t\t\t<\/div>\n\t\t\t\t<\/div>\n\t\t<div class=\"elementor-element elementor-element-30c770e e-flex e-con-boxed e-con e-parent\" data-id=\"30c770e\" data-element_type=\"container\">\n\t\t\t\t\t<div class=\"e-con-inner\">\n\t\t\t\t<div class=\"elementor-element elementor-element-5a2d93b elementor-widget elementor-widget-spacer\" data-id=\"5a2d93b\" data-element_type=\"widget\" data-widget_type=\"spacer.default\">\n\t\t\t\t<div class=\"elementor-widget-container\">\n\t\t\t\t\t\t\t<div class=\"elementor-spacer\">\n\t\t\t<div class=\"elementor-spacer-inner\"><\/div>\n\t\t<\/div>\n\t\t\t\t\t\t<\/div>\n\t\t\t\t<\/div>\n\t\t\t\t\t<\/div>\n\t\t\t\t<\/div>\n\t\t<div class=\"elementor-element elementor-element-f2b5a23 e-flex e-con-boxed e-con e-parent\" data-id=\"f2b5a23\" data-element_type=\"container\">\n\t\t\t\t\t<div class=\"e-con-inner\">\n\t\t\t\t<div class=\"elementor-element elementor-element-0fdedd9 elementor-align-center elementor-widget elementor-widget-button\" data-id=\"0fdedd9\" data-element_type=\"widget\" data-widget_type=\"button.default\">\n\t\t\t\t<div class=\"elementor-widget-container\">\n\t\t\t\t\t\t\t\t\t<div class=\"elementor-button-wrapper\">\n\t\t\t\t\t<a class=\"elementor-button elementor-button-link elementor-size-sm\" href=\"https:\/\/thebestofporto.com\/pt\/blog\/\">\n\t\t\t\t\t\t<span class=\"elementor-button-content-wrapper\">\n\t\t\t\t\t\t\t\t\t<span class=\"elementor-button-text\">Ver todos os artigos<\/span>\n\t\t\t\t\t<\/span>\n\t\t\t\t\t<\/a>\n\t\t\t\t<\/div>\n\t\t\t\t\t\t\t\t<\/div>\n\t\t\t\t<\/div>\n\t\t\t\t\t<\/div>\n\t\t\t\t<\/div>\n\t\t\t\t<\/div>","protected":false},"excerpt":{"rendered":"<p>O Porto \u00e9 uma cidade rica em hist\u00f3ria e cultura, com uma cena art\u00edstica vibrante que atrai tanto<span class=\"excerpt-hellip\"> [\u2026]<\/span><\/p>","protected":false},"author":1,"featured_media":9804,"comment_status":"closed","ping_status":"closed","sticky":false,"template":"","format":"standard","meta":{"_acf_changed":false,"footnotes":""},"categories":[123],"tags":[],"filtros":[],"class_list":["post-4285","post","type-post","status-publish","format-standard","has-post-thumbnail","hentry","category-articles"],"acf":[],"yoast_head":"<!-- This site is optimized with the Yoast SEO plugin v26.7 - https:\/\/yoast.com\/wordpress\/plugins\/seo\/ -->\n<title>Arte e Cultura no Porto - The Best of Porto<\/title>\n<meta name=\"description\" content=\"Os espa\u00e7os mais imperd\u00edveis para os amantes de arte e cultura, na cidade do Porto.\" \/>\n<meta name=\"robots\" content=\"index, follow, max-snippet:-1, max-image-preview:large, max-video-preview:-1\" \/>\n<link rel=\"canonical\" href=\"https:\/\/thebestofporto.com\/pt\/arte-e-cultura-no-porto\/\" \/>\n<meta property=\"og:locale\" content=\"pt_PT\" \/>\n<meta property=\"og:type\" content=\"article\" \/>\n<meta property=\"og:title\" content=\"Arte e Cultura no Porto - The Best of Porto\" \/>\n<meta property=\"og:description\" content=\"Os espa\u00e7os mais imperd\u00edveis para os amantes de arte e cultura, na cidade do Porto.\" \/>\n<meta property=\"og:url\" content=\"https:\/\/thebestofporto.com\/pt\/arte-e-cultura-no-porto\/\" \/>\n<meta property=\"og:site_name\" content=\"The Best of Porto\" \/>\n<meta property=\"article:published_time\" content=\"2024-09-04T14:00:54+00:00\" \/>\n<meta property=\"article:modified_time\" content=\"2024-09-25T11:03:35+00:00\" \/>\n<meta property=\"og:image\" content=\"https:\/\/thebestofporto.com\/wp-content\/uploads\/2024\/09\/corte-08-1024x683.png\" \/>\n\t<meta property=\"og:image:width\" content=\"1024\" \/>\n\t<meta property=\"og:image:height\" content=\"683\" \/>\n\t<meta property=\"og:image:type\" content=\"image\/png\" \/>\n<meta name=\"author\" content=\"admin\" \/>\n<meta name=\"twitter:card\" content=\"summary_large_image\" \/>\n<meta name=\"twitter:label1\" content=\"Escrito por\" \/>\n\t<meta name=\"twitter:data1\" content=\"admin\" \/>\n\t<meta name=\"twitter:label2\" content=\"Tempo estimado de leitura\" \/>\n\t<meta name=\"twitter:data2\" content=\"6 minutos\" \/>\n<script type=\"application\/ld+json\" class=\"yoast-schema-graph\">{\"@context\":\"https:\/\/schema.org\",\"@graph\":[{\"@type\":\"Article\",\"@id\":\"https:\/\/thebestofporto.com\/arte-e-cultura-no-porto\/#article\",\"isPartOf\":{\"@id\":\"https:\/\/thebestofporto.com\/arte-e-cultura-no-porto\/\"},\"author\":{\"name\":\"admin\",\"@id\":\"https:\/\/thebestofporto.com\/#\/schema\/person\/04b3a2223d8527f0c6297ca6767266f7\"},\"headline\":\"Arte e Cultura no Porto\",\"datePublished\":\"2024-09-04T14:00:54+00:00\",\"dateModified\":\"2024-09-25T11:03:35+00:00\",\"mainEntityOfPage\":{\"@id\":\"https:\/\/thebestofporto.com\/arte-e-cultura-no-porto\/\"},\"wordCount\":730,\"publisher\":{\"@id\":\"https:\/\/thebestofporto.com\/#organization\"},\"image\":{\"@id\":\"https:\/\/thebestofporto.com\/arte-e-cultura-no-porto\/#primaryimage\"},\"thumbnailUrl\":\"https:\/\/thebestofporto.com\/wp-content\/uploads\/2024\/09\/corte-08.png\",\"articleSection\":[\"Articles\"],\"inLanguage\":\"pt-PT\"},{\"@type\":\"WebPage\",\"@id\":\"https:\/\/thebestofporto.com\/arte-e-cultura-no-porto\/\",\"url\":\"https:\/\/thebestofporto.com\/arte-e-cultura-no-porto\/\",\"name\":\"Arte e Cultura no Porto - The Best of Porto\",\"isPartOf\":{\"@id\":\"https:\/\/thebestofporto.com\/#website\"},\"primaryImageOfPage\":{\"@id\":\"https:\/\/thebestofporto.com\/arte-e-cultura-no-porto\/#primaryimage\"},\"image\":{\"@id\":\"https:\/\/thebestofporto.com\/arte-e-cultura-no-porto\/#primaryimage\"},\"thumbnailUrl\":\"https:\/\/thebestofporto.com\/wp-content\/uploads\/2024\/09\/corte-08.png\",\"datePublished\":\"2024-09-04T14:00:54+00:00\",\"dateModified\":\"2024-09-25T11:03:35+00:00\",\"description\":\"Os espa\u00e7os mais imperd\u00edveis para os amantes de arte e cultura, na cidade do Porto.\",\"breadcrumb\":{\"@id\":\"https:\/\/thebestofporto.com\/arte-e-cultura-no-porto\/#breadcrumb\"},\"inLanguage\":\"pt-PT\",\"potentialAction\":[{\"@type\":\"ReadAction\",\"target\":[\"https:\/\/thebestofporto.com\/arte-e-cultura-no-porto\/\"]}]},{\"@type\":\"ImageObject\",\"inLanguage\":\"pt-PT\",\"@id\":\"https:\/\/thebestofporto.com\/arte-e-cultura-no-porto\/#primaryimage\",\"url\":\"https:\/\/thebestofporto.com\/wp-content\/uploads\/2024\/09\/corte-08.png\",\"contentUrl\":\"https:\/\/thebestofporto.com\/wp-content\/uploads\/2024\/09\/corte-08.png\",\"width\":3303,\"height\":2202},{\"@type\":\"BreadcrumbList\",\"@id\":\"https:\/\/thebestofporto.com\/arte-e-cultura-no-porto\/#breadcrumb\",\"itemListElement\":[{\"@type\":\"ListItem\",\"position\":1,\"name\":\"In\u00edcio\",\"item\":\"https:\/\/thebestofporto.com\/\"},{\"@type\":\"ListItem\",\"position\":2,\"name\":\"Arte e Cultura no Porto\"}]},{\"@type\":\"WebSite\",\"@id\":\"https:\/\/thebestofporto.com\/#website\",\"url\":\"https:\/\/thebestofporto.com\/\",\"name\":\"The Best of Porto\",\"description\":\"\",\"publisher\":{\"@id\":\"https:\/\/thebestofporto.com\/#organization\"},\"potentialAction\":[{\"@type\":\"SearchAction\",\"target\":{\"@type\":\"EntryPoint\",\"urlTemplate\":\"https:\/\/thebestofporto.com\/?s={search_term_string}\"},\"query-input\":{\"@type\":\"PropertyValueSpecification\",\"valueRequired\":true,\"valueName\":\"search_term_string\"}}],\"inLanguage\":\"pt-PT\"},{\"@type\":\"Organization\",\"@id\":\"https:\/\/thebestofporto.com\/#organization\",\"name\":\"The Best of Porto\",\"url\":\"https:\/\/thebestofporto.com\/\",\"logo\":{\"@type\":\"ImageObject\",\"inLanguage\":\"pt-PT\",\"@id\":\"https:\/\/thebestofporto.com\/#\/schema\/logo\/image\/\",\"url\":\"https:\/\/thebestofporto.com\/wp-content\/uploads\/2024\/05\/logo.png\",\"contentUrl\":\"https:\/\/thebestofporto.com\/wp-content\/uploads\/2024\/05\/logo.png\",\"width\":5076,\"height\":1463,\"caption\":\"The Best of Porto\"},\"image\":{\"@id\":\"https:\/\/thebestofporto.com\/#\/schema\/logo\/image\/\"}},{\"@type\":\"Person\",\"@id\":\"https:\/\/thebestofporto.com\/#\/schema\/person\/04b3a2223d8527f0c6297ca6767266f7\",\"name\":\"admin\",\"image\":{\"@type\":\"ImageObject\",\"inLanguage\":\"pt-PT\",\"@id\":\"https:\/\/thebestofporto.com\/#\/schema\/person\/image\/\",\"url\":\"https:\/\/secure.gravatar.com\/avatar\/193e2977da320450cf56b1b093dd5b7286cdbaf6ad5201ab3cda69b78b13b458?s=96&d=mm&r=g\",\"contentUrl\":\"https:\/\/secure.gravatar.com\/avatar\/193e2977da320450cf56b1b093dd5b7286cdbaf6ad5201ab3cda69b78b13b458?s=96&d=mm&r=g\",\"caption\":\"admin\"},\"sameAs\":[\"https:\/\/thebestofporto.com\"],\"url\":\"https:\/\/thebestofporto.com\/pt\/author\/admin_l3zak26a\/\"}]}<\/script>\n<!-- \/ Yoast SEO plugin. -->","yoast_head_json":{"title":"Arte e Cultura no Porto - The Best of Porto","description":"Os espa\u00e7os mais imperd\u00edveis para os amantes de arte e cultura, na cidade do Porto.","robots":{"index":"index","follow":"follow","max-snippet":"max-snippet:-1","max-image-preview":"max-image-preview:large","max-video-preview":"max-video-preview:-1"},"canonical":"https:\/\/thebestofporto.com\/pt\/arte-e-cultura-no-porto\/","og_locale":"pt_PT","og_type":"article","og_title":"Arte e Cultura no Porto - The Best of Porto","og_description":"Os espa\u00e7os mais imperd\u00edveis para os amantes de arte e cultura, na cidade do Porto.","og_url":"https:\/\/thebestofporto.com\/pt\/arte-e-cultura-no-porto\/","og_site_name":"The Best of Porto","article_published_time":"2024-09-04T14:00:54+00:00","article_modified_time":"2024-09-25T11:03:35+00:00","og_image":[{"width":1024,"height":683,"url":"https:\/\/thebestofporto.com\/wp-content\/uploads\/2024\/09\/corte-08-1024x683.png","type":"image\/png"}],"author":"admin","twitter_card":"summary_large_image","twitter_misc":{"Escrito por":"admin","Tempo estimado de leitura":"6 minutos"},"schema":{"@context":"https:\/\/schema.org","@graph":[{"@type":"Article","@id":"https:\/\/thebestofporto.com\/arte-e-cultura-no-porto\/#article","isPartOf":{"@id":"https:\/\/thebestofporto.com\/arte-e-cultura-no-porto\/"},"author":{"name":"admin","@id":"https:\/\/thebestofporto.com\/#\/schema\/person\/04b3a2223d8527f0c6297ca6767266f7"},"headline":"Arte e Cultura no Porto","datePublished":"2024-09-04T14:00:54+00:00","dateModified":"2024-09-25T11:03:35+00:00","mainEntityOfPage":{"@id":"https:\/\/thebestofporto.com\/arte-e-cultura-no-porto\/"},"wordCount":730,"publisher":{"@id":"https:\/\/thebestofporto.com\/#organization"},"image":{"@id":"https:\/\/thebestofporto.com\/arte-e-cultura-no-porto\/#primaryimage"},"thumbnailUrl":"https:\/\/thebestofporto.com\/wp-content\/uploads\/2024\/09\/corte-08.png","articleSection":["Articles"],"inLanguage":"pt-PT"},{"@type":"WebPage","@id":"https:\/\/thebestofporto.com\/arte-e-cultura-no-porto\/","url":"https:\/\/thebestofporto.com\/arte-e-cultura-no-porto\/","name":"Arte e Cultura no Porto - The Best of Porto","isPartOf":{"@id":"https:\/\/thebestofporto.com\/#website"},"primaryImageOfPage":{"@id":"https:\/\/thebestofporto.com\/arte-e-cultura-no-porto\/#primaryimage"},"image":{"@id":"https:\/\/thebestofporto.com\/arte-e-cultura-no-porto\/#primaryimage"},"thumbnailUrl":"https:\/\/thebestofporto.com\/wp-content\/uploads\/2024\/09\/corte-08.png","datePublished":"2024-09-04T14:00:54+00:00","dateModified":"2024-09-25T11:03:35+00:00","description":"Os espa\u00e7os mais imperd\u00edveis para os amantes de arte e cultura, na cidade do Porto.","breadcrumb":{"@id":"https:\/\/thebestofporto.com\/arte-e-cultura-no-porto\/#breadcrumb"},"inLanguage":"pt-PT","potentialAction":[{"@type":"ReadAction","target":["https:\/\/thebestofporto.com\/arte-e-cultura-no-porto\/"]}]},{"@type":"ImageObject","inLanguage":"pt-PT","@id":"https:\/\/thebestofporto.com\/arte-e-cultura-no-porto\/#primaryimage","url":"https:\/\/thebestofporto.com\/wp-content\/uploads\/2024\/09\/corte-08.png","contentUrl":"https:\/\/thebestofporto.com\/wp-content\/uploads\/2024\/09\/corte-08.png","width":3303,"height":2202},{"@type":"BreadcrumbList","@id":"https:\/\/thebestofporto.com\/arte-e-cultura-no-porto\/#breadcrumb","itemListElement":[{"@type":"ListItem","position":1,"name":"In\u00edcio","item":"https:\/\/thebestofporto.com\/"},{"@type":"ListItem","position":2,"name":"Arte e Cultura no Porto"}]},{"@type":"WebSite","@id":"https:\/\/thebestofporto.com\/#website","url":"https:\/\/thebestofporto.com\/","name":"The Best of Porto","description":"","publisher":{"@id":"https:\/\/thebestofporto.com\/#organization"},"potentialAction":[{"@type":"SearchAction","target":{"@type":"EntryPoint","urlTemplate":"https:\/\/thebestofporto.com\/?s={search_term_string}"},"query-input":{"@type":"PropertyValueSpecification","valueRequired":true,"valueName":"search_term_string"}}],"inLanguage":"pt-PT"},{"@type":"Organization","@id":"https:\/\/thebestofporto.com\/#organization","name":"The Best of Porto","url":"https:\/\/thebestofporto.com\/","logo":{"@type":"ImageObject","inLanguage":"pt-PT","@id":"https:\/\/thebestofporto.com\/#\/schema\/logo\/image\/","url":"https:\/\/thebestofporto.com\/wp-content\/uploads\/2024\/05\/logo.png","contentUrl":"https:\/\/thebestofporto.com\/wp-content\/uploads\/2024\/05\/logo.png","width":5076,"height":1463,"caption":"The Best of Porto"},"image":{"@id":"https:\/\/thebestofporto.com\/#\/schema\/logo\/image\/"}},{"@type":"Person","@id":"https:\/\/thebestofporto.com\/#\/schema\/person\/04b3a2223d8527f0c6297ca6767266f7","name":"admin","image":{"@type":"ImageObject","inLanguage":"pt-PT","@id":"https:\/\/thebestofporto.com\/#\/schema\/person\/image\/","url":"https:\/\/secure.gravatar.com\/avatar\/193e2977da320450cf56b1b093dd5b7286cdbaf6ad5201ab3cda69b78b13b458?s=96&d=mm&r=g","contentUrl":"https:\/\/secure.gravatar.com\/avatar\/193e2977da320450cf56b1b093dd5b7286cdbaf6ad5201ab3cda69b78b13b458?s=96&d=mm&r=g","caption":"admin"},"sameAs":["https:\/\/thebestofporto.com"],"url":"https:\/\/thebestofporto.com\/pt\/author\/admin_l3zak26a\/"}]}},"_links":{"self":[{"href":"https:\/\/thebestofporto.com\/pt\/wp-json\/wp\/v2\/posts\/4285","targetHints":{"allow":["GET"]}}],"collection":[{"href":"https:\/\/thebestofporto.com\/pt\/wp-json\/wp\/v2\/posts"}],"about":[{"href":"https:\/\/thebestofporto.com\/pt\/wp-json\/wp\/v2\/types\/post"}],"author":[{"embeddable":true,"href":"https:\/\/thebestofporto.com\/pt\/wp-json\/wp\/v2\/users\/1"}],"replies":[{"embeddable":true,"href":"https:\/\/thebestofporto.com\/pt\/wp-json\/wp\/v2\/comments?post=4285"}],"version-history":[{"count":22,"href":"https:\/\/thebestofporto.com\/pt\/wp-json\/wp\/v2\/posts\/4285\/revisions"}],"predecessor-version":[{"id":9833,"href":"https:\/\/thebestofporto.com\/pt\/wp-json\/wp\/v2\/posts\/4285\/revisions\/9833"}],"wp:featuredmedia":[{"embeddable":true,"href":"https:\/\/thebestofporto.com\/pt\/wp-json\/wp\/v2\/media\/9804"}],"wp:attachment":[{"href":"https:\/\/thebestofporto.com\/pt\/wp-json\/wp\/v2\/media?parent=4285"}],"wp:term":[{"taxonomy":"category","embeddable":true,"href":"https:\/\/thebestofporto.com\/pt\/wp-json\/wp\/v2\/categories?post=4285"},{"taxonomy":"post_tag","embeddable":true,"href":"https:\/\/thebestofporto.com\/pt\/wp-json\/wp\/v2\/tags?post=4285"},{"taxonomy":"filtros","embeddable":true,"href":"https:\/\/thebestofporto.com\/pt\/wp-json\/wp\/v2\/filtros?post=4285"}],"curies":[{"name":"wp","href":"https:\/\/api.w.org\/{rel}","templated":true}]}}