{"id":6566,"date":"2025-07-30T11:00:09","date_gmt":"2025-07-30T11:00:09","guid":{"rendered":"https:\/\/wanderaway.qodeinteractive.com\/?p=6566"},"modified":"2026-01-20T11:53:29","modified_gmt":"2026-01-20T11:53:29","slug":"top-7-porto-gardens","status":"publish","type":"post","link":"https:\/\/thebestofporto.com\/pt\/top-7-porto-gardens\/","title":{"rendered":"TOP 7 Porto Gardens"},"content":{"rendered":"<div data-elementor-type=\"wp-post\" data-elementor-id=\"6566\" class=\"elementor elementor-6566\">\n\t\t\t\t<div class=\"elementor-element elementor-element-c7e85c9 e-flex e-con-boxed e-con e-parent\" data-id=\"c7e85c9\" data-element_type=\"container\">\n\t\t\t\t\t<div class=\"e-con-inner\">\n\t\t\t\t<div class=\"elementor-element elementor-element-0df2c9a elementor-widget elementor-widget-text-editor\" data-id=\"0df2c9a\" data-element_type=\"widget\" data-widget_type=\"text-editor.default\">\n\t\t\t\t<div class=\"elementor-widget-container\">\n\t\t\t\t\t\t\t\t\t<p dir=\"ltr\" style=\"line-height: 1.38; text-align: justify; margin-top: 12pt; margin-bottom: 12pt;\"><span style=\"font-size: 11pt; font-family: 'Century Gothic',sans-serif; color: #000000; background-color: transparent; font-weight: 400; font-style: normal; font-variant: normal; text-decoration: none; vertical-align: baseline; white-space: pre-wrap;\">Passear, fazer piqueniques, correr, passear os c\u00e3es, relaxar, ler, escrever\u2026 s\u00e3o v\u00e1rios os motivos que o podem levar a um dos jardins do Porto. Aqui est\u00e3o as nossas sugest\u00f5es! Aproveite o ver\u00e3o para os visitar.<\/span><\/p><p dir=\"ltr\" style=\"line-height: 1.38; text-align: justify; margin-top: 12pt; margin-bottom: 12pt;\"><span style=\"font-size: 11pt; font-family: 'Century Gothic',sans-serif; color: #000000; background-color: transparent; font-weight: bold; font-style: normal; font-variant: normal; text-decoration: none; vertical-align: baseline; white-space: pre-wrap;\">Parque da Cidade<\/span><\/p><p dir=\"ltr\" style=\"line-height: 1.38; text-align: justify; margin-top: 12pt; margin-bottom: 12pt;\"><span style=\"font-size: 11pt; font-family: 'Century Gothic',sans-serif; color: #000000; background-color: transparent; font-weight: 400; font-style: normal; font-variant: normal; text-decoration: none; vertical-align: baseline; white-space: pre-wrap;\">H\u00e1 quem lhe chame \u201co pulm\u00e3o da cidade do Porto\u201d pelos seus 83 hectares, que o torna o maior parque urbano do pa\u00eds e o jardim com maior concentra\u00e7\u00e3o de natureza da cidade.<\/span><\/p><p dir=\"ltr\" style=\"line-height: 1.38; text-align: justify; margin-top: 12pt; margin-bottom: 12pt;\"><span style=\"font-size: 11pt; font-family: 'Century Gothic',sans-serif; color: #000000; background-color: transparent; font-weight: 400; font-style: normal; font-variant: normal; text-decoration: none; vertical-align: baseline; white-space: pre-wrap;\">O jardim do <span style=\"text-decoration: underline; color: #d68d45;\"><a style=\"color: #d68d45; text-decoration: underline;\" href=\"https:\/\/goaway.pt\/en\/hotel\/parque-da-cidade-do-porto\">Parque da Cidade<\/a><\/span> estende-se desde a avenida da Boavista at\u00e9 ao Oceano Atl\u00e2ntico devido \u00e0 sua liga\u00e7\u00e3o \u00e0 praia, uma caracter\u00edstica rara a n\u00edvel mundial. S\u00e3o 11km de longos caminhos, lagos, \u00e1reas de piquenique e uma grande variedade de fauna e flora &#8211; um destino de elei\u00e7\u00e3o para a pr\u00e1tica de desporto, passeios de bicicleta ou caminhadas pelos trilhos.<\/span><\/p><p dir=\"ltr\" style=\"line-height: 1.38; text-align: justify; margin-top: 12pt; margin-bottom: 12pt;\"><span style=\"font-size: 11pt; font-family: 'Century Gothic',sans-serif; color: #000000; background-color: transparent; font-weight: 400; font-style: normal; font-variant: normal; text-decoration: none; vertical-align: baseline; white-space: pre-wrap;\">O parque acomoda alguns restaurantes e caf\u00e9s. \u00c9 o jardim perfeito para um momento em fam\u00edlia e amigos quando se procura um pouco de ar puro e um ambiente tranquilo cercado de natureza.<\/span><\/p><p dir=\"ltr\">\u00a0<\/p>\t\t\t\t\t\t\t\t<\/div>\n\t\t\t\t<\/div>\n\t\t\t\t\t<\/div>\n\t\t\t\t<\/div>\n\t\t<div class=\"elementor-element elementor-element-44a45a4 e-flex e-con-boxed e-con e-parent\" data-id=\"44a45a4\" data-element_type=\"container\">\n\t\t\t\t\t<div class=\"e-con-inner\">\n\t\t\t\t<div class=\"elementor-element elementor-element-a44b90c elementor-widget elementor-widget-text-editor\" data-id=\"a44b90c\" data-element_type=\"widget\" data-widget_type=\"text-editor.default\">\n\t\t\t\t<div class=\"elementor-widget-container\">\n\t\t\t\t\t\t\t\t\t<p style=\"text-align: left;\"><span id=\"docs-internal-guid-7e076831-7fff-20c4-2368-5f4b62fd4915\"><span style=\"font-size: 11pt; font-family: 'Century Gothic', sans-serif; color: #000000; font-weight: bold; font-variant-numeric: normal; font-variant-east-asian: normal; font-variant-alternates: normal; font-variant-position: normal; white-space-collapse: preserve;\">Jardim do Morro<\/span><\/span><\/p><p dir=\"ltr\" style=\"line-height: 1.38; text-align: justify; margin-top: 12pt; margin-bottom: 12pt;\"><span style=\"font-size: 11pt; font-family: 'Century Gothic',sans-serif; color: #000000; background-color: transparent; font-weight: 400; font-style: normal; font-variant: normal; text-decoration: none; vertical-align: baseline; white-space: pre-wrap;\">N\u00e3o podemos comparar o tamanho deste jardim com o Parque da cidade ou com o Jardim Bot\u00e2nico do Porto. Aqui, o que chama \u00e0 aten\u00e7\u00e3o \u00e9 a vista panor\u00e2mica e a <\/span><span style=\"font-size: 11pt; font-family: 'Century Gothic',sans-serif; color: #000000; background-color: transparent; font-weight: 400; font-style: italic; font-variant: normal; text-decoration: none; vertical-align: baseline; white-space: pre-wrap;\">vibe<\/span><span style=\"font-size: 11pt; font-family: 'Century Gothic',sans-serif; color: #000000; background-color: transparent; font-weight: 400; font-style: normal; font-variant: normal; text-decoration: none; vertical-align: baseline; white-space: pre-wrap;\"> que transmite.<\/span><\/p><p dir=\"ltr\" style=\"line-height: 1.38; text-align: justify; margin-top: 12pt; margin-bottom: 12pt;\"><span style=\"font-size: 11pt; font-family: 'Century Gothic',sans-serif; color: #000000; background-color: transparent; font-weight: 400; font-style: normal; font-variant: normal; text-decoration: none; vertical-align: baseline; white-space: pre-wrap;\">Situa-se ao lado da Ponte D. Lu\u00eds I, do lado de Gaia, numa das zonas mais tur\u00edsticas da cidade e digamos que \u00e9 um pequeno jardim com uma grande vista sobre a Ribeira e a Ponte da Arr\u00e1bida.<\/span><\/p><p dir=\"ltr\" style=\"line-height: 1.38; text-align: justify; margin-top: 12pt; margin-bottom: 12pt;\"><span style=\"font-size: 11pt; font-family: 'Century Gothic',sans-serif; color: #000000; background-color: transparent; font-weight: 400; font-style: normal; font-variant: normal; text-decoration: none; vertical-align: baseline; white-space: pre-wrap;\">\u00c9 o local ideal para relaxar e apreciar a paisagem ao som de m\u00fasica ambiente. Leve uma toalha e uma boa companhia!<\/span><\/p>\t\t\t\t\t\t\t\t<\/div>\n\t\t\t\t<\/div>\n\t\t\t\t<div class=\"elementor-element elementor-element-639fe35 elementor-widget elementor-widget-text-editor\" data-id=\"639fe35\" data-element_type=\"widget\" data-widget_type=\"text-editor.default\">\n\t\t\t\t<div class=\"elementor-widget-container\">\n\t\t\t\t\t\t\t\t\t<p dir=\"ltr\" style=\"line-height: 1.38; text-align: justify; margin-top: 12pt; margin-bottom: 12pt;\"><span style=\"font-size: 11pt; font-family: 'Century Gothic',sans-serif; color: #000000; background-color: transparent; font-weight: bold; font-style: normal; font-variant: normal; text-decoration: none; vertical-align: baseline; white-space: pre-wrap;\">Parque de Serralves<\/span><\/p><p dir=\"ltr\" style=\"line-height: 1.38; text-align: justify; margin-top: 12pt; margin-bottom: 12pt;\"><span style=\"font-size: 11pt; font-family: 'Century Gothic',sans-serif; color: #000000; background-color: transparent; font-weight: 400; font-style: normal; font-variant: normal; text-decoration: none; vertical-align: baseline; white-space: pre-wrap;\">O <span style=\"text-decoration: underline; color: #d68d45;\"><a style=\"color: #d68d45; text-decoration: underline;\" href=\"https:\/\/www.serralves.pt\/\">parque de Serralves<\/a><\/span> engloba a Casa de Serralves, um dos espa\u00e7os culturais mais famosos do pa\u00eds, e o Museu de arte contempor\u00e2nea, o maior exemplo de Art D\u00e9co em Portugal, desenhado pelo arquiteto Siza Vieira.<\/span><\/p><p dir=\"ltr\" style=\"line-height: 1.38; text-align: justify; margin-top: 12pt; margin-bottom: 12pt;\"><span style=\"font-size: 11pt; font-family: 'Century Gothic',sans-serif; color: #000000; background-color: transparent; font-weight: 400; font-style: normal; font-variant: normal; text-decoration: none; vertical-align: baseline; white-space: pre-wrap;\">Repletos de esculturas e uma fauna e flora diversa, os jardins s\u00e3o conhecidos pela sua exuber\u00e2ncia e cuidado minucioso. Imperd\u00edvel para os amantes de arte, \u00e9 tamb\u00e9m ideal para um dia em fam\u00edlia devido \u00e0 experi\u00eancia completa que proporciona.<\/span><\/p>\t\t\t\t\t\t\t\t<\/div>\n\t\t\t\t<\/div>\n\t\t\t\t<div class=\"elementor-element elementor-element-a4f93a6 elementor-widget elementor-widget-text-editor\" data-id=\"a4f93a6\" data-element_type=\"widget\" data-widget_type=\"text-editor.default\">\n\t\t\t\t<div class=\"elementor-widget-container\">\n\t\t\t\t\t\t\t\t\t<p dir=\"ltr\" style=\"line-height: 1.38; text-align: justify; margin-top: 12pt; margin-bottom: 12pt;\"><span style=\"font-size: 11pt; font-family: 'Century Gothic',sans-serif; color: #000000; background-color: transparent; font-weight: bold; font-style: normal; font-variant: normal; text-decoration: none; vertical-align: baseline; white-space: pre-wrap;\">Jardim das Virtudes<\/span><\/p><p dir=\"ltr\" style=\"line-height: 1.38; text-align: justify; margin-top: 12pt; margin-bottom: 12pt;\"><span style=\"font-size: 11pt; font-family: 'Century Gothic',sans-serif; color: #000000; background-color: transparent; font-weight: 400; font-style: normal; font-variant: normal; text-decoration: none; vertical-align: baseline; white-space: pre-wrap;\">Perto do centro hist\u00f3rico, mas longe o suficiente da agita\u00e7\u00e3o, esta \u00e9 uma verdadeira virtude da cidade do Porto.<\/span><\/p><p dir=\"ltr\" style=\"line-height: 1.38; text-align: justify; margin-top: 12pt; margin-bottom: 12pt;\"><span style=\"font-size: 11pt; font-family: 'Century Gothic',sans-serif; color: #000000; background-color: transparent; font-weight: 400; font-style: normal; font-variant: normal; text-decoration: none; vertical-align: baseline; white-space: pre-wrap;\">\u00c9 um dos recantos que passa despercebido a muitos habitantes, mas possui um detalhe \u00fanico que o distingue: \u00e9 um jardim vertical, ou seja, desenvolve-se em socalcos, que criam um jardim de diferentes n\u00edveis, cada um com uma vista \u00edmpar sobre o rio Douro, a Alf\u00e2ndega e Gaia.\u00a0<\/span><\/p>\t\t\t\t\t\t\t\t<\/div>\n\t\t\t\t<\/div>\n\t\t\t\t<div class=\"elementor-element elementor-element-ffacecf elementor-widget elementor-widget-text-editor\" data-id=\"ffacecf\" data-element_type=\"widget\" data-widget_type=\"text-editor.default\">\n\t\t\t\t<div class=\"elementor-widget-container\">\n\t\t\t\t\t\t\t\t\t<p dir=\"ltr\" style=\"line-height: 1.38; text-align: justify; margin-top: 12pt; margin-bottom: 12pt;\"><span style=\"font-size: 11pt; font-family: 'Century Gothic',sans-serif; color: #000000; background-color: transparent; font-weight: bold; font-style: normal; font-variant: normal; text-decoration: none; vertical-align: baseline; white-space: pre-wrap;\">Jardins do Pal\u00e1cio de Cristal<\/span><\/p><p dir=\"ltr\" style=\"line-height: 1.38; text-align: justify; margin-top: 12pt; margin-bottom: 12pt;\"><span style=\"font-size: 11pt; font-family: 'Century Gothic',sans-serif; color: #000000; background-color: transparent; font-weight: 400; font-style: normal; font-variant: normal; text-decoration: none; vertical-align: baseline; white-space: pre-wrap;\">O <span style=\"text-decoration: underline; color: #d68e47;\"><a style=\"color: #d68e47; text-decoration: underline;\" href=\"https:\/\/ambiente.cm-porto.pt\/parques-e-jardins\/jardins-do-palacio-de-cristal\">Jardim do Pal\u00e1cio de Cristal<\/a><\/span> n\u00e3o \u00e9 s\u00f3 um dos jardins mais conhecidos do Porto, como um dos spots favoritos dos portuenses.<\/span><\/p><p dir=\"ltr\" style=\"line-height: 1.38; text-align: justify; margin-top: 12pt; margin-bottom: 12pt;\"><span style=\"font-size: 11pt; font-family: 'Century Gothic',sans-serif; color: #000000; background-color: transparent; font-weight: 400; font-style: normal; font-variant: normal; text-decoration: none; vertical-align: baseline; white-space: pre-wrap;\">Al\u00e9m da vista privilegiada para a Invicta que atrai turistas e locais, pode contemplar as bonitas fontes e est\u00e1tuas espalhadas pelos seus oito hectares e passear por v\u00e1rios espa\u00e7os tem\u00e1ticos, como o jardim das plantas arom\u00e1ticas, o das plantas medicinais, o jardim dos sentimentos, o jardim das rosas ou o bosque.\u00a0<\/span><\/p><p dir=\"ltr\" style=\"line-height: 1.38; text-align: justify; margin-top: 12pt; margin-bottom: 12pt;\"><span style=\"font-size: 11pt; font-family: 'Century Gothic',sans-serif; color: #000000; background-color: transparent; font-weight: 400; font-style: normal; font-variant: normal; text-decoration: none; vertical-align: baseline; white-space: pre-wrap;\">Se visitar estes jardins, d\u00ea uma vista de olhos \u00e0 programa\u00e7\u00e3o do Super Bock Arena, a sala de espet\u00e1culos dentro do recinto, e veja se lhe agrada!<\/span><\/p><p dir=\"ltr\">\u00a0<\/p>\t\t\t\t\t\t\t\t<\/div>\n\t\t\t\t<\/div>\n\t\t\t\t<div class=\"elementor-element elementor-element-9a6c0bf elementor-widget elementor-widget-text-editor\" data-id=\"9a6c0bf\" data-element_type=\"widget\" data-widget_type=\"text-editor.default\">\n\t\t\t\t<div class=\"elementor-widget-container\">\n\t\t\t\t\t\t\t\t\t<p dir=\"ltr\" style=\"line-height: 1.38; text-align: justify; margin-top: 12pt; margin-bottom: 12pt;\"><span style=\"font-size: 11pt; font-family: 'Century Gothic', sans-serif; color: #000000; font-weight: bold; font-variant-numeric: normal; font-variant-east-asian: normal; font-variant-alternates: normal; font-variant-position: normal; white-space-collapse: preserve;\">Jardim Bot\u00e2nico do Porto<\/span><\/p><p dir=\"ltr\" style=\"line-height: 1.38; text-align: justify; margin-top: 12pt; margin-bottom: 12pt;\"><span style=\"font-size: 11pt; font-family: 'Century Gothic',sans-serif; color: #000000; background-color: transparent; font-weight: 400; font-style: normal; font-variant: normal; text-decoration: none; vertical-align: baseline; white-space: pre-wrap;\">Um para\u00edso escondido no cora\u00e7\u00e3o da cidade que une natureza, hist\u00f3ria e beleza! Conhecido por ter pertencido \u00e0 fam\u00edlia Andresen, onde a escritora Sophia de Mello Breyner Andresen inspirou algumas das suas obras.<\/span><\/p><p dir=\"ltr\" style=\"line-height: 1.38; text-align: justify; margin-top: 12pt; margin-bottom: 12pt;\"><span style=\"font-size: 11pt; font-family: 'Century Gothic',sans-serif; color: #000000; background-color: transparent; font-weight: 400; font-style: normal; font-variant: normal; text-decoration: none; vertical-align: baseline; white-space: pre-wrap;\">O <span style=\"text-decoration: underline; color: #d68d45;\"><a style=\"color: #d68d45; text-decoration: underline;\" href=\"https:\/\/mhnc.up.pt\/jardim-botanico-do-porto\/\">jardim Bot\u00e2nico do Porto<\/a><\/span> chama a aten\u00e7\u00e3o pelas suas tr\u00eas partes distintas: o Roseiral, o Jardim dos Jotas e o Jardim do Peixe, separados por sebes de cam\u00e9lias, e pela presen\u00e7a da Galeria da Biodiversidade do Museu de Hist\u00f3ria Natural e da Ci\u00eancia da Universidade do Porto. Lagos, estufas, cactos, plantas suculentas e tropicais, \u00e1rvores centen\u00e1rias e variadas esp\u00e9cies vegetais raras integram e vivem tamb\u00e9m nos 4 hectares do Jardim Bot\u00e2nico. \u00c9 uma verdadeira imers\u00e3o na natureza.<\/span><\/p><p dir=\"ltr\">\u00a0<\/p>\t\t\t\t\t\t\t\t<\/div>\n\t\t\t\t<\/div>\n\t\t\t\t<div class=\"elementor-element elementor-element-cfb08a1 elementor-widget elementor-widget-text-editor\" data-id=\"cfb08a1\" data-element_type=\"widget\" data-widget_type=\"text-editor.default\">\n\t\t\t\t<div class=\"elementor-widget-container\">\n\t\t\t\t\t\t\t\t\t<p dir=\"ltr\" style=\"line-height: 1.38; text-align: justify; margin-top: 12pt; margin-bottom: 12pt;\"><span style=\"font-size: 11pt; font-family: 'Century Gothic', sans-serif; color: #000000; font-weight: bold; font-variant-numeric: normal; font-variant-east-asian: normal; font-variant-alternates: normal; font-variant-position: normal; white-space-collapse: preserve;\">Jardim do Passeio Alegre<\/span><\/p><p dir=\"ltr\" style=\"line-height: 1.38; text-align: justify; margin-top: 12pt; margin-bottom: 12pt;\"><span style=\"font-size: 11pt; font-family: 'Century Gothic',sans-serif; color: #000000; background-color: transparent; font-weight: 400; font-style: normal; font-variant: normal; text-decoration: none; vertical-align: baseline; white-space: pre-wrap;\">O nome fala por si. Cercado pelas \u00e1guas do rio Douro e altas palmeiras, \u00e9 um dos jardins mais rom\u00e2nticos e famosos da Invicta.<\/span><\/p><p dir=\"ltr\" style=\"line-height: 1.38; text-align: justify; margin-top: 12pt; margin-bottom: 12pt;\"><span style=\"font-size: 11pt; font-family: 'Century Gothic',sans-serif; color: #000000; background-color: transparent; font-weight: 400; font-style: normal; font-variant: normal; text-decoration: none; vertical-align: baseline; white-space: pre-wrap;\">Na Foz do Douro, a beleza deste jardim abriga o Clube de Minigolf do Porto, um chafariz, o Chalet Sui\u0301c\u0327o e o Coreto Alegre, onde h\u00e1 m\u00fasica aos domingos. <\/span><\/p><p dir=\"ltr\">\u00a0<\/p>\t\t\t\t\t\t\t\t<\/div>\n\t\t\t\t<\/div>\n\t\t\t\t<div class=\"elementor-element elementor-element-b92cd22 elementor-widget elementor-widget-spacer\" data-id=\"b92cd22\" data-element_type=\"widget\" data-widget_type=\"spacer.default\">\n\t\t\t\t<div class=\"elementor-widget-container\">\n\t\t\t\t\t\t\t<div class=\"elementor-spacer\">\n\t\t\t<div class=\"elementor-spacer-inner\"><\/div>\n\t\t<\/div>\n\t\t\t\t\t\t<\/div>\n\t\t\t\t<\/div>\n\t\t\t\t\t<\/div>\n\t\t\t\t<\/div>\n\t\t<div class=\"elementor-element elementor-element-e62a517 e-flex e-con-boxed e-con e-parent\" data-id=\"e62a517\" data-element_type=\"container\">\n\t\t\t\t\t<div class=\"e-con-inner\">\n\t\t\t\t<div class=\"elementor-element elementor-element-e82b6d1 elementor-align-center elementor-widget elementor-widget-button\" data-id=\"e82b6d1\" data-element_type=\"widget\" data-widget_type=\"button.default\">\n\t\t\t\t<div class=\"elementor-widget-container\">\n\t\t\t\t\t\t\t\t\t<div class=\"elementor-button-wrapper\">\n\t\t\t\t\t<a class=\"elementor-button elementor-button-link elementor-size-sm\" href=\"https:\/\/thebestofporto.com\/pt\/blog\/\">\n\t\t\t\t\t\t<span class=\"elementor-button-content-wrapper\">\n\t\t\t\t\t\t\t\t\t<span class=\"elementor-button-text\">Ver todos os artigos<\/span>\n\t\t\t\t\t<\/span>\n\t\t\t\t\t<\/a>\n\t\t\t\t<\/div>\n\t\t\t\t\t\t\t\t<\/div>\n\t\t\t\t<\/div>\n\t\t\t\t\t<\/div>\n\t\t\t\t<\/div>\n\t\t<div class=\"elementor-element elementor-element-5efce26 e-flex e-con-boxed e-con e-parent\" data-id=\"5efce26\" data-element_type=\"container\">\n\t\t\t\t\t<div class=\"e-con-inner\">\n\t\t\t\t\t<\/div>\n\t\t\t\t<\/div>\n\t\t\t\t<\/div>","protected":false},"excerpt":{"rendered":"<p>Passear, fazer piqueniques, correr, passear os c\u00e3es, relaxar, ler, escrever\u2026 s\u00e3o v\u00e1rios os motivos que o podem levar<span class=\"excerpt-hellip\"> [\u2026]<\/span><\/p>","protected":false},"author":1,"featured_media":10997,"comment_status":"closed","ping_status":"closed","sticky":false,"template":"","format":"standard","meta":{"_acf_changed":false,"footnotes":""},"categories":[123],"tags":[138],"filtros":[],"class_list":["post-6566","post","type-post","status-publish","format-standard","has-post-thumbnail","hentry","category-articles","tag-gardens"],"acf":[],"yoast_head":"<!-- This site is optimized with the Yoast SEO plugin v26.7 - https:\/\/yoast.com\/wordpress\/plugins\/seo\/ -->\n<title>TOP 7 Porto Gardens - The Best of Porto<\/title>\n<meta name=\"description\" content=\"Os sete jardins que n\u00e3o vai querer perder, no Porto! Entre eles est\u00e1 um jardim bot\u00e2nico e um com esculturas, descobre-os aqui.\" \/>\n<meta name=\"robots\" content=\"index, follow, max-snippet:-1, max-image-preview:large, max-video-preview:-1\" \/>\n<link rel=\"canonical\" href=\"https:\/\/thebestofporto.com\/pt\/top-7-porto-gardens\/\" \/>\n<meta property=\"og:locale\" content=\"pt_PT\" \/>\n<meta property=\"og:type\" content=\"article\" \/>\n<meta property=\"og:title\" content=\"TOP 7 Porto Gardens - The Best of Porto\" \/>\n<meta property=\"og:description\" content=\"Os sete jardins que n\u00e3o vai querer perder, no Porto! Entre eles est\u00e1 um jardim bot\u00e2nico e um com esculturas, descobre-os aqui.\" \/>\n<meta property=\"og:url\" content=\"https:\/\/thebestofporto.com\/pt\/top-7-porto-gardens\/\" \/>\n<meta property=\"og:site_name\" content=\"The Best of Porto\" \/>\n<meta property=\"article:published_time\" content=\"2025-07-30T11:00:09+00:00\" \/>\n<meta property=\"article:modified_time\" content=\"2026-01-20T11:53:29+00:00\" \/>\n<meta property=\"og:image\" content=\"https:\/\/thebestofporto.com\/wp-content\/uploads\/2025\/07\/artigos-04-1024x819.png\" \/>\n\t<meta property=\"og:image:width\" content=\"1024\" \/>\n\t<meta property=\"og:image:height\" content=\"819\" \/>\n\t<meta property=\"og:image:type\" content=\"image\/png\" \/>\n<meta name=\"author\" content=\"admin\" \/>\n<meta name=\"twitter:card\" content=\"summary_large_image\" \/>\n<meta name=\"twitter:label1\" content=\"Escrito por\" \/>\n\t<meta name=\"twitter:data1\" content=\"admin\" \/>\n\t<meta name=\"twitter:label2\" content=\"Tempo estimado de leitura\" \/>\n\t<meta name=\"twitter:data2\" content=\"6 minutos\" \/>\n<script type=\"application\/ld+json\" class=\"yoast-schema-graph\">{\"@context\":\"https:\/\/schema.org\",\"@graph\":[{\"@type\":\"Article\",\"@id\":\"https:\/\/thebestofporto.com\/top-7-porto-gardens\/#article\",\"isPartOf\":{\"@id\":\"https:\/\/thebestofporto.com\/top-7-porto-gardens\/\"},\"author\":{\"name\":\"admin\",\"@id\":\"https:\/\/thebestofporto.com\/#\/schema\/person\/04b3a2223d8527f0c6297ca6767266f7\"},\"headline\":\"TOP 7 Porto Gardens\",\"datePublished\":\"2025-07-30T11:00:09+00:00\",\"dateModified\":\"2026-01-20T11:53:29+00:00\",\"mainEntityOfPage\":{\"@id\":\"https:\/\/thebestofporto.com\/top-7-porto-gardens\/\"},\"wordCount\":749,\"publisher\":{\"@id\":\"https:\/\/thebestofporto.com\/#organization\"},\"image\":{\"@id\":\"https:\/\/thebestofporto.com\/top-7-porto-gardens\/#primaryimage\"},\"thumbnailUrl\":\"https:\/\/thebestofporto.com\/wp-content\/uploads\/2025\/07\/artigos-04-scaled.png\",\"keywords\":[\"Gardens\"],\"articleSection\":[\"Articles\"],\"inLanguage\":\"pt-PT\"},{\"@type\":\"WebPage\",\"@id\":\"https:\/\/thebestofporto.com\/top-7-porto-gardens\/\",\"url\":\"https:\/\/thebestofporto.com\/top-7-porto-gardens\/\",\"name\":\"TOP 7 Porto Gardens - The Best of Porto\",\"isPartOf\":{\"@id\":\"https:\/\/thebestofporto.com\/#website\"},\"primaryImageOfPage\":{\"@id\":\"https:\/\/thebestofporto.com\/top-7-porto-gardens\/#primaryimage\"},\"image\":{\"@id\":\"https:\/\/thebestofporto.com\/top-7-porto-gardens\/#primaryimage\"},\"thumbnailUrl\":\"https:\/\/thebestofporto.com\/wp-content\/uploads\/2025\/07\/artigos-04-scaled.png\",\"datePublished\":\"2025-07-30T11:00:09+00:00\",\"dateModified\":\"2026-01-20T11:53:29+00:00\",\"description\":\"Os sete jardins que n\u00e3o vai querer perder, no Porto! Entre eles est\u00e1 um jardim bot\u00e2nico e um com esculturas, descobre-os aqui.\",\"breadcrumb\":{\"@id\":\"https:\/\/thebestofporto.com\/top-7-porto-gardens\/#breadcrumb\"},\"inLanguage\":\"pt-PT\",\"potentialAction\":[{\"@type\":\"ReadAction\",\"target\":[\"https:\/\/thebestofporto.com\/top-7-porto-gardens\/\"]}]},{\"@type\":\"ImageObject\",\"inLanguage\":\"pt-PT\",\"@id\":\"https:\/\/thebestofporto.com\/top-7-porto-gardens\/#primaryimage\",\"url\":\"https:\/\/thebestofporto.com\/wp-content\/uploads\/2025\/07\/artigos-04-scaled.png\",\"contentUrl\":\"https:\/\/thebestofporto.com\/wp-content\/uploads\/2025\/07\/artigos-04-scaled.png\",\"width\":2560,\"height\":2048},{\"@type\":\"BreadcrumbList\",\"@id\":\"https:\/\/thebestofporto.com\/top-7-porto-gardens\/#breadcrumb\",\"itemListElement\":[{\"@type\":\"ListItem\",\"position\":1,\"name\":\"In\u00edcio\",\"item\":\"https:\/\/thebestofporto.com\/\"},{\"@type\":\"ListItem\",\"position\":2,\"name\":\"TOP 7 Porto Gardens\"}]},{\"@type\":\"WebSite\",\"@id\":\"https:\/\/thebestofporto.com\/#website\",\"url\":\"https:\/\/thebestofporto.com\/\",\"name\":\"The Best of Porto\",\"description\":\"\",\"publisher\":{\"@id\":\"https:\/\/thebestofporto.com\/#organization\"},\"potentialAction\":[{\"@type\":\"SearchAction\",\"target\":{\"@type\":\"EntryPoint\",\"urlTemplate\":\"https:\/\/thebestofporto.com\/?s={search_term_string}\"},\"query-input\":{\"@type\":\"PropertyValueSpecification\",\"valueRequired\":true,\"valueName\":\"search_term_string\"}}],\"inLanguage\":\"pt-PT\"},{\"@type\":\"Organization\",\"@id\":\"https:\/\/thebestofporto.com\/#organization\",\"name\":\"The Best of Porto\",\"url\":\"https:\/\/thebestofporto.com\/\",\"logo\":{\"@type\":\"ImageObject\",\"inLanguage\":\"pt-PT\",\"@id\":\"https:\/\/thebestofporto.com\/#\/schema\/logo\/image\/\",\"url\":\"https:\/\/thebestofporto.com\/wp-content\/uploads\/2024\/05\/logo.png\",\"contentUrl\":\"https:\/\/thebestofporto.com\/wp-content\/uploads\/2024\/05\/logo.png\",\"width\":5076,\"height\":1463,\"caption\":\"The Best of Porto\"},\"image\":{\"@id\":\"https:\/\/thebestofporto.com\/#\/schema\/logo\/image\/\"}},{\"@type\":\"Person\",\"@id\":\"https:\/\/thebestofporto.com\/#\/schema\/person\/04b3a2223d8527f0c6297ca6767266f7\",\"name\":\"admin\",\"image\":{\"@type\":\"ImageObject\",\"inLanguage\":\"pt-PT\",\"@id\":\"https:\/\/thebestofporto.com\/#\/schema\/person\/image\/\",\"url\":\"https:\/\/secure.gravatar.com\/avatar\/193e2977da320450cf56b1b093dd5b7286cdbaf6ad5201ab3cda69b78b13b458?s=96&d=mm&r=g\",\"contentUrl\":\"https:\/\/secure.gravatar.com\/avatar\/193e2977da320450cf56b1b093dd5b7286cdbaf6ad5201ab3cda69b78b13b458?s=96&d=mm&r=g\",\"caption\":\"admin\"},\"sameAs\":[\"https:\/\/thebestofporto.com\"],\"url\":\"https:\/\/thebestofporto.com\/pt\/author\/admin_l3zak26a\/\"}]}<\/script>\n<!-- \/ Yoast SEO plugin. -->","yoast_head_json":{"title":"TOP 7 Porto Gardens - The Best of Porto","description":"Os sete jardins que n\u00e3o vai querer perder, no Porto! Entre eles est\u00e1 um jardim bot\u00e2nico e um com esculturas, descobre-os aqui.","robots":{"index":"index","follow":"follow","max-snippet":"max-snippet:-1","max-image-preview":"max-image-preview:large","max-video-preview":"max-video-preview:-1"},"canonical":"https:\/\/thebestofporto.com\/pt\/top-7-porto-gardens\/","og_locale":"pt_PT","og_type":"article","og_title":"TOP 7 Porto Gardens - The Best of Porto","og_description":"Os sete jardins que n\u00e3o vai querer perder, no Porto! Entre eles est\u00e1 um jardim bot\u00e2nico e um com esculturas, descobre-os aqui.","og_url":"https:\/\/thebestofporto.com\/pt\/top-7-porto-gardens\/","og_site_name":"The Best of Porto","article_published_time":"2025-07-30T11:00:09+00:00","article_modified_time":"2026-01-20T11:53:29+00:00","og_image":[{"width":1024,"height":819,"url":"https:\/\/thebestofporto.com\/wp-content\/uploads\/2025\/07\/artigos-04-1024x819.png","type":"image\/png"}],"author":"admin","twitter_card":"summary_large_image","twitter_misc":{"Escrito por":"admin","Tempo estimado de leitura":"6 minutos"},"schema":{"@context":"https:\/\/schema.org","@graph":[{"@type":"Article","@id":"https:\/\/thebestofporto.com\/top-7-porto-gardens\/#article","isPartOf":{"@id":"https:\/\/thebestofporto.com\/top-7-porto-gardens\/"},"author":{"name":"admin","@id":"https:\/\/thebestofporto.com\/#\/schema\/person\/04b3a2223d8527f0c6297ca6767266f7"},"headline":"TOP 7 Porto Gardens","datePublished":"2025-07-30T11:00:09+00:00","dateModified":"2026-01-20T11:53:29+00:00","mainEntityOfPage":{"@id":"https:\/\/thebestofporto.com\/top-7-porto-gardens\/"},"wordCount":749,"publisher":{"@id":"https:\/\/thebestofporto.com\/#organization"},"image":{"@id":"https:\/\/thebestofporto.com\/top-7-porto-gardens\/#primaryimage"},"thumbnailUrl":"https:\/\/thebestofporto.com\/wp-content\/uploads\/2025\/07\/artigos-04-scaled.png","keywords":["Gardens"],"articleSection":["Articles"],"inLanguage":"pt-PT"},{"@type":"WebPage","@id":"https:\/\/thebestofporto.com\/top-7-porto-gardens\/","url":"https:\/\/thebestofporto.com\/top-7-porto-gardens\/","name":"TOP 7 Porto Gardens - The Best of Porto","isPartOf":{"@id":"https:\/\/thebestofporto.com\/#website"},"primaryImageOfPage":{"@id":"https:\/\/thebestofporto.com\/top-7-porto-gardens\/#primaryimage"},"image":{"@id":"https:\/\/thebestofporto.com\/top-7-porto-gardens\/#primaryimage"},"thumbnailUrl":"https:\/\/thebestofporto.com\/wp-content\/uploads\/2025\/07\/artigos-04-scaled.png","datePublished":"2025-07-30T11:00:09+00:00","dateModified":"2026-01-20T11:53:29+00:00","description":"Os sete jardins que n\u00e3o vai querer perder, no Porto! Entre eles est\u00e1 um jardim bot\u00e2nico e um com esculturas, descobre-os aqui.","breadcrumb":{"@id":"https:\/\/thebestofporto.com\/top-7-porto-gardens\/#breadcrumb"},"inLanguage":"pt-PT","potentialAction":[{"@type":"ReadAction","target":["https:\/\/thebestofporto.com\/top-7-porto-gardens\/"]}]},{"@type":"ImageObject","inLanguage":"pt-PT","@id":"https:\/\/thebestofporto.com\/top-7-porto-gardens\/#primaryimage","url":"https:\/\/thebestofporto.com\/wp-content\/uploads\/2025\/07\/artigos-04-scaled.png","contentUrl":"https:\/\/thebestofporto.com\/wp-content\/uploads\/2025\/07\/artigos-04-scaled.png","width":2560,"height":2048},{"@type":"BreadcrumbList","@id":"https:\/\/thebestofporto.com\/top-7-porto-gardens\/#breadcrumb","itemListElement":[{"@type":"ListItem","position":1,"name":"In\u00edcio","item":"https:\/\/thebestofporto.com\/"},{"@type":"ListItem","position":2,"name":"TOP 7 Porto Gardens"}]},{"@type":"WebSite","@id":"https:\/\/thebestofporto.com\/#website","url":"https:\/\/thebestofporto.com\/","name":"The Best of Porto","description":"","publisher":{"@id":"https:\/\/thebestofporto.com\/#organization"},"potentialAction":[{"@type":"SearchAction","target":{"@type":"EntryPoint","urlTemplate":"https:\/\/thebestofporto.com\/?s={search_term_string}"},"query-input":{"@type":"PropertyValueSpecification","valueRequired":true,"valueName":"search_term_string"}}],"inLanguage":"pt-PT"},{"@type":"Organization","@id":"https:\/\/thebestofporto.com\/#organization","name":"The Best of Porto","url":"https:\/\/thebestofporto.com\/","logo":{"@type":"ImageObject","inLanguage":"pt-PT","@id":"https:\/\/thebestofporto.com\/#\/schema\/logo\/image\/","url":"https:\/\/thebestofporto.com\/wp-content\/uploads\/2024\/05\/logo.png","contentUrl":"https:\/\/thebestofporto.com\/wp-content\/uploads\/2024\/05\/logo.png","width":5076,"height":1463,"caption":"The Best of Porto"},"image":{"@id":"https:\/\/thebestofporto.com\/#\/schema\/logo\/image\/"}},{"@type":"Person","@id":"https:\/\/thebestofporto.com\/#\/schema\/person\/04b3a2223d8527f0c6297ca6767266f7","name":"admin","image":{"@type":"ImageObject","inLanguage":"pt-PT","@id":"https:\/\/thebestofporto.com\/#\/schema\/person\/image\/","url":"https:\/\/secure.gravatar.com\/avatar\/193e2977da320450cf56b1b093dd5b7286cdbaf6ad5201ab3cda69b78b13b458?s=96&d=mm&r=g","contentUrl":"https:\/\/secure.gravatar.com\/avatar\/193e2977da320450cf56b1b093dd5b7286cdbaf6ad5201ab3cda69b78b13b458?s=96&d=mm&r=g","caption":"admin"},"sameAs":["https:\/\/thebestofporto.com"],"url":"https:\/\/thebestofporto.com\/pt\/author\/admin_l3zak26a\/"}]}},"_links":{"self":[{"href":"https:\/\/thebestofporto.com\/pt\/wp-json\/wp\/v2\/posts\/6566","targetHints":{"allow":["GET"]}}],"collection":[{"href":"https:\/\/thebestofporto.com\/pt\/wp-json\/wp\/v2\/posts"}],"about":[{"href":"https:\/\/thebestofporto.com\/pt\/wp-json\/wp\/v2\/types\/post"}],"author":[{"embeddable":true,"href":"https:\/\/thebestofporto.com\/pt\/wp-json\/wp\/v2\/users\/1"}],"replies":[{"embeddable":true,"href":"https:\/\/thebestofporto.com\/pt\/wp-json\/wp\/v2\/comments?post=6566"}],"version-history":[{"count":41,"href":"https:\/\/thebestofporto.com\/pt\/wp-json\/wp\/v2\/posts\/6566\/revisions"}],"predecessor-version":[{"id":11026,"href":"https:\/\/thebestofporto.com\/pt\/wp-json\/wp\/v2\/posts\/6566\/revisions\/11026"}],"wp:featuredmedia":[{"embeddable":true,"href":"https:\/\/thebestofporto.com\/pt\/wp-json\/wp\/v2\/media\/10997"}],"wp:attachment":[{"href":"https:\/\/thebestofporto.com\/pt\/wp-json\/wp\/v2\/media?parent=6566"}],"wp:term":[{"taxonomy":"category","embeddable":true,"href":"https:\/\/thebestofporto.com\/pt\/wp-json\/wp\/v2\/categories?post=6566"},{"taxonomy":"post_tag","embeddable":true,"href":"https:\/\/thebestofporto.com\/pt\/wp-json\/wp\/v2\/tags?post=6566"},{"taxonomy":"filtros","embeddable":true,"href":"https:\/\/thebestofporto.com\/pt\/wp-json\/wp\/v2\/filtros?post=6566"}],"curies":[{"name":"wp","href":"https:\/\/api.w.org\/{rel}","templated":true}]}}