{"id":6568,"date":"2024-06-10T12:21:36","date_gmt":"2024-06-10T12:21:36","guid":{"rendered":"https:\/\/wanderaway.qodeinteractive.com\/?p=6568"},"modified":"2024-07-04T11:29:43","modified_gmt":"2024-07-04T11:29:43","slug":"roteiro-baixa-porto-2-2","status":"publish","type":"post","link":"https:\/\/thebestofporto.com\/pt\/roteiro-baixa-porto-2-2\/","title":{"rendered":"Roteiro para 1 dia na baixa do Porto (2\/2)"},"content":{"rendered":"<div data-elementor-type=\"wp-post\" data-elementor-id=\"6568\" class=\"elementor elementor-6568\">\n\t\t\t\t<div class=\"elementor-element elementor-element-c7e85c9 e-flex e-con-boxed e-con e-parent\" data-id=\"c7e85c9\" data-element_type=\"container\">\n\t\t\t\t\t<div class=\"e-con-inner\">\n\t\t\t\t<div class=\"elementor-element elementor-element-0df2c9a elementor-widget elementor-widget-text-editor\" data-id=\"0df2c9a\" data-element_type=\"widget\" data-widget_type=\"text-editor.default\">\n\t\t\t\t<div class=\"elementor-widget-container\">\n\t\t\t\t\t\t\t\t\t<p dir=\"ltr\" style=\"line-height: 1.38; text-align: justify; background-color: #ffffff; margin-top: 0pt; margin-bottom: 0pt; padding: 0pt 0pt 15pt 0pt;\"><span style=\"font-size: 11pt; font-family: 'Century Gothic',sans-serif; color: #0d0d0d; background-color: transparent; font-weight: 400; font-style: normal; font-variant: normal; text-decoration: none; vertical-align: baseline; white-space: pre-wrap;\">Pronto para o segundo dia de descobertas, cultura e divers\u00e3o pela baixa do Porto? Este roteiro vai lev\u00e1-lo pelos pontos mais ic\u00f3nicos e interessantes da cidade, complementando o primeiro itiner\u00e1rio publicado <span style=\"text-decoration: underline; color: #d68d45;\"><a style=\"color: #d68d45; text-decoration: underline;\" href=\"https:\/\/thebestofporto.com\/pt\/roteiro-baixa-porto-1-2\/\">aqui<\/a><\/span> no The Best of Porto. Vamos come\u00e7ar?<\/span><span style=\"font-size: 11pt; font-family: 'Century Gothic',sans-serif; color: #0d0d0d; background-color: transparent; font-weight: bold; font-style: normal; font-variant: normal; text-decoration: none; vertical-align: baseline; white-space: pre-wrap;\">\u00a0<\/span><\/p><p dir=\"ltr\" style=\"line-height: 1.38; text-align: justify; background-color: #ffffff; margin-top: 0pt; margin-bottom: 15pt;\"><span style=\"font-size: 11pt; font-family: 'Century Gothic',sans-serif; color: #0d0d0d; background-color: #ffffff; font-weight: 400; font-style: normal; font-variant: normal; text-decoration: none; vertical-align: baseline; white-space: pre-wrap;\">O nosso passeio come\u00e7a na emblem\u00e1tica Torre dos Cl\u00e9rigos. Subir os 240 degraus at\u00e9 ao topo vale a pena pelas vistas panor\u00e2micas de cortar a respira\u00e7\u00e3o. Aproveite para tirar umas fotos incr\u00edveis e sentir-se no topo do mundo.<\/span><span style=\"font-size: 11pt; font-family: 'Century Gothic',sans-serif; color: #0d0d0d; background-color: transparent; font-weight: 400; font-style: normal; font-variant: normal; text-decoration: none; vertical-align: baseline; white-space: pre-wrap;\">\u00a0<\/span><\/p>\t\t\t\t\t\t\t\t<\/div>\n\t\t\t\t<\/div>\n\t\t\t\t\t<\/div>\n\t\t\t\t<\/div>\n\t\t<div class=\"elementor-element elementor-element-44a45a4 e-flex e-con-boxed e-con e-parent\" data-id=\"44a45a4\" data-element_type=\"container\">\n\t\t\t\t\t<div class=\"e-con-inner\">\n\t\t\t\t<div class=\"elementor-element elementor-element-a44b90c elementor-widget elementor-widget-text-editor\" data-id=\"a44b90c\" data-element_type=\"widget\" data-widget_type=\"text-editor.default\">\n\t\t\t\t<div class=\"elementor-widget-container\">\n\t\t\t\t\t\t\t\t\t<p dir=\"ltr\" style=\"line-height: 1.38; text-align: justify; background-color: #ffffff; margin-top: 0pt; margin-bottom: 0pt; padding: 0pt 0pt 15pt 0pt;\"><span style=\"font-size: 11pt; font-family: 'Century Gothic',sans-serif; color: #0d0d0d; background-color: transparent; font-weight: 400; font-style: normal; font-variant: normal; text-decoration: none; vertical-align: baseline; white-space: pre-wrap;\">De seguida,<\/span> <span style=\"font-size: 11pt; font-family: 'Century Gothic',sans-serif; color: #0d0d0d; background-color: transparent; font-weight: 400; font-style: normal; font-variant: normal; text-decoration: none; vertical-align: baseline; white-space: pre-wrap;\">descemos at\u00e9 \u00e0 <span style=\"text-decoration: underline; color: #d68d45;\"><a style=\"color: #d68d45; text-decoration: underline;\" href=\"https:\/\/www.livrarialello.pt\/\">Livraria Lello<\/a><\/span>, uma das mais belas do mundo, para apreciar a sua arquitetura \u00fanica e adquirir algumas lembran\u00e7as. H\u00e1 quem diga que esta foi a inspira\u00e7\u00e3o da escritora J. K. Rolling para descrever as escadas de Hogwarts em Harry Potter mas n\u00e3o se deixe enganar, s\u00e3o igualmente m\u00e1gicas mas n\u00e3o passa de uma coincid\u00eancia!<\/span><\/p><p dir=\"ltr\" style=\"line-height: 1.38; text-align: justify; background-color: #ffffff; margin-top: 0pt; margin-bottom: 15pt;\"><span style=\"font-size: 11pt; font-family: 'Century Gothic',sans-serif; color: #0d0d0d; background-color: transparent; font-weight: 400; font-style: normal; font-variant: normal; text-decoration: none; vertical-align: baseline; white-space: pre-wrap;\">Visitada a livraria e possivelmente escolhido o livro para os pr\u00f3ximos dias, dirigimo-nos at\u00e9 \u00e0 <span style=\"text-decoration: underline; color: #d68d45;\"><a style=\"color: #d68d45; text-decoration: underline;\" href=\"https:\/\/arvorecoop.pt\/\">Cooperativa \u00c1rvore<\/a><\/span>, uma galeria de arte onde podemos apreciar exposi\u00e7\u00f5es contempor\u00e2neas e explorar o trabalho de artistas locais.<\/span><\/p>\t\t\t\t\t\t\t\t<\/div>\n\t\t\t\t<\/div>\n\t\t\t\t<div class=\"elementor-element elementor-element-a4f93a6 elementor-widget elementor-widget-text-editor\" data-id=\"a4f93a6\" data-element_type=\"widget\" data-widget_type=\"text-editor.default\">\n\t\t\t\t<div class=\"elementor-widget-container\">\n\t\t\t\t\t\t\t\t\t<p dir=\"ltr\" style=\"line-height: 1.38; text-align: justify; background-color: #ffffff; margin-top: 0pt; margin-bottom: 0pt; padding: 0pt 0pt 15pt 0pt;\"><span style=\"font-size: 11pt; font-family: 'Century Gothic',sans-serif; color: #0d0d0d; background-color: transparent; font-weight: 400; font-style: normal; font-variant: normal; text-decoration: none; vertical-align: baseline; white-space: pre-wrap;\">Ap\u00f3s visitarmos estes locais, est\u00e1 na hora de dar um descanso aos nossos p\u00e9s. Nada melhor que o Jardim das Virtudes, onde podemos relaxar e desfrutar das vistas deslumbrantes sobre o Rio Douro e Gaia. Como n\u00e3o h\u00e1 uma vista linda sem haver duas, continuamos at\u00e9 aos Jardins do Pal\u00e1cio de Cristal, onde podemos encontrar algumas das vistas mais maravilhosas do Porto bem como, explorar os belos jardins, lagos e esculturas, acompanhados de diversos animais como pav\u00f5es e outras aves.<\/span><\/p><p dir=\"ltr\" style=\"line-height: 1.38; text-align: justify; background-color: #ffffff; margin-top: 0pt; margin-bottom: 15pt;\"><span style=\"font-size: 11pt; font-family: 'Century Gothic',sans-serif; color: #0d0d0d; background-color: transparent; font-weight: 400; font-style: normal; font-variant: normal; text-decoration: none; vertical-align: baseline; white-space: pre-wrap;\">Est\u00e1 na hora de voltar a mergulhar na cultura portuense e por isso, vamos agora visitar o <span style=\"text-decoration: underline; color: #d68d45;\"><a style=\"color: #d68d45; text-decoration: underline;\" href=\"https:\/\/museusoaresdosreis.gov.pt\/\">Museu Nacional Soares dos Reis<\/a><\/span> que<\/span><span style=\"font-size: 11pt; font-family: 'Century Gothic',sans-serif; color: #0d0d0d; background-color: #ffffff; font-weight: 400; font-style: normal; font-variant: normal; text-decoration: none; vertical-align: baseline; white-space: pre-wrap;\"> abriga uma impressionante cole\u00e7\u00e3o de arte portuguesa, incluindo esculturas, pinturas e artes decorativas. \u00c9 uma visita obrigat\u00f3ria para os amantes desta ind\u00fastria.<\/span><\/p>\t\t\t\t\t\t\t\t<\/div>\n\t\t\t\t<\/div>\n\t\t\t\t<div class=\"elementor-element elementor-element-463ab65 elementor-widget elementor-widget-text-editor\" data-id=\"463ab65\" data-element_type=\"widget\" data-widget_type=\"text-editor.default\">\n\t\t\t\t<div class=\"elementor-widget-container\">\n\t\t\t\t\t\t\t\t\t<p dir=\"ltr\" style=\"line-height: 1.38; text-align: justify; background-color: #ffffff; margin-top: 0pt; margin-bottom: 0pt; padding: 0pt 0pt 15pt 0pt;\"><span style=\"font-size: 11pt; font-family: 'Century Gothic',sans-serif; color: #0d0d0d; background-color: #ffffff; font-weight: 400; font-style: normal; font-variant: normal; text-decoration: none; vertical-align: baseline; white-space: pre-wrap;\">Continuamos at\u00e9 \u00e0 deslumbrante Igreja do Carmo, conhecida pelo seu impressionante exterior revestido de azulejos azuis e brancos, que ilustram cenas religiosas e s\u00e3o um verdadeiro marco da arquitetura barroca portuguesa.<\/span><span style=\"font-size: 11pt; font-family: 'Century Gothic',sans-serif; color: #0d0d0d; background-color: transparent; font-weight: 400; font-style: normal; font-variant: normal; text-decoration: none; vertical-align: baseline; white-space: pre-wrap;\"> A pr\u00f3xima paragem \u00e9 o Centro Portugu\u00eas de Fotografia, onde podemos explorar exposi\u00e7\u00f5es fotogr\u00e1ficas e aprender mais sobre a hist\u00f3ria da fotografia em Portugal.<\/span><\/p><p dir=\"ltr\" style=\"line-height: 1.38; text-align: justify; background-color: #ffffff; margin-top: 0pt; margin-bottom: 15pt;\"><span style=\"font-size: 11pt; font-family: 'Century Gothic',sans-serif; color: #0d0d0d; background-color: transparent; font-weight: 400; font-style: normal; font-variant: normal; text-decoration: none; vertical-align: baseline; white-space: pre-wrap;\">O dia n\u00e3o podia estar completo sem uma pausa descontra\u00edda no <span style=\"text-decoration: underline; color: #d68e47;\"><a style=\"color: #d68e47; text-decoration: underline;\" href=\"https:\/\/baseporto.com\/\">Base Porto<\/a><\/span>, onde podemos desfrutar de uma bebida refrescante, com vista para a torre que subimos de manh\u00e3, a dos Cl\u00e9rigos! Para jantar, o ideal ser\u00e1 escolher um local pr\u00f3ximo, de entre as variadas op\u00e7\u00f5es que o nosso Porto oferece. H\u00e1 oferta para todos os gostos, desde comida tradicional Portuguesa a todas as outras cozinhas do mundo.<\/span><\/p>\t\t\t\t\t\t\t\t<\/div>\n\t\t\t\t<\/div>\n\t\t\t\t<div class=\"elementor-element elementor-element-51f5fc3 elementor-widget elementor-widget-text-editor\" data-id=\"51f5fc3\" data-element_type=\"widget\" data-widget_type=\"text-editor.default\">\n\t\t\t\t<div class=\"elementor-widget-container\">\n\t\t\t\t\t\t\t\t\t<p dir=\"ltr\" style=\"line-height: 1.38; text-align: justify; background-color: #ffffff; margin-top: 0pt; margin-bottom: 0pt; padding: 0pt 0pt 15pt 0pt;\"><span id=\"docs-internal-guid-82764337-7fff-22bc-7fbd-e670a45923d0\"><span style=\"font-size: 11pt; font-family: 'Century Gothic', sans-serif; color: #0d0d0d; font-variant-numeric: normal; font-variant-east-asian: normal; font-variant-alternates: normal; font-variant-position: normal; white-space-collapse: preserve;\">Por fim, iremos seguir para a animada Rua das Galerias de Paris, onde poderemos desfrutar de uma noite com muita dan\u00e7a, cocktails e divers\u00e3o, no <span style=\"text-decoration: underline; color: #d68e47;\"><a style=\"color: #d68e47; text-decoration: underline;\" href=\"https:\/\/ginasiobar.com\/\">Bar do Gin\u00e1sio<\/a><\/span>, o mais recente desta rua e que entrega tudo aquilo que promete!<\/span><\/span><\/p>\t\t\t\t\t\t\t\t<\/div>\n\t\t\t\t<\/div>\n\t\t\t\t\t<\/div>\n\t\t\t\t<\/div>\n\t\t<div class=\"elementor-element elementor-element-068dfb5 e-flex e-con-boxed e-con e-parent\" data-id=\"068dfb5\" data-element_type=\"container\">\n\t\t\t\t\t<div class=\"e-con-inner\">\n\t\t\t\t<div class=\"elementor-element elementor-element-963b354 elementor-widget elementor-widget-spacer\" data-id=\"963b354\" data-element_type=\"widget\" data-widget_type=\"spacer.default\">\n\t\t\t\t<div class=\"elementor-widget-container\">\n\t\t\t\t\t\t\t<div class=\"elementor-spacer\">\n\t\t\t<div class=\"elementor-spacer-inner\"><\/div>\n\t\t<\/div>\n\t\t\t\t\t\t<\/div>\n\t\t\t\t<\/div>\n\t\t\t\t\t<\/div>\n\t\t\t\t<\/div>\n\t\t<div class=\"elementor-element elementor-element-92cd404 e-flex e-con-boxed e-con e-parent\" data-id=\"92cd404\" data-element_type=\"container\">\n\t\t\t\t\t<div class=\"e-con-inner\">\n\t\t\t\t<div class=\"elementor-element elementor-element-ba12a03 elementor-align-center elementor-widget elementor-widget-button\" data-id=\"ba12a03\" data-element_type=\"widget\" data-widget_type=\"button.default\">\n\t\t\t\t<div class=\"elementor-widget-container\">\n\t\t\t\t\t\t\t\t\t<div class=\"elementor-button-wrapper\">\n\t\t\t\t\t<a class=\"elementor-button elementor-button-link elementor-size-sm\" href=\"https:\/\/thebestofporto.com\/pt\/blog\/\">\n\t\t\t\t\t\t<span class=\"elementor-button-content-wrapper\">\n\t\t\t\t\t\t\t\t\t<span class=\"elementor-button-text\">Ver todos os artigos<\/span>\n\t\t\t\t\t<\/span>\n\t\t\t\t\t<\/a>\n\t\t\t\t<\/div>\n\t\t\t\t\t\t\t\t<\/div>\n\t\t\t\t<\/div>\n\t\t\t\t\t<\/div>\n\t\t\t\t<\/div>\n\t\t\t\t<\/div>","protected":false},"excerpt":{"rendered":"<p>Pronto para o segundo dia de descobertas, cultura e divers\u00e3o pela baixa do Porto? Este roteiro vai lev\u00e1-lo<span class=\"excerpt-hellip\"> [\u2026]<\/span><\/p>","protected":false},"author":1,"featured_media":9437,"comment_status":"open","ping_status":"open","sticky":false,"template":"","format":"standard","meta":{"_acf_changed":false,"footnotes":""},"categories":[123],"tags":[],"filtros":[],"class_list":["post-6568","post","type-post","status-publish","format-standard","has-post-thumbnail","hentry","category-articles"],"acf":[],"yoast_head":"<!-- This site is optimized with the Yoast SEO plugin v26.7 - https:\/\/yoast.com\/wordpress\/plugins\/seo\/ -->\n<title>Roteiro para 1 dia na baixa do Porto (2\/2) - The Best of Porto<\/title>\n<meta name=\"description\" content=\"Este roteiro de um dia pela baixa do Porto agrega alguns dos pontos mais ic\u00f3nicos da cidade do Porto bem como as vistas mais lindas!\" \/>\n<meta name=\"robots\" content=\"index, follow, max-snippet:-1, max-image-preview:large, max-video-preview:-1\" \/>\n<link rel=\"canonical\" href=\"https:\/\/thebestofporto.com\/pt\/roteiro-baixa-porto-2-2\/\" \/>\n<meta property=\"og:locale\" content=\"pt_PT\" \/>\n<meta property=\"og:type\" content=\"article\" \/>\n<meta property=\"og:title\" content=\"Roteiro para 1 dia na baixa do Porto (2\/2) - The Best of Porto\" \/>\n<meta property=\"og:description\" content=\"Este roteiro de um dia pela baixa do Porto agrega alguns dos pontos mais ic\u00f3nicos da cidade do Porto bem como as vistas mais lindas!\" \/>\n<meta property=\"og:url\" content=\"https:\/\/thebestofporto.com\/pt\/roteiro-baixa-porto-2-2\/\" \/>\n<meta property=\"og:site_name\" content=\"The Best of Porto\" \/>\n<meta property=\"article:published_time\" content=\"2024-06-10T12:21:36+00:00\" \/>\n<meta property=\"article:modified_time\" content=\"2024-07-04T11:29:43+00:00\" \/>\n<meta property=\"og:image\" content=\"https:\/\/thebestofporto.com\/wp-content\/uploads\/2024\/06\/roteiro2-2.jpeg\" \/>\n\t<meta property=\"og:image:width\" content=\"2000\" \/>\n\t<meta property=\"og:image:height\" content=\"1123\" \/>\n\t<meta property=\"og:image:type\" content=\"image\/jpeg\" \/>\n<meta name=\"author\" content=\"admin\" \/>\n<meta name=\"twitter:card\" content=\"summary_large_image\" \/>\n<meta name=\"twitter:label1\" content=\"Escrito por\" \/>\n\t<meta name=\"twitter:data1\" content=\"admin\" \/>\n\t<meta name=\"twitter:label2\" content=\"Tempo estimado de leitura\" \/>\n\t<meta name=\"twitter:data2\" content=\"4 minutos\" \/>\n<script type=\"application\/ld+json\" class=\"yoast-schema-graph\">{\"@context\":\"https:\/\/schema.org\",\"@graph\":[{\"@type\":\"Article\",\"@id\":\"https:\/\/thebestofporto.com\/roteiro-baixa-porto-2-2\/#article\",\"isPartOf\":{\"@id\":\"https:\/\/thebestofporto.com\/roteiro-baixa-porto-2-2\/\"},\"author\":{\"name\":\"admin\",\"@id\":\"https:\/\/thebestofporto.com\/#\/schema\/person\/04b3a2223d8527f0c6297ca6767266f7\"},\"headline\":\"Roteiro para 1 dia na baixa do Porto (2\/2)\",\"datePublished\":\"2024-06-10T12:21:36+00:00\",\"dateModified\":\"2024-07-04T11:29:43+00:00\",\"mainEntityOfPage\":{\"@id\":\"https:\/\/thebestofporto.com\/roteiro-baixa-porto-2-2\/\"},\"wordCount\":505,\"commentCount\":0,\"publisher\":{\"@id\":\"https:\/\/thebestofporto.com\/#organization\"},\"image\":{\"@id\":\"https:\/\/thebestofporto.com\/roteiro-baixa-porto-2-2\/#primaryimage\"},\"thumbnailUrl\":\"https:\/\/thebestofporto.com\/wp-content\/uploads\/2024\/06\/roteiro2-2.jpeg\",\"articleSection\":[\"Articles\"],\"inLanguage\":\"pt-PT\"},{\"@type\":\"WebPage\",\"@id\":\"https:\/\/thebestofporto.com\/roteiro-baixa-porto-2-2\/\",\"url\":\"https:\/\/thebestofporto.com\/roteiro-baixa-porto-2-2\/\",\"name\":\"Roteiro para 1 dia na baixa do Porto (2\/2) - The Best of Porto\",\"isPartOf\":{\"@id\":\"https:\/\/thebestofporto.com\/#website\"},\"primaryImageOfPage\":{\"@id\":\"https:\/\/thebestofporto.com\/roteiro-baixa-porto-2-2\/#primaryimage\"},\"image\":{\"@id\":\"https:\/\/thebestofporto.com\/roteiro-baixa-porto-2-2\/#primaryimage\"},\"thumbnailUrl\":\"https:\/\/thebestofporto.com\/wp-content\/uploads\/2024\/06\/roteiro2-2.jpeg\",\"datePublished\":\"2024-06-10T12:21:36+00:00\",\"dateModified\":\"2024-07-04T11:29:43+00:00\",\"description\":\"Este roteiro de um dia pela baixa do Porto agrega alguns dos pontos mais ic\u00f3nicos da cidade do Porto bem como as vistas mais lindas!\",\"breadcrumb\":{\"@id\":\"https:\/\/thebestofporto.com\/roteiro-baixa-porto-2-2\/#breadcrumb\"},\"inLanguage\":\"pt-PT\",\"potentialAction\":[{\"@type\":\"ReadAction\",\"target\":[\"https:\/\/thebestofporto.com\/roteiro-baixa-porto-2-2\/\"]}]},{\"@type\":\"ImageObject\",\"inLanguage\":\"pt-PT\",\"@id\":\"https:\/\/thebestofporto.com\/roteiro-baixa-porto-2-2\/#primaryimage\",\"url\":\"https:\/\/thebestofporto.com\/wp-content\/uploads\/2024\/06\/roteiro2-2.jpeg\",\"contentUrl\":\"https:\/\/thebestofporto.com\/wp-content\/uploads\/2024\/06\/roteiro2-2.jpeg\",\"width\":2000,\"height\":1123},{\"@type\":\"BreadcrumbList\",\"@id\":\"https:\/\/thebestofporto.com\/roteiro-baixa-porto-2-2\/#breadcrumb\",\"itemListElement\":[{\"@type\":\"ListItem\",\"position\":1,\"name\":\"In\u00edcio\",\"item\":\"https:\/\/thebestofporto.com\/\"},{\"@type\":\"ListItem\",\"position\":2,\"name\":\"Roteiro para 1 dia na baixa do Porto (2\/2)\"}]},{\"@type\":\"WebSite\",\"@id\":\"https:\/\/thebestofporto.com\/#website\",\"url\":\"https:\/\/thebestofporto.com\/\",\"name\":\"The Best of Porto\",\"description\":\"\",\"publisher\":{\"@id\":\"https:\/\/thebestofporto.com\/#organization\"},\"potentialAction\":[{\"@type\":\"SearchAction\",\"target\":{\"@type\":\"EntryPoint\",\"urlTemplate\":\"https:\/\/thebestofporto.com\/?s={search_term_string}\"},\"query-input\":{\"@type\":\"PropertyValueSpecification\",\"valueRequired\":true,\"valueName\":\"search_term_string\"}}],\"inLanguage\":\"pt-PT\"},{\"@type\":\"Organization\",\"@id\":\"https:\/\/thebestofporto.com\/#organization\",\"name\":\"The Best of Porto\",\"url\":\"https:\/\/thebestofporto.com\/\",\"logo\":{\"@type\":\"ImageObject\",\"inLanguage\":\"pt-PT\",\"@id\":\"https:\/\/thebestofporto.com\/#\/schema\/logo\/image\/\",\"url\":\"https:\/\/thebestofporto.com\/wp-content\/uploads\/2024\/05\/logo.png\",\"contentUrl\":\"https:\/\/thebestofporto.com\/wp-content\/uploads\/2024\/05\/logo.png\",\"width\":5076,\"height\":1463,\"caption\":\"The Best of Porto\"},\"image\":{\"@id\":\"https:\/\/thebestofporto.com\/#\/schema\/logo\/image\/\"}},{\"@type\":\"Person\",\"@id\":\"https:\/\/thebestofporto.com\/#\/schema\/person\/04b3a2223d8527f0c6297ca6767266f7\",\"name\":\"admin\",\"image\":{\"@type\":\"ImageObject\",\"inLanguage\":\"pt-PT\",\"@id\":\"https:\/\/thebestofporto.com\/#\/schema\/person\/image\/\",\"url\":\"https:\/\/secure.gravatar.com\/avatar\/193e2977da320450cf56b1b093dd5b7286cdbaf6ad5201ab3cda69b78b13b458?s=96&d=mm&r=g\",\"contentUrl\":\"https:\/\/secure.gravatar.com\/avatar\/193e2977da320450cf56b1b093dd5b7286cdbaf6ad5201ab3cda69b78b13b458?s=96&d=mm&r=g\",\"caption\":\"admin\"},\"sameAs\":[\"https:\/\/thebestofporto.com\"],\"url\":\"https:\/\/thebestofporto.com\/pt\/author\/admin_l3zak26a\/\"}]}<\/script>\n<!-- \/ Yoast SEO plugin. -->","yoast_head_json":{"title":"Roteiro para 1 dia na baixa do Porto (2\/2) - The Best of Porto","description":"Este roteiro de um dia pela baixa do Porto agrega alguns dos pontos mais ic\u00f3nicos da cidade do Porto bem como as vistas mais lindas!","robots":{"index":"index","follow":"follow","max-snippet":"max-snippet:-1","max-image-preview":"max-image-preview:large","max-video-preview":"max-video-preview:-1"},"canonical":"https:\/\/thebestofporto.com\/pt\/roteiro-baixa-porto-2-2\/","og_locale":"pt_PT","og_type":"article","og_title":"Roteiro para 1 dia na baixa do Porto (2\/2) - The Best of Porto","og_description":"Este roteiro de um dia pela baixa do Porto agrega alguns dos pontos mais ic\u00f3nicos da cidade do Porto bem como as vistas mais lindas!","og_url":"https:\/\/thebestofporto.com\/pt\/roteiro-baixa-porto-2-2\/","og_site_name":"The Best of Porto","article_published_time":"2024-06-10T12:21:36+00:00","article_modified_time":"2024-07-04T11:29:43+00:00","og_image":[{"width":2000,"height":1123,"url":"https:\/\/thebestofporto.com\/wp-content\/uploads\/2024\/06\/roteiro2-2.jpeg","type":"image\/jpeg"}],"author":"admin","twitter_card":"summary_large_image","twitter_misc":{"Escrito por":"admin","Tempo estimado de leitura":"4 minutos"},"schema":{"@context":"https:\/\/schema.org","@graph":[{"@type":"Article","@id":"https:\/\/thebestofporto.com\/roteiro-baixa-porto-2-2\/#article","isPartOf":{"@id":"https:\/\/thebestofporto.com\/roteiro-baixa-porto-2-2\/"},"author":{"name":"admin","@id":"https:\/\/thebestofporto.com\/#\/schema\/person\/04b3a2223d8527f0c6297ca6767266f7"},"headline":"Roteiro para 1 dia na baixa do Porto (2\/2)","datePublished":"2024-06-10T12:21:36+00:00","dateModified":"2024-07-04T11:29:43+00:00","mainEntityOfPage":{"@id":"https:\/\/thebestofporto.com\/roteiro-baixa-porto-2-2\/"},"wordCount":505,"commentCount":0,"publisher":{"@id":"https:\/\/thebestofporto.com\/#organization"},"image":{"@id":"https:\/\/thebestofporto.com\/roteiro-baixa-porto-2-2\/#primaryimage"},"thumbnailUrl":"https:\/\/thebestofporto.com\/wp-content\/uploads\/2024\/06\/roteiro2-2.jpeg","articleSection":["Articles"],"inLanguage":"pt-PT"},{"@type":"WebPage","@id":"https:\/\/thebestofporto.com\/roteiro-baixa-porto-2-2\/","url":"https:\/\/thebestofporto.com\/roteiro-baixa-porto-2-2\/","name":"Roteiro para 1 dia na baixa do Porto (2\/2) - The Best of Porto","isPartOf":{"@id":"https:\/\/thebestofporto.com\/#website"},"primaryImageOfPage":{"@id":"https:\/\/thebestofporto.com\/roteiro-baixa-porto-2-2\/#primaryimage"},"image":{"@id":"https:\/\/thebestofporto.com\/roteiro-baixa-porto-2-2\/#primaryimage"},"thumbnailUrl":"https:\/\/thebestofporto.com\/wp-content\/uploads\/2024\/06\/roteiro2-2.jpeg","datePublished":"2024-06-10T12:21:36+00:00","dateModified":"2024-07-04T11:29:43+00:00","description":"Este roteiro de um dia pela baixa do Porto agrega alguns dos pontos mais ic\u00f3nicos da cidade do Porto bem como as vistas mais lindas!","breadcrumb":{"@id":"https:\/\/thebestofporto.com\/roteiro-baixa-porto-2-2\/#breadcrumb"},"inLanguage":"pt-PT","potentialAction":[{"@type":"ReadAction","target":["https:\/\/thebestofporto.com\/roteiro-baixa-porto-2-2\/"]}]},{"@type":"ImageObject","inLanguage":"pt-PT","@id":"https:\/\/thebestofporto.com\/roteiro-baixa-porto-2-2\/#primaryimage","url":"https:\/\/thebestofporto.com\/wp-content\/uploads\/2024\/06\/roteiro2-2.jpeg","contentUrl":"https:\/\/thebestofporto.com\/wp-content\/uploads\/2024\/06\/roteiro2-2.jpeg","width":2000,"height":1123},{"@type":"BreadcrumbList","@id":"https:\/\/thebestofporto.com\/roteiro-baixa-porto-2-2\/#breadcrumb","itemListElement":[{"@type":"ListItem","position":1,"name":"In\u00edcio","item":"https:\/\/thebestofporto.com\/"},{"@type":"ListItem","position":2,"name":"Roteiro para 1 dia na baixa do Porto (2\/2)"}]},{"@type":"WebSite","@id":"https:\/\/thebestofporto.com\/#website","url":"https:\/\/thebestofporto.com\/","name":"The Best of Porto","description":"","publisher":{"@id":"https:\/\/thebestofporto.com\/#organization"},"potentialAction":[{"@type":"SearchAction","target":{"@type":"EntryPoint","urlTemplate":"https:\/\/thebestofporto.com\/?s={search_term_string}"},"query-input":{"@type":"PropertyValueSpecification","valueRequired":true,"valueName":"search_term_string"}}],"inLanguage":"pt-PT"},{"@type":"Organization","@id":"https:\/\/thebestofporto.com\/#organization","name":"The Best of Porto","url":"https:\/\/thebestofporto.com\/","logo":{"@type":"ImageObject","inLanguage":"pt-PT","@id":"https:\/\/thebestofporto.com\/#\/schema\/logo\/image\/","url":"https:\/\/thebestofporto.com\/wp-content\/uploads\/2024\/05\/logo.png","contentUrl":"https:\/\/thebestofporto.com\/wp-content\/uploads\/2024\/05\/logo.png","width":5076,"height":1463,"caption":"The Best of Porto"},"image":{"@id":"https:\/\/thebestofporto.com\/#\/schema\/logo\/image\/"}},{"@type":"Person","@id":"https:\/\/thebestofporto.com\/#\/schema\/person\/04b3a2223d8527f0c6297ca6767266f7","name":"admin","image":{"@type":"ImageObject","inLanguage":"pt-PT","@id":"https:\/\/thebestofporto.com\/#\/schema\/person\/image\/","url":"https:\/\/secure.gravatar.com\/avatar\/193e2977da320450cf56b1b093dd5b7286cdbaf6ad5201ab3cda69b78b13b458?s=96&d=mm&r=g","contentUrl":"https:\/\/secure.gravatar.com\/avatar\/193e2977da320450cf56b1b093dd5b7286cdbaf6ad5201ab3cda69b78b13b458?s=96&d=mm&r=g","caption":"admin"},"sameAs":["https:\/\/thebestofporto.com"],"url":"https:\/\/thebestofporto.com\/pt\/author\/admin_l3zak26a\/"}]}},"_links":{"self":[{"href":"https:\/\/thebestofporto.com\/pt\/wp-json\/wp\/v2\/posts\/6568","targetHints":{"allow":["GET"]}}],"collection":[{"href":"https:\/\/thebestofporto.com\/pt\/wp-json\/wp\/v2\/posts"}],"about":[{"href":"https:\/\/thebestofporto.com\/pt\/wp-json\/wp\/v2\/types\/post"}],"author":[{"embeddable":true,"href":"https:\/\/thebestofporto.com\/pt\/wp-json\/wp\/v2\/users\/1"}],"replies":[{"embeddable":true,"href":"https:\/\/thebestofporto.com\/pt\/wp-json\/wp\/v2\/comments?post=6568"}],"version-history":[{"count":25,"href":"https:\/\/thebestofporto.com\/pt\/wp-json\/wp\/v2\/posts\/6568\/revisions"}],"predecessor-version":[{"id":9625,"href":"https:\/\/thebestofporto.com\/pt\/wp-json\/wp\/v2\/posts\/6568\/revisions\/9625"}],"wp:featuredmedia":[{"embeddable":true,"href":"https:\/\/thebestofporto.com\/pt\/wp-json\/wp\/v2\/media\/9437"}],"wp:attachment":[{"href":"https:\/\/thebestofporto.com\/pt\/wp-json\/wp\/v2\/media?parent=6568"}],"wp:term":[{"taxonomy":"category","embeddable":true,"href":"https:\/\/thebestofporto.com\/pt\/wp-json\/wp\/v2\/categories?post=6568"},{"taxonomy":"post_tag","embeddable":true,"href":"https:\/\/thebestofporto.com\/pt\/wp-json\/wp\/v2\/tags?post=6568"},{"taxonomy":"filtros","embeddable":true,"href":"https:\/\/thebestofporto.com\/pt\/wp-json\/wp\/v2\/filtros?post=6568"}],"curies":[{"name":"wp","href":"https:\/\/api.w.org\/{rel}","templated":true}]}}