{"id":6569,"date":"2024-06-06T12:21:57","date_gmt":"2024-06-06T12:21:57","guid":{"rendered":"https:\/\/wanderaway.qodeinteractive.com\/?p=6569"},"modified":"2024-07-04T11:24:25","modified_gmt":"2024-07-04T11:24:25","slug":"roteiro-baixa-porto-1-2","status":"publish","type":"post","link":"https:\/\/thebestofporto.com\/pt\/roteiro-baixa-porto-1-2\/","title":{"rendered":"Roteiro para 1 dia na baixa do Porto (1\/2)"},"content":{"rendered":"<div data-elementor-type=\"wp-post\" data-elementor-id=\"6569\" class=\"elementor elementor-6569\">\n\t\t\t\t<div class=\"elementor-element elementor-element-c7e85c9 e-flex e-con-boxed e-con e-parent\" data-id=\"c7e85c9\" data-element_type=\"container\">\n\t\t\t\t\t<div class=\"e-con-inner\">\n\t\t\t\t<div class=\"elementor-element elementor-element-0df2c9a elementor-widget elementor-widget-text-editor\" data-id=\"0df2c9a\" data-element_type=\"widget\" data-widget_type=\"text-editor.default\">\n\t\t\t\t<div class=\"elementor-widget-container\">\n\t\t\t\t\t\t\t\t\t<p dir=\"ltr\" style=\"line-height: 1.38; text-align: justify; margin-top: 0pt; margin-bottom: 0pt;\"><span style=\"font-size: 11pt; font-family: 'Century Gothic',sans-serif; color: #000000; background-color: transparent; font-weight: 400; font-style: normal; font-variant: normal; text-decoration: none; vertical-align: baseline; white-space: pre-wrap;\">\u00a0<\/span><\/p><p dir=\"ltr\" style=\"line-height: 1.38; text-align: justify; margin-top: 0pt; margin-bottom: 0pt;\"><span style=\"font-size: 11pt; font-family: 'Century Gothic',sans-serif; color: #000000; background-color: transparent; font-weight: 400; font-style: normal; font-variant: normal; text-decoration: none; vertical-align: baseline; white-space: pre-wrap;\">Com pregui\u00e7a de organizar o que fazer no primeiro dia na cidade do Porto? Sem problema, j\u00e1 est\u00e1 tratado. Era um roteiro pela baixa do Porto que queria? Ent\u00e3o \u00e9 isso que lhe trazemos, com alguns dos pontos mais imperd\u00edveis desta cidade. E n\u00e3o s\u00f3, aqui tem a papinha toda feita. Quais transportes usar, onde parar para comer e de onde apreciar as melhores vistas!\u00a0<\/span><\/p><p dir=\"ltr\" style=\"line-height: 1.38; text-align: justify; margin-top: 0pt; margin-bottom: 0pt;\"><span style=\"font-size: 11pt; font-family: 'Century Gothic',sans-serif; color: #000000; background-color: transparent; font-weight: 400; font-style: normal; font-variant: normal; text-decoration: none; vertical-align: baseline; white-space: pre-wrap;\">O ponto de partida \u00e9 o <span style=\"text-decoration: underline; color: #d68e47;\"><a style=\"color: #d68e47; text-decoration: underline;\" href=\"https:\/\/mercadobolhao.pt\/\">Mercado do Bolh\u00e3o<\/a><\/span>, para onde poder\u00e1 ir de metro (linhas A, B, C, E ou F). Ap\u00f3s visitar este local repleto de vida e da contagiante energia Portuense, siga para a Rua de Santa Catarina, a mais movimentada do Porto e conhecida pelo contraste entre o com\u00e9rcio contempor\u00e2neo e a arquitetura tradicional portuguesa. Nesta avenida pode encontrar o famoso Caf\u00e9 Majestic, parar para uma fotografia na Capela das Almas ou deliciar-se com um rissol quentinho na pastelaria Imp\u00e9rio. J\u00e1 de barriga aconchegada, siga para o <span style=\"text-decoration: underline; color: #d6924d;\"><a style=\"color: #d6924d; text-decoration: underline;\" href=\"https:\/\/ateneucomercialporto.pt\/\">Ateneu Comercial do Porto<\/a><\/span>, edif\u00edcio que marca pela sua arquitetura imponente e composto por salas majestosas. A entrada \u00e9 gratuita e imperd\u00edvel!<\/span><\/p><p dir=\"ltr\" style=\"line-height: 1.38; text-align: justify; margin-top: 0pt; margin-bottom: 0pt;\"><span style=\"font-size: 11pt; font-family: 'Century Gothic',sans-serif; color: #000000; background-color: transparent; font-weight: 400; font-style: normal; font-variant: normal; text-decoration: none; vertical-align: baseline; white-space: pre-wrap;\">\u00a0<\/span><\/p>\t\t\t\t\t\t\t\t<\/div>\n\t\t\t\t<\/div>\n\t\t\t\t\t<\/div>\n\t\t\t\t<\/div>\n\t\t<div class=\"elementor-element elementor-element-44a45a4 e-flex e-con-boxed e-con e-parent\" data-id=\"44a45a4\" data-element_type=\"container\">\n\t\t\t\t\t<div class=\"e-con-inner\">\n\t\t\t\t<div class=\"elementor-element elementor-element-a44b90c elementor-widget elementor-widget-text-editor\" data-id=\"a44b90c\" data-element_type=\"widget\" data-widget_type=\"text-editor.default\">\n\t\t\t\t<div class=\"elementor-widget-container\">\n\t\t\t\t\t\t\t\t\t<p dir=\"ltr\" style=\"line-height: 1.38; text-align: justify; margin-top: 0pt; margin-bottom: 0pt;\"><span style=\"font-size: 11pt; font-family: 'Century Gothic',sans-serif; color: #000000; background-color: transparent; font-weight: 400; font-style: normal; font-variant: normal; text-decoration: none; vertical-align: baseline; white-space: pre-wrap;\">Neste momento j\u00e1 ter\u00e1 passado algum tempo a caminhar e a observar, est\u00e1 na hora de algo mais din\u00e2mico e de descansar os p\u00e9s. Nada melhor que o <span style=\"text-decoration: underline; color: #d69049;\"><a style=\"color: #d69049; text-decoration: underline;\" href=\"https:\/\/lookatporto.pt\/pt\/\">Look At Porto<\/a><\/span>, localizado apenas a 2 minutos do Ateneu. L\u00e1 poder\u00e1 desfrutar de uma experi\u00eancia imersiva 5D onde ser\u00e1 levado a ver alguns dos locais mais emblem\u00e1ticos do Porto, ficando a conhecer melhor estes pontos, bem como a sua hist\u00f3ria e cultura.<\/span><\/p><p dir=\"ltr\" style=\"line-height: 1.38; text-align: justify; margin-top: 0pt; margin-bottom: 0pt;\"><span style=\"font-size: 11pt; font-family: 'Century Gothic',sans-serif; color: #000000; background-color: transparent; font-weight: 400; font-style: normal; font-variant: normal; text-decoration: none; vertical-align: baseline; white-space: pre-wrap;\">Ap\u00f3s voar por toda a cidade em apenas 10 minutos, est\u00e1 na hora de seguir caminho em dire\u00e7\u00e3o \u00e0 avenida dos Aliados. Nesta zona poder\u00e1 escolher algum s\u00edtio para almo\u00e7ar. Se for um f\u00e3 de fast food, n\u00e3o podemos deixar de aconselhar o Mc Donald&#8217;s desta avenida. N\u00e3o estranhe a recomenda\u00e7\u00e3o, n\u00e3o se trata de s\u00f3 mais um restaurante da cadeia. Fica localizado num edif\u00edcio hist\u00f3rico e a arquitetura do mesmo foi preservada aquando da constru\u00e7\u00e3o do restaurante, sendo considerado o mais bonito do mundo!<\/span><\/p>\t\t\t\t\t\t\t\t<\/div>\n\t\t\t\t<\/div>\n\t\t\t\t<div class=\"elementor-element elementor-element-a4f93a6 elementor-widget elementor-widget-text-editor\" data-id=\"a4f93a6\" data-element_type=\"widget\" data-widget_type=\"text-editor.default\">\n\t\t\t\t<div class=\"elementor-widget-container\">\n\t\t\t\t\t\t\t\t\t<p dir=\"ltr\" style=\"line-height: 1.38; text-align: justify; margin-top: 0pt; margin-bottom: 0pt;\"><span style=\"font-size: 11pt; font-family: 'Century Gothic',sans-serif; color: #000000; background-color: transparent; font-weight: 400; font-style: normal; font-variant: normal; text-decoration: none; vertical-align: baseline; white-space: pre-wrap;\">A seguir, dever\u00e1 seguir caminho para a Ribeira, mas n\u00e3o sem antes parar para visitar os seguintes pontos indispens\u00e1veis, e pela seguinte ordem:<\/span><\/p><p dir=\"ltr\" style=\"line-height: 1.38; text-align: justify; margin-top: 0pt; margin-bottom: 0pt;\"><span style=\"color: #000000; font-family: 'Century Gothic', sans-serif; font-size: 11pt; white-space-collapse: preserve;\">\u00a0<\/span><\/p><ul><li><span style=\"color: #000000; font-family: 'Century Gothic', sans-serif; font-size: 11pt; white-space-collapse: preserve;\">Esta\u00e7\u00e3o de S.Bento<\/span><\/li><li><span style=\"color: #000000; font-family: 'Century Gothic', sans-serif; font-size: 11pt; white-space-collapse: preserve;\">Rua das Flores<\/span><\/li><li><span style=\"text-decoration: underline; color: #d68e47;\"><span style=\"font-family: 'Century Gothic', sans-serif; font-size: 11pt; white-space-collapse: preserve;\">Pal\u00e1cio da Bolsa<\/span><\/span><\/li><\/ul><p dir=\"ltr\" style=\"line-height: 1.38; text-align: justify; margin-top: 0pt; margin-bottom: 0pt;\"><span style=\"font-size: 11pt; font-family: 'Century Gothic',sans-serif; color: #000000; background-color: transparent; font-weight: 400; font-style: normal; font-variant: normal; text-decoration: none; vertical-align: baseline; white-space: pre-wrap;\">Visitadas estes tr\u00eas marcos da cidade, j\u00e1 estar\u00e1 quase a chegar \u00e0 t\u00e3o famosa Ribeira. Na companhia do Rio Douro, num ambiente acolhedor com artistas de rua e variados locais para petiscar, ter\u00e1 tamb\u00e9m vista privilegiada para a Ponte D.Lu\u00eds I. Atravesse-a em dire\u00e7\u00e3o ao cais de Gaia e observe da\u00ed a cidade Invicta. Poder\u00e1 saborear a vista juntamente com um copo de vinho do Porto. Basta dirigir-se a uma das in\u00fameras caves ao longo da margem sul do Douro. Aqui as op\u00e7\u00f5es s\u00e3o diversas: visitar apenas o interior das mesmas ou, at\u00e9 mesmo, participar numa prova de vinhos.\u00a0<\/span><\/p><p dir=\"ltr\" style=\"line-height: 1.38; text-align: justify; margin-top: 0pt; margin-bottom: 0pt;\"><span style=\"font-size: 11pt; font-family: 'Century Gothic',sans-serif; color: #000000; background-color: transparent; font-weight: 400; font-style: normal; font-variant: normal; text-decoration: none; vertical-align: baseline; white-space: pre-wrap;\">\u00a0<\/span><\/p>\t\t\t\t\t\t\t\t<\/div>\n\t\t\t\t<\/div>\n\t\t\t\t\t<\/div>\n\t\t\t\t<\/div>\n\t\t<div class=\"elementor-element elementor-element-cdd62f7 e-flex e-con-boxed e-con e-parent\" data-id=\"cdd62f7\" data-element_type=\"container\">\n\t\t\t\t\t<div class=\"e-con-inner\">\n\t\t\t\t<div class=\"elementor-element elementor-element-bcc8952 elementor-widget elementor-widget-image\" data-id=\"bcc8952\" data-element_type=\"widget\" data-widget_type=\"image.default\">\n\t\t\t\t<div class=\"elementor-widget-container\">\n\t\t\t\t\t\t\t\t\t\t\t\t\t\t\t<img fetchpriority=\"high\" decoding=\"async\" width=\"851\" height=\"469\" src=\"https:\/\/thebestofporto.com\/wp-content\/uploads\/2024\/05\/categorias_Prancheta-1_Prancheta-1.png\" class=\"attachment-large size-large wp-image-8334\" alt=\"\" srcset=\"https:\/\/thebestofporto.com\/wp-content\/uploads\/2024\/05\/categorias_Prancheta-1_Prancheta-1.png 851w, https:\/\/thebestofporto.com\/wp-content\/uploads\/2024\/05\/categorias_Prancheta-1_Prancheta-1-300x165.png 300w, https:\/\/thebestofporto.com\/wp-content\/uploads\/2024\/05\/categorias_Prancheta-1_Prancheta-1-768x423.png 768w\" sizes=\"(max-width:767px) 480px, (max-width:851px) 100vw, 851px\" \/>\t\t\t\t\t\t\t\t\t\t\t\t\t\t\t<\/div>\n\t\t\t\t<\/div>\n\t\t\t\t\t<\/div>\n\t\t\t\t<\/div>\n\t\t<div class=\"elementor-element elementor-element-ede311e e-flex e-con-boxed e-con e-parent\" data-id=\"ede311e\" data-element_type=\"container\">\n\t\t\t\t\t<div class=\"e-con-inner\">\n\t\t\t\t<div class=\"elementor-element elementor-element-3461ab7 elementor-widget elementor-widget-text-editor\" data-id=\"3461ab7\" data-element_type=\"widget\" data-widget_type=\"text-editor.default\">\n\t\t\t\t<div class=\"elementor-widget-container\">\n\t\t\t\t\t\t\t\t\t<p dir=\"ltr\" style=\"line-height: 1.38; text-align: justify; margin-top: 0pt; margin-bottom: 0pt;\"><span style=\"font-size: 11pt; font-family: 'Century Gothic',sans-serif; color: #000000; background-color: transparent; font-weight: 400; font-style: normal; font-variant: normal; text-decoration: none; vertical-align: baseline; white-space: pre-wrap;\">De seguida, aconselhamos a subida at\u00e9 ao Jardim do Morro, que poder\u00e1 ser feita de telef\u00e9rico, aproveitando para desfrutar da paisagem, a p\u00e9 (alertamos para a dificuldade da subida) ou de elevador. A \u00faltima op\u00e7\u00e3o \u00e9 uma dica secreta: no interior do parque de estacionamento vertical no in\u00edcio do Cais, junto \u00e0 ponte, encontra um elevador que o levar\u00e1 mais perto do Jardim do Morro. Boa viagem!<\/span><\/p><p dir=\"ltr\" style=\"line-height: 1.38; text-align: justify; margin-top: 0pt; margin-bottom: 0pt;\"><span style=\"font-size: 11pt; font-family: 'Century Gothic',sans-serif; color: #000000; background-color: transparent; font-weight: 400; font-style: normal; font-variant: normal; text-decoration: none; vertical-align: baseline; white-space: pre-wrap;\">Neste jardim, encontrar\u00e1 o local perfeito para ver o p\u00f4r-do-sol, uma das vistas mais inesquec\u00edveis da sua vida, certamente.\u00a0<\/span><\/p><p>\u00a0<\/p><p dir=\"ltr\" style=\"line-height: 1.38; text-align: justify; margin-top: 0pt; margin-bottom: 0pt;\"><span style=\"font-size: 11pt; font-family: 'Century Gothic',sans-serif; color: #000000; background-color: transparent; font-weight: 400; font-style: normal; font-variant: normal; text-decoration: none; vertical-align: baseline; white-space: pre-wrap;\">Caso ainda consiga faz\u00ea-lo antes da <\/span><span style=\"font-size: 11pt; font-family: 'Century Gothic',sans-serif; color: #000000; background-color: transparent; font-weight: 400; font-style: italic; font-variant: normal; text-decoration: none; vertical-align: baseline; white-space: pre-wrap;\">golden hour, <\/span><span style=\"font-size: 11pt; font-family: 'Century Gothic',sans-serif; color: #000000; background-color: transparent; font-weight: 400; font-style: normal; font-variant: normal; text-decoration: none; vertical-align: baseline; white-space: pre-wrap;\">suba at\u00e9 \u00e0 Serra do Pilar, onde ver\u00e1 toda a cidade do Porto de uma perspetiva superior \u00e0 do Morro. Aqui poder\u00e1 tamb\u00e9m espreitar pelos bin\u00f3culos e ver alguns pontos de refer\u00eancia do cora\u00e7\u00e3o da cidade com maior proximidade e detalhe. Aproveite e procure pela S\u00e9 do Porto, o seu pr\u00f3ximo destino. Para l\u00e1, dirija-se de metro at\u00e9 S.Bento e fa\u00e7a o restante percurso a p\u00e9.<\/span><\/p>\t\t\t\t\t\t\t\t<\/div>\n\t\t\t\t<\/div>\n\t\t\t\t<div class=\"elementor-element elementor-element-dcc0eb3 elementor-widget elementor-widget-image\" data-id=\"dcc0eb3\" data-element_type=\"widget\" data-widget_type=\"image.default\">\n\t\t\t\t<div class=\"elementor-widget-container\">\n\t\t\t\t\t\t\t\t\t\t\t\t\t\t\t<img decoding=\"async\" width=\"1024\" height=\"576\" src=\"https:\/\/thebestofporto.com\/wp-content\/uploads\/2023\/12\/sbento-1024x576.png\" class=\"attachment-large size-large wp-image-9414\" alt=\"\" srcset=\"https:\/\/thebestofporto.com\/wp-content\/uploads\/2023\/12\/sbento-1024x576.png 1024w, https:\/\/thebestofporto.com\/wp-content\/uploads\/2023\/12\/sbento-300x169.png 300w, https:\/\/thebestofporto.com\/wp-content\/uploads\/2023\/12\/sbento-768x432.png 768w, https:\/\/thebestofporto.com\/wp-content\/uploads\/2023\/12\/sbento-1536x864.png 1536w, https:\/\/thebestofporto.com\/wp-content\/uploads\/2023\/12\/sbento-2048x1152.png 2048w, https:\/\/thebestofporto.com\/wp-content\/uploads\/2023\/12\/sbento-18x10.png 18w\" sizes=\"(max-width:767px) 480px, (max-width:1024px) 100vw, 1024px\" \/>\t\t\t\t\t\t\t\t\t\t\t\t\t\t\t<\/div>\n\t\t\t\t<\/div>\n\t\t\t\t\t<\/div>\n\t\t\t\t<\/div>\n\t\t<div class=\"elementor-element elementor-element-9944e21 e-flex e-con-boxed e-con e-parent\" data-id=\"9944e21\" data-element_type=\"container\">\n\t\t\t\t\t<div class=\"e-con-inner\">\n\t\t\t\t<div class=\"elementor-element elementor-element-477f6d9 elementor-widget elementor-widget-text-editor\" data-id=\"477f6d9\" data-element_type=\"widget\" data-widget_type=\"text-editor.default\">\n\t\t\t\t<div class=\"elementor-widget-container\">\n\t\t\t\t\t\t\t\t\t<p dir=\"ltr\" style=\"line-height: 1.38; text-align: justify; margin-top: 0pt; margin-bottom: 0pt;\"><span style=\"font-size: 11pt; font-family: 'Century Gothic',sans-serif; color: #000000; background-color: transparent; font-weight: 400; font-style: normal; font-variant: normal; text-decoration: none; vertical-align: baseline; white-space: pre-wrap;\">Presumimos que o fim do dia se esteja a aproximar e que a barriga j\u00e1 esteja a dar horas. Estamos a falar do nosso Porto, pelo que as op\u00e7\u00f5es n\u00e3o ser\u00e3o reduzidas mas tentaremos fazer o m\u00ednimo de recomenda\u00e7\u00f5es poss\u00edvel. Perto da S\u00e9 poder\u00e1 encontrar o Gazela, conhecido pelo seus cachorrinhos ou poder\u00e1 seguir para a pra\u00e7a dos Poveiros, onde ter\u00e1 restaurantes para todos os gostos. Caso queira experimentar uma das francesinhas mais conceituadas do Norte, pode optar pelo Caf\u00e9 Santiago; se preferir um prego no p\u00e3o com queijo da serra, o ideal ser\u00e1 o restaurante Venham Mais 5.<\/span><\/p><p dir=\"ltr\" style=\"line-height: 1.38; text-align: justify; margin-top: 0pt; margin-bottom: 0pt;\"><span style=\"font-size: 11pt; font-family: 'Century Gothic',sans-serif; color: #000000; background-color: transparent; font-weight: 400; font-style: normal; font-variant: normal; text-decoration: none; vertical-align: baseline; white-space: pre-wrap;\">Por fim, n\u00e3o poder\u00e1 terminar este dia sem ouvir um, t\u00e3o caracter\u00edstico, fado. Aconselhamos o <span style=\"text-decoration: underline; color: #d68d45;\"><a style=\"color: #d68d45; text-decoration: underline;\" href=\"https:\/\/www.fado.club\/\">Ideal Clube de Fado<\/a><\/span>. L\u00e1, poder\u00e1 desfrutar de um bom fado acompanhado de um copo de vinho do Porto, se n\u00e3o tiver tido a oportunidade de o experimentar nas caves. Ou ent\u00e3o, caso tenha experimentado e adorado, como qualquer bom paladar!<\/span><\/p><p dir=\"ltr\" style=\"line-height: 1.38; text-align: justify; margin-top: 0pt; margin-bottom: 0pt;\"><span style=\"font-size: 11pt; font-family: 'Century Gothic',sans-serif; color: #000000; background-color: transparent; font-weight: 400; font-style: normal; font-variant: normal; text-decoration: none; vertical-align: baseline; white-space: pre-wrap;\">Neste momento, estar\u00e1 a sentir que teve um dia em cheio e o cansa\u00e7o dever\u00e1 come\u00e7ar a apertar. No entanto, ainda n\u00e3o viu metade do que h\u00e1 para ver pela baixa da cidade. Por isso, v\u00e1 relaxar que amanh\u00e3 \u00e9 um novo dia. C\u00e1 o esperamos para mais um roteiro, aqui no <span style=\"text-decoration: underline; color: #d68d45;\"><a style=\"color: #d68d45; text-decoration: underline;\" href=\"https:\/\/thebestofporto.com\/pt\/\">The Best Of Porto<\/a><\/span>!<\/span><\/p>\t\t\t\t\t\t\t\t<\/div>\n\t\t\t\t<\/div>\n\t\t\t\t\t<\/div>\n\t\t\t\t<\/div>\n\t\t<div class=\"elementor-element elementor-element-af85368 e-flex e-con-boxed e-con e-parent\" data-id=\"af85368\" data-element_type=\"container\">\n\t\t\t\t\t<div class=\"e-con-inner\">\n\t\t\t\t<div class=\"elementor-element elementor-element-ea10a45 elementor-widget elementor-widget-spacer\" data-id=\"ea10a45\" data-element_type=\"widget\" data-widget_type=\"spacer.default\">\n\t\t\t\t<div class=\"elementor-widget-container\">\n\t\t\t\t\t\t\t<div class=\"elementor-spacer\">\n\t\t\t<div class=\"elementor-spacer-inner\"><\/div>\n\t\t<\/div>\n\t\t\t\t\t\t<\/div>\n\t\t\t\t<\/div>\n\t\t\t\t\t<\/div>\n\t\t\t\t<\/div>\n\t\t<div class=\"elementor-element elementor-element-d0dc702 e-flex e-con-boxed e-con e-parent\" data-id=\"d0dc702\" data-element_type=\"container\">\n\t\t\t\t\t<div class=\"e-con-inner\">\n\t\t\t\t<div class=\"elementor-element elementor-element-53e98a7 elementor-align-center elementor-widget elementor-widget-button\" data-id=\"53e98a7\" data-element_type=\"widget\" data-widget_type=\"button.default\">\n\t\t\t\t<div class=\"elementor-widget-container\">\n\t\t\t\t\t\t\t\t\t<div class=\"elementor-button-wrapper\">\n\t\t\t\t\t<a class=\"elementor-button elementor-button-link elementor-size-sm\" href=\"https:\/\/thebestofporto.com\/pt\/blog\/\">\n\t\t\t\t\t\t<span class=\"elementor-button-content-wrapper\">\n\t\t\t\t\t\t\t\t\t<span class=\"elementor-button-text\">Ver todos os artigos<\/span>\n\t\t\t\t\t<\/span>\n\t\t\t\t\t<\/a>\n\t\t\t\t<\/div>\n\t\t\t\t\t\t\t\t<\/div>\n\t\t\t\t<\/div>\n\t\t\t\t\t<\/div>\n\t\t\t\t<\/div>\n\t\t\t\t<\/div>","protected":false},"excerpt":{"rendered":"<p>\u00a0 Com pregui\u00e7a de organizar o que fazer no primeiro dia na cidade do Porto? Sem problema, j\u00e1<span class=\"excerpt-hellip\"> [\u2026]<\/span><\/p>","protected":false},"author":1,"featured_media":8324,"comment_status":"closed","ping_status":"closed","sticky":false,"template":"","format":"standard","meta":{"_acf_changed":false,"footnotes":""},"categories":[123],"tags":[],"filtros":[],"class_list":["post-6569","post","type-post","status-publish","format-standard","has-post-thumbnail","hentry","category-articles"],"acf":[],"yoast_head":"<!-- This site is optimized with the Yoast SEO plugin v26.7 - https:\/\/yoast.com\/wordpress\/plugins\/seo\/ -->\n<title>Roteiro para 1 dia na baixa do Porto (1\/2) - The Best of Porto<\/title>\n<meta name=\"description\" content=\"Este roteiro de um dia pela baixa do Porto agrega alguns dos pontos mais ic\u00f3nicos da cidade do Porto bem como as vistas mais lindas!\" \/>\n<meta name=\"robots\" content=\"index, follow, max-snippet:-1, max-image-preview:large, max-video-preview:-1\" \/>\n<link rel=\"canonical\" href=\"https:\/\/thebestofporto.com\/pt\/roteiro-baixa-porto-1-2\/\" \/>\n<meta property=\"og:locale\" content=\"pt_PT\" \/>\n<meta property=\"og:type\" content=\"article\" \/>\n<meta property=\"og:title\" content=\"Roteiro para 1 dia na baixa do Porto (1\/2) - The Best of Porto\" \/>\n<meta property=\"og:description\" content=\"Este roteiro de um dia pela baixa do Porto agrega alguns dos pontos mais ic\u00f3nicos da cidade do Porto bem como as vistas mais lindas!\" \/>\n<meta property=\"og:url\" content=\"https:\/\/thebestofporto.com\/pt\/roteiro-baixa-porto-1-2\/\" \/>\n<meta property=\"og:site_name\" content=\"The Best of Porto\" \/>\n<meta property=\"article:published_time\" content=\"2024-06-06T12:21:57+00:00\" \/>\n<meta property=\"article:modified_time\" content=\"2024-07-04T11:24:25+00:00\" \/>\n<meta property=\"og:image\" content=\"https:\/\/thebestofporto.com\/wp-content\/uploads\/2024\/05\/DSCF4545-scaled.jpg\" \/>\n\t<meta property=\"og:image:width\" content=\"2560\" \/>\n\t<meta property=\"og:image:height\" content=\"1707\" \/>\n\t<meta property=\"og:image:type\" content=\"image\/jpeg\" \/>\n<meta name=\"author\" content=\"admin\" \/>\n<meta name=\"twitter:card\" content=\"summary_large_image\" \/>\n<meta name=\"twitter:label1\" content=\"Escrito por\" \/>\n\t<meta name=\"twitter:data1\" content=\"admin\" \/>\n\t<meta name=\"twitter:label2\" content=\"Tempo estimado de leitura\" \/>\n\t<meta name=\"twitter:data2\" content=\"6 minutos\" \/>\n<script type=\"application\/ld+json\" class=\"yoast-schema-graph\">{\"@context\":\"https:\/\/schema.org\",\"@graph\":[{\"@type\":\"Article\",\"@id\":\"https:\/\/thebestofporto.com\/roteiro-baixa-porto-1-2\/#article\",\"isPartOf\":{\"@id\":\"https:\/\/thebestofporto.com\/roteiro-baixa-porto-1-2\/\"},\"author\":{\"name\":\"admin\",\"@id\":\"https:\/\/thebestofporto.com\/#\/schema\/person\/04b3a2223d8527f0c6297ca6767266f7\"},\"headline\":\"Roteiro para 1 dia na baixa do Porto (1\/2)\",\"datePublished\":\"2024-06-06T12:21:57+00:00\",\"dateModified\":\"2024-07-04T11:24:25+00:00\",\"mainEntityOfPage\":{\"@id\":\"https:\/\/thebestofporto.com\/roteiro-baixa-porto-1-2\/\"},\"wordCount\":905,\"publisher\":{\"@id\":\"https:\/\/thebestofporto.com\/#organization\"},\"image\":{\"@id\":\"https:\/\/thebestofporto.com\/roteiro-baixa-porto-1-2\/#primaryimage\"},\"thumbnailUrl\":\"https:\/\/thebestofporto.com\/wp-content\/uploads\/2024\/05\/DSCF4545-scaled.jpg\",\"articleSection\":[\"Articles\"],\"inLanguage\":\"pt-PT\"},{\"@type\":\"WebPage\",\"@id\":\"https:\/\/thebestofporto.com\/roteiro-baixa-porto-1-2\/\",\"url\":\"https:\/\/thebestofporto.com\/roteiro-baixa-porto-1-2\/\",\"name\":\"Roteiro para 1 dia na baixa do Porto (1\/2) - The Best of Porto\",\"isPartOf\":{\"@id\":\"https:\/\/thebestofporto.com\/#website\"},\"primaryImageOfPage\":{\"@id\":\"https:\/\/thebestofporto.com\/roteiro-baixa-porto-1-2\/#primaryimage\"},\"image\":{\"@id\":\"https:\/\/thebestofporto.com\/roteiro-baixa-porto-1-2\/#primaryimage\"},\"thumbnailUrl\":\"https:\/\/thebestofporto.com\/wp-content\/uploads\/2024\/05\/DSCF4545-scaled.jpg\",\"datePublished\":\"2024-06-06T12:21:57+00:00\",\"dateModified\":\"2024-07-04T11:24:25+00:00\",\"description\":\"Este roteiro de um dia pela baixa do Porto agrega alguns dos pontos mais ic\u00f3nicos da cidade do Porto bem como as vistas mais lindas!\",\"breadcrumb\":{\"@id\":\"https:\/\/thebestofporto.com\/roteiro-baixa-porto-1-2\/#breadcrumb\"},\"inLanguage\":\"pt-PT\",\"potentialAction\":[{\"@type\":\"ReadAction\",\"target\":[\"https:\/\/thebestofporto.com\/roteiro-baixa-porto-1-2\/\"]}]},{\"@type\":\"ImageObject\",\"inLanguage\":\"pt-PT\",\"@id\":\"https:\/\/thebestofporto.com\/roteiro-baixa-porto-1-2\/#primaryimage\",\"url\":\"https:\/\/thebestofporto.com\/wp-content\/uploads\/2024\/05\/DSCF4545-scaled.jpg\",\"contentUrl\":\"https:\/\/thebestofporto.com\/wp-content\/uploads\/2024\/05\/DSCF4545-scaled.jpg\",\"width\":2560,\"height\":1707},{\"@type\":\"BreadcrumbList\",\"@id\":\"https:\/\/thebestofporto.com\/roteiro-baixa-porto-1-2\/#breadcrumb\",\"itemListElement\":[{\"@type\":\"ListItem\",\"position\":1,\"name\":\"In\u00edcio\",\"item\":\"https:\/\/thebestofporto.com\/\"},{\"@type\":\"ListItem\",\"position\":2,\"name\":\"Roteiro para 1 dia na baixa do Porto (1\/2)\"}]},{\"@type\":\"WebSite\",\"@id\":\"https:\/\/thebestofporto.com\/#website\",\"url\":\"https:\/\/thebestofporto.com\/\",\"name\":\"The Best of Porto\",\"description\":\"\",\"publisher\":{\"@id\":\"https:\/\/thebestofporto.com\/#organization\"},\"potentialAction\":[{\"@type\":\"SearchAction\",\"target\":{\"@type\":\"EntryPoint\",\"urlTemplate\":\"https:\/\/thebestofporto.com\/?s={search_term_string}\"},\"query-input\":{\"@type\":\"PropertyValueSpecification\",\"valueRequired\":true,\"valueName\":\"search_term_string\"}}],\"inLanguage\":\"pt-PT\"},{\"@type\":\"Organization\",\"@id\":\"https:\/\/thebestofporto.com\/#organization\",\"name\":\"The Best of Porto\",\"url\":\"https:\/\/thebestofporto.com\/\",\"logo\":{\"@type\":\"ImageObject\",\"inLanguage\":\"pt-PT\",\"@id\":\"https:\/\/thebestofporto.com\/#\/schema\/logo\/image\/\",\"url\":\"https:\/\/thebestofporto.com\/wp-content\/uploads\/2024\/05\/logo.png\",\"contentUrl\":\"https:\/\/thebestofporto.com\/wp-content\/uploads\/2024\/05\/logo.png\",\"width\":5076,\"height\":1463,\"caption\":\"The Best of Porto\"},\"image\":{\"@id\":\"https:\/\/thebestofporto.com\/#\/schema\/logo\/image\/\"}},{\"@type\":\"Person\",\"@id\":\"https:\/\/thebestofporto.com\/#\/schema\/person\/04b3a2223d8527f0c6297ca6767266f7\",\"name\":\"admin\",\"image\":{\"@type\":\"ImageObject\",\"inLanguage\":\"pt-PT\",\"@id\":\"https:\/\/thebestofporto.com\/#\/schema\/person\/image\/\",\"url\":\"https:\/\/secure.gravatar.com\/avatar\/193e2977da320450cf56b1b093dd5b7286cdbaf6ad5201ab3cda69b78b13b458?s=96&d=mm&r=g\",\"contentUrl\":\"https:\/\/secure.gravatar.com\/avatar\/193e2977da320450cf56b1b093dd5b7286cdbaf6ad5201ab3cda69b78b13b458?s=96&d=mm&r=g\",\"caption\":\"admin\"},\"sameAs\":[\"https:\/\/thebestofporto.com\"],\"url\":\"https:\/\/thebestofporto.com\/pt\/author\/admin_l3zak26a\/\"}]}<\/script>\n<!-- \/ Yoast SEO plugin. -->","yoast_head_json":{"title":"Roteiro para 1 dia na baixa do Porto (1\/2) - The Best of Porto","description":"Este roteiro de um dia pela baixa do Porto agrega alguns dos pontos mais ic\u00f3nicos da cidade do Porto bem como as vistas mais lindas!","robots":{"index":"index","follow":"follow","max-snippet":"max-snippet:-1","max-image-preview":"max-image-preview:large","max-video-preview":"max-video-preview:-1"},"canonical":"https:\/\/thebestofporto.com\/pt\/roteiro-baixa-porto-1-2\/","og_locale":"pt_PT","og_type":"article","og_title":"Roteiro para 1 dia na baixa do Porto (1\/2) - The Best of Porto","og_description":"Este roteiro de um dia pela baixa do Porto agrega alguns dos pontos mais ic\u00f3nicos da cidade do Porto bem como as vistas mais lindas!","og_url":"https:\/\/thebestofporto.com\/pt\/roteiro-baixa-porto-1-2\/","og_site_name":"The Best of Porto","article_published_time":"2024-06-06T12:21:57+00:00","article_modified_time":"2024-07-04T11:24:25+00:00","og_image":[{"width":2560,"height":1707,"url":"https:\/\/thebestofporto.com\/wp-content\/uploads\/2024\/05\/DSCF4545-scaled.jpg","type":"image\/jpeg"}],"author":"admin","twitter_card":"summary_large_image","twitter_misc":{"Escrito por":"admin","Tempo estimado de leitura":"6 minutos"},"schema":{"@context":"https:\/\/schema.org","@graph":[{"@type":"Article","@id":"https:\/\/thebestofporto.com\/roteiro-baixa-porto-1-2\/#article","isPartOf":{"@id":"https:\/\/thebestofporto.com\/roteiro-baixa-porto-1-2\/"},"author":{"name":"admin","@id":"https:\/\/thebestofporto.com\/#\/schema\/person\/04b3a2223d8527f0c6297ca6767266f7"},"headline":"Roteiro para 1 dia na baixa do Porto (1\/2)","datePublished":"2024-06-06T12:21:57+00:00","dateModified":"2024-07-04T11:24:25+00:00","mainEntityOfPage":{"@id":"https:\/\/thebestofporto.com\/roteiro-baixa-porto-1-2\/"},"wordCount":905,"publisher":{"@id":"https:\/\/thebestofporto.com\/#organization"},"image":{"@id":"https:\/\/thebestofporto.com\/roteiro-baixa-porto-1-2\/#primaryimage"},"thumbnailUrl":"https:\/\/thebestofporto.com\/wp-content\/uploads\/2024\/05\/DSCF4545-scaled.jpg","articleSection":["Articles"],"inLanguage":"pt-PT"},{"@type":"WebPage","@id":"https:\/\/thebestofporto.com\/roteiro-baixa-porto-1-2\/","url":"https:\/\/thebestofporto.com\/roteiro-baixa-porto-1-2\/","name":"Roteiro para 1 dia na baixa do Porto (1\/2) - The Best of Porto","isPartOf":{"@id":"https:\/\/thebestofporto.com\/#website"},"primaryImageOfPage":{"@id":"https:\/\/thebestofporto.com\/roteiro-baixa-porto-1-2\/#primaryimage"},"image":{"@id":"https:\/\/thebestofporto.com\/roteiro-baixa-porto-1-2\/#primaryimage"},"thumbnailUrl":"https:\/\/thebestofporto.com\/wp-content\/uploads\/2024\/05\/DSCF4545-scaled.jpg","datePublished":"2024-06-06T12:21:57+00:00","dateModified":"2024-07-04T11:24:25+00:00","description":"Este roteiro de um dia pela baixa do Porto agrega alguns dos pontos mais ic\u00f3nicos da cidade do Porto bem como as vistas mais lindas!","breadcrumb":{"@id":"https:\/\/thebestofporto.com\/roteiro-baixa-porto-1-2\/#breadcrumb"},"inLanguage":"pt-PT","potentialAction":[{"@type":"ReadAction","target":["https:\/\/thebestofporto.com\/roteiro-baixa-porto-1-2\/"]}]},{"@type":"ImageObject","inLanguage":"pt-PT","@id":"https:\/\/thebestofporto.com\/roteiro-baixa-porto-1-2\/#primaryimage","url":"https:\/\/thebestofporto.com\/wp-content\/uploads\/2024\/05\/DSCF4545-scaled.jpg","contentUrl":"https:\/\/thebestofporto.com\/wp-content\/uploads\/2024\/05\/DSCF4545-scaled.jpg","width":2560,"height":1707},{"@type":"BreadcrumbList","@id":"https:\/\/thebestofporto.com\/roteiro-baixa-porto-1-2\/#breadcrumb","itemListElement":[{"@type":"ListItem","position":1,"name":"In\u00edcio","item":"https:\/\/thebestofporto.com\/"},{"@type":"ListItem","position":2,"name":"Roteiro para 1 dia na baixa do Porto (1\/2)"}]},{"@type":"WebSite","@id":"https:\/\/thebestofporto.com\/#website","url":"https:\/\/thebestofporto.com\/","name":"The Best of Porto","description":"","publisher":{"@id":"https:\/\/thebestofporto.com\/#organization"},"potentialAction":[{"@type":"SearchAction","target":{"@type":"EntryPoint","urlTemplate":"https:\/\/thebestofporto.com\/?s={search_term_string}"},"query-input":{"@type":"PropertyValueSpecification","valueRequired":true,"valueName":"search_term_string"}}],"inLanguage":"pt-PT"},{"@type":"Organization","@id":"https:\/\/thebestofporto.com\/#organization","name":"The Best of Porto","url":"https:\/\/thebestofporto.com\/","logo":{"@type":"ImageObject","inLanguage":"pt-PT","@id":"https:\/\/thebestofporto.com\/#\/schema\/logo\/image\/","url":"https:\/\/thebestofporto.com\/wp-content\/uploads\/2024\/05\/logo.png","contentUrl":"https:\/\/thebestofporto.com\/wp-content\/uploads\/2024\/05\/logo.png","width":5076,"height":1463,"caption":"The Best of Porto"},"image":{"@id":"https:\/\/thebestofporto.com\/#\/schema\/logo\/image\/"}},{"@type":"Person","@id":"https:\/\/thebestofporto.com\/#\/schema\/person\/04b3a2223d8527f0c6297ca6767266f7","name":"admin","image":{"@type":"ImageObject","inLanguage":"pt-PT","@id":"https:\/\/thebestofporto.com\/#\/schema\/person\/image\/","url":"https:\/\/secure.gravatar.com\/avatar\/193e2977da320450cf56b1b093dd5b7286cdbaf6ad5201ab3cda69b78b13b458?s=96&d=mm&r=g","contentUrl":"https:\/\/secure.gravatar.com\/avatar\/193e2977da320450cf56b1b093dd5b7286cdbaf6ad5201ab3cda69b78b13b458?s=96&d=mm&r=g","caption":"admin"},"sameAs":["https:\/\/thebestofporto.com"],"url":"https:\/\/thebestofporto.com\/pt\/author\/admin_l3zak26a\/"}]}},"_links":{"self":[{"href":"https:\/\/thebestofporto.com\/pt\/wp-json\/wp\/v2\/posts\/6569","targetHints":{"allow":["GET"]}}],"collection":[{"href":"https:\/\/thebestofporto.com\/pt\/wp-json\/wp\/v2\/posts"}],"about":[{"href":"https:\/\/thebestofporto.com\/pt\/wp-json\/wp\/v2\/types\/post"}],"author":[{"embeddable":true,"href":"https:\/\/thebestofporto.com\/pt\/wp-json\/wp\/v2\/users\/1"}],"replies":[{"embeddable":true,"href":"https:\/\/thebestofporto.com\/pt\/wp-json\/wp\/v2\/comments?post=6569"}],"version-history":[{"count":22,"href":"https:\/\/thebestofporto.com\/pt\/wp-json\/wp\/v2\/posts\/6569\/revisions"}],"predecessor-version":[{"id":9622,"href":"https:\/\/thebestofporto.com\/pt\/wp-json\/wp\/v2\/posts\/6569\/revisions\/9622"}],"wp:featuredmedia":[{"embeddable":true,"href":"https:\/\/thebestofporto.com\/pt\/wp-json\/wp\/v2\/media\/8324"}],"wp:attachment":[{"href":"https:\/\/thebestofporto.com\/pt\/wp-json\/wp\/v2\/media?parent=6569"}],"wp:term":[{"taxonomy":"category","embeddable":true,"href":"https:\/\/thebestofporto.com\/pt\/wp-json\/wp\/v2\/categories?post=6569"},{"taxonomy":"post_tag","embeddable":true,"href":"https:\/\/thebestofporto.com\/pt\/wp-json\/wp\/v2\/tags?post=6569"},{"taxonomy":"filtros","embeddable":true,"href":"https:\/\/thebestofporto.com\/pt\/wp-json\/wp\/v2\/filtros?post=6569"}],"curies":[{"name":"wp","href":"https:\/\/api.w.org\/{rel}","templated":true}]}}