{"id":6995,"date":"2024-05-28T13:27:30","date_gmt":"2024-05-28T13:27:30","guid":{"rendered":"https:\/\/wanderaway.qodeinteractive.com\/?p=6995"},"modified":"2024-05-28T13:32:59","modified_gmt":"2024-05-28T13:32:59","slug":"viajar-nas-asas-de-um-dragao","status":"publish","type":"post","link":"https:\/\/thebestofporto.com\/pt\/viajar-nas-asas-de-um-dragao\/","title":{"rendered":"Viajar nas asas de um drag\u00e3o"},"content":{"rendered":"<div data-elementor-type=\"wp-post\" data-elementor-id=\"6995\" class=\"elementor elementor-6995\">\n\t\t\t\t<div class=\"elementor-element elementor-element-c7e85c9 e-flex e-con-boxed e-con e-parent\" data-id=\"c7e85c9\" data-element_type=\"container\">\n\t\t\t\t\t<div class=\"e-con-inner\">\n\t\t\t\t<div class=\"elementor-element elementor-element-0df2c9a elementor-widget elementor-widget-text-editor\" data-id=\"0df2c9a\" data-element_type=\"widget\" data-widget_type=\"text-editor.default\">\n\t\t\t\t<div class=\"elementor-widget-container\">\n\t\t\t\t\t\t\t\t\t<p><span style=\"font-weight: 400;\">\u00a0<\/span><\/p><h4 dir=\"ltr\" style=\"background-color: #ffffff;\"><span style=\"text-align: var(--text-align);\"><b>Porqu\u00ea que o drag\u00e3o \u00e9 o s\u00edmbolo da cidade do Porto?<\/b><\/span><\/h4><p><span style=\"color: var( --e-global-color-text ); font-family: var( --e-global-typography-text-font-family ), Sans-serif; font-size: 17px; text-align: var(--text-align);\">N\u00e3o, n\u00e3o tem que ver com o Futebol Clube do Porto. O drag\u00e3o j\u00e1 era o s\u00edmbolo da cidade muito antes de ser adotado pelo clube, e a sua origem remonta aos in\u00edcios da hist\u00f3ria de Portugal.<\/span><\/p><p><span style=\"font-weight: 400;\">Voltamos ao reinado de D. Pedro IV, que atribuiu ao Porto o t\u00edtulo de \u201cInvicta\u201d, que significa invenc\u00edvel, pelo sacrif\u00edcio e dedica\u00e7\u00e3o dos portuenses \u00e0s suas tropas liberais contra as tropas absolutistas que cercavam a cidade e que eram lideradas pelo seu irm\u00e3o D. Miguel.<\/span><\/p><p><span style=\"font-weight: 400;\">Mais tarde, D. Maria II, por vontade do seu pai D. Pedro IV, proclamou o bras\u00e3o de armas* da cidade que inclu\u00eda uma coroa ducal*, de onde sobressa\u00eda um drag\u00e3o e que acabou por se tornar o elemento identit\u00e1rio da cidade do Porto.<\/span><\/p><p><span style=\"font-weight: 400;\">Pense nos monumentos e locais da cidade e rapidamente perceber\u00e1 que est\u00e1 presente em v\u00e1rios deles, por exemplo, na est\u00e1tua de D. Pedro IV na avenida dos Aliados, no Parque Nova Sintra ou na avenida da Boavista.<\/span><\/p><p><span style=\"font-weight: 400;\">Uma curiosidade \u00e9 que D. Pedro IV quis deixar o seu cora\u00e7\u00e3o no Porto, e \u00e9 aqui que ele se encontra nos dias de hoje, na Igreja da Lapa, adornado por um drag\u00e3o. O monarca decidiu tamb\u00e9m que o seu filho, herdeiro do trono, deveria ostentar o t\u00edtulo de \u201cduque do Porto\u201d.<\/span><\/p><p><span style=\"font-weight: 400;\">Claro que existem in\u00fameras lendas associadas \u00e0 hist\u00f3ria do drag\u00e3o como s\u00edmbolo da cidade, mas deixamos de lado a imagina\u00e7\u00e3o, disto temos a certeza! <\/span><\/p>\t\t\t\t\t\t\t\t<\/div>\n\t\t\t\t<\/div>\n\t\t\t\t<div class=\"elementor-element elementor-element-5c303be elementor-widget elementor-widget-text-editor\" data-id=\"5c303be\" data-element_type=\"widget\" data-widget_type=\"text-editor.default\">\n\t\t\t\t<div class=\"elementor-widget-container\">\n\t\t\t\t\t\t\t\t\t<p><span style=\"font-weight: var( --e-global-typography-text-font-weight ); text-align: var(--text-align);\">*bras\u00e3o de armas da cidade &#8211; S\u00edmbolo que representa a cidade, normalmente composto por elementos visuais que representam a hist\u00f3ria, a cultura e as caracter\u00edsticas da cidade.<\/span><\/p><p><span style=\"font-weight: var( --e-global-typography-text-font-weight ); text-align: var(--text-align);\">*coroa ducal &#8211; Associada \u00e0 nobreza, \u00e9 um tipo espec\u00edfico de coroa que representa o t\u00edtulo de duque ou de duquesa.<\/span><\/p><p>\u00a0<\/p>\t\t\t\t\t\t\t\t<\/div>\n\t\t\t\t<\/div>\n\t\t\t\t<div class=\"elementor-element elementor-element-a741bba elementor-widget elementor-widget-text-editor\" data-id=\"a741bba\" data-element_type=\"widget\" data-widget_type=\"text-editor.default\">\n\t\t\t\t<div class=\"elementor-widget-container\">\n\t\t\t\t\t\t\t\t\t<h4 dir=\"ltr\" style=\"background-color: #ffffff;\"><span style=\"text-align: justify;\"><b>Viajar nas asas de um drag\u00e3o<\/b><\/span><\/h4><div><span style=\"text-align: justify; font-size: 17px;\">N\u00e3o \u00e9 no Est\u00e1dio do Drag\u00e3o, mas tamb\u00e9m vai passara por l\u00e1. O <span style=\"text-decoration: underline; color: #d68c42;\"><a style=\"color: #d68c42; text-decoration: underline;\" href=\"https:\/\/lookatporto.pt\/pt\/\">Look At Porto<\/a><\/span>, situado no cora\u00e7\u00e3o da cidade, oferece uma experi\u00eancia imersiva 5D que lhe permite conhecer o Porto.<\/span><br \/><span style=\"text-align: justify; font-size: 17px;\">Onde e que entra o drag\u00e3o? Em tudo, na verdade, vai \u00e0 boleia das suas asas, que levantam voo para lhe mostrar os melhores locais do Porto, os monumentos imperd\u00edveis e as vistas de cortar a respira\u00e7\u00e3o. Vai ouvir falar de hist\u00f3ria e da cultura portuense.<\/span><br \/><span style=\"text-align: justify; font-size: 17px;\">O melhor de tudo \u00e9 que nesta experi\u00eancia 5D sentir\u00e1 que est\u00e1 realmente a pisar a invicta, a sobrevoar a Foz do Porto e a sentir o vento no rosto.<\/span><br \/><span style=\"text-align: justify; font-size: 17px;\">Experimente e leve a fam\u00edlia! S\u00e3o 10 minutos que passam a voar.<\/span><span style=\"font-family: 'Century Gothic', sans-serif; font-size: 11pt; white-space-collapse: preserve; color: #808080; text-align: var(--text-align);\">\u00a0\u00a0<\/span><\/div><p dir=\"ltr\" style=\"line-height: 1.38; margin-top: 12pt; margin-bottom: 12pt;\">\u00a0<\/p>\t\t\t\t\t\t\t\t<\/div>\n\t\t\t\t<\/div>\n\t\t\t\t\t<\/div>\n\t\t\t\t<\/div>\n\t\t<div class=\"elementor-element elementor-element-44a45a4 e-flex e-con-boxed e-con e-parent\" data-id=\"44a45a4\" data-element_type=\"container\">\n\t\t\t\t\t<div class=\"e-con-inner\">\n\t\t\t\t\t<\/div>\n\t\t\t\t<\/div>\n\t\t<div class=\"elementor-element elementor-element-b7d03aa e-flex e-con-boxed e-con e-parent\" data-id=\"b7d03aa\" data-element_type=\"container\">\n\t\t\t\t\t<div class=\"e-con-inner\">\n\t\t\t\t<div class=\"elementor-element elementor-element-5ad9a00 elementor-widget elementor-widget-spacer\" data-id=\"5ad9a00\" data-element_type=\"widget\" data-widget_type=\"spacer.default\">\n\t\t\t\t<div class=\"elementor-widget-container\">\n\t\t\t\t\t\t\t<div class=\"elementor-spacer\">\n\t\t\t<div class=\"elementor-spacer-inner\"><\/div>\n\t\t<\/div>\n\t\t\t\t\t\t<\/div>\n\t\t\t\t<\/div>\n\t\t\t\t\t<\/div>\n\t\t\t\t<\/div>\n\t\t<div class=\"elementor-element elementor-element-89b86f6 e-flex e-con-boxed e-con e-parent\" data-id=\"89b86f6\" data-element_type=\"container\">\n\t\t\t\t\t<div class=\"e-con-inner\">\n\t\t\t\t<div class=\"elementor-element elementor-element-0c8a3bd elementor-align-center elementor-widget elementor-widget-button\" data-id=\"0c8a3bd\" data-element_type=\"widget\" data-widget_type=\"button.default\">\n\t\t\t\t<div class=\"elementor-widget-container\">\n\t\t\t\t\t\t\t\t\t<div class=\"elementor-button-wrapper\">\n\t\t\t\t\t<a class=\"elementor-button elementor-button-link elementor-size-sm\" href=\"https:\/\/thebestofporto.com\/pt\/blog\/\">\n\t\t\t\t\t\t<span class=\"elementor-button-content-wrapper\">\n\t\t\t\t\t\t\t\t\t<span class=\"elementor-button-text\">Ver todos os artigos<\/span>\n\t\t\t\t\t<\/span>\n\t\t\t\t\t<\/a>\n\t\t\t\t<\/div>\n\t\t\t\t\t\t\t\t<\/div>\n\t\t\t\t<\/div>\n\t\t\t\t\t<\/div>\n\t\t\t\t<\/div>\n\t\t\t\t<\/div>","protected":false},"excerpt":{"rendered":"<p>\u00a0 Porqu\u00ea que o drag\u00e3o \u00e9 o s\u00edmbolo da cidade do Porto? N\u00e3o, n\u00e3o tem que ver com<span class=\"excerpt-hellip\"> [\u2026]<\/span><\/p>","protected":false},"author":1,"featured_media":8514,"comment_status":"open","ping_status":"open","sticky":false,"template":"","format":"standard","meta":{"_acf_changed":false,"footnotes":""},"categories":[123],"tags":[],"filtros":[],"class_list":["post-6995","post","type-post","status-publish","format-standard","has-post-thumbnail","hentry","category-articles"],"acf":[],"yoast_head":"<!-- This site is optimized with the Yoast SEO plugin v26.7 - https:\/\/yoast.com\/wordpress\/plugins\/seo\/ -->\n<title>Viajar nas asas de um drag\u00e3o - The Best of Porto<\/title>\n<meta name=\"description\" content=\"Viaje nas asas de um drag\u00e3o, s\u00edmbolo da cidade do Porto. Pode faz\u00ea-no na experi\u00eancia imersiva 5D localizada na baixa: o Look At Porto.\" \/>\n<meta name=\"robots\" content=\"index, follow, max-snippet:-1, max-image-preview:large, max-video-preview:-1\" \/>\n<link rel=\"canonical\" href=\"https:\/\/thebestofporto.com\/pt\/viajar-nas-asas-de-um-dragao\/\" \/>\n<meta property=\"og:locale\" content=\"pt_PT\" \/>\n<meta property=\"og:type\" content=\"article\" \/>\n<meta property=\"og:title\" content=\"Viajar nas asas de um drag\u00e3o - The Best of Porto\" \/>\n<meta property=\"og:description\" content=\"Viaje nas asas de um drag\u00e3o, s\u00edmbolo da cidade do Porto. Pode faz\u00ea-no na experi\u00eancia imersiva 5D localizada na baixa: o Look At Porto.\" \/>\n<meta property=\"og:url\" content=\"https:\/\/thebestofporto.com\/pt\/viajar-nas-asas-de-um-dragao\/\" \/>\n<meta property=\"og:site_name\" content=\"The Best of Porto\" \/>\n<meta property=\"article:published_time\" content=\"2024-05-28T13:27:30+00:00\" \/>\n<meta property=\"article:modified_time\" content=\"2024-05-28T13:32:59+00:00\" \/>\n<meta property=\"og:image\" content=\"https:\/\/thebestofporto.com\/wp-content\/uploads\/2024\/01\/11-33.png\" \/>\n\t<meta property=\"og:image:width\" content=\"623\" \/>\n\t<meta property=\"og:image:height\" content=\"482\" \/>\n\t<meta property=\"og:image:type\" content=\"image\/png\" \/>\n<meta name=\"author\" content=\"admin\" \/>\n<meta name=\"twitter:card\" content=\"summary_large_image\" \/>\n<meta name=\"twitter:label1\" content=\"Escrito por\" \/>\n\t<meta name=\"twitter:data1\" content=\"admin\" \/>\n\t<meta name=\"twitter:label2\" content=\"Tempo estimado de leitura\" \/>\n\t<meta name=\"twitter:data2\" content=\"3 minutos\" \/>\n<script type=\"application\/ld+json\" class=\"yoast-schema-graph\">{\"@context\":\"https:\/\/schema.org\",\"@graph\":[{\"@type\":\"Article\",\"@id\":\"https:\/\/thebestofporto.com\/viajar-nas-asas-de-um-dragao\/#article\",\"isPartOf\":{\"@id\":\"https:\/\/thebestofporto.com\/viajar-nas-asas-de-um-dragao\/\"},\"author\":{\"name\":\"admin\",\"@id\":\"https:\/\/thebestofporto.com\/#\/schema\/person\/04b3a2223d8527f0c6297ca6767266f7\"},\"headline\":\"Viajar nas asas de um drag\u00e3o\",\"datePublished\":\"2024-05-28T13:27:30+00:00\",\"dateModified\":\"2024-05-28T13:32:59+00:00\",\"mainEntityOfPage\":{\"@id\":\"https:\/\/thebestofporto.com\/viajar-nas-asas-de-um-dragao\/\"},\"wordCount\":473,\"commentCount\":0,\"publisher\":{\"@id\":\"https:\/\/thebestofporto.com\/#organization\"},\"image\":{\"@id\":\"https:\/\/thebestofporto.com\/viajar-nas-asas-de-um-dragao\/#primaryimage\"},\"thumbnailUrl\":\"https:\/\/thebestofporto.com\/wp-content\/uploads\/2024\/01\/11-33.png\",\"articleSection\":[\"Articles\"],\"inLanguage\":\"pt-PT\"},{\"@type\":\"WebPage\",\"@id\":\"https:\/\/thebestofporto.com\/viajar-nas-asas-de-um-dragao\/\",\"url\":\"https:\/\/thebestofporto.com\/viajar-nas-asas-de-um-dragao\/\",\"name\":\"Viajar nas asas de um drag\u00e3o - The Best of Porto\",\"isPartOf\":{\"@id\":\"https:\/\/thebestofporto.com\/#website\"},\"primaryImageOfPage\":{\"@id\":\"https:\/\/thebestofporto.com\/viajar-nas-asas-de-um-dragao\/#primaryimage\"},\"image\":{\"@id\":\"https:\/\/thebestofporto.com\/viajar-nas-asas-de-um-dragao\/#primaryimage\"},\"thumbnailUrl\":\"https:\/\/thebestofporto.com\/wp-content\/uploads\/2024\/01\/11-33.png\",\"datePublished\":\"2024-05-28T13:27:30+00:00\",\"dateModified\":\"2024-05-28T13:32:59+00:00\",\"description\":\"Viaje nas asas de um drag\u00e3o, s\u00edmbolo da cidade do Porto. Pode faz\u00ea-no na experi\u00eancia imersiva 5D localizada na baixa: o Look At Porto.\",\"breadcrumb\":{\"@id\":\"https:\/\/thebestofporto.com\/viajar-nas-asas-de-um-dragao\/#breadcrumb\"},\"inLanguage\":\"pt-PT\",\"potentialAction\":[{\"@type\":\"ReadAction\",\"target\":[\"https:\/\/thebestofporto.com\/viajar-nas-asas-de-um-dragao\/\"]}]},{\"@type\":\"ImageObject\",\"inLanguage\":\"pt-PT\",\"@id\":\"https:\/\/thebestofporto.com\/viajar-nas-asas-de-um-dragao\/#primaryimage\",\"url\":\"https:\/\/thebestofporto.com\/wp-content\/uploads\/2024\/01\/11-33.png\",\"contentUrl\":\"https:\/\/thebestofporto.com\/wp-content\/uploads\/2024\/01\/11-33.png\",\"width\":623,\"height\":482},{\"@type\":\"BreadcrumbList\",\"@id\":\"https:\/\/thebestofporto.com\/viajar-nas-asas-de-um-dragao\/#breadcrumb\",\"itemListElement\":[{\"@type\":\"ListItem\",\"position\":1,\"name\":\"In\u00edcio\",\"item\":\"https:\/\/thebestofporto.com\/\"},{\"@type\":\"ListItem\",\"position\":2,\"name\":\"Viajar nas asas de um drag\u00e3o\"}]},{\"@type\":\"WebSite\",\"@id\":\"https:\/\/thebestofporto.com\/#website\",\"url\":\"https:\/\/thebestofporto.com\/\",\"name\":\"The Best of Porto\",\"description\":\"\",\"publisher\":{\"@id\":\"https:\/\/thebestofporto.com\/#organization\"},\"potentialAction\":[{\"@type\":\"SearchAction\",\"target\":{\"@type\":\"EntryPoint\",\"urlTemplate\":\"https:\/\/thebestofporto.com\/?s={search_term_string}\"},\"query-input\":{\"@type\":\"PropertyValueSpecification\",\"valueRequired\":true,\"valueName\":\"search_term_string\"}}],\"inLanguage\":\"pt-PT\"},{\"@type\":\"Organization\",\"@id\":\"https:\/\/thebestofporto.com\/#organization\",\"name\":\"The Best of Porto\",\"url\":\"https:\/\/thebestofporto.com\/\",\"logo\":{\"@type\":\"ImageObject\",\"inLanguage\":\"pt-PT\",\"@id\":\"https:\/\/thebestofporto.com\/#\/schema\/logo\/image\/\",\"url\":\"https:\/\/thebestofporto.com\/wp-content\/uploads\/2024\/05\/logo.png\",\"contentUrl\":\"https:\/\/thebestofporto.com\/wp-content\/uploads\/2024\/05\/logo.png\",\"width\":5076,\"height\":1463,\"caption\":\"The Best of Porto\"},\"image\":{\"@id\":\"https:\/\/thebestofporto.com\/#\/schema\/logo\/image\/\"}},{\"@type\":\"Person\",\"@id\":\"https:\/\/thebestofporto.com\/#\/schema\/person\/04b3a2223d8527f0c6297ca6767266f7\",\"name\":\"admin\",\"image\":{\"@type\":\"ImageObject\",\"inLanguage\":\"pt-PT\",\"@id\":\"https:\/\/thebestofporto.com\/#\/schema\/person\/image\/\",\"url\":\"https:\/\/secure.gravatar.com\/avatar\/193e2977da320450cf56b1b093dd5b7286cdbaf6ad5201ab3cda69b78b13b458?s=96&d=mm&r=g\",\"contentUrl\":\"https:\/\/secure.gravatar.com\/avatar\/193e2977da320450cf56b1b093dd5b7286cdbaf6ad5201ab3cda69b78b13b458?s=96&d=mm&r=g\",\"caption\":\"admin\"},\"sameAs\":[\"https:\/\/thebestofporto.com\"],\"url\":\"https:\/\/thebestofporto.com\/pt\/author\/admin_l3zak26a\/\"}]}<\/script>\n<!-- \/ Yoast SEO plugin. -->","yoast_head_json":{"title":"Viajar nas asas de um drag\u00e3o - The Best of Porto","description":"Viaje nas asas de um drag\u00e3o, s\u00edmbolo da cidade do Porto. Pode faz\u00ea-no na experi\u00eancia imersiva 5D localizada na baixa: o Look At Porto.","robots":{"index":"index","follow":"follow","max-snippet":"max-snippet:-1","max-image-preview":"max-image-preview:large","max-video-preview":"max-video-preview:-1"},"canonical":"https:\/\/thebestofporto.com\/pt\/viajar-nas-asas-de-um-dragao\/","og_locale":"pt_PT","og_type":"article","og_title":"Viajar nas asas de um drag\u00e3o - The Best of Porto","og_description":"Viaje nas asas de um drag\u00e3o, s\u00edmbolo da cidade do Porto. Pode faz\u00ea-no na experi\u00eancia imersiva 5D localizada na baixa: o Look At Porto.","og_url":"https:\/\/thebestofporto.com\/pt\/viajar-nas-asas-de-um-dragao\/","og_site_name":"The Best of Porto","article_published_time":"2024-05-28T13:27:30+00:00","article_modified_time":"2024-05-28T13:32:59+00:00","og_image":[{"width":623,"height":482,"url":"https:\/\/thebestofporto.com\/wp-content\/uploads\/2024\/01\/11-33.png","type":"image\/png"}],"author":"admin","twitter_card":"summary_large_image","twitter_misc":{"Escrito por":"admin","Tempo estimado de leitura":"3 minutos"},"schema":{"@context":"https:\/\/schema.org","@graph":[{"@type":"Article","@id":"https:\/\/thebestofporto.com\/viajar-nas-asas-de-um-dragao\/#article","isPartOf":{"@id":"https:\/\/thebestofporto.com\/viajar-nas-asas-de-um-dragao\/"},"author":{"name":"admin","@id":"https:\/\/thebestofporto.com\/#\/schema\/person\/04b3a2223d8527f0c6297ca6767266f7"},"headline":"Viajar nas asas de um drag\u00e3o","datePublished":"2024-05-28T13:27:30+00:00","dateModified":"2024-05-28T13:32:59+00:00","mainEntityOfPage":{"@id":"https:\/\/thebestofporto.com\/viajar-nas-asas-de-um-dragao\/"},"wordCount":473,"commentCount":0,"publisher":{"@id":"https:\/\/thebestofporto.com\/#organization"},"image":{"@id":"https:\/\/thebestofporto.com\/viajar-nas-asas-de-um-dragao\/#primaryimage"},"thumbnailUrl":"https:\/\/thebestofporto.com\/wp-content\/uploads\/2024\/01\/11-33.png","articleSection":["Articles"],"inLanguage":"pt-PT"},{"@type":"WebPage","@id":"https:\/\/thebestofporto.com\/viajar-nas-asas-de-um-dragao\/","url":"https:\/\/thebestofporto.com\/viajar-nas-asas-de-um-dragao\/","name":"Viajar nas asas de um drag\u00e3o - The Best of Porto","isPartOf":{"@id":"https:\/\/thebestofporto.com\/#website"},"primaryImageOfPage":{"@id":"https:\/\/thebestofporto.com\/viajar-nas-asas-de-um-dragao\/#primaryimage"},"image":{"@id":"https:\/\/thebestofporto.com\/viajar-nas-asas-de-um-dragao\/#primaryimage"},"thumbnailUrl":"https:\/\/thebestofporto.com\/wp-content\/uploads\/2024\/01\/11-33.png","datePublished":"2024-05-28T13:27:30+00:00","dateModified":"2024-05-28T13:32:59+00:00","description":"Viaje nas asas de um drag\u00e3o, s\u00edmbolo da cidade do Porto. Pode faz\u00ea-no na experi\u00eancia imersiva 5D localizada na baixa: o Look At Porto.","breadcrumb":{"@id":"https:\/\/thebestofporto.com\/viajar-nas-asas-de-um-dragao\/#breadcrumb"},"inLanguage":"pt-PT","potentialAction":[{"@type":"ReadAction","target":["https:\/\/thebestofporto.com\/viajar-nas-asas-de-um-dragao\/"]}]},{"@type":"ImageObject","inLanguage":"pt-PT","@id":"https:\/\/thebestofporto.com\/viajar-nas-asas-de-um-dragao\/#primaryimage","url":"https:\/\/thebestofporto.com\/wp-content\/uploads\/2024\/01\/11-33.png","contentUrl":"https:\/\/thebestofporto.com\/wp-content\/uploads\/2024\/01\/11-33.png","width":623,"height":482},{"@type":"BreadcrumbList","@id":"https:\/\/thebestofporto.com\/viajar-nas-asas-de-um-dragao\/#breadcrumb","itemListElement":[{"@type":"ListItem","position":1,"name":"In\u00edcio","item":"https:\/\/thebestofporto.com\/"},{"@type":"ListItem","position":2,"name":"Viajar nas asas de um drag\u00e3o"}]},{"@type":"WebSite","@id":"https:\/\/thebestofporto.com\/#website","url":"https:\/\/thebestofporto.com\/","name":"The Best of Porto","description":"","publisher":{"@id":"https:\/\/thebestofporto.com\/#organization"},"potentialAction":[{"@type":"SearchAction","target":{"@type":"EntryPoint","urlTemplate":"https:\/\/thebestofporto.com\/?s={search_term_string}"},"query-input":{"@type":"PropertyValueSpecification","valueRequired":true,"valueName":"search_term_string"}}],"inLanguage":"pt-PT"},{"@type":"Organization","@id":"https:\/\/thebestofporto.com\/#organization","name":"The Best of Porto","url":"https:\/\/thebestofporto.com\/","logo":{"@type":"ImageObject","inLanguage":"pt-PT","@id":"https:\/\/thebestofporto.com\/#\/schema\/logo\/image\/","url":"https:\/\/thebestofporto.com\/wp-content\/uploads\/2024\/05\/logo.png","contentUrl":"https:\/\/thebestofporto.com\/wp-content\/uploads\/2024\/05\/logo.png","width":5076,"height":1463,"caption":"The Best of Porto"},"image":{"@id":"https:\/\/thebestofporto.com\/#\/schema\/logo\/image\/"}},{"@type":"Person","@id":"https:\/\/thebestofporto.com\/#\/schema\/person\/04b3a2223d8527f0c6297ca6767266f7","name":"admin","image":{"@type":"ImageObject","inLanguage":"pt-PT","@id":"https:\/\/thebestofporto.com\/#\/schema\/person\/image\/","url":"https:\/\/secure.gravatar.com\/avatar\/193e2977da320450cf56b1b093dd5b7286cdbaf6ad5201ab3cda69b78b13b458?s=96&d=mm&r=g","contentUrl":"https:\/\/secure.gravatar.com\/avatar\/193e2977da320450cf56b1b093dd5b7286cdbaf6ad5201ab3cda69b78b13b458?s=96&d=mm&r=g","caption":"admin"},"sameAs":["https:\/\/thebestofporto.com"],"url":"https:\/\/thebestofporto.com\/pt\/author\/admin_l3zak26a\/"}]}},"_links":{"self":[{"href":"https:\/\/thebestofporto.com\/pt\/wp-json\/wp\/v2\/posts\/6995","targetHints":{"allow":["GET"]}}],"collection":[{"href":"https:\/\/thebestofporto.com\/pt\/wp-json\/wp\/v2\/posts"}],"about":[{"href":"https:\/\/thebestofporto.com\/pt\/wp-json\/wp\/v2\/types\/post"}],"author":[{"embeddable":true,"href":"https:\/\/thebestofporto.com\/pt\/wp-json\/wp\/v2\/users\/1"}],"replies":[{"embeddable":true,"href":"https:\/\/thebestofporto.com\/pt\/wp-json\/wp\/v2\/comments?post=6995"}],"version-history":[{"count":31,"href":"https:\/\/thebestofporto.com\/pt\/wp-json\/wp\/v2\/posts\/6995\/revisions"}],"predecessor-version":[{"id":9399,"href":"https:\/\/thebestofporto.com\/pt\/wp-json\/wp\/v2\/posts\/6995\/revisions\/9399"}],"wp:featuredmedia":[{"embeddable":true,"href":"https:\/\/thebestofporto.com\/pt\/wp-json\/wp\/v2\/media\/8514"}],"wp:attachment":[{"href":"https:\/\/thebestofporto.com\/pt\/wp-json\/wp\/v2\/media?parent=6995"}],"wp:term":[{"taxonomy":"category","embeddable":true,"href":"https:\/\/thebestofporto.com\/pt\/wp-json\/wp\/v2\/categories?post=6995"},{"taxonomy":"post_tag","embeddable":true,"href":"https:\/\/thebestofporto.com\/pt\/wp-json\/wp\/v2\/tags?post=6995"},{"taxonomy":"filtros","embeddable":true,"href":"https:\/\/thebestofporto.com\/pt\/wp-json\/wp\/v2\/filtros?post=6995"}],"curies":[{"name":"wp","href":"https:\/\/api.w.org\/{rel}","templated":true}]}}