{"id":6996,"date":"2025-06-18T10:00:23","date_gmt":"2025-06-18T10:00:23","guid":{"rendered":"https:\/\/wanderaway.qodeinteractive.com\/?p=6996"},"modified":"2026-01-20T11:53:44","modified_gmt":"2026-01-20T11:53:44","slug":"9-experiencias-outdoor-no-porto","status":"publish","type":"post","link":"https:\/\/thebestofporto.com\/pt\/9-experiencias-outdoor-no-porto\/","title":{"rendered":"9 Experi\u00eancias outdoor no Porto"},"content":{"rendered":"<div data-elementor-type=\"wp-post\" data-elementor-id=\"6996\" class=\"elementor elementor-6996\">\n\t\t\t\t<div class=\"elementor-element elementor-element-c7e85c9 e-flex e-con-boxed e-con e-parent\" data-id=\"c7e85c9\" data-element_type=\"container\">\n\t\t\t\t\t<div class=\"e-con-inner\">\n\t\t\t\t<div class=\"elementor-element elementor-element-0df2c9a elementor-widget elementor-widget-text-editor\" data-id=\"0df2c9a\" data-element_type=\"widget\" data-widget_type=\"text-editor.default\">\n\t\t\t\t<div class=\"elementor-widget-container\">\n\t\t\t\t\t\t\t\t\t<p style=\"text-align: center;\">\u00a0<\/p><p dir=\"ltr\" style=\"line-height: 1.38; text-align: justify; margin-top: 12pt; margin-bottom: 12pt;\"><span style=\"font-size: 11pt; font-family: 'Century Gothic',sans-serif; color: #000000; background-color: transparent; font-weight: 400; font-style: normal; font-variant: normal; text-decoration: none; vertical-align: baseline; white-space: pre-wrap;\">Somos da opini\u00e3o de que o Porto fica ainda mais bonito no ver\u00e3o, por isso reunimos algumas experi\u00eancias ao ar livre para os dias mais longos que se avizinham, seja em fam\u00edlia, com um grupo de amigos ou na sua pr\u00f3pria companhia.<\/span><\/p>\t\t\t\t\t\t\t\t<\/div>\n\t\t\t\t<\/div>\n\t\t\t\t\t<\/div>\n\t\t\t\t<\/div>\n\t\t<div class=\"elementor-element elementor-element-44a45a4 e-flex e-con-boxed e-con e-parent\" data-id=\"44a45a4\" data-element_type=\"container\">\n\t\t\t\t\t<div class=\"e-con-inner\">\n\t\t\t\t<div class=\"elementor-element elementor-element-a44b90c elementor-widget elementor-widget-text-editor\" data-id=\"a44b90c\" data-element_type=\"widget\" data-widget_type=\"text-editor.default\">\n\t\t\t\t<div class=\"elementor-widget-container\">\n\t\t\t\t\t\t\t\t\t<p dir=\"ltr\" style=\"line-height: 1.38; text-align: justify; margin-top: 12pt; margin-bottom: 12pt;\"><span style=\"color: #000000; font-family: 'Century Gothic', sans-serif; font-size: 11pt; font-weight: bold; white-space-collapse: preserve;\">Subir \u00e0 Ponte da Arr\u00e1bida<\/span><\/p><p dir=\"ltr\" style=\"line-height: 1.38; text-align: justify; margin-top: 12pt; margin-bottom: 12pt;\"><span style=\"font-size: 11pt; font-family: 'Century Gothic',sans-serif; color: #000000; background-color: transparent; font-weight: 400; font-style: normal; font-variant: normal; text-decoration: none; vertical-align: baseline; white-space: pre-wrap;\">O<\/span> <span style=\"font-size: 11pt; font-family: 'Century Gothic',sans-serif; color: #000000; background-color: transparent; font-weight: 400; font-style: normal; font-variant: normal; text-decoration: none; vertical-align: baseline; white-space: pre-wrap;\"><span style=\"text-decoration: underline; color: #d68d45;\"><a style=\"color: #d68d45; text-decoration: underline;\" href=\"https:\/\/www.portobridgeclimb.com\/\">Porto Bridge Climb<\/a><\/span> permite-lhe subir at\u00e9 \u00e0 Ponte da Arr\u00e1bida, uma das mais ic\u00f3nicas do Porto e a \u00fanica na Europa em que se podem realizar visitas ao arco.<\/span><\/p><p dir=\"ltr\" style=\"line-height: 1.38; text-align: justify; margin-top: 12pt; margin-bottom: 12pt;\"><span style=\"font-size: 11pt; font-family: 'Century Gothic',sans-serif; color: #000000; background-color: transparent; font-weight: 400; font-style: normal; font-variant: normal; text-decoration: none; vertical-align: baseline; white-space: pre-wrap;\">Durante a escalada \u00e9 acompanhado por guias experientes que garantem a sua seguran\u00e7a e lhe d\u00e3o a conhecer a hist\u00f3ria da Ponte da Arr\u00e1bida. No topo, a 65 metros acima do rio, desfruta de uma vista rom\u00e2ntica sobre o Porto, Gaia e a Foz, e de uma surpresa. Vale a pena perder o medo das alturas!<\/span><\/p>\t\t\t\t\t\t\t\t<\/div>\n\t\t\t\t<\/div>\n\t\t\t\t<div class=\"elementor-element elementor-element-5aa0132 elementor-widget elementor-widget-text-editor\" data-id=\"5aa0132\" data-element_type=\"widget\" data-widget_type=\"text-editor.default\">\n\t\t\t\t<div class=\"elementor-widget-container\">\n\t\t\t\t\t\t\t\t\t<p dir=\"ltr\" style=\"line-height: 1.38; text-align: justify; margin-top: 12pt; margin-bottom: 12pt;\"><span style=\"font-size: 11pt; font-family: 'Century Gothic',sans-serif; color: #000000; background-color: transparent; font-weight: bold; font-style: normal; font-variant: normal; text-decoration: none; vertical-align: baseline; white-space: pre-wrap;\">Passeio de Porto Bike<\/span><\/p><p dir=\"ltr\" style=\"line-height: 1.38; text-align: justify; margin-top: 12pt; margin-bottom: 12pt;\"><span style=\"font-size: 11pt; font-family: 'Century Gothic',sans-serif; color: #000000; background-color: transparent; font-weight: 400; font-style: normal; font-variant: normal; text-decoration: none; vertical-align: baseline; white-space: pre-wrap;\">Como o nome sugere, \u00e9 um passeio de bicicleta, mas com um toque diferente. Nesta experi\u00eancia \u201cParty Bike\u201d pedala juntamente com o seu grupo de amigos, enquanto ouvem a mesma m\u00fasica e bebem cerveja e sangria frescas! <\/span><span style=\"font-size: 11pt; font-family: 'Century Gothic',sans-serif; color: #000000; background-color: transparent; font-weight: 400; font-style: normal; font-variant: normal; text-decoration: none; vertical-align: baseline; white-space: pre-wrap;\">O percurso de 60 minutos come\u00e7a em frente ao Mercado da Foz, desce at\u00e9 ao mar na avenida Brasil e vai at\u00e9 ao Jardim do Molhe, onde se inicia o regresso com passagem pela Pra\u00e7a de Li\u00e9ge.<\/span><\/p>\t\t\t\t\t\t\t\t<\/div>\n\t\t\t\t<\/div>\n\t\t\t\t<div class=\"elementor-element elementor-element-3a733ee elementor-widget elementor-widget-text-editor\" data-id=\"3a733ee\" data-element_type=\"widget\" data-widget_type=\"text-editor.default\">\n\t\t\t\t<div class=\"elementor-widget-container\">\n\t\t\t\t\t\t\t\t\t<p dir=\"ltr\" style=\"line-height: 1.38; text-align: justify; margin-top: 12pt; margin-bottom: 12pt;\"><span style=\"font-size: 11pt; font-family: 'Century Gothic',sans-serif; color: #000000; background-color: transparent; font-weight: bold; font-style: normal; font-variant: normal; text-decoration: none; vertical-align: baseline; white-space: pre-wrap;\">Visitar o World of Wine<\/span><\/p><p dir=\"ltr\" style=\"line-height: 1.38; text-align: justify; margin-top: 12pt; margin-bottom: 12pt;\"><span style=\"font-size: 11pt; font-family: 'Century Gothic',sans-serif; color: #000000; background-color: transparent; font-weight: 400; font-style: normal; font-variant: normal; text-decoration: none; vertical-align: baseline; white-space: pre-wrap;\">Ideal para quem gosta de vinho e quer conhecer mais acerca dele e da hist\u00f3ria da regi\u00e3o norte. No <span style=\"text-decoration: underline;\"><span style=\"color: #d68d45; text-decoration: underline;\"><a style=\"color: #d68d45; text-decoration: underline;\" href=\"https:\/\/www.wow.pt\/pt\" target=\"_blank\" rel=\"noopener\">WOW<\/a><\/span><\/span>, o vinho e a arte unem-se num quarteir\u00e3o cultural com uma proposta muito diversificada: al\u00e9m de uma escola de vinho, onde \u00e9 poss\u00edvel fazer provas, encontra museus, restaurantes, bares e lojas relacionados com aquele que \u00e9 conhecido como o n\u00e9ctar dos deuses. <\/span><span style=\"color: #000000; font-family: 'Century Gothic', sans-serif; font-size: 11pt; white-space-collapse: preserve;\">Os museus destacam-se por serem bastante interativos e imersivos, onde as pessoas podem sentir, tocar e aprender de uma forma divertida. Toda a experi\u00eancia \u00e9 complementada por uma vista \u00fanica sobre o Douro.<\/span><\/p>\t\t\t\t\t\t\t\t<\/div>\n\t\t\t\t<\/div>\n\t\t\t\t<div class=\"elementor-element elementor-element-7fdba43 elementor-widget elementor-widget-text-editor\" data-id=\"7fdba43\" data-element_type=\"widget\" data-widget_type=\"text-editor.default\">\n\t\t\t\t<div class=\"elementor-widget-container\">\n\t\t\t\t\t\t\t\t\t<p dir=\"ltr\" style=\"line-height: 1.38; text-align: justify; margin-top: 12pt; margin-bottom: 12pt;\"><span style=\"font-size: 11pt; font-family: 'Century Gothic',sans-serif; color: #000000; background-color: transparent; font-weight: bold; font-style: normal; font-variant: normal; text-decoration: none; vertical-align: baseline; white-space: pre-wrap;\">Piquenique no Jardim das Virtudes<\/span><\/p><p dir=\"ltr\" style=\"line-height: 1.38; text-align: justify; margin-top: 12pt; margin-bottom: 12pt;\"><span style=\"font-size: 11pt; font-family: 'Century Gothic',sans-serif; color: #000000; background-color: transparent; font-weight: 400; font-style: normal; font-variant: normal; text-decoration: none; vertical-align: baseline; white-space: pre-wrap;\">Com vista sobre o rio Douro, Gaia e ainda a Ribeira, este jardim \u00e9 um pequeno ref\u00fagio da confus\u00e3o da cidade. Entre paisagens \u00fanicas e a tranquilidade da natureza, \u00e9 f\u00e1cil perceber o nome dado a este local singular. Ideal para um piquenique ou um passeio em fam\u00edlia, \u00e9 o cen\u00e1rio perfeito para boas mem\u00f3rias.<\/span><\/p>\t\t\t\t\t\t\t\t<\/div>\n\t\t\t\t<\/div>\n\t\t\t\t<div class=\"elementor-element elementor-element-6ed5886 elementor-widget elementor-widget-text-editor\" data-id=\"6ed5886\" data-element_type=\"widget\" data-widget_type=\"text-editor.default\">\n\t\t\t\t<div class=\"elementor-widget-container\">\n\t\t\t\t\t\t\t\t\t<p dir=\"ltr\" style=\"line-height:1.38;text-align: justify;margin-top:12pt;margin-bottom:12pt;\"><span style=\"font-size:11pt;font-family:'Century Gothic',sans-serif;color:#000000;background-color:transparent;font-weight:700;font-style:normal;font-variant:normal;text-decoration:none;vertical-align:baseline;white-space:pre;white-space:pre-wrap;\">Passeio de buggy<\/span><\/p><p style=\"text-align: center;\"><span id=\"docs-internal-guid-fdea1fec-7fff-4ebd-231a-5a478f2e7237\"><\/span><\/p><p dir=\"ltr\" style=\"line-height:1.38;text-align: justify;margin-top:12pt;margin-bottom:12pt;\"><span style=\"font-size:11pt;font-family:'Century Gothic',sans-serif;color:#000000;background-color:transparent;font-weight:400;font-style:normal;font-variant:normal;text-decoration:none;vertical-align:baseline;white-space:pre;white-space:pre-wrap;\">Aventure-se num passeio de buggy pelos trilhos do interior do Porto, longe da agita\u00e7\u00e3o da cidade e dos pontos de interesse tradicionais.<\/span><\/p>\t\t\t\t\t\t\t\t<\/div>\n\t\t\t\t<\/div>\n\t\t\t\t<div class=\"elementor-element elementor-element-098ac8a elementor-widget elementor-widget-text-editor\" data-id=\"098ac8a\" data-element_type=\"widget\" data-widget_type=\"text-editor.default\">\n\t\t\t\t<div class=\"elementor-widget-container\">\n\t\t\t\t\t\t\t\t\t<h4 dir=\"ltr\" style=\"line-height: 1.38; text-align: justify; margin-top: 12pt; margin-bottom: 12pt;\"><span style=\"font-size: 11pt; font-family: 'Century Gothic',sans-serif; color: #000000; background-color: transparent; font-weight: bold; font-style: normal; font-variant: normal; text-decoration: none; vertical-align: baseline; white-space: pre-wrap;\">Ver o p\u00f4r do sol no Jardim do Morro<\/span><\/h4><p dir=\"ltr\" style=\"line-height: 1.38; text-align: justify; margin-top: 12pt; margin-bottom: 12pt;\"><span style=\"color: #000000; font-family: 'Century Gothic', sans-serif; font-size: 11pt; white-space-collapse: preserve;\">Tem uma das melhores vistas do Porto, sobretudo ao final do dia, quando se enche de grupos de amigos, turistas, fam\u00edlias e m\u00fasicos para ver o p\u00f4r do sol. \u00c9 um lugar tranquilo, onde a m\u00fasica ambiente dos artistas de rua complementam a paisagem.<\/span><\/p>\t\t\t\t\t\t\t\t<\/div>\n\t\t\t\t<\/div>\n\t\t\t\t<div class=\"elementor-element elementor-element-e338c14 elementor-widget elementor-widget-text-editor\" data-id=\"e338c14\" data-element_type=\"widget\" data-widget_type=\"text-editor.default\">\n\t\t\t\t<div class=\"elementor-widget-container\">\n\t\t\t\t\t\t\t\t\t<h4 dir=\"ltr\" style=\"line-height: 1.38; text-align: justify; margin-top: 12pt; margin-bottom: 12pt;\"><span style=\"font-size: 11pt; font-family: 'Century Gothic',sans-serif; color: #000000; background-color: transparent; font-weight: bold; font-style: normal; font-variant: normal; text-decoration: none; vertical-align: baseline; white-space: pre-wrap;\">Aula de surf em Matosinhos<\/span><\/h4>\n<p dir=\"ltr\" style=\"line-height: 1.38; text-align: justify; margin-top: 12pt; margin-bottom: 12pt;\"><span style=\"font-size: 11pt; font-family: 'Century Gothic',sans-serif; color: #000000; background-color: transparent; font-weight: 400; font-style: normal; font-variant: normal; text-decoration: none; vertical-align: baseline; white-space: pre-wrap;\">N\u00e3o precisa de dominar a prancha para experimentar uma aula de surf, nem mesmo de ter uma, j\u00e1 que as escolas permitem o aluguer de equipamento. A \u00e1gua fria do Porto j\u00e1 \u00e9 outra conversa, mas a temperatura vai subir com a adrenalina.<\/span><\/p>\n<p dir=\"ltr\" style=\"line-height: 1.38; text-align: justify; margin-top: 12pt; margin-bottom: 12pt;\"><span style=\"font-size: 11pt; font-family: 'Century Gothic',sans-serif; color: #000000; background-color: transparent; font-weight: 400; font-style: normal; font-variant: normal; text-decoration: none; vertical-align: baseline; white-space: pre-wrap;\">Em Matosinhos existem muitas escolas, onde se pode inscrever para uma destas aulas.<\/span><\/p>\t\t\t\t\t\t\t\t<\/div>\n\t\t\t\t<\/div>\n\t\t\t\t<div class=\"elementor-element elementor-element-877b161 elementor-widget elementor-widget-text-editor\" data-id=\"877b161\" data-element_type=\"widget\" data-widget_type=\"text-editor.default\">\n\t\t\t\t<div class=\"elementor-widget-container\">\n\t\t\t\t\t\t\t\t\t<span style=\"font-size: 11pt; font-family: 'Century Gothic',sans-serif; color: #000000; background-color: transparent; font-weight: bold; font-style: normal; font-variant: normal; text-decoration: none; vertical-align: baseline; white-space: pre-wrap;\">Uma caminhada na Foz<\/span>\n<p dir=\"ltr\" style=\"line-height: 1.38; text-align: justify; margin-top: 12pt; margin-bottom: 12pt;\"><span style=\"font-size: 11pt; font-family: 'Century Gothic',sans-serif; color: #000000; background-color: transparent; font-weight: 400; font-style: normal; font-variant: normal; text-decoration: none; vertical-align: baseline; white-space: pre-wrap;\">Se est\u00e1 pela primeira vez no Porto, a Foz \u00e9 um daqueles s\u00edtios imperd\u00edveis. Se \u00e9 um adepto da cidade, sabe do que falamos. A Foz do Porto ou Foz do Douro \u00e9 o s\u00edtio onde o rio e o mar se encontram e um dos principais pontos tur\u00edsticos fora do centro hist\u00f3rico.<\/span><\/p>\n\n<p dir=\"ltr\" style=\"line-height: 1.38; text-align: justify; margin-top: 12pt; margin-bottom: 12pt;\"><span style=\"font-size: 11pt; font-family: 'Century Gothic',sans-serif; color: #000000; background-color: transparent; font-weight: 400; font-style: normal; font-variant: normal; text-decoration: none; vertical-align: baseline; white-space: pre-wrap;\">Conhecida pela beleza da paisagem, \u00e9 ideal para passeios rom\u00e2nticos \u00e0 beira rio e \u00e0 beira mar.<\/span><\/h5>\t\t\t\t\t\t\t\t<\/div>\n\t\t\t\t<\/div>\n\t\t\t\t<div class=\"elementor-element elementor-element-ded23e7 elementor-widget elementor-widget-text-editor\" data-id=\"ded23e7\" data-element_type=\"widget\" data-widget_type=\"text-editor.default\">\n\t\t\t\t<div class=\"elementor-widget-container\">\n\t\t\t\t\t\t\t\t\t<span style=\"font-size: 11pt; font-family: 'Century Gothic',sans-serif; color: #000000; background-color: transparent; font-weight: bold; font-style: normal; font-variant: normal; text-decoration: none; vertical-align: baseline; white-space: pre-wrap;\">Passeio de barco no rio Douro<\/span>\n<p dir=\"ltr\" style=\"line-height: 1.38; text-align: justify; margin-top: 12pt; margin-bottom: 12pt;\"><span style=\"font-size: 11pt; font-family: 'Century Gothic',sans-serif; color: #000000; background-color: transparent; font-weight: 400; font-style: normal; font-variant: normal; text-decoration: none; vertical-align: baseline; white-space: pre-wrap;\">O que n\u00e3o falta no Porto s\u00e3o op\u00e7\u00f5es de <span style=\"text-decoration: underline; color: #d68d45;\"><a style=\"color: #d68d45; text-decoration: underline;\" href=\"https:\/\/www.cruzeiros-douro.pt\/?gad_source=1&amp;gclid=CjwKCAjwgdayBhBQEiwAXhMxtn7x0YJ-A7lpwekOWhZxuElnDIQ5WckIiRw4XZxe3ScvdHCpzItidBoCTmEQAvD_BwE\">cruzeiros<\/a><\/span> para quem quer conhecer a cidade a bordo. Vai passar pelos pontos tur\u00edsticos mais caracter\u00edsticos, apreciar as melhores vistas da cidade e conhecer as seis pontes.<\/span><\/p>\t\t\t\t\t\t\t\t<\/div>\n\t\t\t\t<\/div>\n\t\t\t\t<div class=\"elementor-element elementor-element-d1cbb16 elementor-widget elementor-widget-spacer\" data-id=\"d1cbb16\" data-element_type=\"widget\" data-widget_type=\"spacer.default\">\n\t\t\t\t<div class=\"elementor-widget-container\">\n\t\t\t\t\t\t\t<div class=\"elementor-spacer\">\n\t\t\t<div class=\"elementor-spacer-inner\"><\/div>\n\t\t<\/div>\n\t\t\t\t\t\t<\/div>\n\t\t\t\t<\/div>\n\t\t\t\t\t<\/div>\n\t\t\t\t<\/div>\n\t\t<div class=\"elementor-element elementor-element-fb74535 e-flex e-con-boxed e-con e-parent\" data-id=\"fb74535\" data-element_type=\"container\">\n\t\t\t\t\t<div class=\"e-con-inner\">\n\t\t\t\t<div class=\"elementor-element elementor-element-697b8b0 elementor-align-center elementor-widget elementor-widget-button\" data-id=\"697b8b0\" data-element_type=\"widget\" data-widget_type=\"button.default\">\n\t\t\t\t<div class=\"elementor-widget-container\">\n\t\t\t\t\t\t\t\t\t<div class=\"elementor-button-wrapper\">\n\t\t\t\t\t<a class=\"elementor-button elementor-button-link elementor-size-sm\" href=\"https:\/\/thebestofporto.com\/pt\/blog\/\">\n\t\t\t\t\t\t<span class=\"elementor-button-content-wrapper\">\n\t\t\t\t\t\t\t\t\t<span class=\"elementor-button-text\">Ver todos os artigos<\/span>\n\t\t\t\t\t<\/span>\n\t\t\t\t\t<\/a>\n\t\t\t\t<\/div>\n\t\t\t\t\t\t\t\t<\/div>\n\t\t\t\t<\/div>\n\t\t\t\t\t<\/div>\n\t\t\t\t<\/div>\n\t\t<div class=\"elementor-element elementor-element-6d952fe e-flex e-con-boxed e-con e-parent\" data-id=\"6d952fe\" data-element_type=\"container\">\n\t\t\t\t\t<div class=\"e-con-inner\">\n\t\t\t\t\t<\/div>\n\t\t\t\t<\/div>\n\t\t\t\t<\/div>","protected":false},"excerpt":{"rendered":"<p>\u00a0 Somos da opini\u00e3o de que o Porto fica ainda mais bonito no ver\u00e3o, por isso reunimos algumas<span class=\"excerpt-hellip\"> [\u2026]<\/span><\/p>","protected":false},"author":1,"featured_media":10999,"comment_status":"closed","ping_status":"closed","sticky":false,"template":"","format":"standard","meta":{"_acf_changed":false,"footnotes":""},"categories":[123],"tags":[139],"filtros":[],"class_list":["post-6996","post","type-post","status-publish","format-standard","has-post-thumbnail","hentry","category-articles","tag-outdoor"],"acf":[],"yoast_head":"<!-- This site is optimized with the Yoast SEO plugin v26.7 - https:\/\/yoast.com\/wordpress\/plugins\/seo\/ -->\n<title>9 Experi\u00eancias outdoor no Porto<\/title>\n<meta name=\"description\" content=\"Experi\u00eancias outdoor no Porto? Temos! Agregamos 9 atividades para fazeres ao ar livre nesta cidade que tanto tem para oferecer.\" \/>\n<meta name=\"robots\" content=\"index, follow, max-snippet:-1, max-image-preview:large, max-video-preview:-1\" \/>\n<link rel=\"canonical\" href=\"https:\/\/thebestofporto.com\/pt\/9-experiencias-outdoor-no-porto\/\" \/>\n<meta property=\"og:locale\" content=\"pt_PT\" \/>\n<meta property=\"og:type\" content=\"article\" \/>\n<meta property=\"og:title\" content=\"9 Experi\u00eancias outdoor no Porto\" \/>\n<meta property=\"og:description\" content=\"Experi\u00eancias outdoor no Porto? Temos! Agregamos 9 atividades para fazeres ao ar livre nesta cidade que tanto tem para oferecer.\" \/>\n<meta property=\"og:url\" content=\"https:\/\/thebestofporto.com\/pt\/9-experiencias-outdoor-no-porto\/\" \/>\n<meta property=\"og:site_name\" content=\"The Best of Porto\" \/>\n<meta property=\"article:published_time\" content=\"2025-06-18T10:00:23+00:00\" \/>\n<meta property=\"article:modified_time\" content=\"2026-01-20T11:53:44+00:00\" \/>\n<meta property=\"og:image\" content=\"https:\/\/thebestofporto.com\/wp-content\/uploads\/2025\/06\/artigos-05-scaled.png\" \/>\n\t<meta property=\"og:image:width\" content=\"2560\" \/>\n\t<meta property=\"og:image:height\" content=\"2048\" \/>\n\t<meta property=\"og:image:type\" content=\"image\/png\" \/>\n<meta name=\"author\" content=\"admin\" \/>\n<meta name=\"twitter:card\" content=\"summary_large_image\" \/>\n<meta name=\"twitter:label1\" content=\"Escrito por\" \/>\n\t<meta name=\"twitter:data1\" content=\"admin\" \/>\n\t<meta name=\"twitter:label2\" content=\"Tempo estimado de leitura\" \/>\n\t<meta name=\"twitter:data2\" content=\"5 minutos\" \/>\n<script type=\"application\/ld+json\" class=\"yoast-schema-graph\">{\"@context\":\"https:\/\/schema.org\",\"@graph\":[{\"@type\":\"Article\",\"@id\":\"https:\/\/thebestofporto.com\/9-experiencias-outdoor-no-porto\/#article\",\"isPartOf\":{\"@id\":\"https:\/\/thebestofporto.com\/9-experiencias-outdoor-no-porto\/\"},\"author\":{\"name\":\"admin\",\"@id\":\"https:\/\/thebestofporto.com\/#\/schema\/person\/04b3a2223d8527f0c6297ca6767266f7\"},\"headline\":\"9 Experi\u00eancias outdoor no Porto\",\"datePublished\":\"2025-06-18T10:00:23+00:00\",\"dateModified\":\"2026-01-20T11:53:44+00:00\",\"mainEntityOfPage\":{\"@id\":\"https:\/\/thebestofporto.com\/9-experiencias-outdoor-no-porto\/\"},\"wordCount\":664,\"publisher\":{\"@id\":\"https:\/\/thebestofporto.com\/#organization\"},\"image\":{\"@id\":\"https:\/\/thebestofporto.com\/9-experiencias-outdoor-no-porto\/#primaryimage\"},\"thumbnailUrl\":\"https:\/\/thebestofporto.com\/wp-content\/uploads\/2025\/06\/artigos-05-scaled.png\",\"keywords\":[\"Outdoor\"],\"articleSection\":[\"Articles\"],\"inLanguage\":\"pt-PT\"},{\"@type\":\"WebPage\",\"@id\":\"https:\/\/thebestofporto.com\/9-experiencias-outdoor-no-porto\/\",\"url\":\"https:\/\/thebestofporto.com\/9-experiencias-outdoor-no-porto\/\",\"name\":\"9 Experi\u00eancias outdoor no Porto\",\"isPartOf\":{\"@id\":\"https:\/\/thebestofporto.com\/#website\"},\"primaryImageOfPage\":{\"@id\":\"https:\/\/thebestofporto.com\/9-experiencias-outdoor-no-porto\/#primaryimage\"},\"image\":{\"@id\":\"https:\/\/thebestofporto.com\/9-experiencias-outdoor-no-porto\/#primaryimage\"},\"thumbnailUrl\":\"https:\/\/thebestofporto.com\/wp-content\/uploads\/2025\/06\/artigos-05-scaled.png\",\"datePublished\":\"2025-06-18T10:00:23+00:00\",\"dateModified\":\"2026-01-20T11:53:44+00:00\",\"description\":\"Experi\u00eancias outdoor no Porto? Temos! Agregamos 9 atividades para fazeres ao ar livre nesta cidade que tanto tem para oferecer.\",\"breadcrumb\":{\"@id\":\"https:\/\/thebestofporto.com\/9-experiencias-outdoor-no-porto\/#breadcrumb\"},\"inLanguage\":\"pt-PT\",\"potentialAction\":[{\"@type\":\"ReadAction\",\"target\":[\"https:\/\/thebestofporto.com\/9-experiencias-outdoor-no-porto\/\"]}]},{\"@type\":\"ImageObject\",\"inLanguage\":\"pt-PT\",\"@id\":\"https:\/\/thebestofporto.com\/9-experiencias-outdoor-no-porto\/#primaryimage\",\"url\":\"https:\/\/thebestofporto.com\/wp-content\/uploads\/2025\/06\/artigos-05-scaled.png\",\"contentUrl\":\"https:\/\/thebestofporto.com\/wp-content\/uploads\/2025\/06\/artigos-05-scaled.png\",\"width\":2560,\"height\":2048},{\"@type\":\"BreadcrumbList\",\"@id\":\"https:\/\/thebestofporto.com\/9-experiencias-outdoor-no-porto\/#breadcrumb\",\"itemListElement\":[{\"@type\":\"ListItem\",\"position\":1,\"name\":\"In\u00edcio\",\"item\":\"https:\/\/thebestofporto.com\/\"},{\"@type\":\"ListItem\",\"position\":2,\"name\":\"9 Experi\u00eancias outdoor no Porto\"}]},{\"@type\":\"WebSite\",\"@id\":\"https:\/\/thebestofporto.com\/#website\",\"url\":\"https:\/\/thebestofporto.com\/\",\"name\":\"The Best of Porto\",\"description\":\"\",\"publisher\":{\"@id\":\"https:\/\/thebestofporto.com\/#organization\"},\"potentialAction\":[{\"@type\":\"SearchAction\",\"target\":{\"@type\":\"EntryPoint\",\"urlTemplate\":\"https:\/\/thebestofporto.com\/?s={search_term_string}\"},\"query-input\":{\"@type\":\"PropertyValueSpecification\",\"valueRequired\":true,\"valueName\":\"search_term_string\"}}],\"inLanguage\":\"pt-PT\"},{\"@type\":\"Organization\",\"@id\":\"https:\/\/thebestofporto.com\/#organization\",\"name\":\"The Best of Porto\",\"url\":\"https:\/\/thebestofporto.com\/\",\"logo\":{\"@type\":\"ImageObject\",\"inLanguage\":\"pt-PT\",\"@id\":\"https:\/\/thebestofporto.com\/#\/schema\/logo\/image\/\",\"url\":\"https:\/\/thebestofporto.com\/wp-content\/uploads\/2024\/05\/logo.png\",\"contentUrl\":\"https:\/\/thebestofporto.com\/wp-content\/uploads\/2024\/05\/logo.png\",\"width\":5076,\"height\":1463,\"caption\":\"The Best of Porto\"},\"image\":{\"@id\":\"https:\/\/thebestofporto.com\/#\/schema\/logo\/image\/\"}},{\"@type\":\"Person\",\"@id\":\"https:\/\/thebestofporto.com\/#\/schema\/person\/04b3a2223d8527f0c6297ca6767266f7\",\"name\":\"admin\",\"image\":{\"@type\":\"ImageObject\",\"inLanguage\":\"pt-PT\",\"@id\":\"https:\/\/thebestofporto.com\/#\/schema\/person\/image\/\",\"url\":\"https:\/\/secure.gravatar.com\/avatar\/193e2977da320450cf56b1b093dd5b7286cdbaf6ad5201ab3cda69b78b13b458?s=96&d=mm&r=g\",\"contentUrl\":\"https:\/\/secure.gravatar.com\/avatar\/193e2977da320450cf56b1b093dd5b7286cdbaf6ad5201ab3cda69b78b13b458?s=96&d=mm&r=g\",\"caption\":\"admin\"},\"sameAs\":[\"https:\/\/thebestofporto.com\"],\"url\":\"https:\/\/thebestofporto.com\/pt\/author\/admin_l3zak26a\/\"}]}<\/script>\n<!-- \/ Yoast SEO plugin. -->","yoast_head_json":{"title":"9 Experi\u00eancias outdoor no Porto","description":"Experi\u00eancias outdoor no Porto? Temos! Agregamos 9 atividades para fazeres ao ar livre nesta cidade que tanto tem para oferecer.","robots":{"index":"index","follow":"follow","max-snippet":"max-snippet:-1","max-image-preview":"max-image-preview:large","max-video-preview":"max-video-preview:-1"},"canonical":"https:\/\/thebestofporto.com\/pt\/9-experiencias-outdoor-no-porto\/","og_locale":"pt_PT","og_type":"article","og_title":"9 Experi\u00eancias outdoor no Porto","og_description":"Experi\u00eancias outdoor no Porto? Temos! Agregamos 9 atividades para fazeres ao ar livre nesta cidade que tanto tem para oferecer.","og_url":"https:\/\/thebestofporto.com\/pt\/9-experiencias-outdoor-no-porto\/","og_site_name":"The Best of Porto","article_published_time":"2025-06-18T10:00:23+00:00","article_modified_time":"2026-01-20T11:53:44+00:00","og_image":[{"width":2560,"height":2048,"url":"https:\/\/thebestofporto.com\/wp-content\/uploads\/2025\/06\/artigos-05-scaled.png","type":"image\/png"}],"author":"admin","twitter_card":"summary_large_image","twitter_misc":{"Escrito por":"admin","Tempo estimado de leitura":"5 minutos"},"schema":{"@context":"https:\/\/schema.org","@graph":[{"@type":"Article","@id":"https:\/\/thebestofporto.com\/9-experiencias-outdoor-no-porto\/#article","isPartOf":{"@id":"https:\/\/thebestofporto.com\/9-experiencias-outdoor-no-porto\/"},"author":{"name":"admin","@id":"https:\/\/thebestofporto.com\/#\/schema\/person\/04b3a2223d8527f0c6297ca6767266f7"},"headline":"9 Experi\u00eancias outdoor no Porto","datePublished":"2025-06-18T10:00:23+00:00","dateModified":"2026-01-20T11:53:44+00:00","mainEntityOfPage":{"@id":"https:\/\/thebestofporto.com\/9-experiencias-outdoor-no-porto\/"},"wordCount":664,"publisher":{"@id":"https:\/\/thebestofporto.com\/#organization"},"image":{"@id":"https:\/\/thebestofporto.com\/9-experiencias-outdoor-no-porto\/#primaryimage"},"thumbnailUrl":"https:\/\/thebestofporto.com\/wp-content\/uploads\/2025\/06\/artigos-05-scaled.png","keywords":["Outdoor"],"articleSection":["Articles"],"inLanguage":"pt-PT"},{"@type":"WebPage","@id":"https:\/\/thebestofporto.com\/9-experiencias-outdoor-no-porto\/","url":"https:\/\/thebestofporto.com\/9-experiencias-outdoor-no-porto\/","name":"9 Experi\u00eancias outdoor no Porto","isPartOf":{"@id":"https:\/\/thebestofporto.com\/#website"},"primaryImageOfPage":{"@id":"https:\/\/thebestofporto.com\/9-experiencias-outdoor-no-porto\/#primaryimage"},"image":{"@id":"https:\/\/thebestofporto.com\/9-experiencias-outdoor-no-porto\/#primaryimage"},"thumbnailUrl":"https:\/\/thebestofporto.com\/wp-content\/uploads\/2025\/06\/artigos-05-scaled.png","datePublished":"2025-06-18T10:00:23+00:00","dateModified":"2026-01-20T11:53:44+00:00","description":"Experi\u00eancias outdoor no Porto? Temos! Agregamos 9 atividades para fazeres ao ar livre nesta cidade que tanto tem para oferecer.","breadcrumb":{"@id":"https:\/\/thebestofporto.com\/9-experiencias-outdoor-no-porto\/#breadcrumb"},"inLanguage":"pt-PT","potentialAction":[{"@type":"ReadAction","target":["https:\/\/thebestofporto.com\/9-experiencias-outdoor-no-porto\/"]}]},{"@type":"ImageObject","inLanguage":"pt-PT","@id":"https:\/\/thebestofporto.com\/9-experiencias-outdoor-no-porto\/#primaryimage","url":"https:\/\/thebestofporto.com\/wp-content\/uploads\/2025\/06\/artigos-05-scaled.png","contentUrl":"https:\/\/thebestofporto.com\/wp-content\/uploads\/2025\/06\/artigos-05-scaled.png","width":2560,"height":2048},{"@type":"BreadcrumbList","@id":"https:\/\/thebestofporto.com\/9-experiencias-outdoor-no-porto\/#breadcrumb","itemListElement":[{"@type":"ListItem","position":1,"name":"In\u00edcio","item":"https:\/\/thebestofporto.com\/"},{"@type":"ListItem","position":2,"name":"9 Experi\u00eancias outdoor no Porto"}]},{"@type":"WebSite","@id":"https:\/\/thebestofporto.com\/#website","url":"https:\/\/thebestofporto.com\/","name":"The Best of Porto","description":"","publisher":{"@id":"https:\/\/thebestofporto.com\/#organization"},"potentialAction":[{"@type":"SearchAction","target":{"@type":"EntryPoint","urlTemplate":"https:\/\/thebestofporto.com\/?s={search_term_string}"},"query-input":{"@type":"PropertyValueSpecification","valueRequired":true,"valueName":"search_term_string"}}],"inLanguage":"pt-PT"},{"@type":"Organization","@id":"https:\/\/thebestofporto.com\/#organization","name":"The Best of Porto","url":"https:\/\/thebestofporto.com\/","logo":{"@type":"ImageObject","inLanguage":"pt-PT","@id":"https:\/\/thebestofporto.com\/#\/schema\/logo\/image\/","url":"https:\/\/thebestofporto.com\/wp-content\/uploads\/2024\/05\/logo.png","contentUrl":"https:\/\/thebestofporto.com\/wp-content\/uploads\/2024\/05\/logo.png","width":5076,"height":1463,"caption":"The Best of Porto"},"image":{"@id":"https:\/\/thebestofporto.com\/#\/schema\/logo\/image\/"}},{"@type":"Person","@id":"https:\/\/thebestofporto.com\/#\/schema\/person\/04b3a2223d8527f0c6297ca6767266f7","name":"admin","image":{"@type":"ImageObject","inLanguage":"pt-PT","@id":"https:\/\/thebestofporto.com\/#\/schema\/person\/image\/","url":"https:\/\/secure.gravatar.com\/avatar\/193e2977da320450cf56b1b093dd5b7286cdbaf6ad5201ab3cda69b78b13b458?s=96&d=mm&r=g","contentUrl":"https:\/\/secure.gravatar.com\/avatar\/193e2977da320450cf56b1b093dd5b7286cdbaf6ad5201ab3cda69b78b13b458?s=96&d=mm&r=g","caption":"admin"},"sameAs":["https:\/\/thebestofporto.com"],"url":"https:\/\/thebestofporto.com\/pt\/author\/admin_l3zak26a\/"}]}},"_links":{"self":[{"href":"https:\/\/thebestofporto.com\/pt\/wp-json\/wp\/v2\/posts\/6996","targetHints":{"allow":["GET"]}}],"collection":[{"href":"https:\/\/thebestofporto.com\/pt\/wp-json\/wp\/v2\/posts"}],"about":[{"href":"https:\/\/thebestofporto.com\/pt\/wp-json\/wp\/v2\/types\/post"}],"author":[{"embeddable":true,"href":"https:\/\/thebestofporto.com\/pt\/wp-json\/wp\/v2\/users\/1"}],"replies":[{"embeddable":true,"href":"https:\/\/thebestofporto.com\/pt\/wp-json\/wp\/v2\/comments?post=6996"}],"version-history":[{"count":76,"href":"https:\/\/thebestofporto.com\/pt\/wp-json\/wp\/v2\/posts\/6996\/revisions"}],"predecessor-version":[{"id":9393,"href":"https:\/\/thebestofporto.com\/pt\/wp-json\/wp\/v2\/posts\/6996\/revisions\/9393"}],"wp:featuredmedia":[{"embeddable":true,"href":"https:\/\/thebestofporto.com\/pt\/wp-json\/wp\/v2\/media\/10999"}],"wp:attachment":[{"href":"https:\/\/thebestofporto.com\/pt\/wp-json\/wp\/v2\/media?parent=6996"}],"wp:term":[{"taxonomy":"category","embeddable":true,"href":"https:\/\/thebestofporto.com\/pt\/wp-json\/wp\/v2\/categories?post=6996"},{"taxonomy":"post_tag","embeddable":true,"href":"https:\/\/thebestofporto.com\/pt\/wp-json\/wp\/v2\/tags?post=6996"},{"taxonomy":"filtros","embeddable":true,"href":"https:\/\/thebestofporto.com\/pt\/wp-json\/wp\/v2\/filtros?post=6996"}],"curies":[{"name":"wp","href":"https:\/\/api.w.org\/{rel}","templated":true}]}}