{"id":7304,"date":"2025-05-29T14:07:00","date_gmt":"2025-05-29T14:07:00","guid":{"rendered":"https:\/\/wanderaway.qodeinteractive.com\/?p=7304"},"modified":"2026-01-20T10:20:00","modified_gmt":"2026-01-20T10:20:00","slug":"top-10-pontos-turisticos","status":"publish","type":"post","link":"https:\/\/thebestofporto.com\/pt\/top-10-pontos-turisticos\/","title":{"rendered":"Top 10 pontos tur\u00edsticos a n\u00e3o perder na cidade do Porto"},"content":{"rendered":"<div data-elementor-type=\"wp-post\" data-elementor-id=\"7304\" class=\"elementor elementor-7304\">\n\t\t\t\t<div class=\"elementor-element elementor-element-5790aa5 e-flex e-con-boxed e-con e-parent\" data-id=\"5790aa5\" data-element_type=\"container\">\n\t\t\t\t\t<div class=\"e-con-inner\">\n\t\t\t\t<div class=\"elementor-element elementor-element-983d2f6 elementor-widget elementor-widget-spacer\" data-id=\"983d2f6\" data-element_type=\"widget\" data-widget_type=\"spacer.default\">\n\t\t\t\t<div class=\"elementor-widget-container\">\n\t\t\t\t\t\t\t<div class=\"elementor-spacer\">\n\t\t\t<div class=\"elementor-spacer-inner\"><\/div>\n\t\t<\/div>\n\t\t\t\t\t\t<\/div>\n\t\t\t\t<\/div>\n\t\t\t\t\t<\/div>\n\t\t\t\t<\/div>\n\t\t<div class=\"elementor-element elementor-element-c7e85c9 e-flex e-con-boxed e-con e-parent\" data-id=\"c7e85c9\" data-element_type=\"container\">\n\t\t\t\t\t<div class=\"e-con-inner\">\n\t\t\t\t<div class=\"elementor-element elementor-element-c9822fc elementor-hidden-desktop elementor-widget elementor-widget-text-editor\" data-id=\"c9822fc\" data-element_type=\"widget\" data-widget_type=\"text-editor.default\">\n\t\t\t\t<div class=\"elementor-widget-container\">\n\t\t\t\t\t\t\t\t\t<p><span style=\"font-weight: 400;\">Chegou ao Porto e est\u00e1 \u00e0 procura do que n\u00e3o pode perder enquanto estiver por c\u00e1? Antes de mais, saiba que est\u00e1 numa das cidades mais bonitas do mundo, do povo aut\u00eantico e hospitaleiro, como qualquer bom portugu\u00eas.<\/span><\/p><p><span style=\"font-weight: 400;\">Estas s\u00e3o as nossas sugest\u00f5es para conhecer o melhor da cidade invicta, muitas delas consideradas patrim\u00f3nio da humanidade pela UNESCO.\u00a0 Vai ler muitas vezes \u201cdas mais bonitas do mundo\u201d, n\u00e3o se admire, n\u00e3o \u00e9 engano.<\/span><\/p><p><span style=\"font-weight: 400;\">\u00a0<\/span><\/p><h4><b>Torre dos Cl\u00e9rigos<\/b><\/h4><p><span style=\"font-weight: 400;\">Com os seus 75 metros de altura, a <a href=\"https:\/\/www.torredosclerigos.pt\/pt\/\" target=\"_blank\" rel=\"noopener\"><span style=\"text-decoration: underline; color: #c98744;\">Torre dos Cl\u00e9rigos<\/span><\/a> \u00e9 um dos s\u00edmbolos mais ic\u00f3nicos do Porto. Do alto, oferece uma vista de tirar o f\u00f4lego que contempla 360 graus da cidade, mas primeiro, precisa de se aventurar a subir 225 degraus. Vale a pena subir para observar a arquitetura caracter\u00edstica do Porto, o rio Douro que serpenteia a invicta e, claro, absorver a magia da cidade.<\/span><\/p>\t\t\t\t\t\t\t\t<\/div>\n\t\t\t\t<\/div>\n\t\t\t\t<div class=\"elementor-element elementor-element-267514d elementor-hidden-desktop elementor-widget elementor-widget-text-editor\" data-id=\"267514d\" data-element_type=\"widget\" data-widget_type=\"text-editor.default\">\n\t\t\t\t<div class=\"elementor-widget-container\">\n\t\t\t\t\t\t\t\t\t<h4 style=\"background-color: #ffffff;\"><span style=\"font-weight: bold;\">Look at Porto<\/span><\/h4><h4><span style=\"color: #7a7a7a; font-family: Roboto, sans-serif; font-size: 17px;\">\u00c9 a melhor maneira de conhecer a cidade sem dar um \u00fanico passo! Esta experi\u00eancia imersiva 5D permite-lhe viajar pelo Porto. Esque\u00e7a o cansa\u00e7o, calor ou falta de dire\u00e7\u00f5es, sem deixar de saborear o vento no rosto, o balan\u00e7o do el\u00e9trico \u00e0 medida que atravessa a cidade e as vistas e monumentos de cortar a respira\u00e7\u00e3o.<\/span><\/h4><p><span style=\"font-weight: 400;\">A experi\u00eancia\u00a0<\/span><span style=\"text-decoration: underline;\"><span style=\"color: #d6914b; text-decoration: underline;\"><a style=\"color: #d6914b; text-decoration: underline;\" href=\"https:\/\/lookatporto.pt\/pt\/\" target=\"_blank\" rel=\"noopener\">Look At Porto <\/a><\/span><\/span><span style=\"font-weight: 400;\">est\u00e1 dispon\u00edvel em v\u00e1rios idiomas, esta \u00e9 uma experi\u00eancia de hist\u00f3ria, cultura e tecnologia. S\u00e3o 10 minutos nas asas do Drag\u00e3o que passam a voar!<\/span><\/p>\t\t\t\t\t\t\t\t<\/div>\n\t\t\t\t<\/div>\n\t\t\t\t<div class=\"elementor-element elementor-element-0df2c9a elementor-hidden-desktop elementor-widget elementor-widget-text-editor\" data-id=\"0df2c9a\" data-element_type=\"widget\" data-widget_type=\"text-editor.default\">\n\t\t\t\t<div class=\"elementor-widget-container\">\n\t\t\t\t\t\t\t\t\t<h4 style=\"background-color: #ffffff;\"><span style=\"font-weight: bold;\">Ribeira<\/span><\/h4><h4><span style=\"color: var( --e-global-color-text ); font-family: var( --e-global-typography-text-font-family ), Sans-serif; font-size: 17px;\">Paragem obrigat\u00f3ria para quem visita o Porto! \u00c9 um dos bairros pitorescos mais antigos e bonitos da cidade, situado ao longo das margens do rio Douro.<\/span><\/h4><p><span style=\"font-weight: 400;\">As ruas estreitas de subidas e descidas, casas coloridas, varandas \u00e0 espreita, e edif\u00edcios antigos decorados com fachadas de azulejos refletem a ess\u00eancia do Porto e oferecem vistas deslumbrantes da cidade, do rio e da Ponte D. Lu\u00eds I.<\/span><\/p><p><span style=\"font-weight: 400;\">A acompanhar os passeios \u00e0 beira rio tem restaurantes, bares e lojas artesanais. \u00c0 noite pode desfrutar de m\u00fasica ao vivo.<\/span><\/p>\t\t\t\t\t\t\t\t<\/div>\n\t\t\t\t<\/div>\n\t\t\t\t<div class=\"elementor-element elementor-element-10e2276 elementor-hidden-tablet elementor-hidden-mobile elementor-widget elementor-widget-text-editor\" data-id=\"10e2276\" data-element_type=\"widget\" data-widget_type=\"text-editor.default\">\n\t\t\t\t<div class=\"elementor-widget-container\">\n\t\t\t\t\t\t\t\t\t<p><span style=\"font-weight: 400;\">Chegou ao Porto e est\u00e1 \u00e0 procura do que n\u00e3o pode perder enquanto estiver por c\u00e1? Antes de mais, saiba que est\u00e1 numa das cidades mais bonitas do mundo, do povo aut\u00eantico e hospitaleiro, como qualquer bom portugu\u00eas.<\/span><\/p><p><span style=\"font-weight: 400;\">Estas s\u00e3o as nossas sugest\u00f5es para conhecer o melhor da cidade invicta, muitas delas consideradas patrim\u00f3nio da humanidade pela UNESCO.\u00a0 Vai ler muitas vezes \u201cdas mais bonitas do mundo\u201d, n\u00e3o se admire, n\u00e3o \u00e9 engano.<\/span><\/p><p><span style=\"font-weight: 400;\">\u00a0<\/span><\/p><h4><b>Torre dos Cl\u00e9rigos<\/b><\/h4><p><span style=\"font-weight: 400;\">Com os seus 75 metros de altura, a <span style=\"text-decoration: underline; color: #d68b40;\"><a style=\"color: #d68b40; text-decoration: underline;\" href=\"https:\/\/www.torredosclerigos.pt\/pt\/\" target=\"_blank\" rel=\"noopener\">Torre dos Cl\u00e9rigos<\/a><\/span> \u00e9 um dos s\u00edmbolos mais ic\u00f3nicos do Porto. Do alto, oferece uma vista de tirar o f\u00f4lego que contempla 360 graus da cidade, mas primeiro, precisa de se aventurar a subir 225 degraus. Vale a pena subir para observar a arquitetura caracter\u00edstica do Porto, o rio Douro que serpenteia a invicta e, claro, absorver a magia da cidade.<\/span><\/p><p><span style=\"font-weight: 400;\">\u00a0<\/span><\/p><h4><b>Look at Porto<\/b><\/h4><p><span style=\"font-weight: 400;\">\u00c9 a melhor maneira de conhecer a cidade sem dar um \u00fanico passo! Esta experi\u00eancia imersiva de cinema 5D permite-lhe viajar pelo Porto. Esque\u00e7a o cansa\u00e7o, calor ou falta de dire\u00e7\u00f5es, sem deixar de saborear o vento no rosto, o balan\u00e7o do el\u00e9trico \u00e0 medida que atravessa a cidade e as vistas e monumentos de cortar a respira\u00e7\u00e3o.<\/span><\/p><p><span style=\"font-weight: 400;\">A experi\u00eancia <span style=\"text-decoration: underline;\"><span style=\"color: #cc8e50;\"><a style=\"color: #cc8e50; text-decoration: underline;\" href=\"https:\/\/lookatporto.pt\/pt\/\" target=\"_blank\" rel=\"noopener\">Look At Porto<\/a><\/span><\/span> est\u00e1 dispon\u00edvel em v\u00e1rios idiomas e \u00e9 uma viagem de hist\u00f3ria, cultura e tecnologia. S\u00e3o 10 minutos nas asas do Drag\u00e3o que passam a voar!<\/span><\/p><p><span style=\"font-weight: 400;\">\u00a0<\/span><\/p><h4><b>Ribeira<\/b><\/h4><p><span style=\"font-weight: 400;\">Paragem obrigat\u00f3ria para quem visita o Porto! \u00c9 um dos bairros pitorescos mais antigos e bonitos da cidade, situado ao longo das margens do rio Douro.<\/span><\/p><p><span style=\"font-weight: 400;\">As ruas estreitas de subidas e descidas, casas coloridas, varandas \u00e0 espreita, e edif\u00edcios antigos decorados com fachadas de azulejos refletem a ess\u00eancia do Porto e oferecem vistas deslumbrantes da cidade, do rio e da Ponte D. Lu\u00eds I.<\/span><\/p><p><span style=\"font-weight: 400;\">A acompanhar os passeios \u00e0 beira rio tem restaurantes, bares e lojas artesanais. \u00c0 noite pode desfrutar de m\u00fasica ao vivo.<\/span><\/p>\t\t\t\t\t\t\t\t<\/div>\n\t\t\t\t<\/div>\n\t\t<div class=\"elementor-element elementor-element-591d094 e-con-full e-flex e-con e-child\" data-id=\"591d094\" data-element_type=\"container\">\n\t\t\t\t<\/div>\n\t\t\t\t\t<\/div>\n\t\t\t\t<\/div>\n\t\t<div class=\"elementor-element elementor-element-44a45a4 e-flex e-con-boxed e-con e-parent\" data-id=\"44a45a4\" data-element_type=\"container\">\n\t\t\t\t\t<div class=\"e-con-inner\">\n\t\t\t\t<div class=\"elementor-element elementor-element-d9bab54 elementor-hidden-desktop elementor-widget elementor-widget-text-editor\" data-id=\"d9bab54\" data-element_type=\"widget\" data-widget_type=\"text-editor.default\">\n\t\t\t\t<div class=\"elementor-widget-container\">\n\t\t\t\t\t\t\t\t\t<h4><b>Ponte D. Lu\u00eds I<\/b><\/h4><p><span style=\"font-weight: 400;\">\u00c9 prov\u00e1vel que reconhe\u00e7a esta paisagem das redes sociais, e se for portuense, de certeza que j\u00e1 atravessou esta que \u00e9 uma das pontes mais bonitas da Europa e um dos s\u00edmbolos do Porto.<\/span><\/p><p><span style=\"font-weight: 400;\">A Ponte D. Lu\u00eds I, que liga o Porto a Vila Nova de Gaia, tornou-se bastante famosa pela vista que oferece ao p\u00f4r do sol, mas vale a pena visitar a qualquer altura do dia!<\/span><\/p>\t\t\t\t\t\t\t\t<\/div>\n\t\t\t\t<\/div>\n\t\t\t\t<div class=\"elementor-element elementor-element-9ee4aaf elementor-hidden-tablet elementor-hidden-mobile elementor-widget elementor-widget-text-editor\" data-id=\"9ee4aaf\" data-element_type=\"widget\" data-widget_type=\"text-editor.default\">\n\t\t\t\t<div class=\"elementor-widget-container\">\n\t\t\t\t\t\t\t\t\t<h4><b>Ponte D. Lu\u00eds I<\/b><\/h4><p><span style=\"font-weight: 400;\">\u00c9 prov\u00e1vel que reconhe\u00e7a esta paisagem das redes sociais, e se for portuense, de certeza que j\u00e1 atravessou esta que \u00e9 uma das pontes mais bonitas da Europa e um dos s\u00edmbolos do Porto.<\/span><\/p><p><span style=\"font-weight: 400;\">A Ponte D. Lu\u00eds I, que liga o Porto a Vila Nova de Gaia, tornou-se bastante famosa pela vista que oferece ao p\u00f4r do sol, mas vale a pena visitar a qualquer altura do dia!<\/span><\/p>\t\t\t\t\t\t\t\t<\/div>\n\t\t\t\t<\/div>\n\t\t\t\t<div class=\"elementor-element elementor-element-a44b90c elementor-hidden-desktop elementor-widget elementor-widget-text-editor\" data-id=\"a44b90c\" data-element_type=\"widget\" data-widget_type=\"text-editor.default\">\n\t\t\t\t<div class=\"elementor-widget-container\">\n\t\t\t\t\t\t\t\t\t<h4><b>Esta\u00e7\u00e3o de S\u00e3o Bento<\/b><\/h4><p><span style=\"font-weight: 400;\">Pode ser uma esta\u00e7\u00e3o de comboios, mas \u00e9 muito mais do que um ponto de chegada e partida da cidade Invicta. Considerada uma das mais belas do mundo, a esta\u00e7\u00e3o de S\u00e3o Bento \u00e9 paragem obrigat\u00f3ria. As paredes revestidas de azulejos pintados \u00e0 m\u00e3o contam a hist\u00f3ria de Portugal e criam uma atmosfera m\u00e1gica.<\/span><\/p>\t\t\t\t\t\t\t\t<\/div>\n\t\t\t\t<\/div>\n\t\t\t\t<div class=\"elementor-element elementor-element-1cd61cd elementor-hidden-desktop elementor-widget elementor-widget-text-editor\" data-id=\"1cd61cd\" data-element_type=\"widget\" data-widget_type=\"text-editor.default\">\n\t\t\t\t<div class=\"elementor-widget-container\">\n\t\t\t\t\t\t\t\t\t<h4 style=\"background-color: #ffffff;\"><span style=\"font-weight: bold;\">Mercado do Bolh\u00e3o<\/span><\/h4>\n<p style=\"background-color: rgb(255, 255, 255);\">Se h\u00e1 s\u00edtio que traduz a alma da gente do Porto \u00e9 este. O&nbsp;<a href=\"https:\/\/mercadobolhao.pt\/\" target=\"_blank\" rel=\"noopener\"><span style=\"text-decoration-line: underline; color: rgb(214, 141, 69);\">Mercado do Bolh\u00e3o<\/span><\/a>&nbsp;est\u00e1 dividido em ruas com nomes caracter\u00edsticos, restaurantes, e dezenas de bancas de comerciantes que vendem todo o tipo de produtos.<\/p><h4><span style=\"color: var( --e-global-color-text ); font-family: var( --e-global-typography-text-font-family ), Sans-serif; font-size: 17px;\">Prometemos que ser\u00e1 recebido num ambiente convidativo pelos portuenses, que gostam sempre de trocar dois dedos de conversa.<\/span><br><\/h4>\t\t\t\t\t\t\t\t<\/div>\n\t\t\t\t<\/div>\n\t\t\t\t<div class=\"elementor-element elementor-element-7e3b164 elementor-hidden-desktop elementor-widget elementor-widget-text-editor\" data-id=\"7e3b164\" data-element_type=\"widget\" data-widget_type=\"text-editor.default\">\n\t\t\t\t<div class=\"elementor-widget-container\">\n\t\t\t\t\t\t\t\t\t<h4 style=\"background-color: #ffffff;\"><span style=\"font-weight: bold;\">Rua de Santa Catarina<\/span><\/h4><h4><span style=\"color: var( --e-global-color-text ); font-family: var( --e-global-typography-text-font-family ), Sans-serif; font-size: 17px;\">\u00c9 a rua mais comercial do Porto, conhecida pela mistura de arquitetura tradicional e com\u00e9rcio contempor\u00e2neo. Al\u00e9m de grandes marcas, encontra pequenos com\u00e9rcios, caf\u00e9s e restaurantes.<\/span><\/h4><p><span style=\"font-weight: 400;\">A rua de Santa Catarina \u00e9 tamb\u00e9m palco dos mais variados artistas urbanos que animam o dia a dia de quem por l\u00e1 passa.<\/span><\/p>\t\t\t\t\t\t\t\t<\/div>\n\t\t\t\t<\/div>\n\t\t\t\t<div class=\"elementor-element elementor-element-fe16524 elementor-hidden-tablet elementor-hidden-mobile elementor-widget elementor-widget-text-editor\" data-id=\"fe16524\" data-element_type=\"widget\" data-widget_type=\"text-editor.default\">\n\t\t\t\t<div class=\"elementor-widget-container\">\n\t\t\t\t\t\t\t\t\t<h4><b>Esta\u00e7\u00e3o de S\u00e3o Bento<\/b><\/h4><p><span style=\"font-weight: 400;\">Pode ser uma esta\u00e7\u00e3o de comboios, mas \u00e9 muito mais do que um ponto de chegada e partida da cidade Invicta. Considerada uma das mais belas do mundo, a esta\u00e7\u00e3o de S\u00e3o Bento \u00e9 paragem obrigat\u00f3ria. As paredes revestidas de azulejos pintados \u00e0 m\u00e3o contam a hist\u00f3ria de Portugal e criam uma atmosfera m\u00e1gica.<\/span><\/p><h4><b>Mercado do Bolh\u00e3o<\/b><\/h4><p><span style=\"font-weight: 400;\">Se h\u00e1 s\u00edtio que traduz a alma da gente do Porto \u00e9 este. O <a href=\"https:\/\/mercadobolhao.pt\/\" target=\"_blank\" rel=\"noopener\"><span style=\"text-decoration: underline; color: #d68d45;\">Mercado do Bolh\u00e3o<\/span><\/a> est\u00e1 dividido em ruas com nomes caracter\u00edsticos, restaurantes, e dezenas de bancas de comerciantes que vendem todo o tipo de produtos.<\/span><\/p><p><span style=\"font-weight: 400;\">Prometemos que ser\u00e1 recebido num ambiente convidativo pelos portuenses, que gostam sempre de trocar dois dedos de conversa.<\/span><\/p><h4><b>Rua de Santa Catarina<\/b><\/h4><p><span style=\"font-weight: 400;\">\u00c9 a rua mais comercial do Porto, conhecida pela mistura de arquitetura tradicional e com\u00e9rcio contempor\u00e2neo. Al\u00e9m de grandes marcas, encontra pequenos com\u00e9rcios, caf\u00e9s e restaurantes.<\/span><\/p><p><span style=\"font-weight: 400;\">A rua de Santa Catarina \u00e9 tamb\u00e9m palco dos mais variados artistas urbanos que animam o dia a dia de quem por l\u00e1 passa.<\/span><\/p>\t\t\t\t\t\t\t\t<\/div>\n\t\t\t\t<\/div>\n\t\t\t\t<div class=\"elementor-element elementor-element-45304df elementor-hidden-desktop elementor-widget elementor-widget-text-editor\" data-id=\"45304df\" data-element_type=\"widget\" data-widget_type=\"text-editor.default\">\n\t\t\t\t<div class=\"elementor-widget-container\">\n\t\t\t\t\t\t\t\t\t<h4 style=\"background-color: #ffffff;\"><span style=\"font-weight: bolder;\">Ideal Clube de Fado<\/span><\/h4><p style=\"background-color: #ffffff; color: #7a7a7a; font-family: Roboto, sans-serif; font-size: 17px;\"><span style=\"background-color: #ffffff; color: var( --e-global-color-text ); font-family: var( --e-global-typography-text-font-family ), Sans-serif; font-weight: var( --e-global-typography-text-font-weight );\">Uma visita \u00e0 Invicta s\u00f3 fica completa com um concerto de fado e um cheirinho de vonho do Porto. O\u00a0<span style=\"text-decoration-line: underline; color: #d68d45;\"><a style=\"color: #d68d45;\" href=\"https:\/\/www.fado.club\/\" target=\"_blank\" rel=\"noopener\">Ideal Clube de Fado<\/a><\/span>\u00a0oferece-lhe os dois: num ambiente intimista e acolhedor, \u00e9 convidado a sentar-se \u00e0 mesa para ouvir os artistas de refer\u00eancia da cidade e degustar um copo de vinho do Porto.<\/span><\/p>\t\t\t\t\t\t\t\t<\/div>\n\t\t\t\t<\/div>\n\t\t\t\t<div class=\"elementor-element elementor-element-4c1f686 elementor-hidden-tablet elementor-hidden-mobile elementor-widget elementor-widget-text-editor\" data-id=\"4c1f686\" data-element_type=\"widget\" data-widget_type=\"text-editor.default\">\n\t\t\t\t<div class=\"elementor-widget-container\">\n\t\t\t\t\t\t\t\t\t<h4><b>Jardins do Pal\u00e1cio de Cristal<\/b><\/h4><p><span style=\"font-weight: 400;\">O pal\u00e1cio deu lugar ao Pavilh\u00e3o Rosa Mota, uma sala de espet\u00e1culos, mas os jardins permanecem. Afastados da agita\u00e7\u00e3o da cidade, s\u00e3o ideais para um passeio, momentos de descanso ou para apreciar as vistas panor\u00e2micas do Porto.<\/span><\/p><p><strong style=\"color: #000000; font-family: Jost, sans-serif; font-size: 22px;\">\u00a0<\/strong><\/p><p style=\"background-color: #ffffff;\"><span style=\"font-weight: bolder; color: #000000; font-family: Jost, sans-serif; font-size: 22px;\">Ideal Clube de Fado<\/span><\/p><div><p><span style=\"background-color: #ffffff; color: var( --e-global-color-text ); font-family: var( --e-global-typography-text-font-family ), Sans-serif; font-weight: var( --e-global-typography-text-font-weight );\">Uma visita \u00e0 Invicta s\u00f3 fica completa com um concerto de fado e um cheirinho de vonho do Porto. O\u00a0<span style=\"text-decoration: underline; color: #d68d45;\"><a style=\"color: #d68d45; text-decoration: underline;\" href=\"https:\/\/www.fado.club\/\" target=\"_blank\" rel=\"noopener\">Ideal Clube de Fado<\/a><\/span>\u00a0oferece-lhe os dois: num ambiente intimista e acolhedor, \u00e9 convidado a sentar-se \u00e0 mesa para ouvir os artistas de refer\u00eancia da cidade e degustar um copo de vinho do Porto.<\/span><\/p><h4 style=\"background-color: #ffffff;\"><span style=\"font-weight: bold;\">Serralves<\/span><\/h4><p>Imperd\u00edvel para todos os amantes de arte. A Funda\u00e7\u00e3o de Serralves proporciona uma visita completa ao Museu de Arte Contempor\u00e2nea desenhado por Siza Vieira, e ao jardim que envolve a Casa Serralves, repleto de esculturas e uma grande diversidade de esp\u00e9cies ex\u00f3ticas.<\/p><\/div>\t\t\t\t\t\t\t\t<\/div>\n\t\t\t\t<\/div>\n\t\t\t\t<div class=\"elementor-element elementor-element-76d47f6 elementor-hidden-desktop elementor-widget elementor-widget-text-editor\" data-id=\"76d47f6\" data-element_type=\"widget\" data-widget_type=\"text-editor.default\">\n\t\t\t\t<div class=\"elementor-widget-container\">\n\t\t\t\t\t\t\t\t\t<h4><strong>Serralves<\/strong><\/h4><p>Imperd\u00edvel para todos os amantes de arte. A Funda\u00e7\u00e3o de Serralves proporciona uma visita completa ao Museu de Arte Contempor\u00e2nea desenhado por Siza Vieira, e ao jardim que envolve a Casa Serralves, repleto de esculturas e uma grande diversidade de esp\u00e9cies ex\u00f3ticas.<\/p>\t\t\t\t\t\t\t\t<\/div>\n\t\t\t\t<\/div>\n\t\t\t\t<div class=\"elementor-element elementor-element-a4f93a6 elementor-hidden-desktop elementor-widget elementor-widget-text-editor\" data-id=\"a4f93a6\" data-element_type=\"widget\" data-widget_type=\"text-editor.default\">\n\t\t\t\t<div class=\"elementor-widget-container\">\n\t\t\t\t\t\t\t\t\t<h4><b>Jardins do Pal\u00e1cio de Cristal<\/b><\/h4><p><span style=\"font-weight: 400;\">O pal\u00e1cio deu lugar ao Pavilh\u00e3o Rosa Mota, uma sala de espet\u00e1culos, mas os jardins permanecem. Afastados da agita\u00e7\u00e3o da cidade, s\u00e3o ideais para um passeio, momentos de descanso ou para apreciar as vistas panor\u00e2micas do Porto.<\/span><\/p><p>\u00a0<\/p>\t\t\t\t\t\t\t\t<\/div>\n\t\t\t\t<\/div>\n\t\t\t\t\t<\/div>\n\t\t\t\t<\/div>\n\t\t\t\t<\/div>","protected":false},"excerpt":{"rendered":"<p>Chegou ao Porto e est\u00e1 \u00e0 procura do que n\u00e3o pode perder enquanto estiver por c\u00e1? Antes de<span class=\"excerpt-hellip\"> [\u2026]<\/span><\/p>","protected":false},"author":1,"featured_media":11000,"comment_status":"open","ping_status":"open","sticky":false,"template":"","format":"standard","meta":{"_acf_changed":false,"footnotes":""},"categories":[123],"tags":[],"filtros":[],"class_list":["post-7304","post","type-post","status-publish","format-standard","has-post-thumbnail","hentry","category-articles"],"acf":[],"yoast_head":"<!-- This site is optimized with the Yoast SEO plugin v26.7 - https:\/\/yoast.com\/wordpress\/plugins\/seo\/ -->\n<title>Top 10 Pontos Tur\u00edsticos - The Best of Porto<\/title>\n<meta name=\"description\" content=\"Este artigo revela o top 10 de pontos tur\u00edsticos no Porto que n\u00e3o vai querer perder. Desde monumentos a experi\u00eancias inesquec\u00edveis.\" \/>\n<meta name=\"robots\" content=\"index, follow, max-snippet:-1, max-image-preview:large, max-video-preview:-1\" \/>\n<link rel=\"canonical\" href=\"https:\/\/thebestofporto.com\/pt\/top-10-pontos-turisticos\/\" \/>\n<meta property=\"og:locale\" content=\"pt_PT\" \/>\n<meta property=\"og:type\" content=\"article\" \/>\n<meta property=\"og:title\" content=\"Top 10 Pontos Tur\u00edsticos - The Best of Porto\" \/>\n<meta property=\"og:description\" content=\"Este artigo revela o top 10 de pontos tur\u00edsticos no Porto que n\u00e3o vai querer perder. Desde monumentos a experi\u00eancias inesquec\u00edveis.\" \/>\n<meta property=\"og:url\" content=\"https:\/\/thebestofporto.com\/pt\/top-10-pontos-turisticos\/\" \/>\n<meta property=\"og:site_name\" content=\"The Best of Porto\" \/>\n<meta property=\"article:published_time\" content=\"2025-05-29T14:07:00+00:00\" \/>\n<meta property=\"article:modified_time\" content=\"2026-01-20T10:20:00+00:00\" \/>\n<meta property=\"og:image\" content=\"https:\/\/thebestofporto.com\/wp-content\/uploads\/2025\/05\/artigos-07-1024x819.png\" \/>\n\t<meta property=\"og:image:width\" content=\"1024\" \/>\n\t<meta property=\"og:image:height\" content=\"819\" \/>\n\t<meta property=\"og:image:type\" content=\"image\/png\" \/>\n<meta name=\"author\" content=\"admin\" \/>\n<meta name=\"twitter:card\" content=\"summary_large_image\" \/>\n<meta name=\"twitter:label1\" content=\"Escrito por\" \/>\n\t<meta name=\"twitter:data1\" content=\"admin\" \/>\n\t<meta name=\"twitter:label2\" content=\"Tempo estimado de leitura\" \/>\n\t<meta name=\"twitter:data2\" content=\"13 minutos\" \/>\n<script type=\"application\/ld+json\" class=\"yoast-schema-graph\">{\"@context\":\"https:\/\/schema.org\",\"@graph\":[{\"@type\":\"Article\",\"@id\":\"https:\/\/thebestofporto.com\/top-10-pontos-turisticos\/#article\",\"isPartOf\":{\"@id\":\"https:\/\/thebestofporto.com\/top-10-pontos-turisticos\/\"},\"author\":{\"name\":\"admin\",\"@id\":\"https:\/\/thebestofporto.com\/#\/schema\/person\/04b3a2223d8527f0c6297ca6767266f7\"},\"headline\":\"Top 10 pontos tur\u00edsticos a n\u00e3o perder na cidade do Porto\",\"datePublished\":\"2025-05-29T14:07:00+00:00\",\"dateModified\":\"2026-01-20T10:20:00+00:00\",\"mainEntityOfPage\":{\"@id\":\"https:\/\/thebestofporto.com\/top-10-pontos-turisticos\/\"},\"wordCount\":1532,\"commentCount\":0,\"publisher\":{\"@id\":\"https:\/\/thebestofporto.com\/#organization\"},\"image\":{\"@id\":\"https:\/\/thebestofporto.com\/top-10-pontos-turisticos\/#primaryimage\"},\"thumbnailUrl\":\"https:\/\/thebestofporto.com\/wp-content\/uploads\/2025\/05\/artigos-07-scaled.png\",\"articleSection\":[\"Articles\"],\"inLanguage\":\"pt-PT\"},{\"@type\":\"WebPage\",\"@id\":\"https:\/\/thebestofporto.com\/top-10-pontos-turisticos\/\",\"url\":\"https:\/\/thebestofporto.com\/top-10-pontos-turisticos\/\",\"name\":\"Top 10 Pontos Tur\u00edsticos - The Best of Porto\",\"isPartOf\":{\"@id\":\"https:\/\/thebestofporto.com\/#website\"},\"primaryImageOfPage\":{\"@id\":\"https:\/\/thebestofporto.com\/top-10-pontos-turisticos\/#primaryimage\"},\"image\":{\"@id\":\"https:\/\/thebestofporto.com\/top-10-pontos-turisticos\/#primaryimage\"},\"thumbnailUrl\":\"https:\/\/thebestofporto.com\/wp-content\/uploads\/2025\/05\/artigos-07-scaled.png\",\"datePublished\":\"2025-05-29T14:07:00+00:00\",\"dateModified\":\"2026-01-20T10:20:00+00:00\",\"description\":\"Este artigo revela o top 10 de pontos tur\u00edsticos no Porto que n\u00e3o vai querer perder. Desde monumentos a experi\u00eancias inesquec\u00edveis.\",\"breadcrumb\":{\"@id\":\"https:\/\/thebestofporto.com\/top-10-pontos-turisticos\/#breadcrumb\"},\"inLanguage\":\"pt-PT\",\"potentialAction\":[{\"@type\":\"ReadAction\",\"target\":[\"https:\/\/thebestofporto.com\/top-10-pontos-turisticos\/\"]}]},{\"@type\":\"ImageObject\",\"inLanguage\":\"pt-PT\",\"@id\":\"https:\/\/thebestofporto.com\/top-10-pontos-turisticos\/#primaryimage\",\"url\":\"https:\/\/thebestofporto.com\/wp-content\/uploads\/2025\/05\/artigos-07-scaled.png\",\"contentUrl\":\"https:\/\/thebestofporto.com\/wp-content\/uploads\/2025\/05\/artigos-07-scaled.png\",\"width\":2560,\"height\":2048},{\"@type\":\"BreadcrumbList\",\"@id\":\"https:\/\/thebestofporto.com\/top-10-pontos-turisticos\/#breadcrumb\",\"itemListElement\":[{\"@type\":\"ListItem\",\"position\":1,\"name\":\"In\u00edcio\",\"item\":\"https:\/\/thebestofporto.com\/\"},{\"@type\":\"ListItem\",\"position\":2,\"name\":\"Top 10 pontos tur\u00edsticos a n\u00e3o perder na cidade do Porto\"}]},{\"@type\":\"WebSite\",\"@id\":\"https:\/\/thebestofporto.com\/#website\",\"url\":\"https:\/\/thebestofporto.com\/\",\"name\":\"The Best of Porto\",\"description\":\"\",\"publisher\":{\"@id\":\"https:\/\/thebestofporto.com\/#organization\"},\"potentialAction\":[{\"@type\":\"SearchAction\",\"target\":{\"@type\":\"EntryPoint\",\"urlTemplate\":\"https:\/\/thebestofporto.com\/?s={search_term_string}\"},\"query-input\":{\"@type\":\"PropertyValueSpecification\",\"valueRequired\":true,\"valueName\":\"search_term_string\"}}],\"inLanguage\":\"pt-PT\"},{\"@type\":\"Organization\",\"@id\":\"https:\/\/thebestofporto.com\/#organization\",\"name\":\"The Best of Porto\",\"url\":\"https:\/\/thebestofporto.com\/\",\"logo\":{\"@type\":\"ImageObject\",\"inLanguage\":\"pt-PT\",\"@id\":\"https:\/\/thebestofporto.com\/#\/schema\/logo\/image\/\",\"url\":\"https:\/\/thebestofporto.com\/wp-content\/uploads\/2024\/05\/logo.png\",\"contentUrl\":\"https:\/\/thebestofporto.com\/wp-content\/uploads\/2024\/05\/logo.png\",\"width\":5076,\"height\":1463,\"caption\":\"The Best of Porto\"},\"image\":{\"@id\":\"https:\/\/thebestofporto.com\/#\/schema\/logo\/image\/\"}},{\"@type\":\"Person\",\"@id\":\"https:\/\/thebestofporto.com\/#\/schema\/person\/04b3a2223d8527f0c6297ca6767266f7\",\"name\":\"admin\",\"image\":{\"@type\":\"ImageObject\",\"inLanguage\":\"pt-PT\",\"@id\":\"https:\/\/thebestofporto.com\/#\/schema\/person\/image\/\",\"url\":\"https:\/\/secure.gravatar.com\/avatar\/193e2977da320450cf56b1b093dd5b7286cdbaf6ad5201ab3cda69b78b13b458?s=96&d=mm&r=g\",\"contentUrl\":\"https:\/\/secure.gravatar.com\/avatar\/193e2977da320450cf56b1b093dd5b7286cdbaf6ad5201ab3cda69b78b13b458?s=96&d=mm&r=g\",\"caption\":\"admin\"},\"sameAs\":[\"https:\/\/thebestofporto.com\"],\"url\":\"https:\/\/thebestofporto.com\/pt\/author\/admin_l3zak26a\/\"}]}<\/script>\n<!-- \/ Yoast SEO plugin. -->","yoast_head_json":{"title":"Top 10 Pontos Tur\u00edsticos - The Best of Porto","description":"Este artigo revela o top 10 de pontos tur\u00edsticos no Porto que n\u00e3o vai querer perder. Desde monumentos a experi\u00eancias inesquec\u00edveis.","robots":{"index":"index","follow":"follow","max-snippet":"max-snippet:-1","max-image-preview":"max-image-preview:large","max-video-preview":"max-video-preview:-1"},"canonical":"https:\/\/thebestofporto.com\/pt\/top-10-pontos-turisticos\/","og_locale":"pt_PT","og_type":"article","og_title":"Top 10 Pontos Tur\u00edsticos - The Best of Porto","og_description":"Este artigo revela o top 10 de pontos tur\u00edsticos no Porto que n\u00e3o vai querer perder. Desde monumentos a experi\u00eancias inesquec\u00edveis.","og_url":"https:\/\/thebestofporto.com\/pt\/top-10-pontos-turisticos\/","og_site_name":"The Best of Porto","article_published_time":"2025-05-29T14:07:00+00:00","article_modified_time":"2026-01-20T10:20:00+00:00","og_image":[{"width":1024,"height":819,"url":"https:\/\/thebestofporto.com\/wp-content\/uploads\/2025\/05\/artigos-07-1024x819.png","type":"image\/png"}],"author":"admin","twitter_card":"summary_large_image","twitter_misc":{"Escrito por":"admin","Tempo estimado de leitura":"13 minutos"},"schema":{"@context":"https:\/\/schema.org","@graph":[{"@type":"Article","@id":"https:\/\/thebestofporto.com\/top-10-pontos-turisticos\/#article","isPartOf":{"@id":"https:\/\/thebestofporto.com\/top-10-pontos-turisticos\/"},"author":{"name":"admin","@id":"https:\/\/thebestofporto.com\/#\/schema\/person\/04b3a2223d8527f0c6297ca6767266f7"},"headline":"Top 10 pontos tur\u00edsticos a n\u00e3o perder na cidade do Porto","datePublished":"2025-05-29T14:07:00+00:00","dateModified":"2026-01-20T10:20:00+00:00","mainEntityOfPage":{"@id":"https:\/\/thebestofporto.com\/top-10-pontos-turisticos\/"},"wordCount":1532,"commentCount":0,"publisher":{"@id":"https:\/\/thebestofporto.com\/#organization"},"image":{"@id":"https:\/\/thebestofporto.com\/top-10-pontos-turisticos\/#primaryimage"},"thumbnailUrl":"https:\/\/thebestofporto.com\/wp-content\/uploads\/2025\/05\/artigos-07-scaled.png","articleSection":["Articles"],"inLanguage":"pt-PT"},{"@type":"WebPage","@id":"https:\/\/thebestofporto.com\/top-10-pontos-turisticos\/","url":"https:\/\/thebestofporto.com\/top-10-pontos-turisticos\/","name":"Top 10 Pontos Tur\u00edsticos - The Best of Porto","isPartOf":{"@id":"https:\/\/thebestofporto.com\/#website"},"primaryImageOfPage":{"@id":"https:\/\/thebestofporto.com\/top-10-pontos-turisticos\/#primaryimage"},"image":{"@id":"https:\/\/thebestofporto.com\/top-10-pontos-turisticos\/#primaryimage"},"thumbnailUrl":"https:\/\/thebestofporto.com\/wp-content\/uploads\/2025\/05\/artigos-07-scaled.png","datePublished":"2025-05-29T14:07:00+00:00","dateModified":"2026-01-20T10:20:00+00:00","description":"Este artigo revela o top 10 de pontos tur\u00edsticos no Porto que n\u00e3o vai querer perder. Desde monumentos a experi\u00eancias inesquec\u00edveis.","breadcrumb":{"@id":"https:\/\/thebestofporto.com\/top-10-pontos-turisticos\/#breadcrumb"},"inLanguage":"pt-PT","potentialAction":[{"@type":"ReadAction","target":["https:\/\/thebestofporto.com\/top-10-pontos-turisticos\/"]}]},{"@type":"ImageObject","inLanguage":"pt-PT","@id":"https:\/\/thebestofporto.com\/top-10-pontos-turisticos\/#primaryimage","url":"https:\/\/thebestofporto.com\/wp-content\/uploads\/2025\/05\/artigos-07-scaled.png","contentUrl":"https:\/\/thebestofporto.com\/wp-content\/uploads\/2025\/05\/artigos-07-scaled.png","width":2560,"height":2048},{"@type":"BreadcrumbList","@id":"https:\/\/thebestofporto.com\/top-10-pontos-turisticos\/#breadcrumb","itemListElement":[{"@type":"ListItem","position":1,"name":"In\u00edcio","item":"https:\/\/thebestofporto.com\/"},{"@type":"ListItem","position":2,"name":"Top 10 pontos tur\u00edsticos a n\u00e3o perder na cidade do Porto"}]},{"@type":"WebSite","@id":"https:\/\/thebestofporto.com\/#website","url":"https:\/\/thebestofporto.com\/","name":"The Best of Porto","description":"","publisher":{"@id":"https:\/\/thebestofporto.com\/#organization"},"potentialAction":[{"@type":"SearchAction","target":{"@type":"EntryPoint","urlTemplate":"https:\/\/thebestofporto.com\/?s={search_term_string}"},"query-input":{"@type":"PropertyValueSpecification","valueRequired":true,"valueName":"search_term_string"}}],"inLanguage":"pt-PT"},{"@type":"Organization","@id":"https:\/\/thebestofporto.com\/#organization","name":"The Best of Porto","url":"https:\/\/thebestofporto.com\/","logo":{"@type":"ImageObject","inLanguage":"pt-PT","@id":"https:\/\/thebestofporto.com\/#\/schema\/logo\/image\/","url":"https:\/\/thebestofporto.com\/wp-content\/uploads\/2024\/05\/logo.png","contentUrl":"https:\/\/thebestofporto.com\/wp-content\/uploads\/2024\/05\/logo.png","width":5076,"height":1463,"caption":"The Best of Porto"},"image":{"@id":"https:\/\/thebestofporto.com\/#\/schema\/logo\/image\/"}},{"@type":"Person","@id":"https:\/\/thebestofporto.com\/#\/schema\/person\/04b3a2223d8527f0c6297ca6767266f7","name":"admin","image":{"@type":"ImageObject","inLanguage":"pt-PT","@id":"https:\/\/thebestofporto.com\/#\/schema\/person\/image\/","url":"https:\/\/secure.gravatar.com\/avatar\/193e2977da320450cf56b1b093dd5b7286cdbaf6ad5201ab3cda69b78b13b458?s=96&d=mm&r=g","contentUrl":"https:\/\/secure.gravatar.com\/avatar\/193e2977da320450cf56b1b093dd5b7286cdbaf6ad5201ab3cda69b78b13b458?s=96&d=mm&r=g","caption":"admin"},"sameAs":["https:\/\/thebestofporto.com"],"url":"https:\/\/thebestofporto.com\/pt\/author\/admin_l3zak26a\/"}]}},"_links":{"self":[{"href":"https:\/\/thebestofporto.com\/pt\/wp-json\/wp\/v2\/posts\/7304","targetHints":{"allow":["GET"]}}],"collection":[{"href":"https:\/\/thebestofporto.com\/pt\/wp-json\/wp\/v2\/posts"}],"about":[{"href":"https:\/\/thebestofporto.com\/pt\/wp-json\/wp\/v2\/types\/post"}],"author":[{"embeddable":true,"href":"https:\/\/thebestofporto.com\/pt\/wp-json\/wp\/v2\/users\/1"}],"replies":[{"embeddable":true,"href":"https:\/\/thebestofporto.com\/pt\/wp-json\/wp\/v2\/comments?post=7304"}],"version-history":[{"count":169,"href":"https:\/\/thebestofporto.com\/pt\/wp-json\/wp\/v2\/posts\/7304\/revisions"}],"predecessor-version":[{"id":9246,"href":"https:\/\/thebestofporto.com\/pt\/wp-json\/wp\/v2\/posts\/7304\/revisions\/9246"}],"wp:featuredmedia":[{"embeddable":true,"href":"https:\/\/thebestofporto.com\/pt\/wp-json\/wp\/v2\/media\/11000"}],"wp:attachment":[{"href":"https:\/\/thebestofporto.com\/pt\/wp-json\/wp\/v2\/media?parent=7304"}],"wp:term":[{"taxonomy":"category","embeddable":true,"href":"https:\/\/thebestofporto.com\/pt\/wp-json\/wp\/v2\/categories?post=7304"},{"taxonomy":"post_tag","embeddable":true,"href":"https:\/\/thebestofporto.com\/pt\/wp-json\/wp\/v2\/tags?post=7304"},{"taxonomy":"filtros","embeddable":true,"href":"https:\/\/thebestofporto.com\/pt\/wp-json\/wp\/v2\/filtros?post=7304"}],"curies":[{"name":"wp","href":"https:\/\/api.w.org\/{rel}","templated":true}]}}