{"id":9995,"date":"2024-10-16T10:00:00","date_gmt":"2024-10-16T10:00:00","guid":{"rendered":"https:\/\/thebestofporto.com\/?p=9995"},"modified":"2024-10-01T14:42:21","modified_gmt":"2024-10-01T14:42:21","slug":"os-melhores-spas-e-locais-de-bem-estar-no-porto","status":"publish","type":"post","link":"https:\/\/thebestofporto.com\/pt\/os-melhores-spas-e-locais-de-bem-estar-no-porto\/","title":{"rendered":"Os Melhores Spas e Locais de Bem-Estar no Porto"},"content":{"rendered":"<div data-elementor-type=\"wp-post\" data-elementor-id=\"9995\" class=\"elementor elementor-9995\">\n\t\t\t\t<div class=\"elementor-element elementor-element-92db56c e-flex e-con-boxed e-con e-parent\" data-id=\"92db56c\" data-element_type=\"container\">\n\t\t\t\t\t<div class=\"e-con-inner\">\n\t\t\t\t<div class=\"elementor-element elementor-element-b73ecff elementor-widget elementor-widget-text-editor\" data-id=\"b73ecff\" data-element_type=\"widget\" data-widget_type=\"text-editor.default\">\n\t\t\t\t<div class=\"elementor-widget-container\">\n\t\t\t\t\t\t\t\t\t<p><span style=\"font-weight: 400;\">O Porto \u00e9 tamb\u00e9m um destino de relaxamento, com v\u00e1rios spas de excel\u00eancia para recarregar energias. Aqui est\u00e3o os melhores locais de bem-estar na cidade:<\/span><\/p>\t\t\t\t\t\t\t\t<\/div>\n\t\t\t\t<\/div>\n\t\t\t\t<div class=\"elementor-element elementor-element-de1e67f elementor-widget elementor-widget-text-editor\" data-id=\"de1e67f\" data-element_type=\"widget\" data-widget_type=\"text-editor.default\">\n\t\t\t\t<div class=\"elementor-widget-container\">\n\t\t\t\t\t\t\t\t\t<h4><b>The Yeatman Spa<\/b><\/h4><p><span style=\"font-weight: 400;\">Localizado num dos hot\u00e9is mais luxuosos de Gaia, o <span style=\"text-decoration: underline; color: #ffcc99;\"><a style=\"color: #ffcc99; text-decoration: underline;\" href=\"https:\/\/www.the-yeatman-hotel.com\/en\/porto-spa\/\"><span style=\"color: #d68d45; text-decoration: underline;\">Yeatman Spa<\/span><\/a><\/span> tem uma vista deslumbrante sobre o Porto e oferece tratamentos baseados em vinoterapia.<\/span><\/p>\t\t\t\t\t\t\t\t<\/div>\n\t\t\t\t<\/div>\n\t\t\t\t\t<\/div>\n\t\t\t\t<\/div>\n\t\t<div class=\"elementor-element elementor-element-0887cb2 e-flex e-con-boxed e-con e-parent\" data-id=\"0887cb2\" data-element_type=\"container\">\n\t\t\t\t\t<div class=\"e-con-inner\">\n\t\t\t\t<div class=\"elementor-element elementor-element-a5463f6 elementor-widget elementor-widget-image\" data-id=\"a5463f6\" data-element_type=\"widget\" data-widget_type=\"image.default\">\n\t\t\t\t<div class=\"elementor-widget-container\">\n\t\t\t\t\t\t\t\t\t\t\t\t\t\t\t<img fetchpriority=\"high\" decoding=\"async\" width=\"1024\" height=\"560\" src=\"https:\/\/thebestofporto.com\/wp-content\/uploads\/2024\/10\/spa-06-1024x560.png\" class=\"attachment-large size-large wp-image-9998\" alt=\"\" srcset=\"https:\/\/thebestofporto.com\/wp-content\/uploads\/2024\/10\/spa-06-1024x560.png 1024w, https:\/\/thebestofporto.com\/wp-content\/uploads\/2024\/10\/spa-06-300x164.png 300w, https:\/\/thebestofporto.com\/wp-content\/uploads\/2024\/10\/spa-06-768x420.png 768w, https:\/\/thebestofporto.com\/wp-content\/uploads\/2024\/10\/spa-06-1536x839.png 1536w, https:\/\/thebestofporto.com\/wp-content\/uploads\/2024\/10\/spa-06-2048x1119.png 2048w, https:\/\/thebestofporto.com\/wp-content\/uploads\/2024\/10\/spa-06-18x10.png 18w\" sizes=\"(max-width:767px) 480px, (max-width:1024px) 100vw, 1024px\" \/>\t\t\t\t\t\t\t\t\t\t\t\t\t\t\t<\/div>\n\t\t\t\t<\/div>\n\t\t\t\t<div class=\"elementor-element elementor-element-f438e3f elementor-widget elementor-widget-text-editor\" data-id=\"f438e3f\" data-element_type=\"widget\" data-widget_type=\"text-editor.default\">\n\t\t\t\t<div class=\"elementor-widget-container\">\n\t\t\t\t\t\t\t\t\t<h4><b>Flores Village Spa<\/b><\/h4><p><span style=\"font-weight: 400;\">Um retiro no cora\u00e7\u00e3o da cidade, perfeito para quem quer relaxar com massagens ou terapias de relaxamento.<\/span><\/p>\t\t\t\t\t\t\t\t<\/div>\n\t\t\t\t<\/div>\n\t\t\t\t\t<\/div>\n\t\t\t\t<\/div>\n\t\t<div class=\"elementor-element elementor-element-6b77b13 e-flex e-con-boxed e-con e-parent\" data-id=\"6b77b13\" data-element_type=\"container\">\n\t\t\t\t\t<div class=\"e-con-inner\">\n\t\t\t\t<div class=\"elementor-element elementor-element-c27e2d6 elementor-widget elementor-widget-image\" data-id=\"c27e2d6\" data-element_type=\"widget\" data-widget_type=\"image.default\">\n\t\t\t\t<div class=\"elementor-widget-container\">\n\t\t\t\t\t\t\t\t\t\t\t\t\t\t\t<img decoding=\"async\" width=\"1024\" height=\"560\" src=\"https:\/\/thebestofporto.com\/wp-content\/uploads\/2024\/10\/spa-04-1024x560.png\" class=\"attachment-large size-large wp-image-10000\" alt=\"\" srcset=\"https:\/\/thebestofporto.com\/wp-content\/uploads\/2024\/10\/spa-04-1024x560.png 1024w, https:\/\/thebestofporto.com\/wp-content\/uploads\/2024\/10\/spa-04-300x164.png 300w, https:\/\/thebestofporto.com\/wp-content\/uploads\/2024\/10\/spa-04-768x420.png 768w, https:\/\/thebestofporto.com\/wp-content\/uploads\/2024\/10\/spa-04-1536x839.png 1536w, https:\/\/thebestofporto.com\/wp-content\/uploads\/2024\/10\/spa-04-2048x1119.png 2048w, https:\/\/thebestofporto.com\/wp-content\/uploads\/2024\/10\/spa-04-18x10.png 18w\" sizes=\"(max-width:767px) 480px, (max-width:1024px) 100vw, 1024px\" \/>\t\t\t\t\t\t\t\t\t\t\t\t\t\t\t<\/div>\n\t\t\t\t<\/div>\n\t\t\t\t<div class=\"elementor-element elementor-element-a0cdd72 elementor-widget elementor-widget-text-editor\" data-id=\"a0cdd72\" data-element_type=\"widget\" data-widget_type=\"text-editor.default\">\n\t\t\t\t<div class=\"elementor-widget-container\">\n\t\t\t\t\t\t\t\t\t<h4><b>Vila Foz Spa<\/b><\/h4><p><span style=\"font-weight: 400;\">Situado na Foz do Douro, este spa de luxo oferece tratamentos hol\u00edsticos, incluindo saunas e banho turco.<\/span><\/p>\t\t\t\t\t\t\t\t<\/div>\n\t\t\t\t<\/div>\n\t\t\t\t<div class=\"elementor-element elementor-element-99b74e6 elementor-widget elementor-widget-image\" data-id=\"99b74e6\" data-element_type=\"widget\" data-widget_type=\"image.default\">\n\t\t\t\t<div class=\"elementor-widget-container\">\n\t\t\t\t\t\t\t\t\t\t\t\t\t\t\t<img decoding=\"async\" width=\"1024\" height=\"560\" src=\"https:\/\/thebestofporto.com\/wp-content\/uploads\/2024\/10\/spa-07-1024x560.png\" class=\"attachment-large size-large wp-image-9997\" alt=\"\" srcset=\"https:\/\/thebestofporto.com\/wp-content\/uploads\/2024\/10\/spa-07-1024x560.png 1024w, https:\/\/thebestofporto.com\/wp-content\/uploads\/2024\/10\/spa-07-300x164.png 300w, https:\/\/thebestofporto.com\/wp-content\/uploads\/2024\/10\/spa-07-768x420.png 768w, https:\/\/thebestofporto.com\/wp-content\/uploads\/2024\/10\/spa-07-1536x839.png 1536w, https:\/\/thebestofporto.com\/wp-content\/uploads\/2024\/10\/spa-07-2048x1119.png 2048w, https:\/\/thebestofporto.com\/wp-content\/uploads\/2024\/10\/spa-07-18x10.png 18w\" sizes=\"(max-width:767px) 480px, (max-width:1024px) 100vw, 1024px\" \/>\t\t\t\t\t\t\t\t\t\t\t\t\t\t\t<\/div>\n\t\t\t\t<\/div>\n\t\t\t\t<div class=\"elementor-element elementor-element-d141cc8 elementor-widget elementor-widget-text-editor\" data-id=\"d141cc8\" data-element_type=\"widget\" data-widget_type=\"text-editor.default\">\n\t\t\t\t<div class=\"elementor-widget-container\">\n\t\t\t\t\t\t\t\t\t<h4><b>Senses Spa \u2013 Sheraton Porto<\/b><\/h4><p><span style=\"font-weight: 400;\">Um spa urbano que oferece uma vasta gama de massagens, tratamentos de beleza e relaxamento.<\/span><\/p>\t\t\t\t\t\t\t\t<\/div>\n\t\t\t\t<\/div>\n\t\t\t\t<div class=\"elementor-element elementor-element-2c9d278 elementor-widget elementor-widget-image\" data-id=\"2c9d278\" data-element_type=\"widget\" data-widget_type=\"image.default\">\n\t\t\t\t<div class=\"elementor-widget-container\">\n\t\t\t\t\t\t\t\t\t\t\t\t\t\t\t<img loading=\"lazy\" decoding=\"async\" width=\"1024\" height=\"560\" src=\"https:\/\/thebestofporto.com\/wp-content\/uploads\/2024\/10\/spa-01-1024x560.png\" class=\"attachment-large size-large wp-image-10002\" alt=\"\" srcset=\"https:\/\/thebestofporto.com\/wp-content\/uploads\/2024\/10\/spa-01-1024x560.png 1024w, https:\/\/thebestofporto.com\/wp-content\/uploads\/2024\/10\/spa-01-300x164.png 300w, https:\/\/thebestofporto.com\/wp-content\/uploads\/2024\/10\/spa-01-768x420.png 768w, https:\/\/thebestofporto.com\/wp-content\/uploads\/2024\/10\/spa-01-1536x839.png 1536w, https:\/\/thebestofporto.com\/wp-content\/uploads\/2024\/10\/spa-01-2048x1119.png 2048w, https:\/\/thebestofporto.com\/wp-content\/uploads\/2024\/10\/spa-01-18x10.png 18w\" sizes=\"(max-width:767px) 480px, (max-width:1024px) 100vw, 1024px\" \/>\t\t\t\t\t\t\t\t\t\t\t\t\t\t\t<\/div>\n\t\t\t\t<\/div>\n\t\t\t\t<div class=\"elementor-element elementor-element-c48f041 elementor-widget elementor-widget-text-editor\" data-id=\"c48f041\" data-element_type=\"widget\" data-widget_type=\"text-editor.default\">\n\t\t\t\t<div class=\"elementor-widget-container\">\n\t\t\t\t\t\t\t\t\t<h4><b>Porto Pal\u00e1cio Spa<\/b><\/h4><p><span style=\"font-weight: 400;\">Com uma piscina panor\u00e2mica e uma grande variedade de tratamentos, \u00e9 um dos spas mais conhecidos da cidade.<\/span><\/p>\t\t\t\t\t\t\t\t<\/div>\n\t\t\t\t<\/div>\n\t\t\t\t<div class=\"elementor-element elementor-element-76084a4 elementor-widget elementor-widget-image\" data-id=\"76084a4\" data-element_type=\"widget\" data-widget_type=\"image.default\">\n\t\t\t\t<div class=\"elementor-widget-container\">\n\t\t\t\t\t\t\t\t\t\t\t\t\t\t\t<img loading=\"lazy\" decoding=\"async\" width=\"1024\" height=\"560\" src=\"https:\/\/thebestofporto.com\/wp-content\/uploads\/2024\/10\/spa-02-1024x560.png\" class=\"attachment-large size-large wp-image-10001\" alt=\"\" srcset=\"https:\/\/thebestofporto.com\/wp-content\/uploads\/2024\/10\/spa-02-1024x560.png 1024w, https:\/\/thebestofporto.com\/wp-content\/uploads\/2024\/10\/spa-02-300x164.png 300w, https:\/\/thebestofporto.com\/wp-content\/uploads\/2024\/10\/spa-02-768x420.png 768w, https:\/\/thebestofporto.com\/wp-content\/uploads\/2024\/10\/spa-02-1536x839.png 1536w, https:\/\/thebestofporto.com\/wp-content\/uploads\/2024\/10\/spa-02-2048x1119.png 2048w, https:\/\/thebestofporto.com\/wp-content\/uploads\/2024\/10\/spa-02-18x10.png 18w\" sizes=\"(max-width:767px) 480px, (max-width:1024px) 100vw, 1024px\" \/>\t\t\t\t\t\t\t\t\t\t\t\t\t\t\t<\/div>\n\t\t\t\t<\/div>\n\t\t\t\t\t<\/div>\n\t\t\t\t<\/div>\n\t\t<div class=\"elementor-element elementor-element-9345c72 e-flex e-con-boxed e-con e-parent\" data-id=\"9345c72\" data-element_type=\"container\">\n\t\t\t\t\t<div class=\"e-con-inner\">\n\t\t\t\t<div class=\"elementor-element elementor-element-9810b77 elementor-widget elementor-widget-spacer\" data-id=\"9810b77\" data-element_type=\"widget\" data-widget_type=\"spacer.default\">\n\t\t\t\t<div class=\"elementor-widget-container\">\n\t\t\t\t\t\t\t<div class=\"elementor-spacer\">\n\t\t\t<div class=\"elementor-spacer-inner\"><\/div>\n\t\t<\/div>\n\t\t\t\t\t\t<\/div>\n\t\t\t\t<\/div>\n\t\t\t\t<div class=\"elementor-element elementor-element-1597e10 elementor-align-center elementor-widget elementor-widget-button\" data-id=\"1597e10\" data-element_type=\"widget\" data-widget_type=\"button.default\">\n\t\t\t\t<div class=\"elementor-widget-container\">\n\t\t\t\t\t\t\t\t\t<div class=\"elementor-button-wrapper\">\n\t\t\t\t\t<a class=\"elementor-button elementor-button-link elementor-size-sm\" href=\"https:\/\/thebestofporto.com\/pt\/blog\/\">\n\t\t\t\t\t\t<span class=\"elementor-button-content-wrapper\">\n\t\t\t\t\t\t\t\t\t<span class=\"elementor-button-text\">Ver todos os artigos<\/span>\n\t\t\t\t\t<\/span>\n\t\t\t\t\t<\/a>\n\t\t\t\t<\/div>\n\t\t\t\t\t\t\t\t<\/div>\n\t\t\t\t<\/div>\n\t\t\t\t\t<\/div>\n\t\t\t\t<\/div>\n\t\t\t\t<\/div>","protected":false},"excerpt":{"rendered":"<p>O Porto \u00e9 tamb\u00e9m um destino de relaxamento, com v\u00e1rios spas de excel\u00eancia para recarregar energias. Aqui est\u00e3o<span class=\"excerpt-hellip\"> [\u2026]<\/span><\/p>","protected":false},"author":1,"featured_media":9996,"comment_status":"closed","ping_status":"closed","sticky":false,"template":"","format":"standard","meta":{"_acf_changed":false,"footnotes":""},"categories":[123],"tags":[],"filtros":[],"class_list":["post-9995","post","type-post","status-publish","format-standard","has-post-thumbnail","hentry","category-articles"],"acf":[],"yoast_head":"<!-- This site is optimized with the Yoast SEO plugin v26.7 - https:\/\/yoast.com\/wordpress\/plugins\/seo\/ -->\n<title>Os Melhores Spas e Locais de Bem-Estar no Porto - The Best of Porto<\/title>\n<meta name=\"description\" content=\"Os melhores spas da cidade do Porto para aqueles que procuram relaxar e dar ao seu corpo a recupera\u00e7\u00e3o que esse merece.\" \/>\n<meta name=\"robots\" content=\"index, follow, max-snippet:-1, max-image-preview:large, max-video-preview:-1\" \/>\n<link rel=\"canonical\" href=\"https:\/\/thebestofporto.com\/pt\/os-melhores-spas-e-locais-de-bem-estar-no-porto\/\" \/>\n<meta property=\"og:locale\" content=\"pt_PT\" \/>\n<meta property=\"og:type\" content=\"article\" \/>\n<meta property=\"og:title\" content=\"Os Melhores Spas e Locais de Bem-Estar no Porto - The Best of Porto\" \/>\n<meta property=\"og:description\" content=\"Os melhores spas da cidade do Porto para aqueles que procuram relaxar e dar ao seu corpo a recupera\u00e7\u00e3o que esse merece.\" \/>\n<meta property=\"og:url\" content=\"https:\/\/thebestofporto.com\/pt\/os-melhores-spas-e-locais-de-bem-estar-no-porto\/\" \/>\n<meta property=\"og:site_name\" content=\"The Best of Porto\" \/>\n<meta property=\"article:published_time\" content=\"2024-10-16T10:00:00+00:00\" \/>\n<meta property=\"og:image\" content=\"https:\/\/thebestofporto.com\/wp-content\/uploads\/2024\/10\/spa-05-1024x560.png\" \/>\n\t<meta property=\"og:image:width\" content=\"1024\" \/>\n\t<meta property=\"og:image:height\" content=\"560\" \/>\n\t<meta property=\"og:image:type\" content=\"image\/png\" \/>\n<meta name=\"author\" content=\"admin\" \/>\n<meta name=\"twitter:card\" content=\"summary_large_image\" \/>\n<meta name=\"twitter:label1\" content=\"Escrito por\" \/>\n\t<meta name=\"twitter:data1\" content=\"admin\" \/>\n\t<meta name=\"twitter:label2\" content=\"Tempo estimado de leitura\" \/>\n\t<meta name=\"twitter:data2\" content=\"2 minutos\" \/>\n<script type=\"application\/ld+json\" class=\"yoast-schema-graph\">{\"@context\":\"https:\/\/schema.org\",\"@graph\":[{\"@type\":\"Article\",\"@id\":\"https:\/\/thebestofporto.com\/os-melhores-spas-e-locais-de-bem-estar-no-porto\/#article\",\"isPartOf\":{\"@id\":\"https:\/\/thebestofporto.com\/os-melhores-spas-e-locais-de-bem-estar-no-porto\/\"},\"author\":{\"name\":\"admin\",\"@id\":\"https:\/\/thebestofporto.com\/#\/schema\/person\/04b3a2223d8527f0c6297ca6767266f7\"},\"headline\":\"Os Melhores Spas e Locais de Bem-Estar no Porto\",\"datePublished\":\"2024-10-16T10:00:00+00:00\",\"mainEntityOfPage\":{\"@id\":\"https:\/\/thebestofporto.com\/os-melhores-spas-e-locais-de-bem-estar-no-porto\/\"},\"wordCount\":152,\"publisher\":{\"@id\":\"https:\/\/thebestofporto.com\/#organization\"},\"image\":{\"@id\":\"https:\/\/thebestofporto.com\/os-melhores-spas-e-locais-de-bem-estar-no-porto\/#primaryimage\"},\"thumbnailUrl\":\"https:\/\/thebestofporto.com\/wp-content\/uploads\/2024\/10\/spa-05.png\",\"articleSection\":[\"Articles\"],\"inLanguage\":\"pt-PT\"},{\"@type\":\"WebPage\",\"@id\":\"https:\/\/thebestofporto.com\/os-melhores-spas-e-locais-de-bem-estar-no-porto\/\",\"url\":\"https:\/\/thebestofporto.com\/os-melhores-spas-e-locais-de-bem-estar-no-porto\/\",\"name\":\"Os Melhores Spas e Locais de Bem-Estar no Porto - The Best of Porto\",\"isPartOf\":{\"@id\":\"https:\/\/thebestofporto.com\/#website\"},\"primaryImageOfPage\":{\"@id\":\"https:\/\/thebestofporto.com\/os-melhores-spas-e-locais-de-bem-estar-no-porto\/#primaryimage\"},\"image\":{\"@id\":\"https:\/\/thebestofporto.com\/os-melhores-spas-e-locais-de-bem-estar-no-porto\/#primaryimage\"},\"thumbnailUrl\":\"https:\/\/thebestofporto.com\/wp-content\/uploads\/2024\/10\/spa-05.png\",\"datePublished\":\"2024-10-16T10:00:00+00:00\",\"description\":\"Os melhores spas da cidade do Porto para aqueles que procuram relaxar e dar ao seu corpo a recupera\u00e7\u00e3o que esse merece.\",\"breadcrumb\":{\"@id\":\"https:\/\/thebestofporto.com\/os-melhores-spas-e-locais-de-bem-estar-no-porto\/#breadcrumb\"},\"inLanguage\":\"pt-PT\",\"potentialAction\":[{\"@type\":\"ReadAction\",\"target\":[\"https:\/\/thebestofporto.com\/os-melhores-spas-e-locais-de-bem-estar-no-porto\/\"]}]},{\"@type\":\"ImageObject\",\"inLanguage\":\"pt-PT\",\"@id\":\"https:\/\/thebestofporto.com\/os-melhores-spas-e-locais-de-bem-estar-no-porto\/#primaryimage\",\"url\":\"https:\/\/thebestofporto.com\/wp-content\/uploads\/2024\/10\/spa-05.png\",\"contentUrl\":\"https:\/\/thebestofporto.com\/wp-content\/uploads\/2024\/10\/spa-05.png\",\"width\":2657,\"height\":1452},{\"@type\":\"BreadcrumbList\",\"@id\":\"https:\/\/thebestofporto.com\/os-melhores-spas-e-locais-de-bem-estar-no-porto\/#breadcrumb\",\"itemListElement\":[{\"@type\":\"ListItem\",\"position\":1,\"name\":\"In\u00edcio\",\"item\":\"https:\/\/thebestofporto.com\/\"},{\"@type\":\"ListItem\",\"position\":2,\"name\":\"Os Melhores Spas e Locais de Bem-Estar no Porto\"}]},{\"@type\":\"WebSite\",\"@id\":\"https:\/\/thebestofporto.com\/#website\",\"url\":\"https:\/\/thebestofporto.com\/\",\"name\":\"The Best of Porto\",\"description\":\"\",\"publisher\":{\"@id\":\"https:\/\/thebestofporto.com\/#organization\"},\"potentialAction\":[{\"@type\":\"SearchAction\",\"target\":{\"@type\":\"EntryPoint\",\"urlTemplate\":\"https:\/\/thebestofporto.com\/?s={search_term_string}\"},\"query-input\":{\"@type\":\"PropertyValueSpecification\",\"valueRequired\":true,\"valueName\":\"search_term_string\"}}],\"inLanguage\":\"pt-PT\"},{\"@type\":\"Organization\",\"@id\":\"https:\/\/thebestofporto.com\/#organization\",\"name\":\"The Best of Porto\",\"url\":\"https:\/\/thebestofporto.com\/\",\"logo\":{\"@type\":\"ImageObject\",\"inLanguage\":\"pt-PT\",\"@id\":\"https:\/\/thebestofporto.com\/#\/schema\/logo\/image\/\",\"url\":\"https:\/\/thebestofporto.com\/wp-content\/uploads\/2024\/05\/logo.png\",\"contentUrl\":\"https:\/\/thebestofporto.com\/wp-content\/uploads\/2024\/05\/logo.png\",\"width\":5076,\"height\":1463,\"caption\":\"The Best of Porto\"},\"image\":{\"@id\":\"https:\/\/thebestofporto.com\/#\/schema\/logo\/image\/\"}},{\"@type\":\"Person\",\"@id\":\"https:\/\/thebestofporto.com\/#\/schema\/person\/04b3a2223d8527f0c6297ca6767266f7\",\"name\":\"admin\",\"image\":{\"@type\":\"ImageObject\",\"inLanguage\":\"pt-PT\",\"@id\":\"https:\/\/thebestofporto.com\/#\/schema\/person\/image\/\",\"url\":\"https:\/\/secure.gravatar.com\/avatar\/193e2977da320450cf56b1b093dd5b7286cdbaf6ad5201ab3cda69b78b13b458?s=96&d=mm&r=g\",\"contentUrl\":\"https:\/\/secure.gravatar.com\/avatar\/193e2977da320450cf56b1b093dd5b7286cdbaf6ad5201ab3cda69b78b13b458?s=96&d=mm&r=g\",\"caption\":\"admin\"},\"sameAs\":[\"https:\/\/thebestofporto.com\"],\"url\":\"https:\/\/thebestofporto.com\/pt\/author\/admin_l3zak26a\/\"}]}<\/script>\n<!-- \/ Yoast SEO plugin. -->","yoast_head_json":{"title":"Os Melhores Spas e Locais de Bem-Estar no Porto - The Best of Porto","description":"Os melhores spas da cidade do Porto para aqueles que procuram relaxar e dar ao seu corpo a recupera\u00e7\u00e3o que esse merece.","robots":{"index":"index","follow":"follow","max-snippet":"max-snippet:-1","max-image-preview":"max-image-preview:large","max-video-preview":"max-video-preview:-1"},"canonical":"https:\/\/thebestofporto.com\/pt\/os-melhores-spas-e-locais-de-bem-estar-no-porto\/","og_locale":"pt_PT","og_type":"article","og_title":"Os Melhores Spas e Locais de Bem-Estar no Porto - The Best of Porto","og_description":"Os melhores spas da cidade do Porto para aqueles que procuram relaxar e dar ao seu corpo a recupera\u00e7\u00e3o que esse merece.","og_url":"https:\/\/thebestofporto.com\/pt\/os-melhores-spas-e-locais-de-bem-estar-no-porto\/","og_site_name":"The Best of Porto","article_published_time":"2024-10-16T10:00:00+00:00","og_image":[{"width":1024,"height":560,"url":"https:\/\/thebestofporto.com\/wp-content\/uploads\/2024\/10\/spa-05-1024x560.png","type":"image\/png"}],"author":"admin","twitter_card":"summary_large_image","twitter_misc":{"Escrito por":"admin","Tempo estimado de leitura":"2 minutos"},"schema":{"@context":"https:\/\/schema.org","@graph":[{"@type":"Article","@id":"https:\/\/thebestofporto.com\/os-melhores-spas-e-locais-de-bem-estar-no-porto\/#article","isPartOf":{"@id":"https:\/\/thebestofporto.com\/os-melhores-spas-e-locais-de-bem-estar-no-porto\/"},"author":{"name":"admin","@id":"https:\/\/thebestofporto.com\/#\/schema\/person\/04b3a2223d8527f0c6297ca6767266f7"},"headline":"Os Melhores Spas e Locais de Bem-Estar no Porto","datePublished":"2024-10-16T10:00:00+00:00","mainEntityOfPage":{"@id":"https:\/\/thebestofporto.com\/os-melhores-spas-e-locais-de-bem-estar-no-porto\/"},"wordCount":152,"publisher":{"@id":"https:\/\/thebestofporto.com\/#organization"},"image":{"@id":"https:\/\/thebestofporto.com\/os-melhores-spas-e-locais-de-bem-estar-no-porto\/#primaryimage"},"thumbnailUrl":"https:\/\/thebestofporto.com\/wp-content\/uploads\/2024\/10\/spa-05.png","articleSection":["Articles"],"inLanguage":"pt-PT"},{"@type":"WebPage","@id":"https:\/\/thebestofporto.com\/os-melhores-spas-e-locais-de-bem-estar-no-porto\/","url":"https:\/\/thebestofporto.com\/os-melhores-spas-e-locais-de-bem-estar-no-porto\/","name":"Os Melhores Spas e Locais de Bem-Estar no Porto - The Best of Porto","isPartOf":{"@id":"https:\/\/thebestofporto.com\/#website"},"primaryImageOfPage":{"@id":"https:\/\/thebestofporto.com\/os-melhores-spas-e-locais-de-bem-estar-no-porto\/#primaryimage"},"image":{"@id":"https:\/\/thebestofporto.com\/os-melhores-spas-e-locais-de-bem-estar-no-porto\/#primaryimage"},"thumbnailUrl":"https:\/\/thebestofporto.com\/wp-content\/uploads\/2024\/10\/spa-05.png","datePublished":"2024-10-16T10:00:00+00:00","description":"Os melhores spas da cidade do Porto para aqueles que procuram relaxar e dar ao seu corpo a recupera\u00e7\u00e3o que esse merece.","breadcrumb":{"@id":"https:\/\/thebestofporto.com\/os-melhores-spas-e-locais-de-bem-estar-no-porto\/#breadcrumb"},"inLanguage":"pt-PT","potentialAction":[{"@type":"ReadAction","target":["https:\/\/thebestofporto.com\/os-melhores-spas-e-locais-de-bem-estar-no-porto\/"]}]},{"@type":"ImageObject","inLanguage":"pt-PT","@id":"https:\/\/thebestofporto.com\/os-melhores-spas-e-locais-de-bem-estar-no-porto\/#primaryimage","url":"https:\/\/thebestofporto.com\/wp-content\/uploads\/2024\/10\/spa-05.png","contentUrl":"https:\/\/thebestofporto.com\/wp-content\/uploads\/2024\/10\/spa-05.png","width":2657,"height":1452},{"@type":"BreadcrumbList","@id":"https:\/\/thebestofporto.com\/os-melhores-spas-e-locais-de-bem-estar-no-porto\/#breadcrumb","itemListElement":[{"@type":"ListItem","position":1,"name":"In\u00edcio","item":"https:\/\/thebestofporto.com\/"},{"@type":"ListItem","position":2,"name":"Os Melhores Spas e Locais de Bem-Estar no Porto"}]},{"@type":"WebSite","@id":"https:\/\/thebestofporto.com\/#website","url":"https:\/\/thebestofporto.com\/","name":"The Best of Porto","description":"","publisher":{"@id":"https:\/\/thebestofporto.com\/#organization"},"potentialAction":[{"@type":"SearchAction","target":{"@type":"EntryPoint","urlTemplate":"https:\/\/thebestofporto.com\/?s={search_term_string}"},"query-input":{"@type":"PropertyValueSpecification","valueRequired":true,"valueName":"search_term_string"}}],"inLanguage":"pt-PT"},{"@type":"Organization","@id":"https:\/\/thebestofporto.com\/#organization","name":"The Best of Porto","url":"https:\/\/thebestofporto.com\/","logo":{"@type":"ImageObject","inLanguage":"pt-PT","@id":"https:\/\/thebestofporto.com\/#\/schema\/logo\/image\/","url":"https:\/\/thebestofporto.com\/wp-content\/uploads\/2024\/05\/logo.png","contentUrl":"https:\/\/thebestofporto.com\/wp-content\/uploads\/2024\/05\/logo.png","width":5076,"height":1463,"caption":"The Best of Porto"},"image":{"@id":"https:\/\/thebestofporto.com\/#\/schema\/logo\/image\/"}},{"@type":"Person","@id":"https:\/\/thebestofporto.com\/#\/schema\/person\/04b3a2223d8527f0c6297ca6767266f7","name":"admin","image":{"@type":"ImageObject","inLanguage":"pt-PT","@id":"https:\/\/thebestofporto.com\/#\/schema\/person\/image\/","url":"https:\/\/secure.gravatar.com\/avatar\/193e2977da320450cf56b1b093dd5b7286cdbaf6ad5201ab3cda69b78b13b458?s=96&d=mm&r=g","contentUrl":"https:\/\/secure.gravatar.com\/avatar\/193e2977da320450cf56b1b093dd5b7286cdbaf6ad5201ab3cda69b78b13b458?s=96&d=mm&r=g","caption":"admin"},"sameAs":["https:\/\/thebestofporto.com"],"url":"https:\/\/thebestofporto.com\/pt\/author\/admin_l3zak26a\/"}]}},"_links":{"self":[{"href":"https:\/\/thebestofporto.com\/pt\/wp-json\/wp\/v2\/posts\/9995","targetHints":{"allow":["GET"]}}],"collection":[{"href":"https:\/\/thebestofporto.com\/pt\/wp-json\/wp\/v2\/posts"}],"about":[{"href":"https:\/\/thebestofporto.com\/pt\/wp-json\/wp\/v2\/types\/post"}],"author":[{"embeddable":true,"href":"https:\/\/thebestofporto.com\/pt\/wp-json\/wp\/v2\/users\/1"}],"replies":[{"embeddable":true,"href":"https:\/\/thebestofporto.com\/pt\/wp-json\/wp\/v2\/comments?post=9995"}],"version-history":[{"count":16,"href":"https:\/\/thebestofporto.com\/pt\/wp-json\/wp\/v2\/posts\/9995\/revisions"}],"predecessor-version":[{"id":10018,"href":"https:\/\/thebestofporto.com\/pt\/wp-json\/wp\/v2\/posts\/9995\/revisions\/10018"}],"wp:featuredmedia":[{"embeddable":true,"href":"https:\/\/thebestofporto.com\/pt\/wp-json\/wp\/v2\/media\/9996"}],"wp:attachment":[{"href":"https:\/\/thebestofporto.com\/pt\/wp-json\/wp\/v2\/media?parent=9995"}],"wp:term":[{"taxonomy":"category","embeddable":true,"href":"https:\/\/thebestofporto.com\/pt\/wp-json\/wp\/v2\/categories?post=9995"},{"taxonomy":"post_tag","embeddable":true,"href":"https:\/\/thebestofporto.com\/pt\/wp-json\/wp\/v2\/tags?post=9995"},{"taxonomy":"filtros","embeddable":true,"href":"https:\/\/thebestofporto.com\/pt\/wp-json\/wp\/v2\/filtros?post=9995"}],"curies":[{"name":"wp","href":"https:\/\/api.w.org\/{rel}","templated":true}]}}